{"id":92682,"date":"2015-08-19T16:02:21","date_gmt":"2015-08-19T19:02:21","guid":{"rendered":"http:\/\/franciscanos.org.br\/?p=92682"},"modified":"2015-08-19T16:02:21","modified_gmt":"2015-08-19T19:02:21","slug":"o-formador-franciscano-tarefas-e-atribuicoes-ii","status":"publish","type":"post","link":"https:\/\/franciscanos.org.br\/carisma\/o-formador-franciscano-tarefas-e-atribuicoes-ii.html","title":{"rendered":"O formador franciscano: tarefas e atribui\u00e7\u00f5es (II)"},"content":{"rendered":"<p><img loading=\"lazy\" src=\"http:\/\/franciscanos.org.br\/wp-content\/uploads\/2015\/08\/formadores.jpg\" alt=\"formadores\" width=\"820\" height=\"427\" \/><\/p>\n<p style=\"padding-left: 30px;\"><em>A presente reflex\u00e3o destina-se de modo particular aos formadores e formadoras dos irm\u00e3os e irm\u00e3s da Ordem Franciscana Secular, especialmente nos primeiros tempos de discernimento e de escolha, mas\u00a0 tamb\u00e9m \u00e9 \u00fatil para os \u00a0respons\u00e1veis pela forma\u00e7\u00e3o permanente. \u00a0Mesmo escrevendo estas considera\u00e7\u00f5es para a OFS\u00a0 vamos seguir de perto\u00a0 um texto\u00a0 publicado em italiano (La figura del formatore nel processo formativo, Omar Rodulfo Sanchez, OFMCap, p. \u00a0\u00a0241-284, cap\u00edtulo do livro\u00a0 Formazione franciscana oggi. Corso di Teologia Spirituale 11, Edizioni Dehoniane Bologna 2012, a cura de Albert Schmucki), destinado \u00e0\u00a0 forma\u00e7\u00e3o dos religiosos franciscanos da primeira Ordem. Talvez aqui e ali o autor do texto acentue a maneira de formar os frades menores. Certamente, o leitor e o formador da OFS \u00a0saber\u00e1 fazer a devida adapta\u00e7\u00e3o, quando necess\u00e1rio.\u00a0 Vamos nos ater mais \u00e0 quest\u00e3o das responsabilidades do formador (a).\u00a0 (p. 254-265).<\/em><\/p>\n<p><strong>\u00a0<\/strong><strong>Texto de abertura<\/strong><\/p>\n<p>\u201cA fun\u00e7\u00e3o do formador varia segundo o grau de vida espiritual atingido pelo religioso. Suas principais responsabilidades\u00a0 s\u00e3o:\u00a0 discernir a a\u00e7\u00e3o de Deus, acompanhar o irm\u00e3o nos caminhos do Senhor, nutrir sua vida de doutrina s\u00f3lida e de ora\u00e7\u00e3o vivida. De modo especial, nas primeiras fases, avaliar o caminho percorrido\u201d (<em>Documento da Congrega\u00e7\u00e3o para os Institutos de Vida Consagrada\u00a0 e sociedades de via apost\u00f3lica, 31 de maio de 1983<\/em>).<\/p>\n<p><strong>Discernir<\/strong><\/p>\n<p><strong>\u00a0\u00a0\u00a0\u00a0\u00a0\u00a0\u00a0\u00a0\u00a0\u00a0\u00a0 <\/strong>Discernir a a\u00e7\u00e3o de Deus, ou seja,\u00a0 a autenticidade\u00a0 da voca\u00e7\u00e3o, do chamamento, a capacidade de resposta em vista da profiss\u00e3o. A responsabilidade do formador, com sua equipe, \u00e9 discernir a autenticidade das voca\u00e7\u00e3o j\u00e1 nos primeiros tempos de acolhida do candidato.<\/p>\n<p>Quando se come\u00e7a a forma\u00e7\u00e3o \u00e9 o momento do m\u00fatuo conhecimento: os formandos come\u00e7am a poder dizer os motivos que fizeram com que procurasse a Ordem e os respons\u00e1veis pela Ordem\u00a0 podem conhecer aquele que chega e que\u00a0 cordialmente acolheram.<\/p>\n<p>Come\u00e7a tamb\u00e9m um processo de discernimento por parte dos formadores que ali foram colocados em nome da Igreja.\u00a0 Trata-se de um discernimento objetivo:<\/p>\n<p>&nbsp;<\/p>\n<p style=\"padding-left: 30px;\">&gt;&gt; reconhecimento de um movimento interior do Esp\u00edrito no interior do chamamento pessoal;<\/p>\n<p style=\"padding-left: 30px;\">&gt;&gt;avalia\u00e7\u00e3o da reta inten\u00e7\u00e3o que se far\u00e1 por meio do exame das motiva\u00e7\u00f5es para que sejam evitadas ilus\u00f5es e erros;<\/p>\n<p style=\"padding-left: 30px;\">&gt;&gt;verificar se o candidato tem as aptid\u00f5es mais b\u00e1sicas para viver em fraternidade e, no caso da Ordem I, para exercer sua miss\u00e3o de religioso franciscano: o candidato precisa fazer esse op\u00e7\u00e3o livremente e n\u00e3o coagido por puls\u00f5es e medos e que tenha equil\u00edbrio psicol\u00f3gico;<\/p>\n<p style=\"padding-left: 30px;\">&gt;&gt;capacidade do candidato em traduzir em atos os valores que pretende abra\u00e7ar; idoneidade de seguir a Regra de vida da OFM ou da OFS entrando num caminho de convers\u00e3o, enfrentando dificuldades, desafios na longa caminhada da vida de entrega a Deus no estilo franciscano de viver o seguimento de Cristo;<\/p>\n<p style=\"padding-left: 30px;\">&gt;&gt;nesse campo de discernimento, j\u00e1 bem desde o come\u00e7o, o formador ajudar\u00e1 os candidatos a alimentarem um contato pessoal e denso com o Senhor na ora\u00e7\u00e3o: o candidato precisar\u00e1 descobrir por onde o Senhor o quer levar.<\/p>\n<p><strong>\u00a0<\/strong><strong>Acompanhar<\/strong><\/p>\n<p>O que ingressa nas fileiras da Ordem ser\u00e1 acompanhado no seu caminhar pelas estradas do Senhor.\u00a0 O ser humano n\u00e3o pode se tornar pessoa no sentido mais amplo do termo sem relacionamento e di\u00e1logo com os outros. O eu nasce de uma rela\u00e7\u00e3o com um tu. O Catecismo da Igreja Cat\u00f3lica refere-se \u00e0\u00a0 dimens\u00e3o comunit\u00e1ria da f\u00e9 e \u00e0 impossibilidade de ser crer sozinho, como ningu\u00e9m pode viver sozinho: \u201cA f\u00e9 \u00e9 ato pessoal: \u00e9 a livre resposta do homem \u00e0 iniciativa\u00a0 do Deus que se revela. Ela, no entanto, n\u00e3o \u00e9 ato isolado. Ningu\u00e9m pode crer sozinho, como ningu\u00e9m pode viver sozinho\u201d (n. 166).<\/p>\n<p><strong>\u00a0<\/strong><strong>Respeito<\/strong><\/p>\n<p><strong>\u00a0 \u00a0 \u00a0 \u00a0 \u00a0 \u00a0\u00a0<\/strong>A figura do confessor ou de um eventual diretor espiritual s\u00e3o important\u00edssimas no caminho formativo, mormente para os frades. O formador n\u00e3o interferir\u00e1 no campo do confessor ou do diretor espiritual.\u00a0 A dire\u00e7\u00e3o espiritual consiste em ajudar a pessoa diretamente em sua rela\u00e7\u00e3o com Deus. Diretor espiritual e confessor conhecem mais intimamente os formandos. A dire\u00e7\u00e3o espiritual consiste em ajudar a pessoa mais diretamente no seu relacionamento com Deus.\u00a0 Precisamente a\u00ed, conhecendo mais de perto o cora\u00e7\u00e3o das pessoas, os diretores espirituais ou o assistente franciscano no caso dos leigos franciscanos,\u00a0 pode fazer um belo e indispens\u00e1vel trabalho pastoral.\u00a0 Os franciscanos seculares poder\u00e3o escolher o assistente local com seu conselheiro e diretor espiritual ou outro perante o qual tenham mais facilidade em abrir o cora\u00e7\u00e3o.<strong>\u00a0 \u00a0 \u00a0<\/strong><\/p>\n<p><strong>Nutrir<\/strong><\/p>\n<p>Outra fun\u00e7\u00e3o do formador \u00e9 alimentar.\u00a0 Nutri\u00e7\u00e3o tem tu a ver com a vida. H\u00e1 necessidade de um alimento doutrinal e pr\u00e1tico. N\u00e3o somente alimento intelectual, mas espiritual e afetivo.\u00a0 O empenho formativo n\u00e3o se concentrar no fazer, mas no saber fazer as coisas e experiment\u00e1-las. Saber fazer as coisas.<\/p>\n<p><strong>Verificar, avaliar e julgar<\/strong><\/p>\n<p>Documentos sobre a forma\u00e7\u00e3o, mais no \u00e2mbito da forma\u00e7\u00e3o dos religiosos,\u00a0 insistem que os formadores verifiquem se os formandos est\u00e3o produzindo os frutos do Esp\u00edrito e se eles est\u00e3o correspondem ao que desejam a Ordem e a Igreja.\u00a0 Essa avalia\u00e7\u00e3o da caminhada feita ser\u00e1 feita no pr\u00f3prio grupo dos formandos e tamb\u00e9m nas inst\u00e2ncias da Ordem, ou seja, na reuni\u00e3o do Conselho com seu Ministro.<\/p>\n<p><strong>Que o formando seja protagonista de sua forma\u00e7\u00e3o<\/strong><\/p>\n<p><strong>\u00a0\u00a0\u00a0\u00a0\u00a0\u00a0\u00a0\u00a0\u00a0\u00a0\u00a0 <\/strong>At\u00e9 certo ponto o formador deve tornar-se in\u00fatil. Deve educar o educando a que se eduque, a caminhar \u00e0 luz da f\u00e9 de maneira aut\u00f4noma. O formando precisa compreender que buscar\u00e1 a discernir a vontade de Deus atrav\u00e9s da docilidade e da obedi\u00eancia.\u00a0 O formando \u00e9 seu formador a vida inteira.<\/p>\n<p><strong>Frei Almir Guimar\u00e3es<\/strong><\/p>\n<p><strong>\u00a0<\/strong><\/p>\n<p>&nbsp;<\/p>\n<p>&nbsp;<\/p>\n<p>&nbsp;<\/p>\n","protected":false},"excerpt":{"rendered":"<p>Artigo<\/p>\n","protected":false},"author":1,"featured_media":174779,"comment_status":"open","ping_status":"open","sticky":false,"template":"","format":"standard","meta":[],"categories":[14],"tags":[],"yoast_head":"<!-- This site is optimized with the Yoast SEO plugin v19.2 - https:\/\/yoast.com\/wordpress\/plugins\/seo\/ -->\n<title>O formador franciscano: tarefas e atribui\u00e7\u00f5es (II) - Carisma - Franciscanos<\/title>\n<meta name=\"robots\" content=\"index, follow, max-snippet:-1, max-image-preview:large, max-video-preview:-1\" \/>\n<link rel=\"canonical\" href=\"https:\/\/franciscanos.org.br\/carisma\/o-formador-franciscano-tarefas-e-atribuicoes-ii.html\" \/>\n<meta property=\"og:locale\" content=\"pt_BR\" \/>\n<meta property=\"og:type\" content=\"article\" \/>\n<meta property=\"og:title\" content=\"O formador franciscano: tarefas e atribui\u00e7\u00f5es (II) - Carisma - Franciscanos\" \/>\n<meta property=\"og:description\" content=\"Artigo\" \/>\n<meta property=\"og:url\" content=\"https:\/\/franciscanos.org.br\/carisma\/o-formador-franciscano-tarefas-e-atribuicoes-ii.html\" \/>\n<meta property=\"og:site_name\" content=\"Carisma - Franciscanos\" \/>\n<meta property=\"article:published_time\" content=\"2015-08-19T19:02:21+00:00\" \/>\n<meta property=\"og:image\" content=\"https:\/\/franciscanos.org.br\/carisma\/wp-content\/uploads\/2018\/10\/formadores.jpg\" \/>\n\t<meta property=\"og:image:width\" content=\"820\" \/>\n\t<meta property=\"og:image:height\" content=\"427\" \/>\n\t<meta property=\"og:image:type\" content=\"image\/jpeg\" \/>\n<meta name=\"author\" content=\"admin\" \/>\n<meta name=\"twitter:card\" content=\"summary_large_image\" \/>\n<meta name=\"twitter:label1\" content=\"Escrito por\" \/>\n\t<meta name=\"twitter:data1\" content=\"admin\" \/>\n\t<meta name=\"twitter:label2\" content=\"Est. tempo de leitura\" \/>\n\t<meta name=\"twitter:data2\" content=\"5 minutos\" \/>\n<script type=\"application\/ld+json\" class=\"yoast-schema-graph\">{\"@context\":\"https:\/\/schema.org\",\"@graph\":[{\"@type\":\"WebSite\",\"@id\":\"https:\/\/franciscanos.org.br\/carisma\/#website\",\"url\":\"https:\/\/franciscanos.org.br\/carisma\/\",\"name\":\"Carisma - Franciscanos\",\"description\":\"Prov\u00edncia Franciscana da Imaculada Concei\u00e7\u00e3o do Brasil - Ordem dos Frades Menores\",\"potentialAction\":[{\"@type\":\"SearchAction\",\"target\":{\"@type\":\"EntryPoint\",\"urlTemplate\":\"https:\/\/franciscanos.org.br\/carisma\/?s={search_term_string}\"},\"query-input\":\"required name=search_term_string\"}],\"inLanguage\":\"pt-BR\"},{\"@type\":\"ImageObject\",\"inLanguage\":\"pt-BR\",\"@id\":\"https:\/\/franciscanos.org.br\/carisma\/o-formador-franciscano-tarefas-e-atribuicoes-ii.html#primaryimage\",\"url\":\"https:\/\/franciscanos.org.br\/carisma\/wp-content\/uploads\/2018\/10\/formadores.jpg\",\"contentUrl\":\"https:\/\/franciscanos.org.br\/carisma\/wp-content\/uploads\/2018\/10\/formadores.jpg\",\"width\":820,\"height\":427},{\"@type\":\"WebPage\",\"@id\":\"https:\/\/franciscanos.org.br\/carisma\/o-formador-franciscano-tarefas-e-atribuicoes-ii.html#webpage\",\"url\":\"https:\/\/franciscanos.org.br\/carisma\/o-formador-franciscano-tarefas-e-atribuicoes-ii.html\",\"name\":\"O formador franciscano: tarefas e atribui\u00e7\u00f5es (II) - Carisma - Franciscanos\",\"isPartOf\":{\"@id\":\"https:\/\/franciscanos.org.br\/carisma\/#website\"},\"primaryImageOfPage\":{\"@id\":\"https:\/\/franciscanos.org.br\/carisma\/o-formador-franciscano-tarefas-e-atribuicoes-ii.html#primaryimage\"},\"datePublished\":\"2015-08-19T19:02:21+00:00\",\"dateModified\":\"2015-08-19T19:02:21+00:00\",\"author\":{\"@id\":\"https:\/\/franciscanos.org.br\/carisma\/#\/schema\/person\/e352342a457f086dc6152f9c73a3d093\"},\"breadcrumb\":{\"@id\":\"https:\/\/franciscanos.org.br\/carisma\/o-formador-franciscano-tarefas-e-atribuicoes-ii.html#breadcrumb\"},\"inLanguage\":\"pt-BR\",\"potentialAction\":[{\"@type\":\"ReadAction\",\"target\":[\"https:\/\/franciscanos.org.br\/carisma\/o-formador-franciscano-tarefas-e-atribuicoes-ii.html\"]}]},{\"@type\":\"BreadcrumbList\",\"@id\":\"https:\/\/franciscanos.org.br\/carisma\/o-formador-franciscano-tarefas-e-atribuicoes-ii.html#breadcrumb\",\"itemListElement\":[{\"@type\":\"ListItem\",\"position\":1,\"name\":\"Home\",\"item\":\"https:\/\/franciscanos.org.br\/carisma\"},{\"@type\":\"ListItem\",\"position\":2,\"name\":\"O formador franciscano: tarefas e atribui\u00e7\u00f5es (II)\"}]},{\"@type\":\"Person\",\"@id\":\"https:\/\/franciscanos.org.br\/carisma\/#\/schema\/person\/e352342a457f086dc6152f9c73a3d093\",\"name\":\"admin\",\"image\":{\"@type\":\"ImageObject\",\"inLanguage\":\"pt-BR\",\"@id\":\"https:\/\/franciscanos.org.br\/carisma\/#\/schema\/person\/image\/\",\"url\":\"https:\/\/secure.gravatar.com\/avatar\/e8495742d34d0ba6448ea1c628263b3e?s=96&d=mm&r=g\",\"contentUrl\":\"https:\/\/secure.gravatar.com\/avatar\/e8495742d34d0ba6448ea1c628263b3e?s=96&d=mm&r=g\",\"caption\":\"admin\"},\"url\":\"https:\/\/franciscanos.org.br\/carisma\/author\/admin\"}]}<\/script>\n<!-- \/ Yoast SEO plugin. -->","yoast_head_json":{"title":"O formador franciscano: tarefas e atribui\u00e7\u00f5es (II) - Carisma - Franciscanos","robots":{"index":"index","follow":"follow","max-snippet":"max-snippet:-1","max-image-preview":"max-image-preview:large","max-video-preview":"max-video-preview:-1"},"canonical":"https:\/\/franciscanos.org.br\/carisma\/o-formador-franciscano-tarefas-e-atribuicoes-ii.html","og_locale":"pt_BR","og_type":"article","og_title":"O formador franciscano: tarefas e atribui\u00e7\u00f5es (II) - Carisma - Franciscanos","og_description":"Artigo","og_url":"https:\/\/franciscanos.org.br\/carisma\/o-formador-franciscano-tarefas-e-atribuicoes-ii.html","og_site_name":"Carisma - Franciscanos","article_published_time":"2015-08-19T19:02:21+00:00","og_image":[{"width":820,"height":427,"url":"https:\/\/franciscanos.org.br\/carisma\/wp-content\/uploads\/2018\/10\/formadores.jpg","type":"image\/jpeg"}],"author":"admin","twitter_card":"summary_large_image","twitter_misc":{"Escrito por":"admin","Est. tempo de leitura":"5 minutos"},"schema":{"@context":"https:\/\/schema.org","@graph":[{"@type":"WebSite","@id":"https:\/\/franciscanos.org.br\/carisma\/#website","url":"https:\/\/franciscanos.org.br\/carisma\/","name":"Carisma - Franciscanos","description":"Prov\u00edncia Franciscana da Imaculada Concei\u00e7\u00e3o do Brasil - Ordem dos Frades Menores","potentialAction":[{"@type":"SearchAction","target":{"@type":"EntryPoint","urlTemplate":"https:\/\/franciscanos.org.br\/carisma\/?s={search_term_string}"},"query-input":"required name=search_term_string"}],"inLanguage":"pt-BR"},{"@type":"ImageObject","inLanguage":"pt-BR","@id":"https:\/\/franciscanos.org.br\/carisma\/o-formador-franciscano-tarefas-e-atribuicoes-ii.html#primaryimage","url":"https:\/\/franciscanos.org.br\/carisma\/wp-content\/uploads\/2018\/10\/formadores.jpg","contentUrl":"https:\/\/franciscanos.org.br\/carisma\/wp-content\/uploads\/2018\/10\/formadores.jpg","width":820,"height":427},{"@type":"WebPage","@id":"https:\/\/franciscanos.org.br\/carisma\/o-formador-franciscano-tarefas-e-atribuicoes-ii.html#webpage","url":"https:\/\/franciscanos.org.br\/carisma\/o-formador-franciscano-tarefas-e-atribuicoes-ii.html","name":"O formador franciscano: tarefas e atribui\u00e7\u00f5es (II) - Carisma - Franciscanos","isPartOf":{"@id":"https:\/\/franciscanos.org.br\/carisma\/#website"},"primaryImageOfPage":{"@id":"https:\/\/franciscanos.org.br\/carisma\/o-formador-franciscano-tarefas-e-atribuicoes-ii.html#primaryimage"},"datePublished":"2015-08-19T19:02:21+00:00","dateModified":"2015-08-19T19:02:21+00:00","author":{"@id":"https:\/\/franciscanos.org.br\/carisma\/#\/schema\/person\/e352342a457f086dc6152f9c73a3d093"},"breadcrumb":{"@id":"https:\/\/franciscanos.org.br\/carisma\/o-formador-franciscano-tarefas-e-atribuicoes-ii.html#breadcrumb"},"inLanguage":"pt-BR","potentialAction":[{"@type":"ReadAction","target":["https:\/\/franciscanos.org.br\/carisma\/o-formador-franciscano-tarefas-e-atribuicoes-ii.html"]}]},{"@type":"BreadcrumbList","@id":"https:\/\/franciscanos.org.br\/carisma\/o-formador-franciscano-tarefas-e-atribuicoes-ii.html#breadcrumb","itemListElement":[{"@type":"ListItem","position":1,"name":"Home","item":"https:\/\/franciscanos.org.br\/carisma"},{"@type":"ListItem","position":2,"name":"O formador franciscano: tarefas e atribui\u00e7\u00f5es (II)"}]},{"@type":"Person","@id":"https:\/\/franciscanos.org.br\/carisma\/#\/schema\/person\/e352342a457f086dc6152f9c73a3d093","name":"admin","image":{"@type":"ImageObject","inLanguage":"pt-BR","@id":"https:\/\/franciscanos.org.br\/carisma\/#\/schema\/person\/image\/","url":"https:\/\/secure.gravatar.com\/avatar\/e8495742d34d0ba6448ea1c628263b3e?s=96&d=mm&r=g","contentUrl":"https:\/\/secure.gravatar.com\/avatar\/e8495742d34d0ba6448ea1c628263b3e?s=96&d=mm&r=g","caption":"admin"},"url":"https:\/\/franciscanos.org.br\/carisma\/author\/admin"}]}},"_links":{"self":[{"href":"https:\/\/franciscanos.org.br\/carisma\/wp-json\/wp\/v2\/posts\/92682"}],"collection":[{"href":"https:\/\/franciscanos.org.br\/carisma\/wp-json\/wp\/v2\/posts"}],"about":[{"href":"https:\/\/franciscanos.org.br\/carisma\/wp-json\/wp\/v2\/types\/post"}],"author":[{"embeddable":true,"href":"https:\/\/franciscanos.org.br\/carisma\/wp-json\/wp\/v2\/users\/1"}],"replies":[{"embeddable":true,"href":"https:\/\/franciscanos.org.br\/carisma\/wp-json\/wp\/v2\/comments?post=92682"}],"version-history":[{"count":0,"href":"https:\/\/franciscanos.org.br\/carisma\/wp-json\/wp\/v2\/posts\/92682\/revisions"}],"wp:featuredmedia":[{"embeddable":true,"href":"https:\/\/franciscanos.org.br\/carisma\/wp-json\/wp\/v2\/media\/174779"}],"wp:attachment":[{"href":"https:\/\/franciscanos.org.br\/carisma\/wp-json\/wp\/v2\/media?parent=92682"}],"wp:term":[{"taxonomy":"category","embeddable":true,"href":"https:\/\/franciscanos.org.br\/carisma\/wp-json\/wp\/v2\/categories?post=92682"},{"taxonomy":"post_tag","embeddable":true,"href":"https:\/\/franciscanos.org.br\/carisma\/wp-json\/wp\/v2\/tags?post=92682"}],"curies":[{"name":"wp","href":"https:\/\/api.w.org\/{rel}","templated":true}]}}