{"id":92573,"date":"2015-08-18T06:56:08","date_gmt":"2015-08-18T09:56:08","guid":{"rendered":"http:\/\/franciscanos.org.br\/?p=92573"},"modified":"2015-08-18T06:56:08","modified_gmt":"2015-08-18T09:56:08","slug":"francisco-e-franciscanos-na-busca-de-sua-identidade","status":"publish","type":"post","link":"https:\/\/franciscanos.org.br\/carisma\/francisco-e-franciscanos-na-busca-de-sua-identidade.html","title":{"rendered":"Caminhos percorridos e passos dados por Francisco"},"content":{"rendered":"<p><img loading=\"lazy\" src=\"http:\/\/franciscanos.org.br\/wp-content\/uploads\/2015\/08\/francisco_18.jpg\" alt=\"francisco_18\" width=\"820\" height=\"364\" \/><\/p>\n<h3>Francisco e os franciscanos na busca de sua identidade<\/h3>\n<p><strong>1.<\/strong> Em nossos dias n\u00e3o d\u00e1 para deixar Francisco de Assis de lado. O cardeal Claudio Hummes, quando o cardeal argentino Bergoglio estava praticamente eleito Papa no conclave que se desenrolava na Capela Sistina, sussurrou-lhe: \u201cN\u00e3o se esque\u00e7a dos pobres\u201d. Pouco depois, o novo Papa haveria de escolher para si o nome de Francisco e, desde ent\u00e3o, muitas vezes, em seu minist\u00e9rio, ele alude ao esp\u00edrito de Francisco. Todos os homens de boa vontade, de uma forma ou de outra, se voltam para a transpar\u00eancia do Evangelho, embora nem sempre se fa\u00e7am cita\u00e7\u00f5es literais. Antes de mais nada, ressalte-se em Francisco de Assis e em Francisco de Roma a fraternidade. Francisco \u00e9 o irm\u00e3o universal, irm\u00e3o do leproso, irm\u00e3o do lobo, irm\u00e3o do sult\u00e3o, irm\u00e3o de todos, irm\u00e3o dos elementos (sol, estrela, \u00e1gua, terra, ar etc.). O Papa nos convida a sermos irm\u00e3os e irm\u00e3s universais. Que projeto tem ele para o mundo? Estabelecer, em todas as partes, v\u00ednculos de fraternidade. Sentimos unidos ao Papa nesse intento de proximidade com todas as pessoas da face da terra.<\/p>\n<p><strong>2.<\/strong> Francisco, em seu caminho vocacional, nos convida a tomar o Evangelho a s\u00e9rio. \u00c9 isso que quero, que busco de todo o cora\u00e7\u00e3o. O Evangelho responde a anseios que se agitam no cora\u00e7\u00e3o desse jovem das comunas. O Evangelho \u00e9 a verdade para Francisco e seu seguimento \u00e9 realizar a vontade de Deus na trama de sua vida. O seguimento do Evangelho \u00e9 uma evid\u00eancia e uma urg\u00eancia que brotam no mais profundo de seu ser.<\/p>\n<p><strong>3.<\/strong> Para tanto ele entra num caminho de convers\u00e3o. Come\u00e7a despojando-se dos bens para ficar apenas com o essencial. Em seguida, e ao longo de todos os anos de sua vida, continuar\u00e1 a experimentar o j\u00fabilo de ir se tornando uma pessoa cada vez mais leve. Jean Marc Charron fala que Francisco se despoja de seu orgulho, a autossufici\u00eancia e de manifesta\u00e7\u00f5es de narcisismo que lhe eram pr\u00f3prias.<\/p>\n<p><strong>4.<\/strong> Tra\u00e7o importante e fundamental no processo de convers\u00e3o: Francisco vai entrar num caminho de servi\u00e7o, de minorismo e de fraternidade que far\u00e1 com que abandone todo desejo de poder, de domina\u00e7\u00e3o sobre quem quer que seja, imitando destarte o Cristo servidor.<\/p>\n<p><strong>5.<\/strong> Paulatinamente, o <em>Poverello<\/em> vai se abrindo \u00e0 a\u00e7\u00e3o do Esp\u00edrito Santo e seu santo modo de operar deixando transformar-se interiormente, de modo particular atrav\u00e9s da Palavra do Senhor ouvida na solid\u00e3o dos eremit\u00e9rios e nas andan\u00e7as pelas estradas poeirentas. Vai se tornando um ouvinte cada vez mais atento e agu\u00e7ado e tudo termina quando pede que possa morrer nu na terra nua ouvindo o Evangelho de Jo\u00e3o. Francisco se identifica com seu Senhor e Mestre que morre no total despojamento.<\/p>\n<p><strong>6.<\/strong> E vive na alegria de estar nas m\u00e3os de Deus, de n\u00e3o se preocupar exageradamente com o vestir e o comer. Experimenta uma profunda alegria no fundo do cora\u00e7\u00e3o. Tem vontade de cantar, de dan\u00e7ar. Quase explode de alegria. Vive a perfeita alegria quando o irm\u00e3o porteiro n\u00e3o deixa que ele e Frei Le\u00e3o entrem na casa quente e aquecida, mas os obriga a experimentar a alegria de se terem identificado com Cristo Jesus.<\/p>\n<p><strong>7.<\/strong> Quem s\u00e3o, efetivamente franciscanos, sen\u00e3o esses e essas que, na simplicidade de cora\u00e7\u00e3o, vivem esse esp\u00edrito e t\u00eam essas cores em seus semblantes? O Papa Francisco aponta para Francisco.<\/p>\n<p><strong>Frei Almir Guimar\u00e3es<\/strong><\/p>\n","protected":false},"excerpt":{"rendered":"<p>Franciscanamente<\/p>\n","protected":false},"author":1,"featured_media":174700,"comment_status":"open","ping_status":"open","sticky":false,"template":"","format":"standard","meta":[],"categories":[11],"tags":[],"yoast_head":"<!-- This site is optimized with the Yoast SEO plugin v19.2 - https:\/\/yoast.com\/wordpress\/plugins\/seo\/ -->\n<title>Caminhos percorridos e passos dados por Francisco - Carisma - Franciscanos<\/title>\n<meta name=\"robots\" content=\"index, follow, max-snippet:-1, max-image-preview:large, max-video-preview:-1\" \/>\n<link rel=\"canonical\" href=\"https:\/\/franciscanos.org.br\/carisma\/francisco-e-franciscanos-na-busca-de-sua-identidade.html\" \/>\n<meta property=\"og:locale\" content=\"pt_BR\" \/>\n<meta property=\"og:type\" content=\"article\" \/>\n<meta property=\"og:title\" content=\"Caminhos percorridos e passos dados por Francisco - Carisma - Franciscanos\" \/>\n<meta property=\"og:description\" content=\"Franciscanamente\" \/>\n<meta property=\"og:url\" content=\"https:\/\/franciscanos.org.br\/carisma\/francisco-e-franciscanos-na-busca-de-sua-identidade.html\" \/>\n<meta property=\"og:site_name\" content=\"Carisma - Franciscanos\" \/>\n<meta property=\"article:published_time\" content=\"2015-08-18T09:56:08+00:00\" \/>\n<meta property=\"og:image\" content=\"https:\/\/franciscanos.org.br\/carisma\/wp-content\/uploads\/2018\/10\/francisco_18.jpg\" \/>\n\t<meta property=\"og:image:width\" content=\"820\" \/>\n\t<meta property=\"og:image:height\" content=\"364\" \/>\n\t<meta property=\"og:image:type\" content=\"image\/jpeg\" \/>\n<meta name=\"author\" content=\"admin\" \/>\n<meta name=\"twitter:card\" content=\"summary_large_image\" \/>\n<meta name=\"twitter:label1\" content=\"Escrito por\" \/>\n\t<meta name=\"twitter:data1\" content=\"admin\" \/>\n\t<meta name=\"twitter:label2\" content=\"Est. tempo de leitura\" \/>\n\t<meta name=\"twitter:data2\" content=\"3 minutos\" \/>\n<script type=\"application\/ld+json\" class=\"yoast-schema-graph\">{\"@context\":\"https:\/\/schema.org\",\"@graph\":[{\"@type\":\"WebSite\",\"@id\":\"https:\/\/franciscanos.org.br\/carisma\/#website\",\"url\":\"https:\/\/franciscanos.org.br\/carisma\/\",\"name\":\"Carisma - Franciscanos\",\"description\":\"Prov\u00edncia Franciscana da Imaculada Concei\u00e7\u00e3o do Brasil - Ordem dos Frades Menores\",\"potentialAction\":[{\"@type\":\"SearchAction\",\"target\":{\"@type\":\"EntryPoint\",\"urlTemplate\":\"https:\/\/franciscanos.org.br\/carisma\/?s={search_term_string}\"},\"query-input\":\"required name=search_term_string\"}],\"inLanguage\":\"pt-BR\"},{\"@type\":\"ImageObject\",\"inLanguage\":\"pt-BR\",\"@id\":\"https:\/\/franciscanos.org.br\/carisma\/francisco-e-franciscanos-na-busca-de-sua-identidade.html#primaryimage\",\"url\":\"https:\/\/franciscanos.org.br\/carisma\/wp-content\/uploads\/2018\/10\/francisco_18.jpg\",\"contentUrl\":\"https:\/\/franciscanos.org.br\/carisma\/wp-content\/uploads\/2018\/10\/francisco_18.jpg\",\"width\":820,\"height\":364},{\"@type\":\"WebPage\",\"@id\":\"https:\/\/franciscanos.org.br\/carisma\/francisco-e-franciscanos-na-busca-de-sua-identidade.html#webpage\",\"url\":\"https:\/\/franciscanos.org.br\/carisma\/francisco-e-franciscanos-na-busca-de-sua-identidade.html\",\"name\":\"Caminhos percorridos e passos dados por Francisco - Carisma - Franciscanos\",\"isPartOf\":{\"@id\":\"https:\/\/franciscanos.org.br\/carisma\/#website\"},\"primaryImageOfPage\":{\"@id\":\"https:\/\/franciscanos.org.br\/carisma\/francisco-e-franciscanos-na-busca-de-sua-identidade.html#primaryimage\"},\"datePublished\":\"2015-08-18T09:56:08+00:00\",\"dateModified\":\"2015-08-18T09:56:08+00:00\",\"author\":{\"@id\":\"https:\/\/franciscanos.org.br\/carisma\/#\/schema\/person\/e352342a457f086dc6152f9c73a3d093\"},\"breadcrumb\":{\"@id\":\"https:\/\/franciscanos.org.br\/carisma\/francisco-e-franciscanos-na-busca-de-sua-identidade.html#breadcrumb\"},\"inLanguage\":\"pt-BR\",\"potentialAction\":[{\"@type\":\"ReadAction\",\"target\":[\"https:\/\/franciscanos.org.br\/carisma\/francisco-e-franciscanos-na-busca-de-sua-identidade.html\"]}]},{\"@type\":\"BreadcrumbList\",\"@id\":\"https:\/\/franciscanos.org.br\/carisma\/francisco-e-franciscanos-na-busca-de-sua-identidade.html#breadcrumb\",\"itemListElement\":[{\"@type\":\"ListItem\",\"position\":1,\"name\":\"Home\",\"item\":\"https:\/\/franciscanos.org.br\/carisma\"},{\"@type\":\"ListItem\",\"position\":2,\"name\":\"Caminhos percorridos e passos dados por Francisco\"}]},{\"@type\":\"Person\",\"@id\":\"https:\/\/franciscanos.org.br\/carisma\/#\/schema\/person\/e352342a457f086dc6152f9c73a3d093\",\"name\":\"admin\",\"image\":{\"@type\":\"ImageObject\",\"inLanguage\":\"pt-BR\",\"@id\":\"https:\/\/franciscanos.org.br\/carisma\/#\/schema\/person\/image\/\",\"url\":\"https:\/\/secure.gravatar.com\/avatar\/e8495742d34d0ba6448ea1c628263b3e?s=96&d=mm&r=g\",\"contentUrl\":\"https:\/\/secure.gravatar.com\/avatar\/e8495742d34d0ba6448ea1c628263b3e?s=96&d=mm&r=g\",\"caption\":\"admin\"},\"url\":\"https:\/\/franciscanos.org.br\/carisma\/author\/admin\"}]}<\/script>\n<!-- \/ Yoast SEO plugin. -->","yoast_head_json":{"title":"Caminhos percorridos e passos dados por Francisco - Carisma - Franciscanos","robots":{"index":"index","follow":"follow","max-snippet":"max-snippet:-1","max-image-preview":"max-image-preview:large","max-video-preview":"max-video-preview:-1"},"canonical":"https:\/\/franciscanos.org.br\/carisma\/francisco-e-franciscanos-na-busca-de-sua-identidade.html","og_locale":"pt_BR","og_type":"article","og_title":"Caminhos percorridos e passos dados por Francisco - Carisma - Franciscanos","og_description":"Franciscanamente","og_url":"https:\/\/franciscanos.org.br\/carisma\/francisco-e-franciscanos-na-busca-de-sua-identidade.html","og_site_name":"Carisma - Franciscanos","article_published_time":"2015-08-18T09:56:08+00:00","og_image":[{"width":820,"height":364,"url":"https:\/\/franciscanos.org.br\/carisma\/wp-content\/uploads\/2018\/10\/francisco_18.jpg","type":"image\/jpeg"}],"author":"admin","twitter_card":"summary_large_image","twitter_misc":{"Escrito por":"admin","Est. tempo de leitura":"3 minutos"},"schema":{"@context":"https:\/\/schema.org","@graph":[{"@type":"WebSite","@id":"https:\/\/franciscanos.org.br\/carisma\/#website","url":"https:\/\/franciscanos.org.br\/carisma\/","name":"Carisma - Franciscanos","description":"Prov\u00edncia Franciscana da Imaculada Concei\u00e7\u00e3o do Brasil - Ordem dos Frades Menores","potentialAction":[{"@type":"SearchAction","target":{"@type":"EntryPoint","urlTemplate":"https:\/\/franciscanos.org.br\/carisma\/?s={search_term_string}"},"query-input":"required name=search_term_string"}],"inLanguage":"pt-BR"},{"@type":"ImageObject","inLanguage":"pt-BR","@id":"https:\/\/franciscanos.org.br\/carisma\/francisco-e-franciscanos-na-busca-de-sua-identidade.html#primaryimage","url":"https:\/\/franciscanos.org.br\/carisma\/wp-content\/uploads\/2018\/10\/francisco_18.jpg","contentUrl":"https:\/\/franciscanos.org.br\/carisma\/wp-content\/uploads\/2018\/10\/francisco_18.jpg","width":820,"height":364},{"@type":"WebPage","@id":"https:\/\/franciscanos.org.br\/carisma\/francisco-e-franciscanos-na-busca-de-sua-identidade.html#webpage","url":"https:\/\/franciscanos.org.br\/carisma\/francisco-e-franciscanos-na-busca-de-sua-identidade.html","name":"Caminhos percorridos e passos dados por Francisco - Carisma - Franciscanos","isPartOf":{"@id":"https:\/\/franciscanos.org.br\/carisma\/#website"},"primaryImageOfPage":{"@id":"https:\/\/franciscanos.org.br\/carisma\/francisco-e-franciscanos-na-busca-de-sua-identidade.html#primaryimage"},"datePublished":"2015-08-18T09:56:08+00:00","dateModified":"2015-08-18T09:56:08+00:00","author":{"@id":"https:\/\/franciscanos.org.br\/carisma\/#\/schema\/person\/e352342a457f086dc6152f9c73a3d093"},"breadcrumb":{"@id":"https:\/\/franciscanos.org.br\/carisma\/francisco-e-franciscanos-na-busca-de-sua-identidade.html#breadcrumb"},"inLanguage":"pt-BR","potentialAction":[{"@type":"ReadAction","target":["https:\/\/franciscanos.org.br\/carisma\/francisco-e-franciscanos-na-busca-de-sua-identidade.html"]}]},{"@type":"BreadcrumbList","@id":"https:\/\/franciscanos.org.br\/carisma\/francisco-e-franciscanos-na-busca-de-sua-identidade.html#breadcrumb","itemListElement":[{"@type":"ListItem","position":1,"name":"Home","item":"https:\/\/franciscanos.org.br\/carisma"},{"@type":"ListItem","position":2,"name":"Caminhos percorridos e passos dados por Francisco"}]},{"@type":"Person","@id":"https:\/\/franciscanos.org.br\/carisma\/#\/schema\/person\/e352342a457f086dc6152f9c73a3d093","name":"admin","image":{"@type":"ImageObject","inLanguage":"pt-BR","@id":"https:\/\/franciscanos.org.br\/carisma\/#\/schema\/person\/image\/","url":"https:\/\/secure.gravatar.com\/avatar\/e8495742d34d0ba6448ea1c628263b3e?s=96&d=mm&r=g","contentUrl":"https:\/\/secure.gravatar.com\/avatar\/e8495742d34d0ba6448ea1c628263b3e?s=96&d=mm&r=g","caption":"admin"},"url":"https:\/\/franciscanos.org.br\/carisma\/author\/admin"}]}},"_links":{"self":[{"href":"https:\/\/franciscanos.org.br\/carisma\/wp-json\/wp\/v2\/posts\/92573"}],"collection":[{"href":"https:\/\/franciscanos.org.br\/carisma\/wp-json\/wp\/v2\/posts"}],"about":[{"href":"https:\/\/franciscanos.org.br\/carisma\/wp-json\/wp\/v2\/types\/post"}],"author":[{"embeddable":true,"href":"https:\/\/franciscanos.org.br\/carisma\/wp-json\/wp\/v2\/users\/1"}],"replies":[{"embeddable":true,"href":"https:\/\/franciscanos.org.br\/carisma\/wp-json\/wp\/v2\/comments?post=92573"}],"version-history":[{"count":0,"href":"https:\/\/franciscanos.org.br\/carisma\/wp-json\/wp\/v2\/posts\/92573\/revisions"}],"wp:featuredmedia":[{"embeddable":true,"href":"https:\/\/franciscanos.org.br\/carisma\/wp-json\/wp\/v2\/media\/174700"}],"wp:attachment":[{"href":"https:\/\/franciscanos.org.br\/carisma\/wp-json\/wp\/v2\/media?parent=92573"}],"wp:term":[{"taxonomy":"category","embeddable":true,"href":"https:\/\/franciscanos.org.br\/carisma\/wp-json\/wp\/v2\/categories?post=92573"},{"taxonomy":"post_tag","embeddable":true,"href":"https:\/\/franciscanos.org.br\/carisma\/wp-json\/wp\/v2\/tags?post=92573"}],"curies":[{"name":"wp","href":"https:\/\/api.w.org\/{rel}","templated":true}]}}