{"id":8977,"date":"2011-12-12T14:46:24","date_gmt":"2011-12-12T16:46:24","guid":{"rendered":"http:\/\/new.franciscanos.org.br\/?p=8977"},"modified":"2011-12-12T14:46:24","modified_gmt":"2011-12-12T16:46:24","slug":"lembrancas-e-evocacoes-do-capitulo-geral-da-ordem-franciscana-secular-2","status":"publish","type":"post","link":"https:\/\/franciscanos.org.br\/carisma\/lembrancas-e-evocacoes-do-capitulo-geral-da-ordem-franciscana-secular-2.html","title":{"rendered":"Lembran\u00e7as e evoca\u00e7\u00f5es do Cap\u00edtulo Geral da Ordem Franciscana Secular"},"content":{"rendered":"<h4><a href=\"http:\/\/franciscanos.org.br\/wp-content\/uploads\/2011\/12\/1990_170412.jpg\"><img loading=\"lazy\" class=\"alignright size-full wp-image-16033\" title=\"1990_170412\" src=\"http:\/\/franciscanos.org.br\/wp-content\/uploads\/2011\/12\/1990_170412.jpg\" alt=\"\" width=\"406\" height=\"259\" \/><\/a>S\u00e3o Paulo, 22 a 29 de novembro de 2011<\/h4>\n<p align=\"left\"><strong>Frei Almir Ribeiro Guimar\u00e3es, OFM (*)<\/strong><\/p>\n<p align=\"left\"><em>N\u00e3o tomem estas linhas como \u201crelat\u00f3rio\u201d do Cap\u00edtulo. N\u00e3o constituem elas uma an\u00e1lise detalhada e cr\u00edtica desse evento importante para a OFS do mundo. S\u00e3o reflex\u00f5es, talvez um pouco soltas e impress\u00f5es que precisam ser colocadas por escrito antes que passe muito tempo. Elas misturam impress\u00f5es deixadas no cora\u00e7\u00e3o e algumas falas que questionam a significa\u00e7\u00e3o da OFS para nosso mundo e para a Igreja.<\/em><strong> <\/strong><\/p>\n<div align=\"left\">\n<p><strong>1. <\/strong>As coisas s\u00e3o assim mesmo. H\u00e1 a prepara\u00e7\u00e3o, a realiza\u00e7\u00e3o e depois tudo passa. Assim se deu com o XIII Capitulo da Ordem Franciscana Secular. O Conselho da Presid\u00eancia esteve presente entre n\u00f3s com a Ministra Geral Encarnaci\u00f3n del Pozo e capitulares do mundo inteiro. Trabalho, canseira, preocupa\u00e7\u00f5es, aus\u00eancias, presen\u00e7as, tempo de chuva e sol aberto quase, \u00f4nibus com avaria, dias com jeito de ver\u00e3o. Um evento que, certamente, deixar\u00e1 marcas em todos os que participaram como capitulares, como colaboradores ou observadores. A realiza\u00e7\u00e3o do Cap\u00edtulo \u00e9 uma exig\u00eancia das Constitui\u00e7\u00f5es e dos Estatutos da OFS. Somos um \u201ccorpo\u201d. H\u00e1 altern\u00e2ncias no servi\u00e7o. H\u00e1 decis\u00f5es que s\u00e3o tomadas em comum. Um Cap\u00edtulo Geral tem o cond\u00e3o de mostrar que nossa Fraternidade Franciscana Secular est\u00e1 em todo o mundo. Ficamos muito felizes em ver que h\u00e1 s\u00e9rios empenhos, apesar de todas as dificuldades, de implanta\u00e7\u00e3o de c\u00e9lulas franciscanas seculares na China e nos pa\u00edses mais fr\u00e1geis do mundo. Sentimos tamb\u00e9m alegria em ver emergir algumas fraternidades na \u00c1frica francofone e lusitanofone. Na sala capitular estavam esses homens simples com o desejo de acertar e de ver suas fraternidades nacionais progredirem. A presen\u00e7a e o depoimento do Conselheiro do Haiti foi comovente.<\/p>\n<p><strong>2.<\/strong> Sentimos, entre os presentes, uma for\u00e7a toda particular nos pa\u00edses que faziam parte da antiga Uni\u00e3o Sovi\u00e9tica. No Cap\u00edtulo, nota-se uma presen\u00e7a f\u00edsica desses terceiros e tamb\u00e9m um vigor dos jovens franciscanos. Os jovens provenientes destas partes do mundo parecem mais organizados como grupo, participam das Jornadas Mundiais da Juventude de forma mais regular. Tem-se a impress\u00e3o que manifestam uma piedade mais intensa do que outros. S\u00e3o fraternidades juvenis com forte dimens\u00e3o orante. N\u00e3o houve relat\u00f3rios e depoimentos de fraternidades nacionais. O tempo, certamente, n\u00e3o permitia. Teria sido bom sentir mais de perto como andam, por exemplo, as fraternidades da Europa. Claro, em seu relat\u00f3rio, a Ministra Geral alude a todas elas.<\/p>\n<p><strong>3.<\/strong> Em sua presta\u00e7\u00e3o de contas do tri\u00eanio passado, a Ministra teceu algumas considera\u00e7\u00f5es que devem nos levar \u00e0 reflex\u00e3o:<\/p>\n<ul>\n<li>Por ocasi\u00e3o das visitas e de presid\u00eancia de Cap\u00edtulos, constatou-se que continua a diminui\u00e7\u00e3o do n\u00famero e o envelhecimento na Europa central, ocidental e do sul. H\u00e1 nessas fraternidades pouco interesse em promover a JUFRA. Parece que a primeira preocupa\u00e7\u00e3o esteja nas ideologias e na posse (consumismo), no comodismo e n\u00e3o nos valores humanos e evang\u00e9licos. H\u00e1, no entanto, fraternidades que est\u00e3o em processo de rejuvenescimento.<\/li>\n<li>Est\u00e3o em fase de crescimento as fraternidades da Europa do Leste. D\u00e1-se um fen\u00f4meno curioso. H\u00e1 a gera\u00e7\u00e3o do tempo da persegui\u00e7\u00e3o comunista e as novas voca\u00e7\u00f5es com idade de 25 a 35 anos. Falta uma gera\u00e7\u00e3o ponte. Em algumas dessas fraternidades est\u00e3o sendo feitos esfor\u00e7os na cria\u00e7\u00e3o de grupos de casados. Na medida em que as novas gera\u00e7\u00f5es assimilarem a Regra da OFS e os formadores as mantiverem inseridas nas coisas temporais poder\u00e1 haver florescimento.<\/li>\n<li>O desenvolvimento da Ordem no sudeste asi\u00e1tico \u00e9 estimulante. Merecem ser mencionados esfor\u00e7os na linha da forma\u00e7\u00e3o inicial e permanente e tamb\u00e9m iniciativas apost\u00f3licas. No Capitulo eram muitos os irm\u00e3os e irm\u00e3s com os \u201colhos puxadinhos\u201d.<\/li>\n<li>Na Am\u00e9rica Latina, observa-se um progressivo envelhecimento sem muitas perspectivas de revitaliza\u00e7\u00e3o. N\u00e3o h\u00e1 muita comunica\u00e7\u00e3o entre as fraternidades nacionais e a presid\u00eancia da OFS. A comunica\u00e7\u00e3o se faz somente no momento em que aparecem problemas. Normalmente, as Fraternidades nacionais pedem a visita mas n\u00e3o se preocupam com os custos das viagens. Por vezes observamos que n\u00e3o h\u00e1 o cuidado de acolher as recomenda\u00e7\u00f5es do visitadores na linha de superar algumas anomalias identit\u00e1rias. A instabilidade pol\u00edtica de alguns pa\u00edses \u00e9 elemento negativo.<\/li>\n<\/ul>\n<p><strong>4.<\/strong> Durante a realiza\u00e7\u00e3o do Cap\u00edtulo ficou evidenciada a necessidade de se encontrar recursos para viagens, forma\u00e7\u00e3o e ajuda a tantas fraternidades do mundo inteiro. H\u00e1 necessidade de se compreender que a Ordem \u00e9 de todos e que h\u00e1 que se fazer um esfor\u00e7o s\u00e9rio face \u00e0s despesas. Insistiu-se na generosidade e espontaneidade de doa\u00e7\u00f5es, mormente destinadas \u00e0s fraternidades emergentes presentes em muitas partes do mundo. Bem no final de seu relat\u00f3rio ao Capitulo, a Ministra falou de dois grandes desafios: a resposta dos conselheiros internacionais (e dos Conselhos Nacionais) de animar e guiar a OFS e quest\u00e3o da comunh\u00e3o nos bens materiais e espirituais no interior da Ordem.<\/p>\n<p><strong>5.<\/strong> Tomo a liberdade de \u201cpin\u00e7ar\u201d alguns elementos que aparecem nas conclus\u00f5es que ainda n\u00e3o foram oficialmente publicadas:<\/p>\n<\/div>\n<ul>\n<li>Durante os dias do Cap\u00edtulo foram vividos intensos momentos ao se compartilhar as dores e incr\u00edveis experi\u00eancias de nossos irm\u00e3os e irm\u00e3s do mundo que sofrem em extrema pobreza, padecem de persegui\u00e7\u00e3o religiosa, s\u00e3o vitimas de calamidades naturais, inclusive de genoc\u00eddios. Tudo deixou em alto de grau de perplexidades nossas consci\u00eancias, convidando-nos a sair de nossa autocomplac\u00eancia ego\u00edsta para nos aproximar com solidariedade daqueles que sofrem.<\/li>\n<\/ul>\n<div align=\"left\">\n<ul>\n<li>Nossa Ordem est\u00e1 sendo chamada a renovar-se a partir de seu interior para que os irm\u00e3os e as irm\u00e3s possam ser instrumentos mais fi\u00e9is e generosos do Reino de Deus, uma presen\u00e7a mais eficaz e cr\u00edvel nos assuntos temporais, projetando sobre estes a luz do Evangelho e dirigindo-os segundo os planos de Deus. (\u00c0 margem do texto acrescento que este \u00e9 um ponto delicado: tanto a OFS como a Primeira Ordem, em suas concretiza\u00e7\u00f5es, precisam ser cr\u00edveis, dignas de cr\u00e9dito.<\/li>\n<li>Uma s\u00e9ria forma\u00e7\u00e3o permanente dever\u00e1 possibilitar \u00e0s Fraternidades se abrirem \u00e0s realidades humanas (fam\u00edlia, trabalho, luta comunit\u00e1ria, ecologia. O mundo sofre demais.<\/li>\n<li>A OFS quer colocar a fam\u00edlia no centro de sua aten\u00e7\u00e3o e dar-lhe um lugar mais importante na vida das Fraternidades. O Cap\u00edtulo exorta as Fraternidades locais a que facilitem o crescimento das fam\u00edlias no interior das Fraternidades. Os jovens, aos quais preocupa muito, e com raz\u00e3o, o grande tema da sexualidade, precisam de ajuda dos Franciscanos seculares, a come\u00e7ar pelo testemunho de vida. As experi\u00eancias de casais membros da OFS, maduros e preparados, partilhadas com os jovens da JUFRA em seus encontros ajud\u00e1-los-ia a serem verdadeiros profetas e sinais de contradi\u00e7\u00e3o no mundo.<\/li>\n<li>Para fomentar a comunh\u00e3o entre a OFS e a JUFRA, os Conselhos da OFS incluir\u00e3o representantes da JUFRA tanto na organiza\u00e7\u00e3o dos encontros comuns bem como sua realiza\u00e7\u00e3o.<\/li>\n<li>Os animadores fraternos da JUFRA, no acompanhamento dos jovens, t\u00eam que promover conte\u00fados e m\u00e9todos que os capacitem a assumir as responsabilidades da vida familiar e social.<\/li>\n<li>No bloco de recomenda\u00e7\u00f5es referentes \u00e0 presen\u00e7a dos franciscanos seculares no mundo h\u00e1 um pedido de que talentos se coloquem \u00e0 disposi\u00e7\u00e3o de muitos: os franciscanos seculares comprometam-se com a prote\u00e7\u00e3o da fam\u00edlia e de seus direitos sociais e promovam uma educa\u00e7\u00e3o que permita o desenvolvimento total das crian\u00e7as e dos jovens, servindo-se dos instrumentos s\u00f3cio-pol\u00edticos a seu alcance. Em suas iniciativas precisam reunir e incluir a todos os irm\u00e3os e irm\u00e3s preparados em diferentes especializa\u00e7\u00f5es para que ponham \u00e0 disposi\u00e7\u00e3o do bem comum os talentos que receberam de Deus (tenho certeza que o amanh\u00e3 da OFS depende tamb\u00e9m da a\u00e7\u00e3o apost\u00f3lica e pastoral feita por pessoas santas, \u00e9 verdade, mas tamb\u00e9m com \u201cespecializa\u00e7\u00f5es\u201d.<\/li>\n<\/ul>\n<\/div>\n<p align=\"left\"><strong>6.<\/strong> Algumas observa\u00e7\u00f5es de ordem geral:<\/p>\n<div align=\"left\">\n<ul>\n<li>Foi incans\u00e1vel a dedica\u00e7\u00e3o dos irm\u00e3os e irm\u00e3s da OFS do Brasil, de modo especial as Fraternidades de S\u00e3o Paulo, para que esse Capitulo pudesse se realizar. Houve o trabalho f\u00edsico duro, os plant\u00f5es esperando retardat\u00e1rios, o estar sempre no seu lugar literalmente \u00e0 disposi\u00e7\u00e3o. Houve a presen\u00e7a f\u00edsica no local, a ajuda com recursos financeiros, o cuidado de oferecer pequenos \u201csouvenirs\u201d aos participantes. Enfim, os seculares franciscanos brasileiros souberam ser generosos e hospitaleiros.<\/li>\n<li>A casa onde ser realizou o Cap\u00edtulo, o Centro Santa F\u00e9 dos jesu\u00edtas, \u00e9 local apraz\u00edvel e extremamente agrad\u00e1vel. O quadro exterior ajudou tamb\u00e9m ao bom \u00eaxito do Cap\u00edtulo: jardins, bela capela, amplos corredores, comida bem feita.<\/li>\n<li>Dom Odilo Scherer, cardeal de S\u00e3o Paulo, presidiu a abertura do Cap\u00edtulo com a celebra\u00e7\u00e3o da Eucaristia na tarde do s\u00e1bado 22 de novembro. A capela estava belamente enfeitada com ant\u00farios vermelhos e outras flores brancas numa tarde serena e bela. Dom Odilo fez sua homilia em italiano, o que agradou aos italofones. Sua homilia foi extremamente oportuna e com muita propriedade falou da radical import\u00e2ncia de Francisco para seu tempo e para nosso tempo. Convidou os capitulares a darem sua contribui\u00e7\u00e3o para a renova\u00e7\u00e3o evang\u00e9lica da Igreja como Francisco em seu tempo. Foi um momento muito especial e importante para o Cap\u00edtulo. \u00c9 preciso inventar o novo. Estamos de plant\u00e3o para evangelizar.<\/li>\n<li>Houve um momento particularmente importante para os Capitulares: a peregrina\u00e7\u00e3o a Aparecida, a missa na luminosa bas\u00edlica presidida por Dom Caetano Ferrari, que procurou conversar com todos. E l\u00e1 estavam irm\u00e3os e irm\u00e3s de v\u00e1rias regi\u00f5es do pa\u00eds para um encontro com os membros da Presid\u00eancia do Conselho Internacional&#8230; Era uma manh\u00e3 ensolarada e quente. Havia uma vis\u00edvel alegria desses irm\u00e3os e irm\u00e3s sentados em cadeiras brancas, olhando para esses que s\u00e3o os gestores da OFS no n\u00edvel mais elevado. Havia o canto, os aplausos, a satisfa\u00e7\u00e3o do encontro de pessoas que s\u00e3o muito pr\u00f3ximas umas das outras em Francisco e Clara.<\/li>\n<li>Em Guaratinguet\u00e1, todos fomos, cordial e amavelmente, recebidos no Semin\u00e1rio Frei Galv\u00e3o: os frades do semin\u00e1rio, os postulantes, os irm\u00e3os da Ordem Franciscana Secular das Gra\u00e7as. Uma sala che\u00edssima, com alegria, fotos, comida simples e boa. Nossa Prov\u00edncia foi extremamente carinhosa atrav\u00e9s dos frades daquela cidade e da comunidade da fraternidade Frei Galv\u00e3o.<\/li>\n<li>Ainda em Guar\u00e1 houve um encontro singelo com clarissas da Fazenda Esperan\u00e7a. Mulheres abertas e alegres&#8230; esse sentimento de fam\u00edlia veio \u00e0 tona. Pena que n\u00e3o tenha havido um encontro e um di\u00e1logo dos seculares franciscanos do mundo com os jovens recuperandos. Estivemos no territ\u00f3rio mas n\u00e3o tivemos ocasi\u00e3o de olhar uns nos olhos dos outros. Um momento de partilha naquele quadro teria sido de grande utilidade para todos, de modo particular para os Conselheiros Internacionais da JUFRA.<\/li>\n<li>Frei Alberto Beckh\u00e4user e o professor Paulo Machado da Costa e Silva, de Petr\u00f3polis, participaram do evento na qualidade de convidados e em sinal de preito de gratid\u00e3o a tudo o que os dois significam para a Ordem Franciscana Secular. Assinalamos ainda a presen\u00e7a vibrante e animada da Maria Tereza, a mulher do canto, da voz bonita, da simpatia em fazer com que todos cantassem&#8230; Sua participa\u00e7\u00e3o discreta mas eficiente na liturgia n\u00e3o deixou de encantar a todos.<\/li>\n<li>Ao longo do Cap\u00edtulo houve festas e recreios, bem cuidados. Cada grupo lingu\u00edstico ou geogr\u00e1fico fazia suas \u201cperaltices\u201d. Bela foi a festa brasileira na \u00faltima noite antes do encerramento. Irm\u00e3os e irm\u00e3s das fraternidades de S\u00e3o Paulo, mormente Santa Clara, serviam \u00e0s mesas. Um conjunto de chorinhos animou a noitada numa clima de efusiva alegria. Tenho certeza que os irm\u00e3os e irm\u00e3s do mundo inteiro n\u00e3o v\u00e3o esquecer a cordialidade e a alegria brasileiras.<\/li>\n<\/ul>\n<\/div>\n<p align=\"left\"><strong>Concluindo: <\/strong><\/p>\n<p align=\"left\">N\u00e3o tomem estas linhas como resultados do Cap\u00edtulo. Elas quiseram apenas evocar aspectos que chamaram minha aten\u00e7\u00e3o. Certamente o Senhor deve ter se servido desse evento para colocar mais fogo e mais vigor na vida dos franciscanos.<\/p>\n<p align=\"left\">(*) <strong>Frei Almir Ribeiro Guimar\u00e3es, OFM<\/strong><br \/>\nAssistente Nacional da OFS pela OFM e Assistente Regional do Sudeste III<\/p>\n","protected":false},"excerpt":{"rendered":"<p>ORDEM FRANCISCANA SECULAR<\/p>\n","protected":false},"author":1,"featured_media":174762,"comment_status":"closed","ping_status":"open","sticky":false,"template":"","format":"standard","meta":[],"categories":[14],"tags":[],"yoast_head":"<!-- This site is optimized with the Yoast SEO plugin v19.2 - https:\/\/yoast.com\/wordpress\/plugins\/seo\/ -->\n<title>Lembran\u00e7as e evoca\u00e7\u00f5es do Cap\u00edtulo Geral da Ordem Franciscana Secular - Carisma - Franciscanos<\/title>\n<meta name=\"robots\" content=\"index, follow, max-snippet:-1, max-image-preview:large, max-video-preview:-1\" \/>\n<link rel=\"canonical\" href=\"https:\/\/franciscanos.org.br\/carisma\/lembrancas-e-evocacoes-do-capitulo-geral-da-ordem-franciscana-secular-2.html\" \/>\n<meta property=\"og:locale\" content=\"pt_BR\" \/>\n<meta property=\"og:type\" content=\"article\" \/>\n<meta property=\"og:title\" content=\"Lembran\u00e7as e evoca\u00e7\u00f5es do Cap\u00edtulo Geral da Ordem Franciscana Secular - Carisma - Franciscanos\" \/>\n<meta property=\"og:description\" content=\"ORDEM FRANCISCANA SECULAR\" \/>\n<meta property=\"og:url\" content=\"https:\/\/franciscanos.org.br\/carisma\/lembrancas-e-evocacoes-do-capitulo-geral-da-ordem-franciscana-secular-2.html\" \/>\n<meta property=\"og:site_name\" content=\"Carisma - Franciscanos\" \/>\n<meta property=\"article:published_time\" content=\"2011-12-12T16:46:24+00:00\" \/>\n<meta property=\"og:image\" content=\"https:\/\/franciscanos.org.br\/carisma\/wp-content\/uploads\/2018\/10\/1990_170412-1.jpg\" \/>\n\t<meta property=\"og:image:width\" content=\"406\" \/>\n\t<meta property=\"og:image:height\" content=\"259\" \/>\n\t<meta property=\"og:image:type\" content=\"image\/jpeg\" \/>\n<meta name=\"author\" content=\"admin\" \/>\n<meta name=\"twitter:card\" content=\"summary_large_image\" \/>\n<meta name=\"twitter:label1\" content=\"Escrito por\" \/>\n\t<meta name=\"twitter:data1\" content=\"admin\" \/>\n\t<meta name=\"twitter:label2\" content=\"Est. tempo de leitura\" \/>\n\t<meta name=\"twitter:data2\" content=\"11 minutos\" \/>\n<script type=\"application\/ld+json\" class=\"yoast-schema-graph\">{\"@context\":\"https:\/\/schema.org\",\"@graph\":[{\"@type\":\"WebSite\",\"@id\":\"https:\/\/franciscanos.org.br\/carisma\/#website\",\"url\":\"https:\/\/franciscanos.org.br\/carisma\/\",\"name\":\"Carisma - Franciscanos\",\"description\":\"Prov\u00edncia Franciscana da Imaculada Concei\u00e7\u00e3o do Brasil - Ordem dos Frades Menores\",\"potentialAction\":[{\"@type\":\"SearchAction\",\"target\":{\"@type\":\"EntryPoint\",\"urlTemplate\":\"https:\/\/franciscanos.org.br\/carisma\/?s={search_term_string}\"},\"query-input\":\"required name=search_term_string\"}],\"inLanguage\":\"pt-BR\"},{\"@type\":\"ImageObject\",\"inLanguage\":\"pt-BR\",\"@id\":\"https:\/\/franciscanos.org.br\/carisma\/lembrancas-e-evocacoes-do-capitulo-geral-da-ordem-franciscana-secular-2.html#primaryimage\",\"url\":\"https:\/\/franciscanos.org.br\/carisma\/wp-content\/uploads\/2018\/10\/1990_170412-1.jpg\",\"contentUrl\":\"https:\/\/franciscanos.org.br\/carisma\/wp-content\/uploads\/2018\/10\/1990_170412-1.jpg\",\"width\":406,\"height\":259},{\"@type\":\"WebPage\",\"@id\":\"https:\/\/franciscanos.org.br\/carisma\/lembrancas-e-evocacoes-do-capitulo-geral-da-ordem-franciscana-secular-2.html#webpage\",\"url\":\"https:\/\/franciscanos.org.br\/carisma\/lembrancas-e-evocacoes-do-capitulo-geral-da-ordem-franciscana-secular-2.html\",\"name\":\"Lembran\u00e7as e evoca\u00e7\u00f5es do Cap\u00edtulo Geral da Ordem Franciscana Secular - Carisma - Franciscanos\",\"isPartOf\":{\"@id\":\"https:\/\/franciscanos.org.br\/carisma\/#website\"},\"primaryImageOfPage\":{\"@id\":\"https:\/\/franciscanos.org.br\/carisma\/lembrancas-e-evocacoes-do-capitulo-geral-da-ordem-franciscana-secular-2.html#primaryimage\"},\"datePublished\":\"2011-12-12T16:46:24+00:00\",\"dateModified\":\"2011-12-12T16:46:24+00:00\",\"author\":{\"@id\":\"https:\/\/franciscanos.org.br\/carisma\/#\/schema\/person\/e352342a457f086dc6152f9c73a3d093\"},\"breadcrumb\":{\"@id\":\"https:\/\/franciscanos.org.br\/carisma\/lembrancas-e-evocacoes-do-capitulo-geral-da-ordem-franciscana-secular-2.html#breadcrumb\"},\"inLanguage\":\"pt-BR\",\"potentialAction\":[{\"@type\":\"ReadAction\",\"target\":[\"https:\/\/franciscanos.org.br\/carisma\/lembrancas-e-evocacoes-do-capitulo-geral-da-ordem-franciscana-secular-2.html\"]}]},{\"@type\":\"BreadcrumbList\",\"@id\":\"https:\/\/franciscanos.org.br\/carisma\/lembrancas-e-evocacoes-do-capitulo-geral-da-ordem-franciscana-secular-2.html#breadcrumb\",\"itemListElement\":[{\"@type\":\"ListItem\",\"position\":1,\"name\":\"Home\",\"item\":\"https:\/\/franciscanos.org.br\/carisma\"},{\"@type\":\"ListItem\",\"position\":2,\"name\":\"Lembran\u00e7as e evoca\u00e7\u00f5es do Cap\u00edtulo Geral da Ordem Franciscana Secular\"}]},{\"@type\":\"Person\",\"@id\":\"https:\/\/franciscanos.org.br\/carisma\/#\/schema\/person\/e352342a457f086dc6152f9c73a3d093\",\"name\":\"admin\",\"image\":{\"@type\":\"ImageObject\",\"inLanguage\":\"pt-BR\",\"@id\":\"https:\/\/franciscanos.org.br\/carisma\/#\/schema\/person\/image\/\",\"url\":\"https:\/\/secure.gravatar.com\/avatar\/e8495742d34d0ba6448ea1c628263b3e?s=96&d=mm&r=g\",\"contentUrl\":\"https:\/\/secure.gravatar.com\/avatar\/e8495742d34d0ba6448ea1c628263b3e?s=96&d=mm&r=g\",\"caption\":\"admin\"},\"url\":\"https:\/\/franciscanos.org.br\/carisma\/author\/admin\"}]}<\/script>\n<!-- \/ Yoast SEO plugin. -->","yoast_head_json":{"title":"Lembran\u00e7as e evoca\u00e7\u00f5es do Cap\u00edtulo Geral da Ordem Franciscana Secular - Carisma - Franciscanos","robots":{"index":"index","follow":"follow","max-snippet":"max-snippet:-1","max-image-preview":"max-image-preview:large","max-video-preview":"max-video-preview:-1"},"canonical":"https:\/\/franciscanos.org.br\/carisma\/lembrancas-e-evocacoes-do-capitulo-geral-da-ordem-franciscana-secular-2.html","og_locale":"pt_BR","og_type":"article","og_title":"Lembran\u00e7as e evoca\u00e7\u00f5es do Cap\u00edtulo Geral da Ordem Franciscana Secular - Carisma - Franciscanos","og_description":"ORDEM FRANCISCANA SECULAR","og_url":"https:\/\/franciscanos.org.br\/carisma\/lembrancas-e-evocacoes-do-capitulo-geral-da-ordem-franciscana-secular-2.html","og_site_name":"Carisma - Franciscanos","article_published_time":"2011-12-12T16:46:24+00:00","og_image":[{"width":406,"height":259,"url":"https:\/\/franciscanos.org.br\/carisma\/wp-content\/uploads\/2018\/10\/1990_170412-1.jpg","type":"image\/jpeg"}],"author":"admin","twitter_card":"summary_large_image","twitter_misc":{"Escrito por":"admin","Est. tempo de leitura":"11 minutos"},"schema":{"@context":"https:\/\/schema.org","@graph":[{"@type":"WebSite","@id":"https:\/\/franciscanos.org.br\/carisma\/#website","url":"https:\/\/franciscanos.org.br\/carisma\/","name":"Carisma - Franciscanos","description":"Prov\u00edncia Franciscana da Imaculada Concei\u00e7\u00e3o do Brasil - Ordem dos Frades Menores","potentialAction":[{"@type":"SearchAction","target":{"@type":"EntryPoint","urlTemplate":"https:\/\/franciscanos.org.br\/carisma\/?s={search_term_string}"},"query-input":"required name=search_term_string"}],"inLanguage":"pt-BR"},{"@type":"ImageObject","inLanguage":"pt-BR","@id":"https:\/\/franciscanos.org.br\/carisma\/lembrancas-e-evocacoes-do-capitulo-geral-da-ordem-franciscana-secular-2.html#primaryimage","url":"https:\/\/franciscanos.org.br\/carisma\/wp-content\/uploads\/2018\/10\/1990_170412-1.jpg","contentUrl":"https:\/\/franciscanos.org.br\/carisma\/wp-content\/uploads\/2018\/10\/1990_170412-1.jpg","width":406,"height":259},{"@type":"WebPage","@id":"https:\/\/franciscanos.org.br\/carisma\/lembrancas-e-evocacoes-do-capitulo-geral-da-ordem-franciscana-secular-2.html#webpage","url":"https:\/\/franciscanos.org.br\/carisma\/lembrancas-e-evocacoes-do-capitulo-geral-da-ordem-franciscana-secular-2.html","name":"Lembran\u00e7as e evoca\u00e7\u00f5es do Cap\u00edtulo Geral da Ordem Franciscana Secular - Carisma - Franciscanos","isPartOf":{"@id":"https:\/\/franciscanos.org.br\/carisma\/#website"},"primaryImageOfPage":{"@id":"https:\/\/franciscanos.org.br\/carisma\/lembrancas-e-evocacoes-do-capitulo-geral-da-ordem-franciscana-secular-2.html#primaryimage"},"datePublished":"2011-12-12T16:46:24+00:00","dateModified":"2011-12-12T16:46:24+00:00","author":{"@id":"https:\/\/franciscanos.org.br\/carisma\/#\/schema\/person\/e352342a457f086dc6152f9c73a3d093"},"breadcrumb":{"@id":"https:\/\/franciscanos.org.br\/carisma\/lembrancas-e-evocacoes-do-capitulo-geral-da-ordem-franciscana-secular-2.html#breadcrumb"},"inLanguage":"pt-BR","potentialAction":[{"@type":"ReadAction","target":["https:\/\/franciscanos.org.br\/carisma\/lembrancas-e-evocacoes-do-capitulo-geral-da-ordem-franciscana-secular-2.html"]}]},{"@type":"BreadcrumbList","@id":"https:\/\/franciscanos.org.br\/carisma\/lembrancas-e-evocacoes-do-capitulo-geral-da-ordem-franciscana-secular-2.html#breadcrumb","itemListElement":[{"@type":"ListItem","position":1,"name":"Home","item":"https:\/\/franciscanos.org.br\/carisma"},{"@type":"ListItem","position":2,"name":"Lembran\u00e7as e evoca\u00e7\u00f5es do Cap\u00edtulo Geral da Ordem Franciscana Secular"}]},{"@type":"Person","@id":"https:\/\/franciscanos.org.br\/carisma\/#\/schema\/person\/e352342a457f086dc6152f9c73a3d093","name":"admin","image":{"@type":"ImageObject","inLanguage":"pt-BR","@id":"https:\/\/franciscanos.org.br\/carisma\/#\/schema\/person\/image\/","url":"https:\/\/secure.gravatar.com\/avatar\/e8495742d34d0ba6448ea1c628263b3e?s=96&d=mm&r=g","contentUrl":"https:\/\/secure.gravatar.com\/avatar\/e8495742d34d0ba6448ea1c628263b3e?s=96&d=mm&r=g","caption":"admin"},"url":"https:\/\/franciscanos.org.br\/carisma\/author\/admin"}]}},"_links":{"self":[{"href":"https:\/\/franciscanos.org.br\/carisma\/wp-json\/wp\/v2\/posts\/8977"}],"collection":[{"href":"https:\/\/franciscanos.org.br\/carisma\/wp-json\/wp\/v2\/posts"}],"about":[{"href":"https:\/\/franciscanos.org.br\/carisma\/wp-json\/wp\/v2\/types\/post"}],"author":[{"embeddable":true,"href":"https:\/\/franciscanos.org.br\/carisma\/wp-json\/wp\/v2\/users\/1"}],"replies":[{"embeddable":true,"href":"https:\/\/franciscanos.org.br\/carisma\/wp-json\/wp\/v2\/comments?post=8977"}],"version-history":[{"count":0,"href":"https:\/\/franciscanos.org.br\/carisma\/wp-json\/wp\/v2\/posts\/8977\/revisions"}],"wp:featuredmedia":[{"embeddable":true,"href":"https:\/\/franciscanos.org.br\/carisma\/wp-json\/wp\/v2\/media\/174762"}],"wp:attachment":[{"href":"https:\/\/franciscanos.org.br\/carisma\/wp-json\/wp\/v2\/media?parent=8977"}],"wp:term":[{"taxonomy":"category","embeddable":true,"href":"https:\/\/franciscanos.org.br\/carisma\/wp-json\/wp\/v2\/categories?post=8977"},{"taxonomy":"post_tag","embeddable":true,"href":"https:\/\/franciscanos.org.br\/carisma\/wp-json\/wp\/v2\/tags?post=8977"}],"curies":[{"name":"wp","href":"https:\/\/api.w.org\/{rel}","templated":true}]}}