{"id":8973,"date":"2011-12-12T14:44:33","date_gmt":"2011-12-12T16:44:33","guid":{"rendered":"http:\/\/new.franciscanos.org.br\/?p=8973"},"modified":"2011-12-12T14:44:33","modified_gmt":"2011-12-12T16:44:33","slug":"evangelizados-para-evangelizar","status":"publish","type":"post","link":"https:\/\/franciscanos.org.br\/carisma\/evangelizados-para-evangelizar.html","title":{"rendered":"Evangelizados para evangelizar"},"content":{"rendered":"<h4><a href=\"http:\/\/franciscanos.org.br\/wp-content\/uploads\/2011\/12\/1990_170412.jpg\"><img loading=\"lazy\" class=\"alignright size-full wp-image-16033\" title=\"1990_170412\" src=\"http:\/\/franciscanos.org.br\/wp-content\/uploads\/2011\/12\/1990_170412.jpg\" alt=\"\" width=\"406\" height=\"259\" \/><\/a>Em torno do Capitulo Geral da<br \/>\nOrdem Franciscana Secular<br \/>\nS\u00e3o Paulo, 22-29 de outubro de 2011<\/h4>\n<p><strong>Frei Almir Ribeiro Guimar\u00e3es, OFM (*)<\/strong><\/p>\n<p><strong>1.<\/strong> Os franciscanos seculares do mundo estar\u00e3o reunidos em Cap\u00edtulo na cidade de S\u00e3o Paulo na segunda quinzena do m\u00eas de outubro deste ano de 2011. Os irm\u00e3os e as irm\u00e3s haver\u00e3o de tratar das coisas que lhes concernem no esp\u00edrito daquelas reuni\u00f5es que Francisco realizava com os seus irm\u00e3os. Falando desses encontros assim se exprime \u00c9loi Leclerc: \u201cUma ou duas vezes ao ano, todos os frades se re\u00fanem em cap\u00edtulo. Esses encontros desempenham papel important\u00edssimo na vida da fraternidade. Os cap\u00edtulos n\u00e3o s\u00e3o somente um tempo forte durante o qual os irm\u00e3os, na alegria do reencontro, se reabastecem na ora\u00e7\u00e3o e no louvor, mas tamb\u00e9m ocasi\u00e3o de tomada de consci\u00eancia comum: todos e cada um se sentem solid\u00e1rios e respons\u00e1veis pela vida do grupo e sua miss\u00e3o no mundo (&#8230;) Nessas assembleias democr\u00e1ticas, onde reina a grande liberdade dos filhos de Deus, os irm\u00e3os discutem seus problemas, comunicam suas experi\u00eancias e escolhem seus respons\u00e1veis. Elaboram, redigem e promulgam leis, definem orienta\u00e7\u00f5es do grupo e tomam as grandes decis\u00f5es que nortear\u00e3o o futuro da comunidade\u201d (<em>Francisco de Assis. O Retorno ao Evangelho, Vozes, p. 60-61<\/em>).<\/p>\n<p><strong>2<\/strong><strong>. <\/strong>Ao longo do tempo que foi se passando desde a aprova\u00e7\u00e3o da Regra da OFS (1978), as fei\u00e7\u00f5es dos franciscanos seculares foram se transformando. Foram ganhando um novo perfil com a atualiza\u00e7\u00e3o do carisma presente nas Regras anteriores e codificado de maneira nova e atualizada na Regra conhecida como de Paulo VI. Ora, os Cap\u00edtulos s\u00e3o ocasi\u00e3o de examinar como anda a compreens\u00e3o, assimila\u00e7\u00e3o e viv\u00eancia deste tesouro de que disp\u00f5em os franciscanos seculares que \u00e9 a Regra. N\u00e3o \u00e9 aqui o lugar de elencar todas as linhas mestras da Regra. Os respons\u00e1veis pela anima\u00e7\u00e3o internacional da Ordem resolveram que fosse tema do Cap\u00edtulo de S\u00e3o Paulo a quest\u00e3o da evangeliza\u00e7\u00e3o. O tema foi formulado num duplo movimento: <em>os franciscanos seculares se evangelizam para evangelizar.<\/em><\/p>\n<p><strong>3<\/strong><strong>. <\/strong>\u00c0 guisa de ilustra\u00e7\u00e3o do tema transcrevo apenas dois t\u00f3picos da Regra. O primeiro vai na linha do se deixar evangelizar: \u201cComo irm\u00e3os e irm\u00e3s da penit\u00eancia, em virtude da sua voca\u00e7\u00e3o, impulsionados pela din\u00e2mica do Evangelho, conformem seu modo de pensar e de agir ao de Cristo, mediante uma radical transforma\u00e7\u00e3o interior que o pr\u00f3prio Evangelho designa pelo nome de convers\u00e3o, a qual devido \u00e0 fragilidade humana deve ser realizada todos os dias\u201d (n.7). O segundo \u00e9 convite \u00e0 a\u00e7\u00e3o: \u201cEstejam presentes pelo testemunho da pr\u00f3pria vida humana, e ainda por iniciativas corajosas, individuais e comunit\u00e1rias, na promo\u00e7\u00e3o da justi\u00e7a, em particular no \u00e2mbito da vida p\u00fablica, comprometendo-se em op\u00e7\u00f5es concretas e coerentes com sua f\u00e9 (n.15).<\/p>\n<p><strong>4.<\/strong> Nunca cessamos de nos converter. Francisco falava de come\u00e7ar tudo de novo. Nossas fraternidades est\u00e3o sempre recome\u00e7ando. Tudo est\u00e1 por ser feito. Os que s\u00e3o encarregados de visitar os irm\u00e3os em suas fraternidades concretas constatamos neles a presen\u00e7a de santos esperando o momento da chegada da gl\u00f3ria. De outro lado, tamb\u00e9m, vemos muita car\u00eancia da for\u00e7a do Evangelho no trato entre os irm\u00e3os, nas reuni\u00f5es, no cora\u00e7\u00e3o dos irm\u00e3os. Os franciscanos seculares, atrav\u00e9s da forma\u00e7\u00e3o, da viv\u00eancia da Regra, no cultivo da delicadeza do cora\u00e7\u00e3o est\u00e3o sempre sendo evangelizados. Nossos irm\u00e3os s\u00e3o seguidores do Cristo vivo. Esse processo de convers\u00e3o se manifesta de v\u00e1rios modos. Transcrevo algumas linhas do <em>Manuale per l\u2019Assistenza all\u2019OFS e alla GiFra<\/em>: \u201cOs franciscanos seculares seguem o Jesus dos Evangelhos que foi o centro da vida de Francisco. Na medida em que soubermos partilhar o primitivo carisma franciscano poderemos nos colocar a servi\u00e7o do mundo inteiro como exemplos de verdadeira alegria. Os franciscanos seculares, na qualidade de batizados, dar\u00e3o o exemplo de uma vida crist\u00e3 vivida com simplicidade no seio da Igreja. Tal se manifesta vivendo os valores de obedi\u00eancia ao Esp\u00edrito Santo, confian\u00e7a na Provid\u00eancia, uso reconhecido e simples dos dons do universo, alegria pelas obras de Deus que nos circundam, alegria se sermos crist\u00e3os na Igreja, gratid\u00e3o pelo trabalho concebido como um dom, presteza em ajudar os outros ( p. 94-95).<\/p>\n<p><strong>5<\/strong><strong>.<\/strong> Os franciscanos seculares \u201cse evangelizam\u201d quando frequentam os Evangelhos com simplicidade e desejo de ler a vontade de Deus, quando sua ora\u00e7\u00e3o \u00e9 feita com desejo ardente e ser\u00e1fico, quando se entregam a Deus na eucaristia, se poss\u00edvel cotidiana, quando cultivam uma delicadeza de consci\u00eancia diante das exig\u00eancias do Evangelho e daquilo que lhes \u00e9 pedido para serem santos, quando criam la\u00e7os de fraternidade. N\u00e3o se pode admitir um franciscano secular rotineiro, repetidor de mesmices, feito de pressa, sem sonhos de um amanh\u00e3, sem acreditar na utopia do Evangelho. Os ministros locais, formadores e assistentes espirituais s\u00e3o respons\u00e1veis em fazer de sorte que os seculares sejam evangelizados. Os verdadeiros franciscanos s\u00e3o \u201cpessoas que sentem sempre saudade do Evangelho\u201d.<\/p>\n<p><strong>6.<\/strong> \u201cEvangelizadora como \u00e9, a Igreja come\u00e7a por se evangelizar a si mesma. Comunidade de crentes, comunidade de esperan\u00e7a vivida e comunicada, comunidade de amor fraterno, ela tem necessidade de ouvir sem cessar aquilo que ela deve acreditar, as raz\u00f5es de sua esperan\u00e7a e o mandamento novo do amor\u201d (<em> Evangelii nuntiandi, 15<\/em>). Em nossos dias e na concretude podemos lembrar alguns elementos que ajudam na tarefa do evangelizar-se: pr\u00e1tica em fraternidade ou em outras inst\u00e2ncias da leitura orante da B\u00edblia, participa\u00e7\u00e3o nas Oficinas de Ora\u00e7\u00e3o (Frei In\u00e1cio Lara\u00f1aga), participa\u00e7\u00e3o em dias ou tardes de ora\u00e7\u00e3o e de aprofundamento da intimidade com o Senhor, leitura e assimila\u00e7\u00e3o dos escritos de Francisco e Clara, n\u00e3o deixar de enxugar o suor da fronte de Cristo nos passantes ao longo do caminho de nossa vida. Valem para os terceiros franciscanos as palavras que o Ministro Geral da OFM dirigiu aos seus frades em documento falando dos oitocentos anos do carisma: \u201c\u00c0 dist\u00e2ncia dos 800 aos da experi\u00eancia de Francisco, (&#8230;) somos chamados a descobrir o Evangelho como livro de vida \u2013 sem reduzi-lo a uma ideologia, mais uma entre muitas &#8211; e assumi-lo como livro de leitura frequente, texto fundamental de nossa forma\u00e7\u00e3o, que ilumine nossas op\u00f5es de vida e possa justific\u00e1-las. Queridos irm\u00e3os, voltemos ao Evangelho, porque voltar para o Evangelho \u00e9 voltar para o Cristo, o \u00fanico que pode justificar nossa vida. Voltemos ao Evangelho e seremos resgatados de nossas mis\u00e9rias e nossas escravid\u00f5es, de nossos medos e de nossas tristezas, e resgataremos os homens nossos irm\u00e3os de suas mis\u00e9rias e escravid\u00f5es, de seus medos e tristezas. Voltemos ao Evangelho e respiraremos ar puro: nossas propostas ser\u00e3o novas; a coragem, a intelig\u00eancia, a generosidade, a fidelidade de muitos irm\u00e3os nossos, gastos sem reservas e sem restitui\u00e7\u00e3o, dar\u00e3o fruto e fruto abundante (<em>Cap\u00edtulo Extraordin\u00e1rio, Monte Alverne 2006<\/em>).<\/p>\n<p><strong>7.<\/strong> Todas essas nossas fraternidades, pequenas ou grandes, de gente nova e gente mais idosa, no Brasil, no M\u00e9xico, em Angola ou na It\u00e1lia, feitas de gente em estado de convers\u00e3o, de pessoas que tamb\u00e9m mostram a Deus suas m\u00e3os vazias, mas gente que sabe que a for\u00e7a se manifesta na fraqueza, todos haver\u00e3o de se convencer que ser\u00e3o evangelizadores. Os que v\u00e3o sendo evangelizados se tornam evangelizadores. O campo \u00e9 vasto, cheio de percal\u00e7os, mas \u00e9 a seara do Senhor. Ele j\u00e1 est\u00e1 em a\u00e7\u00e3o, nos precede no trabalho. N\u00e3o somos n\u00f3s que vamos come\u00e7ar. Quanto a fazer e qu\u00e3o poucos os oper\u00e1rios! Os franciscanos seculares n\u00e3o se omitir\u00e3o.<\/p>\n<p><strong>8<\/strong><strong>.<\/strong> H\u00e1 perguntas que queimam no interior daqueles que buscam veladamente a plenitude. Quanto ao sentido da vida, do mundo, do casamento? Por que a guerra quando somos feitos para a paz? Por que tantos morrem de fome na Som\u00e1lia? Como criar condi\u00e7\u00f5es de instaura\u00e7\u00e3o de uma conviv\u00eancia harm\u00f4nica entre os povos? Como superar os convites da cultura moderna que quer viver aqui e agora, sociedade do consumo, sociedade sem futuro. Ora, no seio do mundo, a Igreja pede a colabora\u00e7\u00e3o evangelizadora dos franciscanos seculares.<\/p>\n<ul>\n<li>Desnecess\u00e1rio lembrar que os franciscanos seculares pregam, antes de mais nada, pelo testemunho discreto exemplo e pelo servi\u00e7o humilde.<\/li>\n<li>Um campo privilegiado de evangeliza\u00e7\u00e3o, sem d\u00favida, \u00e9 o universo da fam\u00edlia. As fam\u00edlias, as nossas fam\u00edlias e a dos outros&#8230; fam\u00edlias novas, n\u00e3o camisas de for\u00e7a, mas espa\u00e7os de crescimento, de acolhida m\u00fatua, de ausculta\u00e7\u00e3o dos des\u00edgnios de Deus. Fam\u00edlias corajosas diante dos desafios da fidelidade, da transpar\u00eancia, do respeito pela vida desde a sua origem e at\u00e9 o final, sem expedientes escusos. Fam\u00edlias que n\u00e3o sejam marcadas pelo consumismo, pelo modismo e pela sociedade do gozo e do prazer. Evangelizamos nossos pr\u00f3prios familiares para sermos mais qualificados como agentes da pastoral e da evangeliza\u00e7\u00e3o, do casamento e da fam\u00edlia. N\u00e3o \u00e9 isso evangelizar? Evangeliza\u00e7\u00e3o com a qualidade de agentes que tomam dist\u00e2ncia do consumismo.<\/li>\n<li>Pensamos aqui em toda uma colabora\u00e7\u00e3o nitidamente evang\u00e9lica que os agentes de pastoral franciscanos podem oferecer. N\u00e3o s\u00e3o eles apenas \u201cpalestrantes\u201d de cursos de batismo ou animadores de assembleia sem padre, para dar apenas dois exemplos. Com seu jeito franciscano ser\u00e3o acolhedores, simples, alegres e procurar\u00e3o viver uma pastoral por etapas, de gente que acompanha gente, de gente que fala aquilo que faz parte de sua profiss\u00e3o de vida, que \u00e9 o seguimento do Evangelho. N\u00e3o seremos meros \u201ctocadores de obras\u201d, mas animadores pelo fogo do Evangelho. At\u00e9 que ponto podemos dizer que a\u00e7\u00e3o pastoral e evangelizadora dos franciscanos seculares t\u00eam caracter\u00edsticas pr\u00f3prias?<\/li>\n<li>M\u00edsticos e ser\u00e1ficos, os franciscanos seculares transpiram o desejo da uni\u00e3o \u00edntima com Deus. N\u00e3o nos cansamos de repetir: precisamos de seres de desejo e n\u00e3o simplesmente pessoas que realizem servi\u00e7os. Um monge da comunidade de Bose, na It\u00e1lia, falando do desejo assim se exprime: \u201cA sociedade de consumo difundiu, sobretudo entre os jovens, a ideia de poderem se satisfazer em tudo e que a felicidade consiste no ser saciado, repleto, cumulado, vendo satisfeitas todas as necessidades. O Ocidente \u00e9 cada vez mais uma sociedade de obesos, de gente locupletada. A sociedade consum\u00edstica \u00e9 uma pris\u00e3o do desejo que se v\u00ea reduzida \u00e0 necessidade que se satisfaz imediatamente. O desejo tem a ver com o sentido e propriamente \u00e9 inextingu\u00edvel. O desejo \u00e9 constitutivamente marcado por uma falta, uma n\u00e3o-saciedade que se torna um principio din\u00e2mico e de proje\u00e7\u00e3o para adiante. O verdadeiro desejo \u00e9 aquele em que o objeto do desejo n\u00e3o sacia, mas vai se aprofundando. O desejo \u00e9 insaci\u00e1vel porque aspira aquilo que n\u00e3o pode possuir: o sentido. \u00c9 o sentido que seduz o desejo. A sociedade de consumo propaga satisfa\u00e7\u00e3o e assim elimina o horizonte da vida da pessoas\u201d ( <em>La Rivista del Clero Italiano<\/em> 4\/2011, p.261)<\/li>\n<li>Em cada um dos continentes, onde est\u00e1 presente a Ordem Franciscana Secular, as necessidades evangelizadoras ser\u00e3o diferentes. N\u00e3o existe uma regra universal. Temos que interpretar, \u00e0 luz da f\u00e9, as situa\u00e7\u00f5es concretas do povo ao qual servimos. A Igreja estar\u00e1 sempre atenta aos sinais dos tempos. Trata-se da situa\u00e7\u00e3o atual da humanidade que precisa ser esclarecida com a luz do evangelho. Pensamos aqui nos grandes desafios mundiais e na situa\u00e7\u00e3o concreta de tantos povos dizimados por ditadores cru\u00e9is e pelo fantasma da fome. Onde est\u00e3o os franciscanos seculares?<\/li>\n<\/ul>\n<p><strong>9.<\/strong> Estas poucas reflex\u00f5es tiveram a finalidade de chamar a aten\u00e7\u00e3o para o tema do Capitulo Geral. Certamente conferencistas, c\u00edrculos de estudos, pain\u00e9is haver\u00e3o de esclarecer o assunto. Os franciscanos seculares est\u00e3o num constante processo de convers\u00e3o para poderem ser os mais aptos agentes de evangeliza\u00e7\u00e3o. \u00c0 guisa de conclus\u00e3o queremos transcrever algumas linhas do Documento de Aparecida que lan\u00e7a uma certa luminosidade em todo o tema: \u201cMuitos cat\u00f3licos se encontram desorientados frente \u00e0 mudan\u00e7a cultural. Compete \u00e0 Igreja denunciar claramente estes modelos antropol\u00f3gicos incompat\u00edveis com a natureza da dignidade do homem. \u00c9 necess\u00e1rio apresentar a pessoa humana como centro de toda a vida social e cultural, resultando nela: a dignidade de ser imagem e semelhan\u00e7a de Deus e a voca\u00e7\u00e3o de ser filhos no Filho, chamados a compartilhar sua vida por toda a eternidade. A f\u00e9 crist\u00e3 nos mostra Jesus Cristo, como a verdade \u00faltima do ser humano, o modelo no qual o ser humano se realiza em todo o seu esplendor ontol\u00f3gico e existencial. Anunci\u00e1-lo integralmente em nossos dias exige coragem e esp\u00edrito prof\u00e9tico. Neutralizar a cultura de morte com a cultura crist\u00e3 da solidariedade \u00e9 imperativo que diz respeito a todos n\u00f3s e que foi objetivo constante do ensino social da Igreja. No entanto, o an\u00fancio do Evangelho n\u00e3o pode prescindir da cultura atual. Esta deve ser conhecida, avaliada e, em certo sentido, assumida pela Igreja, com linguagem compreendida por nossos contempor\u00e2neos. Somente assim a f\u00e9 crist\u00e3 poder\u00e1 aparecer como realidade pertinente e significativa de salva\u00e7\u00e3o. Mas essa mesma f\u00e9 dever\u00e1 gerar modelos culturais alternativos para a sociedade atual. Os crist\u00e3os, com os talentos que receberam, talentos apropriados, dever\u00e3o ser criativos em seu campos de atua\u00e7\u00e3o: o mundo da cultura, da pol\u00edtica, da opini\u00e3o p\u00fablica, da arte e da ci\u00eancia\u201d (n. 480).<\/p>\n<p>(*) <strong>Frei Almir Ribeiro Guimar\u00e3es, OFM<\/strong><br \/>\nAssistente Nacional da OFS pela OFM e Assistente Regional do Sudeste III<\/p>\n","protected":false},"excerpt":{"rendered":"<p>ORDEM FRANCISCANA SECULAR<\/p>\n","protected":false},"author":1,"featured_media":174760,"comment_status":"closed","ping_status":"open","sticky":false,"template":"","format":"standard","meta":[],"categories":[14],"tags":[],"yoast_head":"<!-- This site is optimized with the Yoast SEO plugin v19.2 - https:\/\/yoast.com\/wordpress\/plugins\/seo\/ -->\n<title>Evangelizados para evangelizar - Carisma - Franciscanos<\/title>\n<meta name=\"robots\" content=\"index, follow, max-snippet:-1, max-image-preview:large, max-video-preview:-1\" \/>\n<link rel=\"canonical\" href=\"https:\/\/franciscanos.org.br\/carisma\/evangelizados-para-evangelizar.html\" \/>\n<meta property=\"og:locale\" content=\"pt_BR\" \/>\n<meta property=\"og:type\" content=\"article\" \/>\n<meta property=\"og:title\" content=\"Evangelizados para evangelizar - Carisma - Franciscanos\" \/>\n<meta property=\"og:description\" content=\"ORDEM FRANCISCANA SECULAR\" \/>\n<meta property=\"og:url\" content=\"https:\/\/franciscanos.org.br\/carisma\/evangelizados-para-evangelizar.html\" \/>\n<meta property=\"og:site_name\" content=\"Carisma - Franciscanos\" \/>\n<meta property=\"article:published_time\" content=\"2011-12-12T16:44:33+00:00\" \/>\n<meta property=\"og:image\" content=\"https:\/\/franciscanos.org.br\/carisma\/wp-content\/uploads\/2018\/10\/1990_170412.jpg\" \/>\n\t<meta property=\"og:image:width\" content=\"406\" \/>\n\t<meta property=\"og:image:height\" content=\"259\" \/>\n\t<meta property=\"og:image:type\" content=\"image\/jpeg\" \/>\n<meta name=\"author\" content=\"admin\" \/>\n<meta name=\"twitter:card\" content=\"summary_large_image\" \/>\n<meta name=\"twitter:label1\" content=\"Escrito por\" \/>\n\t<meta name=\"twitter:data1\" content=\"admin\" \/>\n\t<meta name=\"twitter:label2\" content=\"Est. tempo de leitura\" \/>\n\t<meta name=\"twitter:data2\" content=\"12 minutos\" \/>\n<script type=\"application\/ld+json\" class=\"yoast-schema-graph\">{\"@context\":\"https:\/\/schema.org\",\"@graph\":[{\"@type\":\"WebSite\",\"@id\":\"https:\/\/franciscanos.org.br\/carisma\/#website\",\"url\":\"https:\/\/franciscanos.org.br\/carisma\/\",\"name\":\"Carisma - Franciscanos\",\"description\":\"Prov\u00edncia Franciscana da Imaculada Concei\u00e7\u00e3o do Brasil - Ordem dos Frades Menores\",\"potentialAction\":[{\"@type\":\"SearchAction\",\"target\":{\"@type\":\"EntryPoint\",\"urlTemplate\":\"https:\/\/franciscanos.org.br\/carisma\/?s={search_term_string}\"},\"query-input\":\"required name=search_term_string\"}],\"inLanguage\":\"pt-BR\"},{\"@type\":\"ImageObject\",\"inLanguage\":\"pt-BR\",\"@id\":\"https:\/\/franciscanos.org.br\/carisma\/evangelizados-para-evangelizar.html#primaryimage\",\"url\":\"https:\/\/franciscanos.org.br\/carisma\/wp-content\/uploads\/2018\/10\/1990_170412.jpg\",\"contentUrl\":\"https:\/\/franciscanos.org.br\/carisma\/wp-content\/uploads\/2018\/10\/1990_170412.jpg\",\"width\":406,\"height\":259},{\"@type\":\"WebPage\",\"@id\":\"https:\/\/franciscanos.org.br\/carisma\/evangelizados-para-evangelizar.html#webpage\",\"url\":\"https:\/\/franciscanos.org.br\/carisma\/evangelizados-para-evangelizar.html\",\"name\":\"Evangelizados para evangelizar - Carisma - Franciscanos\",\"isPartOf\":{\"@id\":\"https:\/\/franciscanos.org.br\/carisma\/#website\"},\"primaryImageOfPage\":{\"@id\":\"https:\/\/franciscanos.org.br\/carisma\/evangelizados-para-evangelizar.html#primaryimage\"},\"datePublished\":\"2011-12-12T16:44:33+00:00\",\"dateModified\":\"2011-12-12T16:44:33+00:00\",\"author\":{\"@id\":\"https:\/\/franciscanos.org.br\/carisma\/#\/schema\/person\/e352342a457f086dc6152f9c73a3d093\"},\"breadcrumb\":{\"@id\":\"https:\/\/franciscanos.org.br\/carisma\/evangelizados-para-evangelizar.html#breadcrumb\"},\"inLanguage\":\"pt-BR\",\"potentialAction\":[{\"@type\":\"ReadAction\",\"target\":[\"https:\/\/franciscanos.org.br\/carisma\/evangelizados-para-evangelizar.html\"]}]},{\"@type\":\"BreadcrumbList\",\"@id\":\"https:\/\/franciscanos.org.br\/carisma\/evangelizados-para-evangelizar.html#breadcrumb\",\"itemListElement\":[{\"@type\":\"ListItem\",\"position\":1,\"name\":\"Home\",\"item\":\"https:\/\/franciscanos.org.br\/carisma\"},{\"@type\":\"ListItem\",\"position\":2,\"name\":\"Evangelizados para evangelizar\"}]},{\"@type\":\"Person\",\"@id\":\"https:\/\/franciscanos.org.br\/carisma\/#\/schema\/person\/e352342a457f086dc6152f9c73a3d093\",\"name\":\"admin\",\"image\":{\"@type\":\"ImageObject\",\"inLanguage\":\"pt-BR\",\"@id\":\"https:\/\/franciscanos.org.br\/carisma\/#\/schema\/person\/image\/\",\"url\":\"https:\/\/secure.gravatar.com\/avatar\/e8495742d34d0ba6448ea1c628263b3e?s=96&d=mm&r=g\",\"contentUrl\":\"https:\/\/secure.gravatar.com\/avatar\/e8495742d34d0ba6448ea1c628263b3e?s=96&d=mm&r=g\",\"caption\":\"admin\"},\"url\":\"https:\/\/franciscanos.org.br\/carisma\/author\/admin\"}]}<\/script>\n<!-- \/ Yoast SEO plugin. -->","yoast_head_json":{"title":"Evangelizados para evangelizar - Carisma - Franciscanos","robots":{"index":"index","follow":"follow","max-snippet":"max-snippet:-1","max-image-preview":"max-image-preview:large","max-video-preview":"max-video-preview:-1"},"canonical":"https:\/\/franciscanos.org.br\/carisma\/evangelizados-para-evangelizar.html","og_locale":"pt_BR","og_type":"article","og_title":"Evangelizados para evangelizar - Carisma - Franciscanos","og_description":"ORDEM FRANCISCANA SECULAR","og_url":"https:\/\/franciscanos.org.br\/carisma\/evangelizados-para-evangelizar.html","og_site_name":"Carisma - Franciscanos","article_published_time":"2011-12-12T16:44:33+00:00","og_image":[{"width":406,"height":259,"url":"https:\/\/franciscanos.org.br\/carisma\/wp-content\/uploads\/2018\/10\/1990_170412.jpg","type":"image\/jpeg"}],"author":"admin","twitter_card":"summary_large_image","twitter_misc":{"Escrito por":"admin","Est. tempo de leitura":"12 minutos"},"schema":{"@context":"https:\/\/schema.org","@graph":[{"@type":"WebSite","@id":"https:\/\/franciscanos.org.br\/carisma\/#website","url":"https:\/\/franciscanos.org.br\/carisma\/","name":"Carisma - Franciscanos","description":"Prov\u00edncia Franciscana da Imaculada Concei\u00e7\u00e3o do Brasil - Ordem dos Frades Menores","potentialAction":[{"@type":"SearchAction","target":{"@type":"EntryPoint","urlTemplate":"https:\/\/franciscanos.org.br\/carisma\/?s={search_term_string}"},"query-input":"required name=search_term_string"}],"inLanguage":"pt-BR"},{"@type":"ImageObject","inLanguage":"pt-BR","@id":"https:\/\/franciscanos.org.br\/carisma\/evangelizados-para-evangelizar.html#primaryimage","url":"https:\/\/franciscanos.org.br\/carisma\/wp-content\/uploads\/2018\/10\/1990_170412.jpg","contentUrl":"https:\/\/franciscanos.org.br\/carisma\/wp-content\/uploads\/2018\/10\/1990_170412.jpg","width":406,"height":259},{"@type":"WebPage","@id":"https:\/\/franciscanos.org.br\/carisma\/evangelizados-para-evangelizar.html#webpage","url":"https:\/\/franciscanos.org.br\/carisma\/evangelizados-para-evangelizar.html","name":"Evangelizados para evangelizar - Carisma - Franciscanos","isPartOf":{"@id":"https:\/\/franciscanos.org.br\/carisma\/#website"},"primaryImageOfPage":{"@id":"https:\/\/franciscanos.org.br\/carisma\/evangelizados-para-evangelizar.html#primaryimage"},"datePublished":"2011-12-12T16:44:33+00:00","dateModified":"2011-12-12T16:44:33+00:00","author":{"@id":"https:\/\/franciscanos.org.br\/carisma\/#\/schema\/person\/e352342a457f086dc6152f9c73a3d093"},"breadcrumb":{"@id":"https:\/\/franciscanos.org.br\/carisma\/evangelizados-para-evangelizar.html#breadcrumb"},"inLanguage":"pt-BR","potentialAction":[{"@type":"ReadAction","target":["https:\/\/franciscanos.org.br\/carisma\/evangelizados-para-evangelizar.html"]}]},{"@type":"BreadcrumbList","@id":"https:\/\/franciscanos.org.br\/carisma\/evangelizados-para-evangelizar.html#breadcrumb","itemListElement":[{"@type":"ListItem","position":1,"name":"Home","item":"https:\/\/franciscanos.org.br\/carisma"},{"@type":"ListItem","position":2,"name":"Evangelizados para evangelizar"}]},{"@type":"Person","@id":"https:\/\/franciscanos.org.br\/carisma\/#\/schema\/person\/e352342a457f086dc6152f9c73a3d093","name":"admin","image":{"@type":"ImageObject","inLanguage":"pt-BR","@id":"https:\/\/franciscanos.org.br\/carisma\/#\/schema\/person\/image\/","url":"https:\/\/secure.gravatar.com\/avatar\/e8495742d34d0ba6448ea1c628263b3e?s=96&d=mm&r=g","contentUrl":"https:\/\/secure.gravatar.com\/avatar\/e8495742d34d0ba6448ea1c628263b3e?s=96&d=mm&r=g","caption":"admin"},"url":"https:\/\/franciscanos.org.br\/carisma\/author\/admin"}]}},"_links":{"self":[{"href":"https:\/\/franciscanos.org.br\/carisma\/wp-json\/wp\/v2\/posts\/8973"}],"collection":[{"href":"https:\/\/franciscanos.org.br\/carisma\/wp-json\/wp\/v2\/posts"}],"about":[{"href":"https:\/\/franciscanos.org.br\/carisma\/wp-json\/wp\/v2\/types\/post"}],"author":[{"embeddable":true,"href":"https:\/\/franciscanos.org.br\/carisma\/wp-json\/wp\/v2\/users\/1"}],"replies":[{"embeddable":true,"href":"https:\/\/franciscanos.org.br\/carisma\/wp-json\/wp\/v2\/comments?post=8973"}],"version-history":[{"count":0,"href":"https:\/\/franciscanos.org.br\/carisma\/wp-json\/wp\/v2\/posts\/8973\/revisions"}],"wp:featuredmedia":[{"embeddable":true,"href":"https:\/\/franciscanos.org.br\/carisma\/wp-json\/wp\/v2\/media\/174760"}],"wp:attachment":[{"href":"https:\/\/franciscanos.org.br\/carisma\/wp-json\/wp\/v2\/media?parent=8973"}],"wp:term":[{"taxonomy":"category","embeddable":true,"href":"https:\/\/franciscanos.org.br\/carisma\/wp-json\/wp\/v2\/categories?post=8973"},{"taxonomy":"post_tag","embeddable":true,"href":"https:\/\/franciscanos.org.br\/carisma\/wp-json\/wp\/v2\/tags?post=8973"}],"curies":[{"name":"wp","href":"https:\/\/api.w.org\/{rel}","templated":true}]}}