{"id":8971,"date":"2011-12-12T14:43:24","date_gmt":"2011-12-12T16:43:24","guid":{"rendered":"http:\/\/new.franciscanos.org.br\/?p=8971"},"modified":"2011-12-12T14:43:24","modified_gmt":"2011-12-12T16:43:24","slug":"carta-aos-frades-assistentes-da-ordem-franciscana-secular","status":"publish","type":"post","link":"https:\/\/franciscanos.org.br\/carisma\/carta-aos-frades-assistentes-da-ordem-franciscana-secular.html","title":{"rendered":"Carta aos frades assistentes da Ordem Franciscana Secular"},"content":{"rendered":"<h4><a href=\"http:\/\/franciscanos.org.br\/wp-content\/uploads\/2011\/12\/regionais_.jpg\"><img loading=\"lazy\" class=\"alignright size-full wp-image-16043\" title=\"regionais_\" src=\"http:\/\/franciscanos.org.br\/wp-content\/uploads\/2011\/12\/regionais_.jpg\" alt=\"\" width=\"463\" height=\"396\" \/><\/a>(Assistentes da Prov\u00edncia da Imaculada)<\/h4>\n<p><strong>Frei Almir Ribeiro Guimar\u00e3es, OFM<\/strong><\/p>\n<p><strong>Estimados confrades,<br \/>\n<\/strong>Paz e todos os Bens!<\/p>\n<p>Dirijo estas linhas a todos os confrades da Prov\u00edncia da Imaculada que est\u00e3o encarregados da assist\u00eancia local e regional da Ordem Franciscana Secular. \u00c9 uma palavra de est\u00edmulo e de agradecimento e, ao mesmo tempo, express\u00e3o de um desejo de que voc\u00eas se fa\u00e7am o mais densamente presentes na vida dos franciscanos seculares. A dedica\u00e7\u00e3o de muitos de voc\u00eas ajuda muitos a serem seguidores diretos de Cristo Jesus \u00e0 maneira de Francisco.<\/p>\n<p>N\u00e3o quero aqui evocar todas as dificuldades vividas por muitas de nossas fraternidades seculares. Sei tamb\u00e9m que em muitas delas h\u00e1 pessoas admir\u00e1veis que s\u00e3o muito gratas pelo carinho e a aten\u00e7\u00e3o de todos os voc\u00eas.<\/p>\n<p><strong>1.<\/strong> Muitos frades foram nomeados assistentes locais e regionais e desempenham sua miss\u00e3o com galhardia. Alguns se sentem vocacionados para esse minist\u00e9rio. Outros foram nomeados assistentes, mas no fundo n\u00e3o experimentam um fogo interior. Sei que muitos dos conselhos, mesmo querendo uma maior presen\u00e7a de voc\u00eas em suas vidas, compreendem o assoberbamento e, quem sabe, aguardam que o cora\u00e7\u00e3o de voc\u00eas os busquem com alegria e ardor.<\/p>\n<p><strong>2.<\/strong> Somos membros da fam\u00edlia franciscana. Somos todos origin\u00e1rios de Francisco, de sua saga, de sua hist\u00f3ria, de sua for\u00e7a, de sua garra, do carisma que Deus lhe deu. Os frades da Ordem Primeira sentimos que a mesma seiva que circula em n\u00f3s est\u00e1 presente na irm\u00e3 corajosa que \u00e9 santa em sua fam\u00edlia. Em S\u00e3o Jo\u00e3o de Meriti, no irm\u00e3o que trabalha numa loja de material de constru\u00e7\u00e3o, em Piracicaba ou na irm\u00e3 que \u00e9 professora em Bragan\u00e7a Paulista. Aquele entusiasmo que nos passa o Ministro Geral em seus escritos t\u00e3o contundentes passamos para essa gente toda que acompanhamos com nossos trabalhos e nossas ora\u00e7\u00f5es. Somos uma s\u00f3 fam\u00edlia. Eles nos enriquecem e n\u00f3s os enriquecemos. E juntos, nesses tempos de jubileu das clarissas, somos enriquecidos por elas. Repito: uma s\u00f3 fam\u00edlia.<\/p>\n<p><strong>3.<\/strong> N\u00e3o h\u00e1 d\u00favida: os frades nomeados para este servi\u00e7o s\u00e3o pastores. Da mesma forma que animamos grupos de catequese, celebramos o matrim\u00f4nio, alguns de n\u00f3s fomos, pela obedi\u00eancia, nomeados servidores de vidas franciscanas. Sei, meus irm\u00e3os, sei muito bem que muitas fraternidades est\u00e3o envelhecidas. Sei que nem sempre dirigimo-nos \u00e0s reuni\u00f5es com o entusiasmo que gostar\u00edamos de ter. Ali, no entanto, por obedi\u00eancia, exercermos o nosso minist\u00e9rio: anunciamos a Palavra, quando poss\u00edvel celebramos a eucaristia, a reconcilia\u00e7\u00e3o e a un\u00e7\u00e3o dos enfermos. Somos a presen\u00e7a do Bom Pastor e, de alguma forma, do pr\u00f3prio Francisco.<\/p>\n<p><strong>4.<\/strong> Acompanhamos vidas que buscam a santidade. A Regra dos franciscanos seculares, cheia de vigor e de atualidade, nos fala da autonomia dos leigos, mas ao mesmo tempo nos pede que os incentivemos a buscar a santidade, a perfei\u00e7\u00e3o da caridade no estado secular. Nosso cora\u00e7\u00e3o bate com o cora\u00e7\u00e3o desses homens e dessas mulheres que se casam bem, ou se casam mal, que t\u00eam filhos d\u00f3ceis ou crian\u00e7as rebeldes, irm\u00e3os casados com um c\u00f4njuge intransigente, pessoas que foram chamadas pelo Senhor a seguir o evangelho \u00e0 maneira de Francisco. Precisamos ter uma vis\u00e3o de f\u00e9 em nosso minist\u00e9rio. Do contr\u00e1rio n\u00e3o nos entusiasmaremos em nosso servi\u00e7o. Por vezes sentimos tamb\u00e9m meio desmotivados em nosso trabalho em cursos de noivos que v\u00e3o se casar e desaparecer\u00e3o, em jovens que ser\u00e3o crismados com \u201cpompa e circunst\u00e2ncia\u201d e depois nos deixar\u00e3o. Nada \u00e9 pequeno para com quem ama. Nada vale a pena quando nosso cora\u00e7\u00e3o n\u00e3o bate mais com o cora\u00e7\u00e3o de Deus. Insisto, queremos acompanhar hist\u00f3rias que est\u00e3o buscando a santidade. Esses irm\u00e3os fazem mesmo uma profiss\u00e3o de seguir o evangelho no meio do mundo \u00e0 maneira de Francisco.<\/p>\n<p><strong>5.<\/strong> Falamos muito em privilegiar o laicato em nossos dias. E n\u00f3s, franciscanos, em nossa fam\u00edlia temos um ex\u00e9rcito de leigos. O tema do laicato \u00e9 complexo. Vemos em nossas par\u00f3quias se multiplicarem atividades realizadas por eles e elas. Desde sempre o minist\u00e9rio da catequese \u00e9 exercido por mulheres. Muitos leigos, maduramente, assumem seu laicato. Sabemos perfeitamente que n\u00e3o se trata apenas de pedir aos leigos que assistam aos matrim\u00f4nios ou outros sacramentos. Queremos e desejamos que os leigos estejam em tarefas leigas. Ora, nem sempre conseguimos formar uma laicato maduro em nossas par\u00f3quias. A Ordem Franciscana Secular \u00e9 constitu\u00edda de leigos. Visitando o pa\u00eds tenho tido a alegria de ver homens e mulheres das ci\u00eancias, casais l\u00edderes, pessoas simples do interior do Paran\u00e1 ou de S\u00e3o Paulo, outros mesmos que trabalham em institui\u00e7\u00f5es financeiras. Ora, a Ordem Franciscana Secular pode fornecer a esses leigos, aos cuidados de voc\u00eas, frades, elementos para que venham a se tornar pessoas transformadoras da realidade. Sem a preocupa\u00e7\u00e3o de fazer deles apenas colaboradores das obras de nossas paroquias, na OFS, teremos o cuidado de ajud\u00e1-los a crescer humana, crist\u00e3, franciscana e missionariamente. A OFS \u00e9 uma escola de santidade e plataforma da a\u00e7\u00e3o crist\u00e3 dos leigos na sociedade e no mundo. Fico muito feliz em ver frades estudantes de Petr\u00f3polis se interessando por este minist\u00e9rio. Eles poder\u00e3o, aos poucos, renovar o grupo dos assistentes de nossa Prov\u00edncia com compet\u00eancia e garra.<\/p>\n<p><strong>6.<\/strong> Parece importante a presen\u00e7a dos frades assistentes nas reuni\u00f5es do Conselho da Fraternidade. Voc\u00eas sabem que muitas coisas funcionam bem e outros funcionam menos bem em nossas fraternidades concretas da OFS. A Ordem secular, dos leigos, \u00e9 regida por um ministro local, seu conselho e o assistentes. O Conselho forma um todo. A presen\u00e7a do assistente na reuni\u00e3o do Conselho \u00e9 fundamental. Os conselheiros precisam crescer humana e espiritualmente. Quanta ajuda podem prestar os assistentes com sua experi\u00eancia, sua espiritualidade, sem senso de discernimento! Na reuni\u00e3o do Conselho \u00e9 preparada a reuni\u00e3o, s\u00e3o examinados os problemas da fraternidade, s\u00e3o tomadas decis\u00f5es a respeitos dos irm\u00e3os e das irm\u00e3s que v\u00e3o professar. O Assistente n\u00e3o pode alhear-se a tudo isso.<\/p>\n<p><strong>7.<\/strong> Sem ser o dono da reuni\u00e3o geral, o Assistentes se faz presente, se poss\u00edvel, o tempo todo, com os olhos atentos a cada parte da reuni\u00e3o, a cada irm\u00e3o que fala, a cada momento da reuni\u00e3o que \u00e9 sacramento da fraternidade. Assistentes que apenas \u201cpassam\u201d para cumprimentar os irm\u00e3os n\u00e3o criam la\u00e7os e, aos poucos, v\u00e3o se sentir sobrando. N\u00e3o poder\u00e3o gozar da estima profunda dos irm\u00e3os e n\u00e3o ser\u00e3o os pastores que deveriam ser.<\/p>\n<p><strong>8.<\/strong> Sabemos que precisamos renovar. Renovar ou morrer&#8230; A OFS precisa transformar-se. N\u00f3s, frades menores, de nossa parte, tamb\u00e9m precisamos ser fi\u00e9is ao passado mas com uma fidelidade criativa. Conhecemos o pensamento do Ministro Geral que est\u00e1 sempre nos convidando-nos, em nossa vida consagrada e franciscana, \u00e0 renova\u00e7\u00e3o: \u201cAgarrar-nos ao passado, chor\u00e1-los nostalgicamente, levar-nos-ia a uma inevit\u00e1vel decad\u00eancia. N\u00e3o se trata de sermos aventureiros, mas tamb\u00e9m n\u00e3o nost\u00e1lgicos. N\u00e3o h\u00e1 alternativa para a vida consagrada e franciscana sen\u00e3o a de abrir-nos ao Esp\u00edrito. S\u00f3 a for\u00e7a do Esp\u00edrito evitar\u00e1 que existam vidas pela metade, sufocadas pela rotina e pela in\u00e9rcia, sujeitas ao funcionamento das estruturas. S\u00f3 assim poderemos abrir-nos com confian\u00e7a ao futuro\u201d (<em>Com lucidez e aud\u00e1cia&#8230; n. 118<\/em>). Participando alegre e intensamente da vida dos franciscanos seculares, os assistentes podem ajud\u00e1-los inventar o novo na vida de suas fraternidades, na a\u00e7\u00e3o corajosa no meio do mundo (ver, julgar e agir), na qualidade de jardineiros da cria\u00e7\u00e3o e como menores e simples nesse mundo de ostenta\u00e7\u00e3o, de consumismo, de poder e de gan\u00e2ncia.<\/p>\n<p><strong>9.<\/strong> Espero que todos voc\u00eas ajudem os franciscanos seculares a celebrarem as grandes festas franciscanas e que os ajudem a compreender o que significa viver hoje o carisma de Francisco e de Clara. Muitos desses seculares est\u00e3o desejosos de aprenderem a rezar mais densamente e esperam muito de n\u00f3s, que somos amigos da contempla\u00e7\u00e3o e mission\u00e1rios na a\u00e7\u00e3o.<\/p>\n<p>Que esta carta mere\u00e7a toda a aten\u00e7\u00e3o de seu cora\u00e7\u00e3o de frade menor,<\/p>\n<p>(*) <strong>Frei Almir Ribeiro Guimar\u00e3es, OFM<\/strong><br \/>\nAssistente Nacional da OFS pela OFM e Assistente Regional do Sudeste III<\/p>\n","protected":false},"excerpt":{"rendered":"<p>ORDEM FRANCISCANA SECULAR<\/p>\n","protected":false},"author":1,"featured_media":174759,"comment_status":"closed","ping_status":"open","sticky":false,"template":"","format":"standard","meta":[],"categories":[14],"tags":[],"yoast_head":"<!-- This site is optimized with the Yoast SEO plugin v19.2 - https:\/\/yoast.com\/wordpress\/plugins\/seo\/ -->\n<title>Carta aos frades assistentes da Ordem Franciscana Secular - Carisma - Franciscanos<\/title>\n<meta name=\"robots\" content=\"index, follow, max-snippet:-1, max-image-preview:large, max-video-preview:-1\" \/>\n<link rel=\"canonical\" href=\"https:\/\/franciscanos.org.br\/carisma\/carta-aos-frades-assistentes-da-ordem-franciscana-secular.html\" \/>\n<meta property=\"og:locale\" content=\"pt_BR\" \/>\n<meta property=\"og:type\" content=\"article\" \/>\n<meta property=\"og:title\" content=\"Carta aos frades assistentes da Ordem Franciscana Secular - Carisma - Franciscanos\" \/>\n<meta property=\"og:description\" content=\"ORDEM FRANCISCANA SECULAR\" \/>\n<meta property=\"og:url\" content=\"https:\/\/franciscanos.org.br\/carisma\/carta-aos-frades-assistentes-da-ordem-franciscana-secular.html\" \/>\n<meta property=\"og:site_name\" content=\"Carisma - Franciscanos\" \/>\n<meta property=\"article:published_time\" content=\"2011-12-12T16:43:24+00:00\" \/>\n<meta property=\"og:image\" content=\"https:\/\/franciscanos.org.br\/carisma\/wp-content\/uploads\/2018\/10\/regionais_.jpg\" \/>\n\t<meta property=\"og:image:width\" content=\"463\" \/>\n\t<meta property=\"og:image:height\" content=\"396\" \/>\n\t<meta property=\"og:image:type\" content=\"image\/jpeg\" \/>\n<meta name=\"author\" content=\"admin\" \/>\n<meta name=\"twitter:card\" content=\"summary_large_image\" \/>\n<meta name=\"twitter:label1\" content=\"Escrito por\" \/>\n\t<meta name=\"twitter:data1\" content=\"admin\" \/>\n\t<meta name=\"twitter:label2\" content=\"Est. tempo de leitura\" \/>\n\t<meta name=\"twitter:data2\" content=\"7 minutos\" \/>\n<script type=\"application\/ld+json\" class=\"yoast-schema-graph\">{\"@context\":\"https:\/\/schema.org\",\"@graph\":[{\"@type\":\"WebSite\",\"@id\":\"https:\/\/franciscanos.org.br\/carisma\/#website\",\"url\":\"https:\/\/franciscanos.org.br\/carisma\/\",\"name\":\"Carisma - Franciscanos\",\"description\":\"Prov\u00edncia Franciscana da Imaculada Concei\u00e7\u00e3o do Brasil - Ordem dos Frades Menores\",\"potentialAction\":[{\"@type\":\"SearchAction\",\"target\":{\"@type\":\"EntryPoint\",\"urlTemplate\":\"https:\/\/franciscanos.org.br\/carisma\/?s={search_term_string}\"},\"query-input\":\"required name=search_term_string\"}],\"inLanguage\":\"pt-BR\"},{\"@type\":\"ImageObject\",\"inLanguage\":\"pt-BR\",\"@id\":\"https:\/\/franciscanos.org.br\/carisma\/carta-aos-frades-assistentes-da-ordem-franciscana-secular.html#primaryimage\",\"url\":\"https:\/\/franciscanos.org.br\/carisma\/wp-content\/uploads\/2018\/10\/regionais_.jpg\",\"contentUrl\":\"https:\/\/franciscanos.org.br\/carisma\/wp-content\/uploads\/2018\/10\/regionais_.jpg\",\"width\":463,\"height\":396},{\"@type\":\"WebPage\",\"@id\":\"https:\/\/franciscanos.org.br\/carisma\/carta-aos-frades-assistentes-da-ordem-franciscana-secular.html#webpage\",\"url\":\"https:\/\/franciscanos.org.br\/carisma\/carta-aos-frades-assistentes-da-ordem-franciscana-secular.html\",\"name\":\"Carta aos frades assistentes da Ordem Franciscana Secular - Carisma - Franciscanos\",\"isPartOf\":{\"@id\":\"https:\/\/franciscanos.org.br\/carisma\/#website\"},\"primaryImageOfPage\":{\"@id\":\"https:\/\/franciscanos.org.br\/carisma\/carta-aos-frades-assistentes-da-ordem-franciscana-secular.html#primaryimage\"},\"datePublished\":\"2011-12-12T16:43:24+00:00\",\"dateModified\":\"2011-12-12T16:43:24+00:00\",\"author\":{\"@id\":\"https:\/\/franciscanos.org.br\/carisma\/#\/schema\/person\/e352342a457f086dc6152f9c73a3d093\"},\"breadcrumb\":{\"@id\":\"https:\/\/franciscanos.org.br\/carisma\/carta-aos-frades-assistentes-da-ordem-franciscana-secular.html#breadcrumb\"},\"inLanguage\":\"pt-BR\",\"potentialAction\":[{\"@type\":\"ReadAction\",\"target\":[\"https:\/\/franciscanos.org.br\/carisma\/carta-aos-frades-assistentes-da-ordem-franciscana-secular.html\"]}]},{\"@type\":\"BreadcrumbList\",\"@id\":\"https:\/\/franciscanos.org.br\/carisma\/carta-aos-frades-assistentes-da-ordem-franciscana-secular.html#breadcrumb\",\"itemListElement\":[{\"@type\":\"ListItem\",\"position\":1,\"name\":\"Home\",\"item\":\"https:\/\/franciscanos.org.br\/carisma\"},{\"@type\":\"ListItem\",\"position\":2,\"name\":\"Carta aos frades assistentes da Ordem Franciscana Secular\"}]},{\"@type\":\"Person\",\"@id\":\"https:\/\/franciscanos.org.br\/carisma\/#\/schema\/person\/e352342a457f086dc6152f9c73a3d093\",\"name\":\"admin\",\"image\":{\"@type\":\"ImageObject\",\"inLanguage\":\"pt-BR\",\"@id\":\"https:\/\/franciscanos.org.br\/carisma\/#\/schema\/person\/image\/\",\"url\":\"https:\/\/secure.gravatar.com\/avatar\/e8495742d34d0ba6448ea1c628263b3e?s=96&d=mm&r=g\",\"contentUrl\":\"https:\/\/secure.gravatar.com\/avatar\/e8495742d34d0ba6448ea1c628263b3e?s=96&d=mm&r=g\",\"caption\":\"admin\"},\"url\":\"https:\/\/franciscanos.org.br\/carisma\/author\/admin\"}]}<\/script>\n<!-- \/ Yoast SEO plugin. -->","yoast_head_json":{"title":"Carta aos frades assistentes da Ordem Franciscana Secular - Carisma - Franciscanos","robots":{"index":"index","follow":"follow","max-snippet":"max-snippet:-1","max-image-preview":"max-image-preview:large","max-video-preview":"max-video-preview:-1"},"canonical":"https:\/\/franciscanos.org.br\/carisma\/carta-aos-frades-assistentes-da-ordem-franciscana-secular.html","og_locale":"pt_BR","og_type":"article","og_title":"Carta aos frades assistentes da Ordem Franciscana Secular - Carisma - Franciscanos","og_description":"ORDEM FRANCISCANA SECULAR","og_url":"https:\/\/franciscanos.org.br\/carisma\/carta-aos-frades-assistentes-da-ordem-franciscana-secular.html","og_site_name":"Carisma - Franciscanos","article_published_time":"2011-12-12T16:43:24+00:00","og_image":[{"width":463,"height":396,"url":"https:\/\/franciscanos.org.br\/carisma\/wp-content\/uploads\/2018\/10\/regionais_.jpg","type":"image\/jpeg"}],"author":"admin","twitter_card":"summary_large_image","twitter_misc":{"Escrito por":"admin","Est. tempo de leitura":"7 minutos"},"schema":{"@context":"https:\/\/schema.org","@graph":[{"@type":"WebSite","@id":"https:\/\/franciscanos.org.br\/carisma\/#website","url":"https:\/\/franciscanos.org.br\/carisma\/","name":"Carisma - Franciscanos","description":"Prov\u00edncia Franciscana da Imaculada Concei\u00e7\u00e3o do Brasil - Ordem dos Frades Menores","potentialAction":[{"@type":"SearchAction","target":{"@type":"EntryPoint","urlTemplate":"https:\/\/franciscanos.org.br\/carisma\/?s={search_term_string}"},"query-input":"required name=search_term_string"}],"inLanguage":"pt-BR"},{"@type":"ImageObject","inLanguage":"pt-BR","@id":"https:\/\/franciscanos.org.br\/carisma\/carta-aos-frades-assistentes-da-ordem-franciscana-secular.html#primaryimage","url":"https:\/\/franciscanos.org.br\/carisma\/wp-content\/uploads\/2018\/10\/regionais_.jpg","contentUrl":"https:\/\/franciscanos.org.br\/carisma\/wp-content\/uploads\/2018\/10\/regionais_.jpg","width":463,"height":396},{"@type":"WebPage","@id":"https:\/\/franciscanos.org.br\/carisma\/carta-aos-frades-assistentes-da-ordem-franciscana-secular.html#webpage","url":"https:\/\/franciscanos.org.br\/carisma\/carta-aos-frades-assistentes-da-ordem-franciscana-secular.html","name":"Carta aos frades assistentes da Ordem Franciscana Secular - Carisma - Franciscanos","isPartOf":{"@id":"https:\/\/franciscanos.org.br\/carisma\/#website"},"primaryImageOfPage":{"@id":"https:\/\/franciscanos.org.br\/carisma\/carta-aos-frades-assistentes-da-ordem-franciscana-secular.html#primaryimage"},"datePublished":"2011-12-12T16:43:24+00:00","dateModified":"2011-12-12T16:43:24+00:00","author":{"@id":"https:\/\/franciscanos.org.br\/carisma\/#\/schema\/person\/e352342a457f086dc6152f9c73a3d093"},"breadcrumb":{"@id":"https:\/\/franciscanos.org.br\/carisma\/carta-aos-frades-assistentes-da-ordem-franciscana-secular.html#breadcrumb"},"inLanguage":"pt-BR","potentialAction":[{"@type":"ReadAction","target":["https:\/\/franciscanos.org.br\/carisma\/carta-aos-frades-assistentes-da-ordem-franciscana-secular.html"]}]},{"@type":"BreadcrumbList","@id":"https:\/\/franciscanos.org.br\/carisma\/carta-aos-frades-assistentes-da-ordem-franciscana-secular.html#breadcrumb","itemListElement":[{"@type":"ListItem","position":1,"name":"Home","item":"https:\/\/franciscanos.org.br\/carisma"},{"@type":"ListItem","position":2,"name":"Carta aos frades assistentes da Ordem Franciscana Secular"}]},{"@type":"Person","@id":"https:\/\/franciscanos.org.br\/carisma\/#\/schema\/person\/e352342a457f086dc6152f9c73a3d093","name":"admin","image":{"@type":"ImageObject","inLanguage":"pt-BR","@id":"https:\/\/franciscanos.org.br\/carisma\/#\/schema\/person\/image\/","url":"https:\/\/secure.gravatar.com\/avatar\/e8495742d34d0ba6448ea1c628263b3e?s=96&d=mm&r=g","contentUrl":"https:\/\/secure.gravatar.com\/avatar\/e8495742d34d0ba6448ea1c628263b3e?s=96&d=mm&r=g","caption":"admin"},"url":"https:\/\/franciscanos.org.br\/carisma\/author\/admin"}]}},"_links":{"self":[{"href":"https:\/\/franciscanos.org.br\/carisma\/wp-json\/wp\/v2\/posts\/8971"}],"collection":[{"href":"https:\/\/franciscanos.org.br\/carisma\/wp-json\/wp\/v2\/posts"}],"about":[{"href":"https:\/\/franciscanos.org.br\/carisma\/wp-json\/wp\/v2\/types\/post"}],"author":[{"embeddable":true,"href":"https:\/\/franciscanos.org.br\/carisma\/wp-json\/wp\/v2\/users\/1"}],"replies":[{"embeddable":true,"href":"https:\/\/franciscanos.org.br\/carisma\/wp-json\/wp\/v2\/comments?post=8971"}],"version-history":[{"count":0,"href":"https:\/\/franciscanos.org.br\/carisma\/wp-json\/wp\/v2\/posts\/8971\/revisions"}],"wp:featuredmedia":[{"embeddable":true,"href":"https:\/\/franciscanos.org.br\/carisma\/wp-json\/wp\/v2\/media\/174759"}],"wp:attachment":[{"href":"https:\/\/franciscanos.org.br\/carisma\/wp-json\/wp\/v2\/media?parent=8971"}],"wp:term":[{"taxonomy":"category","embeddable":true,"href":"https:\/\/franciscanos.org.br\/carisma\/wp-json\/wp\/v2\/categories?post=8971"},{"taxonomy":"post_tag","embeddable":true,"href":"https:\/\/franciscanos.org.br\/carisma\/wp-json\/wp\/v2\/tags?post=8971"}],"curies":[{"name":"wp","href":"https:\/\/api.w.org\/{rel}","templated":true}]}}