{"id":8969,"date":"2011-12-12T14:42:32","date_gmt":"2011-12-12T16:42:32","guid":{"rendered":"http:\/\/new.franciscanos.org.br\/?p=8969"},"modified":"2011-12-12T14:42:32","modified_gmt":"2011-12-12T16:42:32","slug":"familia-e-vocacao-franciscana-secular-2","status":"publish","type":"post","link":"https:\/\/franciscanos.org.br\/carisma\/familia-e-vocacao-franciscana-secular-2.html","title":{"rendered":"Fam\u00edlia e voca\u00e7\u00e3o franciscana secular"},"content":{"rendered":"<p><a href=\"http:\/\/franciscanos.org.br\/wp-content\/uploads\/2011\/12\/1995_170412.jpg\"><img loading=\"lazy\" class=\"alignright size-full wp-image-16045\" title=\"1995_170412\" src=\"http:\/\/franciscanos.org.br\/wp-content\/uploads\/2011\/12\/1995_170412.jpg\" alt=\"\" width=\"350\" height=\"339\" \/><\/a><\/p>\n<p><strong>Frei Almir Ribeiro Guimar\u00e3es, OFM<\/strong><\/p>\n<p>Os franciscanos seculares considerem a fam\u00edlia como o \u00e2mbito priorit\u00e1rio para viver o pr\u00f3prio compromisso crist\u00e3o e a voca\u00e7\u00e3o franciscana e nela deem espa\u00e7o \u00e0 ora\u00e7\u00e3o, \u00e0 Palavra de Deus e \u00e0 catequese, empenhando-se no respeito \u00e0 vida, desde a concep\u00e7\u00e3o, e em qualquer situa\u00e7\u00e3o, at\u00e9 \u00e0 morte. (Const. Gerais da OFS, art 24, n.1).<\/p>\n<p><strong>1.<\/strong> Ningu\u00e9m d\u00favida que a fam\u00edlia seja uma das mais fundamentais e importantes realidades de todas as exist\u00eancias. A artigo da CCGG da OFS acima mencionado fala da fam\u00edlia como \u00e2mbito, espa\u00e7o priorit\u00e1rio para os franciscanos seculares. O texto pede que os seculares vivam todas as dimens\u00f5es da Igreja dom\u00e9stica que \u00e9 a fam\u00edlia. A<em> Regra<\/em> pede que vivam em fam\u00edlia o esp\u00edrito de paz, da fidelidade e do respeito pela vida. Que a fam\u00edlia dos franciscanos seja, diante dos homens, sinal de um mundo j\u00e1 renovado em Cristo (cf. n. 15). N\u00e3o estamos diante de um tema secund\u00e1rio, mas priorit\u00e1rio para a vida das fraternidades franciscanas, para a sociedade e para a Igreja. Todas as campanhas que visam destruir e desestabilizar a fam\u00edlia deterioram o amanh\u00e3 da humanidade.<\/p>\n<p><strong>2.<\/strong> Duas observa\u00e7\u00f5es preliminares para que este texto possa ser bem compreendido. O autor destas linhas tem plen\u00edssima consci\u00eancia da complexidade cultural, social e religiosa das fam\u00edlias de hoje. N\u00e3o \u00e9 poss\u00edvel, sem mais nem menos, querer rapidamente que nossas fam\u00edlias se tornem Igrejas dom\u00e9sticas. H\u00e1 uma decalagem entre o ideal e o que acontece. Essa \u00e9 a primeira observa\u00e7\u00e3o. Ao refletir sobre OFS e fam\u00edlia n\u00e3o h\u00e1 nenhuma inten\u00e7\u00e3o de dogmatizar que nossas Fraternidades devam ser constitu\u00eddas por casais e fam\u00edlias. A OFS n\u00e3o \u00e9 um grupo familiar. Sabemos disto. \u00c9 uma escola de santifica\u00e7\u00e3o aberta a todos.<\/p>\n<p><strong>3.<\/strong> O \u00faltimo Capitulo Nacional da OFS de Manaus pediu que, no tri\u00eanio em curso, se prestasse aten\u00e7\u00e3o na a\u00e7\u00e3o mission\u00e1ria dos seculares. Falou-se da elabora\u00e7\u00e3o de um programa de a\u00e7\u00e3o mission\u00e1ria que viesse tamb\u00e9m a <em>contemplar a atua\u00e7\u00e3o nas fam\u00edlias, c\u00e9lulas primeiras da transforma\u00e7\u00e3o do mundo&#8230; <\/em>Porque o futuro da humanidade passa pela fam\u00edlia, no dizer do Papa Jo\u00e3o Paulo e porque os seculares franciscanos precisam priorizar a fam\u00edlia, fazemos algumas considera\u00e7\u00f5es que nos parecem oportunas visando irm\u00e3os em geral, mas de modo particular a atua\u00e7\u00e3o dos assistentes no seio de nossas Fraternidades. Cabe a estes fazer com que as Fraternidades tenham preocupa\u00e7\u00f5es eclesiais.<\/p>\n<p><strong>4.<\/strong> As pessoas resolvem ser franciscanas seculares por voca\u00e7\u00e3o. H\u00e1 todo um per\u00edodo de discernimento, de forma\u00e7\u00e3o, de viv\u00eancia numa fraternidade antes da profiss\u00e3o. H\u00e1 um duplo movimento: os que s\u00e3o chamados a seguir Francisco no mundo se re\u00fanem em fraternidades, mas logo em seguida s\u00e3o reenvidados ao mundo. Um rapaz, uma mo\u00e7a, um homem e uma mulher fazem parte de uma fam\u00edlia. Ali eles ser\u00e3o franciscanos: a busca incessante do rosto de Deus, uma vida despojada e alegre cantando as gl\u00f3rias do Senhor, evangelizando, de alguma forma, a pr\u00f3pria fam\u00edlia. N\u00e3o posso imaginar um franciscano secular sem apre\u00e7o, carinho, devotamento, dedica\u00e7\u00e3o \u00e0 pr\u00f3pria fam\u00edlia. Isso se traduz numa alegria de viver \u00e0 mesa com os seus, de passar, pelo modo de ser, a alegria da simplicidade e da pobreza, o distanciamento de toda ostenta\u00e7\u00e3o, mesmo contrariando membros da fam\u00edlia. N\u00e3o me parece normal que uma senhora, por exemplo, fa\u00e7a sua profiss\u00e3o, seu jubileu de prata na OFS sem que isto tenha nenhum significado para seu marido, seus filhos e seus familiares. Por isso sonho, sonho mesmo, que em muitas Fraternidades haja casados que caminhem juntos, que os dois construam uma fam\u00edlia franciscana. Sonho com Fraternidades que tenham a criatividade e a decis\u00e3o de fazer encontros com os familiares. N\u00e3o \u00e9 poss\u00edvel que anos a fio essas reuni\u00f5es das Fraternidades ignorem as fam\u00edlias. Filhos, irm\u00e3os, pais dos seculares precisam ser estimados pelos irm\u00e3os da Fraternidade.<\/p>\n<p><strong>5.<\/strong> Bom seria, muito bom seria, se marido e mulher fossem franciscanos seculares. \u201cOs casados encontram na Regra da OFS um valioso aux\u00edlio para percorrer o caminho da vida crist\u00e3, conscientes de que, no sacramento do matrim\u00f4nio, o seu m\u00fatuo amor participa do amor que Cristo tem pela Igreja. O amor dos esposos e a afirma\u00e7\u00e3o do valor da fidelidade s\u00e3o um profundo testemunho para a pr\u00f3pria fam\u00edlia, para a Igreja e para o mundo\u201d (CCGG 24,1). Pode mesmo acontecer que a esposa de um terceiro ou o marido de uma senhora terceira n\u00e3o tenha voca\u00e7\u00e3o para a OFS. Nada de for\u00e7ar seu ingresso. Mas ele ou ela poderiam ser simpatizantes e participar eventualmente das reuni\u00f5es. Em minhas visitas tenho visto alguns casos desses. Eles me encantam.<\/p>\n<p><strong>6.<\/strong> A reuni\u00e3o da Fraternidade ser\u00e1 marcada por temas familiares. N\u00e3o posso me privar \u00e0 alegria de transcrever luminosas orienta\u00e7\u00f5es dadas pelas CCGG da OFS e que deveriam ser aprofundadas e incentivadas por todos os conselhos locais. Penso que um assistente poderia implementar e incentivar o que aparece a\u00ed.<\/p>\n<p><strong>Na Fraternidade:<\/strong> &#8211; que seja tema de di\u00e1logo e de partilha, de experi\u00eancia a espiritualidade familiar e conjugal e a abordagem crist\u00e3 dos problemas familiares; &#8211; partilhem-se os momentos da vida familiar dos co-irm\u00e3os e demonstre-se aten\u00e7\u00e3o fraterna com aqueles \u2013 solteiros, vi\u00favos, pais s\u00f3s, separados, divorciados \u2013 que vivem em situa\u00e7\u00f5es e condi\u00e7\u00f5es dif\u00edceis; &#8211; criem-se condi\u00e7\u00f5es para o di\u00e1logo entre grupos de diferentes gera\u00e7\u00f5es;- seja favorecida a forma\u00e7\u00e3o de grupos de casais e de grupos familiares (Art 24, n. 2). Sonho que os Conselhos locais incentivem a forma\u00e7\u00e3o de grupos de fam\u00edlias com forte presen\u00e7a de casais franciscanos. Temos que renovar. Temos que tornar s\u00f3lidas as fam\u00edlias. N\u00e3o podemos ignorar o assunto.<\/p>\n<p><strong>7.<\/strong> Na Igreja do Brasil, em nossos dias, tenta-se organizar a Pastoral Familiar em n\u00edvel diocesano e paroquial. Como seria bom se casais franciscanos, com seu jeito despojado, verdadeiro, leal, fraterno, simples, acolhedor, dialogante, pudessem ser l\u00edderes dessa pastoral! N\u00e3o fomos convocados para sermos restauradores da Igreja, como Francisco? Por vezes, tendo trabalho quase duas d\u00e9cadas com a Pastoral Familiar em todos os cantos do pa\u00eds, penso que a Pastoral ganharia muito com agentes evangelicamente qualificados como s\u00e3o os franciscanos seculares. Se fizermos isso nada estaremos fazendo sen\u00e3o seguir os ditames das CCGG: \u201cOs irm\u00e3os colaborem com os esfor\u00e7os que se envidam na Igreja e na sociedade para a firmar o valor da fidelidade e do respeito pela vida e para dar resposta aos problemas sociais da fam\u00edlia\u201d (Art 24, 3).<\/p>\n<p><strong>Concluindo<\/strong><\/p>\n<p>Nossas Fraternidades Franciscanas Seculares precisam se reinventar. O amanh\u00e3 est\u00e1 sendo apontado pelo Espirito, que \u00e9 a alma da Igreja e Ministro Geral dos franciscanos. As reflex\u00f5es sobre a fam\u00edlia poder\u00e3o nos sugerir caminhos novos. Ou ser\u00e1 que me engano?<\/p>\n<p>(*) <strong>Frei Almir Ribeiro Guimar\u00e3es, OFM<\/strong><br \/>\nAssistente Nacional da OFS pela OFM e Assistente Regional do Sudeste III<\/p>\n","protected":false},"excerpt":{"rendered":"<p>ORDEM FRANCISCANA SECULAR<\/p>\n","protected":false},"author":1,"featured_media":174758,"comment_status":"open","ping_status":"open","sticky":false,"template":"","format":"standard","meta":[],"categories":[14],"tags":[],"yoast_head":"<!-- This site is optimized with the Yoast SEO plugin v19.2 - https:\/\/yoast.com\/wordpress\/plugins\/seo\/ -->\n<title>Fam\u00edlia e voca\u00e7\u00e3o franciscana secular - Carisma - Franciscanos<\/title>\n<meta name=\"robots\" content=\"index, follow, max-snippet:-1, max-image-preview:large, max-video-preview:-1\" \/>\n<link rel=\"canonical\" href=\"https:\/\/franciscanos.org.br\/carisma\/familia-e-vocacao-franciscana-secular-2.html\" \/>\n<meta property=\"og:locale\" content=\"pt_BR\" \/>\n<meta property=\"og:type\" content=\"article\" \/>\n<meta property=\"og:title\" content=\"Fam\u00edlia e voca\u00e7\u00e3o franciscana secular - Carisma - Franciscanos\" \/>\n<meta property=\"og:description\" content=\"ORDEM FRANCISCANA SECULAR\" \/>\n<meta property=\"og:url\" content=\"https:\/\/franciscanos.org.br\/carisma\/familia-e-vocacao-franciscana-secular-2.html\" \/>\n<meta property=\"og:site_name\" content=\"Carisma - Franciscanos\" \/>\n<meta property=\"article:published_time\" content=\"2011-12-12T16:42:32+00:00\" \/>\n<meta property=\"og:image\" content=\"https:\/\/franciscanos.org.br\/carisma\/wp-content\/uploads\/2018\/10\/1995_170412.jpg\" \/>\n\t<meta property=\"og:image:width\" content=\"350\" \/>\n\t<meta property=\"og:image:height\" content=\"339\" \/>\n\t<meta property=\"og:image:type\" content=\"image\/jpeg\" \/>\n<meta name=\"author\" content=\"admin\" \/>\n<meta name=\"twitter:card\" content=\"summary_large_image\" \/>\n<meta name=\"twitter:label1\" content=\"Escrito por\" \/>\n\t<meta name=\"twitter:data1\" content=\"admin\" \/>\n\t<meta name=\"twitter:label2\" content=\"Est. tempo de leitura\" \/>\n\t<meta name=\"twitter:data2\" content=\"6 minutos\" \/>\n<script type=\"application\/ld+json\" class=\"yoast-schema-graph\">{\"@context\":\"https:\/\/schema.org\",\"@graph\":[{\"@type\":\"WebSite\",\"@id\":\"https:\/\/franciscanos.org.br\/carisma\/#website\",\"url\":\"https:\/\/franciscanos.org.br\/carisma\/\",\"name\":\"Carisma - Franciscanos\",\"description\":\"Prov\u00edncia Franciscana da Imaculada Concei\u00e7\u00e3o do Brasil - Ordem dos Frades Menores\",\"potentialAction\":[{\"@type\":\"SearchAction\",\"target\":{\"@type\":\"EntryPoint\",\"urlTemplate\":\"https:\/\/franciscanos.org.br\/carisma\/?s={search_term_string}\"},\"query-input\":\"required name=search_term_string\"}],\"inLanguage\":\"pt-BR\"},{\"@type\":\"ImageObject\",\"inLanguage\":\"pt-BR\",\"@id\":\"https:\/\/franciscanos.org.br\/carisma\/familia-e-vocacao-franciscana-secular-2.html#primaryimage\",\"url\":\"https:\/\/franciscanos.org.br\/carisma\/wp-content\/uploads\/2018\/10\/1995_170412.jpg\",\"contentUrl\":\"https:\/\/franciscanos.org.br\/carisma\/wp-content\/uploads\/2018\/10\/1995_170412.jpg\",\"width\":350,\"height\":339},{\"@type\":\"WebPage\",\"@id\":\"https:\/\/franciscanos.org.br\/carisma\/familia-e-vocacao-franciscana-secular-2.html#webpage\",\"url\":\"https:\/\/franciscanos.org.br\/carisma\/familia-e-vocacao-franciscana-secular-2.html\",\"name\":\"Fam\u00edlia e voca\u00e7\u00e3o franciscana secular - Carisma - Franciscanos\",\"isPartOf\":{\"@id\":\"https:\/\/franciscanos.org.br\/carisma\/#website\"},\"primaryImageOfPage\":{\"@id\":\"https:\/\/franciscanos.org.br\/carisma\/familia-e-vocacao-franciscana-secular-2.html#primaryimage\"},\"datePublished\":\"2011-12-12T16:42:32+00:00\",\"dateModified\":\"2011-12-12T16:42:32+00:00\",\"author\":{\"@id\":\"https:\/\/franciscanos.org.br\/carisma\/#\/schema\/person\/e352342a457f086dc6152f9c73a3d093\"},\"breadcrumb\":{\"@id\":\"https:\/\/franciscanos.org.br\/carisma\/familia-e-vocacao-franciscana-secular-2.html#breadcrumb\"},\"inLanguage\":\"pt-BR\",\"potentialAction\":[{\"@type\":\"ReadAction\",\"target\":[\"https:\/\/franciscanos.org.br\/carisma\/familia-e-vocacao-franciscana-secular-2.html\"]}]},{\"@type\":\"BreadcrumbList\",\"@id\":\"https:\/\/franciscanos.org.br\/carisma\/familia-e-vocacao-franciscana-secular-2.html#breadcrumb\",\"itemListElement\":[{\"@type\":\"ListItem\",\"position\":1,\"name\":\"Home\",\"item\":\"https:\/\/franciscanos.org.br\/carisma\"},{\"@type\":\"ListItem\",\"position\":2,\"name\":\"Fam\u00edlia e voca\u00e7\u00e3o franciscana secular\"}]},{\"@type\":\"Person\",\"@id\":\"https:\/\/franciscanos.org.br\/carisma\/#\/schema\/person\/e352342a457f086dc6152f9c73a3d093\",\"name\":\"admin\",\"image\":{\"@type\":\"ImageObject\",\"inLanguage\":\"pt-BR\",\"@id\":\"https:\/\/franciscanos.org.br\/carisma\/#\/schema\/person\/image\/\",\"url\":\"https:\/\/secure.gravatar.com\/avatar\/e8495742d34d0ba6448ea1c628263b3e?s=96&d=mm&r=g\",\"contentUrl\":\"https:\/\/secure.gravatar.com\/avatar\/e8495742d34d0ba6448ea1c628263b3e?s=96&d=mm&r=g\",\"caption\":\"admin\"},\"url\":\"https:\/\/franciscanos.org.br\/carisma\/author\/admin\"}]}<\/script>\n<!-- \/ Yoast SEO plugin. -->","yoast_head_json":{"title":"Fam\u00edlia e voca\u00e7\u00e3o franciscana secular - Carisma - Franciscanos","robots":{"index":"index","follow":"follow","max-snippet":"max-snippet:-1","max-image-preview":"max-image-preview:large","max-video-preview":"max-video-preview:-1"},"canonical":"https:\/\/franciscanos.org.br\/carisma\/familia-e-vocacao-franciscana-secular-2.html","og_locale":"pt_BR","og_type":"article","og_title":"Fam\u00edlia e voca\u00e7\u00e3o franciscana secular - Carisma - Franciscanos","og_description":"ORDEM FRANCISCANA SECULAR","og_url":"https:\/\/franciscanos.org.br\/carisma\/familia-e-vocacao-franciscana-secular-2.html","og_site_name":"Carisma - Franciscanos","article_published_time":"2011-12-12T16:42:32+00:00","og_image":[{"width":350,"height":339,"url":"https:\/\/franciscanos.org.br\/carisma\/wp-content\/uploads\/2018\/10\/1995_170412.jpg","type":"image\/jpeg"}],"author":"admin","twitter_card":"summary_large_image","twitter_misc":{"Escrito por":"admin","Est. tempo de leitura":"6 minutos"},"schema":{"@context":"https:\/\/schema.org","@graph":[{"@type":"WebSite","@id":"https:\/\/franciscanos.org.br\/carisma\/#website","url":"https:\/\/franciscanos.org.br\/carisma\/","name":"Carisma - Franciscanos","description":"Prov\u00edncia Franciscana da Imaculada Concei\u00e7\u00e3o do Brasil - Ordem dos Frades Menores","potentialAction":[{"@type":"SearchAction","target":{"@type":"EntryPoint","urlTemplate":"https:\/\/franciscanos.org.br\/carisma\/?s={search_term_string}"},"query-input":"required name=search_term_string"}],"inLanguage":"pt-BR"},{"@type":"ImageObject","inLanguage":"pt-BR","@id":"https:\/\/franciscanos.org.br\/carisma\/familia-e-vocacao-franciscana-secular-2.html#primaryimage","url":"https:\/\/franciscanos.org.br\/carisma\/wp-content\/uploads\/2018\/10\/1995_170412.jpg","contentUrl":"https:\/\/franciscanos.org.br\/carisma\/wp-content\/uploads\/2018\/10\/1995_170412.jpg","width":350,"height":339},{"@type":"WebPage","@id":"https:\/\/franciscanos.org.br\/carisma\/familia-e-vocacao-franciscana-secular-2.html#webpage","url":"https:\/\/franciscanos.org.br\/carisma\/familia-e-vocacao-franciscana-secular-2.html","name":"Fam\u00edlia e voca\u00e7\u00e3o franciscana secular - Carisma - Franciscanos","isPartOf":{"@id":"https:\/\/franciscanos.org.br\/carisma\/#website"},"primaryImageOfPage":{"@id":"https:\/\/franciscanos.org.br\/carisma\/familia-e-vocacao-franciscana-secular-2.html#primaryimage"},"datePublished":"2011-12-12T16:42:32+00:00","dateModified":"2011-12-12T16:42:32+00:00","author":{"@id":"https:\/\/franciscanos.org.br\/carisma\/#\/schema\/person\/e352342a457f086dc6152f9c73a3d093"},"breadcrumb":{"@id":"https:\/\/franciscanos.org.br\/carisma\/familia-e-vocacao-franciscana-secular-2.html#breadcrumb"},"inLanguage":"pt-BR","potentialAction":[{"@type":"ReadAction","target":["https:\/\/franciscanos.org.br\/carisma\/familia-e-vocacao-franciscana-secular-2.html"]}]},{"@type":"BreadcrumbList","@id":"https:\/\/franciscanos.org.br\/carisma\/familia-e-vocacao-franciscana-secular-2.html#breadcrumb","itemListElement":[{"@type":"ListItem","position":1,"name":"Home","item":"https:\/\/franciscanos.org.br\/carisma"},{"@type":"ListItem","position":2,"name":"Fam\u00edlia e voca\u00e7\u00e3o franciscana secular"}]},{"@type":"Person","@id":"https:\/\/franciscanos.org.br\/carisma\/#\/schema\/person\/e352342a457f086dc6152f9c73a3d093","name":"admin","image":{"@type":"ImageObject","inLanguage":"pt-BR","@id":"https:\/\/franciscanos.org.br\/carisma\/#\/schema\/person\/image\/","url":"https:\/\/secure.gravatar.com\/avatar\/e8495742d34d0ba6448ea1c628263b3e?s=96&d=mm&r=g","contentUrl":"https:\/\/secure.gravatar.com\/avatar\/e8495742d34d0ba6448ea1c628263b3e?s=96&d=mm&r=g","caption":"admin"},"url":"https:\/\/franciscanos.org.br\/carisma\/author\/admin"}]}},"_links":{"self":[{"href":"https:\/\/franciscanos.org.br\/carisma\/wp-json\/wp\/v2\/posts\/8969"}],"collection":[{"href":"https:\/\/franciscanos.org.br\/carisma\/wp-json\/wp\/v2\/posts"}],"about":[{"href":"https:\/\/franciscanos.org.br\/carisma\/wp-json\/wp\/v2\/types\/post"}],"author":[{"embeddable":true,"href":"https:\/\/franciscanos.org.br\/carisma\/wp-json\/wp\/v2\/users\/1"}],"replies":[{"embeddable":true,"href":"https:\/\/franciscanos.org.br\/carisma\/wp-json\/wp\/v2\/comments?post=8969"}],"version-history":[{"count":0,"href":"https:\/\/franciscanos.org.br\/carisma\/wp-json\/wp\/v2\/posts\/8969\/revisions"}],"wp:featuredmedia":[{"embeddable":true,"href":"https:\/\/franciscanos.org.br\/carisma\/wp-json\/wp\/v2\/media\/174758"}],"wp:attachment":[{"href":"https:\/\/franciscanos.org.br\/carisma\/wp-json\/wp\/v2\/media?parent=8969"}],"wp:term":[{"taxonomy":"category","embeddable":true,"href":"https:\/\/franciscanos.org.br\/carisma\/wp-json\/wp\/v2\/categories?post=8969"},{"taxonomy":"post_tag","embeddable":true,"href":"https:\/\/franciscanos.org.br\/carisma\/wp-json\/wp\/v2\/tags?post=8969"}],"curies":[{"name":"wp","href":"https:\/\/api.w.org\/{rel}","templated":true}]}}