{"id":8961,"date":"2011-12-12T14:39:31","date_gmt":"2011-12-12T16:39:31","guid":{"rendered":"http:\/\/new.franciscanos.org.br\/?p=8961"},"modified":"2018-11-08T16:10:22","modified_gmt":"2018-11-08T18:10:22","slug":"o-assistente-espiritual-na-ordem-franciscana-secular","status":"publish","type":"post","link":"https:\/\/franciscanos.org.br\/carisma\/o-assistente-espiritual-na-ordem-franciscana-secular.html","title":{"rendered":"O assistente espiritual na Ordem Franciscana Secular"},"content":{"rendered":"<h4><img loading=\"lazy\" class=\"alignnone size-full wp-image-175226\" src=\"http:\/\/franciscanos.org.br\/carisma\/wp-content\/uploads\/2011\/12\/aparecida.jpg\" alt=\"\" width=\"890\" height=\"496\" srcset=\"https:\/\/franciscanos.org.br\/carisma\/wp-content\/uploads\/2011\/12\/aparecida.jpg 890w, https:\/\/franciscanos.org.br\/carisma\/wp-content\/uploads\/2011\/12\/aparecida-450x251.jpg 450w, https:\/\/franciscanos.org.br\/carisma\/wp-content\/uploads\/2011\/12\/aparecida-768x428.jpg 768w, https:\/\/franciscanos.org.br\/carisma\/wp-content\/uploads\/2011\/12\/aparecida-150x84.jpg 150w\" sizes=\"(max-width: 890px) 100vw, 890px\" \/><\/h4>\n<h4>O que pode facilitar seu trabalho e encher seu cora\u00e7\u00e3o de alegria<\/h4>\n<p><strong>Frei Almir Ribeiro Guimar\u00e3es, OFM (*) <\/strong><\/p>\n<p><strong>1.<\/strong> Em outros lugares e em diferentes publica\u00e7\u00f5es j\u00e1 temos nos ocupado do tema da assist\u00eancia espiritual e pastoral aos membros da Ordem Franciscana Secular por parte da Ordem I e da TOR. Normalmente, os Ministros provinciais cuidam de que nenhuma Fraternidade fique sem assist\u00eancia. Bom seria se este pudesse nomear um frade que fosse sugerido ou indicado pelos terceiros e, sobretudo, que tivesse muito gosto em acompanhar a OFS. Em toda esta breve comunica\u00e7\u00e3o h\u00e1 essa preocupa\u00e7\u00e3o: pedir que os assistentes tenham gosto por seu trabalho, acreditem na OFS. A Igreja confiou \u00e0 Ordem I e \u00e0 TOR essa tarefa dentro da perspectiva do comum carisma da fam\u00edlia franciscana. Aqui, uma palavra de \u00e2nimo e, eventualmente, de esclarecimento. H\u00e1 fraternidades locais que est\u00e3o em franco crescimento porque contam com um conselho local atuante e uma assist\u00eancia espiritual eficaz e efetivamente presente. Estes dois fatores s\u00e3o de fundamental import\u00e2ncia para que nossas fraternidades experimentem vigor e sejam esperan\u00e7a para todos.<\/p>\n<p><strong>2.<\/strong> Os assistentes n\u00e3o s\u00e3o os diretores da fraternidade. O governo e administra\u00e7\u00e3o da OFS cabe aos leigos. O assistente n\u00e3o \u00e9 um capel\u00e3o. N\u00e3o basta apenas que celebre a missa, quando for sacerdote, para os irm\u00e3os sem estar integrado na vida da fraternidade. N\u00e3o basta aparecer esporadicamente. Ele \u00e9 assistente que, tanto na forma\u00e7\u00e3o inicial quanto na permanente se faz presente <em>(ad-sistere). <\/em><\/p>\n<p><strong>3.<\/strong> Como em todos os grupos, nos quais sacerdotes e religiosos atuam, trata-se de fazer pastoral. Fazer pastoral \u00e9 acompanhar um grupo. Trata-se de aceitar o risco de entrar na aventura de um grupo que busca a Deus (ou ao menos que deveria buscar). Vidas, hist\u00f3rias, trajet\u00f3rias de leigos, que m\u00eas ap\u00f3s m\u00eas, se re\u00fanem para se confrontar com o caminho franciscano, mesmo ideal e mesma meta do assistente. N\u00e3o se trata do cumprimento de uma dever legal ou jur\u00eddico, ou seja, ser assistente por ser assistente. H\u00e1 vidas e hist\u00f3rias atr\u00e1s dos que acompanhamos. Insistimos na ideia do acompanhar.<\/p>\n<p><strong>4.<\/strong>O assistente \u00e9 pessoa buscadora de Deus e do seguimento do Evangelho. Com seu jeito, seu carinho, a firmeza de suas posi\u00e7\u00f5es \u00e9 algu\u00e9m que gosta de ser franciscano e que tem muita alegria em trabalhar com os leigos. Em outras palavras, ele acredita que os leigos constituem na Igreja e na Fam\u00edlia Franciscana uma grande for\u00e7a. O assistente \u00e9 aquele que acredita que o carisma franciscano pode \u201crestaurar a Igreja\u201d.<\/p>\n<p><strong>5.<\/strong> N\u00e3o poucas de nossas fraternidades seculares est\u00e3o envelhecidas, definitivamente envelhecidas. Fen\u00f4meno parecido, ali\u00e1s, ocorre com fraternidades da Primeira Ordem. Ora, mesmo tendo a ver com grupos pequenos e envelhecidos, o assistente \u00e9 uma chama de esperan\u00e7a: inventa o novo, incita a cria\u00e7\u00e3o de grupos de jovens casados, busca instaurar grupos de jovens franciscanos marcados pelo estudo, pelo canto, pela alegria, pela vontade de servir ao Senhor e ou n\u00e3o servo. Compreendemos que alguns assistentes se sintam desmotivados para seu trabalho. Mas \u00e9 preciso reagir porque o Evangelho \u00e9 mais forte de que nossos desalentos.<\/p>\n<p><strong>6.<\/strong> N\u00e3o esque\u00e7amos: vivemos a era dos leigos. Queremos um laicato franciscano maduro. Queremos fam\u00edlias bem constitu\u00eddas, simples, bonitas, sem consumismo. Desejamos leigos que passem do evangelho para a vida e da vida para o evangelho. Estamos conscientes da beleza e do vigor da Regra da OFS, cheia de for\u00e7a e de engajamento secular. Temos que nos orgulhar de poder assistir a grupos que est\u00e3o (ou deveriam estar) com a Igreja abrindo caminhos novos no mundo. Os franciscanos da I Ordem e da TOR n\u00e3o podem se omitir. Fraternidades franciscanas seculares constitu\u00eddas de pessoas acordadas, jovens, dispostas, pessoas que refletem sobre o hoje do mundo e da Igreja constituem uma b\u00ean\u00e7\u00e3o. O assistente \u00e9, de modo particular, um animador vocacional nato.<\/p>\n<p><strong>7.<\/strong> A presen\u00e7a do assistente ser\u00e1 sempre de qualidade. Presen\u00e7a regular nas reuni\u00f5es do Conselho Local prestando toda a aten\u00e7\u00e3o poss\u00edvel na qualidade da reuni\u00e3o geral. Presen\u00e7a junto aos que est\u00e3o se formando. Acompanhamento. Esta palavra \u00e9 fundamental: acompanhar os irm\u00e3os, visitar os doentes, acompanhar a a\u00e7\u00e3o do Senhor nas pessoas, ajudar a discernir&#8230;<\/p>\n<p><strong>8.<\/strong> Todos os documentos da OFS insistem no papel do assistente na forma\u00e7\u00e3o em geral. No momento atual, essa forma\u00e7\u00e3o passa pelo cultivo de um esp\u00edrito cr\u00edtico que possa levar ao discernimento dos grandes problemas do mundo e da Igreja: fragilidade do casamento, esvaziamento de nossas par\u00f3quias, educa\u00e7\u00e3o da juventude, viv\u00eancia de um engajamento mission\u00e1rio. Importante que os franciscanos seculares descubram seu papel na Igreja e no mundo. O assistente tentar\u00e1 fazer com que seculares se tornem disc\u00edpulos mission\u00e1rios na perspectiva do<em> Documento de Aparecida<\/em>.<\/p>\n<p><strong>9.<\/strong> Fundamental a a\u00e7\u00e3o do assistente em levar os irm\u00e3os a descobrirem a beleza de uma vida de intimidade com Deus. Leigos franciscanos far\u00e3o experi\u00eancia da presen\u00e7a de Deus na Leitura Orante da B\u00edblia, na Eucaristia participada quase que cotidianamente, na santifica\u00e7\u00e3o das horas.<\/p>\n<p><strong>10.<\/strong> De maneira toda especial, o assistente estar\u00e1 sempre lembrando que os franciscanos seculares s\u00e3o chamados a buscar a santidade de vida. Esta se manifestar\u00e1 em seguir os ditames do Serm\u00e3o da Montanha. Os franciscanos seculares ser\u00e3o santos como santo \u00e9 o Pai do c\u00e9u. Cabe ao assistente sempre alertar para o perigo da rotina, do legalismo, do puro e simples devocionalismo. Os franciscanos fugir\u00e3o de toda rotina e de toda mediocridade.<\/p>\n<p><strong>11.<\/strong> Esperamos que estas reflex\u00f5es descosturadas e esses esclarecimentos possam facilitar o trabalho dos assistentes e encher-lhes o cora\u00e7\u00e3o de alegria:<\/p>\n<ul>\n<li>nenhuma fraternidade sem assist\u00eancia;<\/li>\n<li>assist\u00eancia de qualidade;<\/li>\n<li>franciscanos que impregnem o mundo com o fogo de Francisco;<\/li>\n<li>franciscanos que restaurem a Igreja com o Evangelho vivido.<\/li>\n<\/ul>\n<p>(*) <strong>Frei Almir Ribeiro Guimar\u00e3es, OFM<\/strong><br \/>\nAssistente Nacional da OFS pela OFM e Assistente Regional do Sudeste III<\/p>\n","protected":false},"excerpt":{"rendered":"<p>ORDEM FRANCISCANA SECULAR<\/p>\n","protected":false},"author":1,"featured_media":175226,"comment_status":"closed","ping_status":"open","sticky":false,"template":"","format":"standard","meta":[],"categories":[14],"tags":[],"yoast_head":"<!-- This site is optimized with the Yoast SEO plugin v19.2 - https:\/\/yoast.com\/wordpress\/plugins\/seo\/ -->\n<title>O assistente espiritual na Ordem Franciscana Secular - Carisma - Franciscanos<\/title>\n<meta name=\"robots\" content=\"index, follow, max-snippet:-1, max-image-preview:large, max-video-preview:-1\" \/>\n<link rel=\"canonical\" href=\"https:\/\/franciscanos.org.br\/carisma\/o-assistente-espiritual-na-ordem-franciscana-secular.html\" \/>\n<meta property=\"og:locale\" content=\"pt_BR\" \/>\n<meta property=\"og:type\" content=\"article\" \/>\n<meta property=\"og:title\" content=\"O assistente espiritual na Ordem Franciscana Secular - Carisma - Franciscanos\" \/>\n<meta property=\"og:description\" content=\"ORDEM FRANCISCANA SECULAR\" \/>\n<meta property=\"og:url\" content=\"https:\/\/franciscanos.org.br\/carisma\/o-assistente-espiritual-na-ordem-franciscana-secular.html\" \/>\n<meta property=\"og:site_name\" content=\"Carisma - Franciscanos\" \/>\n<meta property=\"article:published_time\" content=\"2011-12-12T16:39:31+00:00\" \/>\n<meta property=\"article:modified_time\" content=\"2018-11-08T18:10:22+00:00\" \/>\n<meta property=\"og:image\" content=\"https:\/\/franciscanos.org.br\/carisma\/wp-content\/uploads\/2011\/12\/aparecida.jpg\" \/>\n\t<meta property=\"og:image:width\" content=\"890\" \/>\n\t<meta property=\"og:image:height\" content=\"496\" \/>\n\t<meta property=\"og:image:type\" content=\"image\/jpeg\" \/>\n<meta name=\"author\" content=\"admin\" \/>\n<meta name=\"twitter:card\" content=\"summary_large_image\" \/>\n<meta name=\"twitter:label1\" content=\"Escrito por\" \/>\n\t<meta name=\"twitter:data1\" content=\"admin\" \/>\n\t<meta name=\"twitter:label2\" content=\"Est. tempo de leitura\" \/>\n\t<meta name=\"twitter:data2\" content=\"5 minutos\" \/>\n<script type=\"application\/ld+json\" class=\"yoast-schema-graph\">{\"@context\":\"https:\/\/schema.org\",\"@graph\":[{\"@type\":\"WebSite\",\"@id\":\"https:\/\/franciscanos.org.br\/carisma\/#website\",\"url\":\"https:\/\/franciscanos.org.br\/carisma\/\",\"name\":\"Carisma - Franciscanos\",\"description\":\"Prov\u00edncia Franciscana da Imaculada Concei\u00e7\u00e3o do Brasil - Ordem dos Frades Menores\",\"potentialAction\":[{\"@type\":\"SearchAction\",\"target\":{\"@type\":\"EntryPoint\",\"urlTemplate\":\"https:\/\/franciscanos.org.br\/carisma\/?s={search_term_string}\"},\"query-input\":\"required name=search_term_string\"}],\"inLanguage\":\"pt-BR\"},{\"@type\":\"ImageObject\",\"inLanguage\":\"pt-BR\",\"@id\":\"https:\/\/franciscanos.org.br\/carisma\/o-assistente-espiritual-na-ordem-franciscana-secular.html#primaryimage\",\"url\":\"https:\/\/franciscanos.org.br\/carisma\/wp-content\/uploads\/2011\/12\/aparecida.jpg\",\"contentUrl\":\"https:\/\/franciscanos.org.br\/carisma\/wp-content\/uploads\/2011\/12\/aparecida.jpg\",\"width\":890,\"height\":496},{\"@type\":\"WebPage\",\"@id\":\"https:\/\/franciscanos.org.br\/carisma\/o-assistente-espiritual-na-ordem-franciscana-secular.html#webpage\",\"url\":\"https:\/\/franciscanos.org.br\/carisma\/o-assistente-espiritual-na-ordem-franciscana-secular.html\",\"name\":\"O assistente espiritual na Ordem Franciscana Secular - Carisma - Franciscanos\",\"isPartOf\":{\"@id\":\"https:\/\/franciscanos.org.br\/carisma\/#website\"},\"primaryImageOfPage\":{\"@id\":\"https:\/\/franciscanos.org.br\/carisma\/o-assistente-espiritual-na-ordem-franciscana-secular.html#primaryimage\"},\"datePublished\":\"2011-12-12T16:39:31+00:00\",\"dateModified\":\"2018-11-08T18:10:22+00:00\",\"author\":{\"@id\":\"https:\/\/franciscanos.org.br\/carisma\/#\/schema\/person\/e352342a457f086dc6152f9c73a3d093\"},\"breadcrumb\":{\"@id\":\"https:\/\/franciscanos.org.br\/carisma\/o-assistente-espiritual-na-ordem-franciscana-secular.html#breadcrumb\"},\"inLanguage\":\"pt-BR\",\"potentialAction\":[{\"@type\":\"ReadAction\",\"target\":[\"https:\/\/franciscanos.org.br\/carisma\/o-assistente-espiritual-na-ordem-franciscana-secular.html\"]}]},{\"@type\":\"BreadcrumbList\",\"@id\":\"https:\/\/franciscanos.org.br\/carisma\/o-assistente-espiritual-na-ordem-franciscana-secular.html#breadcrumb\",\"itemListElement\":[{\"@type\":\"ListItem\",\"position\":1,\"name\":\"Home\",\"item\":\"https:\/\/franciscanos.org.br\/carisma\"},{\"@type\":\"ListItem\",\"position\":2,\"name\":\"O assistente espiritual na Ordem Franciscana Secular\"}]},{\"@type\":\"Person\",\"@id\":\"https:\/\/franciscanos.org.br\/carisma\/#\/schema\/person\/e352342a457f086dc6152f9c73a3d093\",\"name\":\"admin\",\"image\":{\"@type\":\"ImageObject\",\"inLanguage\":\"pt-BR\",\"@id\":\"https:\/\/franciscanos.org.br\/carisma\/#\/schema\/person\/image\/\",\"url\":\"https:\/\/secure.gravatar.com\/avatar\/e8495742d34d0ba6448ea1c628263b3e?s=96&d=mm&r=g\",\"contentUrl\":\"https:\/\/secure.gravatar.com\/avatar\/e8495742d34d0ba6448ea1c628263b3e?s=96&d=mm&r=g\",\"caption\":\"admin\"},\"url\":\"https:\/\/franciscanos.org.br\/carisma\/author\/admin\"}]}<\/script>\n<!-- \/ Yoast SEO plugin. -->","yoast_head_json":{"title":"O assistente espiritual na Ordem Franciscana Secular - Carisma - Franciscanos","robots":{"index":"index","follow":"follow","max-snippet":"max-snippet:-1","max-image-preview":"max-image-preview:large","max-video-preview":"max-video-preview:-1"},"canonical":"https:\/\/franciscanos.org.br\/carisma\/o-assistente-espiritual-na-ordem-franciscana-secular.html","og_locale":"pt_BR","og_type":"article","og_title":"O assistente espiritual na Ordem Franciscana Secular - Carisma - Franciscanos","og_description":"ORDEM FRANCISCANA SECULAR","og_url":"https:\/\/franciscanos.org.br\/carisma\/o-assistente-espiritual-na-ordem-franciscana-secular.html","og_site_name":"Carisma - Franciscanos","article_published_time":"2011-12-12T16:39:31+00:00","article_modified_time":"2018-11-08T18:10:22+00:00","og_image":[{"width":890,"height":496,"url":"https:\/\/franciscanos.org.br\/carisma\/wp-content\/uploads\/2011\/12\/aparecida.jpg","type":"image\/jpeg"}],"author":"admin","twitter_card":"summary_large_image","twitter_misc":{"Escrito por":"admin","Est. tempo de leitura":"5 minutos"},"schema":{"@context":"https:\/\/schema.org","@graph":[{"@type":"WebSite","@id":"https:\/\/franciscanos.org.br\/carisma\/#website","url":"https:\/\/franciscanos.org.br\/carisma\/","name":"Carisma - Franciscanos","description":"Prov\u00edncia Franciscana da Imaculada Concei\u00e7\u00e3o do Brasil - Ordem dos Frades Menores","potentialAction":[{"@type":"SearchAction","target":{"@type":"EntryPoint","urlTemplate":"https:\/\/franciscanos.org.br\/carisma\/?s={search_term_string}"},"query-input":"required name=search_term_string"}],"inLanguage":"pt-BR"},{"@type":"ImageObject","inLanguage":"pt-BR","@id":"https:\/\/franciscanos.org.br\/carisma\/o-assistente-espiritual-na-ordem-franciscana-secular.html#primaryimage","url":"https:\/\/franciscanos.org.br\/carisma\/wp-content\/uploads\/2011\/12\/aparecida.jpg","contentUrl":"https:\/\/franciscanos.org.br\/carisma\/wp-content\/uploads\/2011\/12\/aparecida.jpg","width":890,"height":496},{"@type":"WebPage","@id":"https:\/\/franciscanos.org.br\/carisma\/o-assistente-espiritual-na-ordem-franciscana-secular.html#webpage","url":"https:\/\/franciscanos.org.br\/carisma\/o-assistente-espiritual-na-ordem-franciscana-secular.html","name":"O assistente espiritual na Ordem Franciscana Secular - Carisma - Franciscanos","isPartOf":{"@id":"https:\/\/franciscanos.org.br\/carisma\/#website"},"primaryImageOfPage":{"@id":"https:\/\/franciscanos.org.br\/carisma\/o-assistente-espiritual-na-ordem-franciscana-secular.html#primaryimage"},"datePublished":"2011-12-12T16:39:31+00:00","dateModified":"2018-11-08T18:10:22+00:00","author":{"@id":"https:\/\/franciscanos.org.br\/carisma\/#\/schema\/person\/e352342a457f086dc6152f9c73a3d093"},"breadcrumb":{"@id":"https:\/\/franciscanos.org.br\/carisma\/o-assistente-espiritual-na-ordem-franciscana-secular.html#breadcrumb"},"inLanguage":"pt-BR","potentialAction":[{"@type":"ReadAction","target":["https:\/\/franciscanos.org.br\/carisma\/o-assistente-espiritual-na-ordem-franciscana-secular.html"]}]},{"@type":"BreadcrumbList","@id":"https:\/\/franciscanos.org.br\/carisma\/o-assistente-espiritual-na-ordem-franciscana-secular.html#breadcrumb","itemListElement":[{"@type":"ListItem","position":1,"name":"Home","item":"https:\/\/franciscanos.org.br\/carisma"},{"@type":"ListItem","position":2,"name":"O assistente espiritual na Ordem Franciscana Secular"}]},{"@type":"Person","@id":"https:\/\/franciscanos.org.br\/carisma\/#\/schema\/person\/e352342a457f086dc6152f9c73a3d093","name":"admin","image":{"@type":"ImageObject","inLanguage":"pt-BR","@id":"https:\/\/franciscanos.org.br\/carisma\/#\/schema\/person\/image\/","url":"https:\/\/secure.gravatar.com\/avatar\/e8495742d34d0ba6448ea1c628263b3e?s=96&d=mm&r=g","contentUrl":"https:\/\/secure.gravatar.com\/avatar\/e8495742d34d0ba6448ea1c628263b3e?s=96&d=mm&r=g","caption":"admin"},"url":"https:\/\/franciscanos.org.br\/carisma\/author\/admin"}]}},"_links":{"self":[{"href":"https:\/\/franciscanos.org.br\/carisma\/wp-json\/wp\/v2\/posts\/8961"}],"collection":[{"href":"https:\/\/franciscanos.org.br\/carisma\/wp-json\/wp\/v2\/posts"}],"about":[{"href":"https:\/\/franciscanos.org.br\/carisma\/wp-json\/wp\/v2\/types\/post"}],"author":[{"embeddable":true,"href":"https:\/\/franciscanos.org.br\/carisma\/wp-json\/wp\/v2\/users\/1"}],"replies":[{"embeddable":true,"href":"https:\/\/franciscanos.org.br\/carisma\/wp-json\/wp\/v2\/comments?post=8961"}],"version-history":[{"count":0,"href":"https:\/\/franciscanos.org.br\/carisma\/wp-json\/wp\/v2\/posts\/8961\/revisions"}],"wp:featuredmedia":[{"embeddable":true,"href":"https:\/\/franciscanos.org.br\/carisma\/wp-json\/wp\/v2\/media\/175226"}],"wp:attachment":[{"href":"https:\/\/franciscanos.org.br\/carisma\/wp-json\/wp\/v2\/media?parent=8961"}],"wp:term":[{"taxonomy":"category","embeddable":true,"href":"https:\/\/franciscanos.org.br\/carisma\/wp-json\/wp\/v2\/categories?post=8961"},{"taxonomy":"post_tag","embeddable":true,"href":"https:\/\/franciscanos.org.br\/carisma\/wp-json\/wp\/v2\/tags?post=8961"}],"curies":[{"name":"wp","href":"https:\/\/api.w.org\/{rel}","templated":true}]}}