{"id":8951,"date":"2011-12-12T14:33:00","date_gmt":"2011-12-12T16:33:00","guid":{"rendered":"http:\/\/new.franciscanos.org.br\/?p=8951"},"modified":"2011-12-12T14:33:00","modified_gmt":"2011-12-12T16:33:00","slug":"assistencia-espiritual-e-pastoral-a-ordem-franciscana-secular-2","status":"publish","type":"post","link":"https:\/\/franciscanos.org.br\/carisma\/assistencia-espiritual-e-pastoral-a-ordem-franciscana-secular-2.html","title":{"rendered":"Assist\u00eancia espiritual e pastoral \u00e0 Ordem Franciscana Secular"},"content":{"rendered":"<p><strong>Frei Almir Ribeiro Guimar\u00e3es, OFM (*) <\/strong><\/p>\n<p><em><img loading=\"lazy\" src=\"http:\/\/franciscanos.org.br\/v3\/almir\/artigos\/ofs\/imagens\/assistencia.jpg\" alt=\"\" width=\"300\" height=\"238\" align=\"right\" hspace=\"9\" vspace=\"9\" \/><\/em><em>Todos aqueles que somos encarregados da anima\u00e7\u00e3o de Fraternidades Franciscanas Seculares, em diferentes n\u00edveis, temos consci\u00eancia da import\u00e2ncia da presen\u00e7a do assistente espiritual na vida da Ordem Secular. O prop\u00f3sito destas linhas n\u00e3o \u00e9 repetir o que j\u00e1 foi dito e escrito em tantos momentos e em tantos lugares deste site. Elas pretendem, simplesmente, chamar aten\u00e7\u00e3o para alguns aspectos fundamentais para que os assistentes se sintam bem nesse alegre servi\u00e7o e para que as Fraternidades possam crescer. <\/em><\/p>\n<p><strong>1.<\/strong> \u201cPara ser testemunha da espiritualidade franciscana, do afeto fraterno dos religiosos aos franciscanos seculares, e v\u00ednculo de comunh\u00e3o entre a sua Ordem e a OFS, o Assistente espiritual seja de prefer\u00eancia um religioso franciscano, pertencente \u00e0 Primeira Ordem ou \u00e0 TOR\u201d <em>(CCGG OFM 89,3)<\/em>.<\/p>\n<p><strong>2. <\/strong>\u201cOs Ministros Provinciais e outros Superiores Maiores asseguram a assist\u00eancia espiritual \u00e0s Fraternidades locais, confiadas \u00e0 pr\u00f3pria jurisdi\u00e7\u00e3o. Compete particularmente a eles, em nome da respectiva jurisdi\u00e7\u00e3o: erigir canonicamente novas Fraternidades locais, assegurando a elas a assist\u00eancia da respectiva Ordem; animar espiritualmente, visitar e fazer encontros com as Fraternidades locais assistidas pela respectiva Ordem; manter-se informados sobre a assist\u00eancia espiritual prestada \u00e0 OFS e \u00e0 JUFRA; nomear os Assistentes espirituais\u201d<em> (Estatuto para a Assist\u00eancia Espiritual \u00e0 Ordem Franciscana Secular,<\/em> art. 11).<\/p>\n<p><strong>3.<\/strong> Cabe aos Ministros Provinciais erigir canonicamente. Importante que a Fraternidade a ser erigida tenha m\u00ednimas condi\u00e7\u00f5es de sobreviv\u00eancia. Os Ministros procurar\u00e3o, antes de dar o decreto de ere\u00e7\u00e3o, certificar-se se h\u00e1 assist\u00eancia para a Fraternidade e se foram pesadas todas as raz\u00f5es para sua ere\u00e7\u00e3o. Fraternidades erigidas sem assist\u00eancia t\u00eam vida curta. No in\u00edcio de sua caminhada, a Fraternidade necessita de um razo\u00e1vel grupo de iniciantes e formandos. N\u00e3o se pode erigir uma Fraternidade j\u00e1 fadada a ser encerrada.<\/p>\n<p><strong>4. <\/strong>Os Ministros Provinciais nomeiam os Assistentes. Via de regra, eles se ap\u00f3iam em listas de nomes que lhes s\u00e3o enviadas. Importante n\u00e3o apenas nomear, mas preparar os nomeados para o exerc\u00edcio de seu cargo. Na Carta de apresenta\u00e7\u00e3o do Estatuto da Assist\u00eancia Espiritual e Pastoral \u00e0 Ordem Franciscana Secular (2008), os Ministros Gerais afirmam: \u201cUma vez nomeados, os Assistentes espirituais n\u00e3o poder\u00e3o ser abandonados a si mesmos, mas devem ser acompanhados e animados a trabalharem com entusiasmo e amor para com os seculares, tanto da parte de sua comunidade, quanto de seu Superior maior, em esp\u00edrito de aut\u00eantica fam\u00edlia..<\/p>\n<p><strong>5. <\/strong>Ser assistente espiritual de uma Fraternidade Secular Franciscana \u00e9 uma voca\u00e7\u00e3o. Desde o per\u00edodo da forma\u00e7\u00e3o inicial, precisam os jovens frades conhecer a m\u00edstica dos seculares e serem informados na maneira como se far\u00e3o presentes na Ordem dos seculares e de como exercer\u00e3o seu minist\u00e9rio fraterno e pastoral. N\u00e3o basta apenas que o Ministro Provincial com seu Definit\u00f3rio nomeie o Assistente. Ser\u00e1 preciso que este \u201cvista a camisa\u201d.<\/p>\n<p><strong>6.<\/strong>Em nossas visitas pastorais tanto em n\u00edvel regional quanto local, assistentes e visitadores, ficamos sabendo que existem numerosas fraternidades sem assist\u00eancia e outras que t\u00eam frades nomeados mas que aparecem raramente e n\u00e3o acompanham as reuni\u00f5es e a vida dos irm\u00e3os. Deseja-se que os assistentes se fa\u00e7am presentes efetiva e afetivamente na vida dos irm\u00e3os da fraternidade. Deseja-se a presen\u00e7a de irm\u00e3os e pastores sem pressa e que se disponham a ser \u201cacompanhadores\u201d das fraternidades. O Assistente precisa sentir-se membro efetivo da fraternidade. Sua aus\u00eancia precisa ser sentida como uma perda para o grupo. Presen\u00e7a sem pressa e presen\u00e7a que acompanha o andamento de toda a Fraternidade e que n\u00e3o deixa que se enveredem por caminhos que n\u00e3o sejam as aut\u00eanticas vias de um franciscanismo secular hoje.<\/p>\n<p><strong>7.<\/strong> N\u00e3o \u00e9 aqui o caso de evocar todas as fun\u00e7\u00f5es do assistente. Insistimos no acompanhamento. H\u00e1 o acompanhamento nas reuni\u00f5es do conselho. O assistente n\u00e3o \u00e9 fiscal, mas irm\u00e3o que deve corrigir fraternalmente quando necess\u00e1rio. Presen\u00e7a importante \u00e9 a sua na reuni\u00e3o geral: presen\u00e7a alegre, fraterna, presen\u00e7a de um mestre da vida franciscana. O Assistente acompanhar\u00e1 cada irm\u00e3o que precisar. N\u00e3o se omitir\u00e1 no tempo da profiss\u00e3o. Os que professam deveriam ter um conversa-acompanhamento do assistente.<\/p>\n<p><strong>8.<\/strong> Por vezes, certos frades mais jovens, n\u00e3o experimentam entusiasmo pelo minist\u00e9rio junto aos seculares. Fraternidades envelhecidas, rotineiras e devocionalistas, sem desejo de transforma\u00e7\u00e3o n\u00e3o podem \u201calugar\u201d a presen\u00e7a de assistentes que s\u00e3o conseguem orientar o grupo para o verdadeiro sentido da vida franciscana secular.<\/p>\n<p><strong>9.<\/strong>Lamentamos profundamente a aus\u00eancia de assistentes idealistas e peritos na vida franciscana no meio da Juventude Franciscana. Muitos de n\u00f3s temos uma eterna d\u00edvida a frades que animavam grupos de jovens e que desenharam aos nossos olhos o projeto de nosso futuro de vida. A aus\u00eancia de frades \u201ccarism\u00e1ticos\u201d no meio da JUFRA \u00e9 uma lacuna profundamente grave.<\/p>\n<p><strong>10. <\/strong>Situa\u00e7\u00e3o delicada \u00e9 aquela vivida por Fraternidades seculares situadas em cidades e locais onde n\u00e3o existe mais uma Fraternidade da 1\u00aa Ordem. Tais grupos nem sempre contam com o apoio de um novo p\u00e1roco. Pode mesmo acontecer de que suas reuni\u00f5es no pr\u00e9dio da par\u00f3quia sejam dificultadas. A aus\u00eancia de uma assistente durante um per\u00edodo mais ou menos longo pode significar o fechamento da referida Fraternidade<\/p>\n<p><em>Concluindo,<\/em><\/p>\n<p>Dizemos que nada foi dito de novo. Trata-se de lembretes. Esperamos que os Ministros Provinciais olhem com aten\u00e7\u00e3o nossas Fraternidades Seculares, que dentro do poss\u00edvel, escolham os melhores assistentes para a fam\u00edlia franciscana secular.<\/p>\n<p>(*) <strong>Frei Almir Ribeiro Guimar\u00e3es, OFM<\/strong><br \/>\nAssistente Nacional da OFS pela OFM e Assistente Regional do Sudeste III<\/p>\n","protected":false},"excerpt":{"rendered":"<p>ORDEM FRANCISCANA SECULAR<\/p>\n","protected":false},"author":1,"featured_media":174754,"comment_status":"closed","ping_status":"open","sticky":false,"template":"","format":"standard","meta":[],"categories":[14],"tags":[],"yoast_head":"<!-- This site is optimized with the Yoast SEO plugin v19.2 - https:\/\/yoast.com\/wordpress\/plugins\/seo\/ -->\n<title>Assist\u00eancia espiritual e pastoral \u00e0 Ordem Franciscana Secular - Carisma - Franciscanos<\/title>\n<meta name=\"robots\" content=\"index, follow, max-snippet:-1, max-image-preview:large, max-video-preview:-1\" \/>\n<link rel=\"canonical\" href=\"https:\/\/franciscanos.org.br\/carisma\/assistencia-espiritual-e-pastoral-a-ordem-franciscana-secular-2.html\" \/>\n<meta property=\"og:locale\" content=\"pt_BR\" \/>\n<meta property=\"og:type\" content=\"article\" \/>\n<meta property=\"og:title\" content=\"Assist\u00eancia espiritual e pastoral \u00e0 Ordem Franciscana Secular - Carisma - Franciscanos\" \/>\n<meta property=\"og:description\" content=\"ORDEM FRANCISCANA SECULAR\" \/>\n<meta property=\"og:url\" content=\"https:\/\/franciscanos.org.br\/carisma\/assistencia-espiritual-e-pastoral-a-ordem-franciscana-secular-2.html\" \/>\n<meta property=\"og:site_name\" content=\"Carisma - Franciscanos\" \/>\n<meta property=\"article:published_time\" content=\"2011-12-12T16:33:00+00:00\" \/>\n<meta property=\"og:image\" content=\"https:\/\/franciscanos.org.br\/carisma\/wp-content\/uploads\/2018\/10\/assistencia.jpg\" \/>\n\t<meta property=\"og:image:width\" content=\"300\" \/>\n\t<meta property=\"og:image:height\" content=\"238\" \/>\n\t<meta property=\"og:image:type\" content=\"image\/jpeg\" \/>\n<meta name=\"author\" content=\"admin\" \/>\n<meta name=\"twitter:card\" content=\"summary_large_image\" \/>\n<meta name=\"twitter:label1\" content=\"Escrito por\" \/>\n\t<meta name=\"twitter:data1\" content=\"admin\" \/>\n\t<meta name=\"twitter:label2\" content=\"Est. tempo de leitura\" \/>\n\t<meta name=\"twitter:data2\" content=\"5 minutos\" \/>\n<script type=\"application\/ld+json\" class=\"yoast-schema-graph\">{\"@context\":\"https:\/\/schema.org\",\"@graph\":[{\"@type\":\"WebSite\",\"@id\":\"https:\/\/franciscanos.org.br\/carisma\/#website\",\"url\":\"https:\/\/franciscanos.org.br\/carisma\/\",\"name\":\"Carisma - Franciscanos\",\"description\":\"Prov\u00edncia Franciscana da Imaculada Concei\u00e7\u00e3o do Brasil - Ordem dos Frades Menores\",\"potentialAction\":[{\"@type\":\"SearchAction\",\"target\":{\"@type\":\"EntryPoint\",\"urlTemplate\":\"https:\/\/franciscanos.org.br\/carisma\/?s={search_term_string}\"},\"query-input\":\"required name=search_term_string\"}],\"inLanguage\":\"pt-BR\"},{\"@type\":\"ImageObject\",\"inLanguage\":\"pt-BR\",\"@id\":\"https:\/\/franciscanos.org.br\/carisma\/assistencia-espiritual-e-pastoral-a-ordem-franciscana-secular-2.html#primaryimage\",\"url\":\"https:\/\/franciscanos.org.br\/carisma\/wp-content\/uploads\/2018\/10\/assistencia.jpg\",\"contentUrl\":\"https:\/\/franciscanos.org.br\/carisma\/wp-content\/uploads\/2018\/10\/assistencia.jpg\",\"width\":300,\"height\":238},{\"@type\":\"WebPage\",\"@id\":\"https:\/\/franciscanos.org.br\/carisma\/assistencia-espiritual-e-pastoral-a-ordem-franciscana-secular-2.html#webpage\",\"url\":\"https:\/\/franciscanos.org.br\/carisma\/assistencia-espiritual-e-pastoral-a-ordem-franciscana-secular-2.html\",\"name\":\"Assist\u00eancia espiritual e pastoral \u00e0 Ordem Franciscana Secular - Carisma - Franciscanos\",\"isPartOf\":{\"@id\":\"https:\/\/franciscanos.org.br\/carisma\/#website\"},\"primaryImageOfPage\":{\"@id\":\"https:\/\/franciscanos.org.br\/carisma\/assistencia-espiritual-e-pastoral-a-ordem-franciscana-secular-2.html#primaryimage\"},\"datePublished\":\"2011-12-12T16:33:00+00:00\",\"dateModified\":\"2011-12-12T16:33:00+00:00\",\"author\":{\"@id\":\"https:\/\/franciscanos.org.br\/carisma\/#\/schema\/person\/e352342a457f086dc6152f9c73a3d093\"},\"breadcrumb\":{\"@id\":\"https:\/\/franciscanos.org.br\/carisma\/assistencia-espiritual-e-pastoral-a-ordem-franciscana-secular-2.html#breadcrumb\"},\"inLanguage\":\"pt-BR\",\"potentialAction\":[{\"@type\":\"ReadAction\",\"target\":[\"https:\/\/franciscanos.org.br\/carisma\/assistencia-espiritual-e-pastoral-a-ordem-franciscana-secular-2.html\"]}]},{\"@type\":\"BreadcrumbList\",\"@id\":\"https:\/\/franciscanos.org.br\/carisma\/assistencia-espiritual-e-pastoral-a-ordem-franciscana-secular-2.html#breadcrumb\",\"itemListElement\":[{\"@type\":\"ListItem\",\"position\":1,\"name\":\"Home\",\"item\":\"https:\/\/franciscanos.org.br\/carisma\"},{\"@type\":\"ListItem\",\"position\":2,\"name\":\"Assist\u00eancia espiritual e pastoral \u00e0 Ordem Franciscana Secular\"}]},{\"@type\":\"Person\",\"@id\":\"https:\/\/franciscanos.org.br\/carisma\/#\/schema\/person\/e352342a457f086dc6152f9c73a3d093\",\"name\":\"admin\",\"image\":{\"@type\":\"ImageObject\",\"inLanguage\":\"pt-BR\",\"@id\":\"https:\/\/franciscanos.org.br\/carisma\/#\/schema\/person\/image\/\",\"url\":\"https:\/\/secure.gravatar.com\/avatar\/e8495742d34d0ba6448ea1c628263b3e?s=96&d=mm&r=g\",\"contentUrl\":\"https:\/\/secure.gravatar.com\/avatar\/e8495742d34d0ba6448ea1c628263b3e?s=96&d=mm&r=g\",\"caption\":\"admin\"},\"url\":\"https:\/\/franciscanos.org.br\/carisma\/author\/admin\"}]}<\/script>\n<!-- \/ Yoast SEO plugin. -->","yoast_head_json":{"title":"Assist\u00eancia espiritual e pastoral \u00e0 Ordem Franciscana Secular - Carisma - Franciscanos","robots":{"index":"index","follow":"follow","max-snippet":"max-snippet:-1","max-image-preview":"max-image-preview:large","max-video-preview":"max-video-preview:-1"},"canonical":"https:\/\/franciscanos.org.br\/carisma\/assistencia-espiritual-e-pastoral-a-ordem-franciscana-secular-2.html","og_locale":"pt_BR","og_type":"article","og_title":"Assist\u00eancia espiritual e pastoral \u00e0 Ordem Franciscana Secular - Carisma - Franciscanos","og_description":"ORDEM FRANCISCANA SECULAR","og_url":"https:\/\/franciscanos.org.br\/carisma\/assistencia-espiritual-e-pastoral-a-ordem-franciscana-secular-2.html","og_site_name":"Carisma - Franciscanos","article_published_time":"2011-12-12T16:33:00+00:00","og_image":[{"width":300,"height":238,"url":"https:\/\/franciscanos.org.br\/carisma\/wp-content\/uploads\/2018\/10\/assistencia.jpg","type":"image\/jpeg"}],"author":"admin","twitter_card":"summary_large_image","twitter_misc":{"Escrito por":"admin","Est. tempo de leitura":"5 minutos"},"schema":{"@context":"https:\/\/schema.org","@graph":[{"@type":"WebSite","@id":"https:\/\/franciscanos.org.br\/carisma\/#website","url":"https:\/\/franciscanos.org.br\/carisma\/","name":"Carisma - Franciscanos","description":"Prov\u00edncia Franciscana da Imaculada Concei\u00e7\u00e3o do Brasil - Ordem dos Frades Menores","potentialAction":[{"@type":"SearchAction","target":{"@type":"EntryPoint","urlTemplate":"https:\/\/franciscanos.org.br\/carisma\/?s={search_term_string}"},"query-input":"required name=search_term_string"}],"inLanguage":"pt-BR"},{"@type":"ImageObject","inLanguage":"pt-BR","@id":"https:\/\/franciscanos.org.br\/carisma\/assistencia-espiritual-e-pastoral-a-ordem-franciscana-secular-2.html#primaryimage","url":"https:\/\/franciscanos.org.br\/carisma\/wp-content\/uploads\/2018\/10\/assistencia.jpg","contentUrl":"https:\/\/franciscanos.org.br\/carisma\/wp-content\/uploads\/2018\/10\/assistencia.jpg","width":300,"height":238},{"@type":"WebPage","@id":"https:\/\/franciscanos.org.br\/carisma\/assistencia-espiritual-e-pastoral-a-ordem-franciscana-secular-2.html#webpage","url":"https:\/\/franciscanos.org.br\/carisma\/assistencia-espiritual-e-pastoral-a-ordem-franciscana-secular-2.html","name":"Assist\u00eancia espiritual e pastoral \u00e0 Ordem Franciscana Secular - Carisma - Franciscanos","isPartOf":{"@id":"https:\/\/franciscanos.org.br\/carisma\/#website"},"primaryImageOfPage":{"@id":"https:\/\/franciscanos.org.br\/carisma\/assistencia-espiritual-e-pastoral-a-ordem-franciscana-secular-2.html#primaryimage"},"datePublished":"2011-12-12T16:33:00+00:00","dateModified":"2011-12-12T16:33:00+00:00","author":{"@id":"https:\/\/franciscanos.org.br\/carisma\/#\/schema\/person\/e352342a457f086dc6152f9c73a3d093"},"breadcrumb":{"@id":"https:\/\/franciscanos.org.br\/carisma\/assistencia-espiritual-e-pastoral-a-ordem-franciscana-secular-2.html#breadcrumb"},"inLanguage":"pt-BR","potentialAction":[{"@type":"ReadAction","target":["https:\/\/franciscanos.org.br\/carisma\/assistencia-espiritual-e-pastoral-a-ordem-franciscana-secular-2.html"]}]},{"@type":"BreadcrumbList","@id":"https:\/\/franciscanos.org.br\/carisma\/assistencia-espiritual-e-pastoral-a-ordem-franciscana-secular-2.html#breadcrumb","itemListElement":[{"@type":"ListItem","position":1,"name":"Home","item":"https:\/\/franciscanos.org.br\/carisma"},{"@type":"ListItem","position":2,"name":"Assist\u00eancia espiritual e pastoral \u00e0 Ordem Franciscana Secular"}]},{"@type":"Person","@id":"https:\/\/franciscanos.org.br\/carisma\/#\/schema\/person\/e352342a457f086dc6152f9c73a3d093","name":"admin","image":{"@type":"ImageObject","inLanguage":"pt-BR","@id":"https:\/\/franciscanos.org.br\/carisma\/#\/schema\/person\/image\/","url":"https:\/\/secure.gravatar.com\/avatar\/e8495742d34d0ba6448ea1c628263b3e?s=96&d=mm&r=g","contentUrl":"https:\/\/secure.gravatar.com\/avatar\/e8495742d34d0ba6448ea1c628263b3e?s=96&d=mm&r=g","caption":"admin"},"url":"https:\/\/franciscanos.org.br\/carisma\/author\/admin"}]}},"_links":{"self":[{"href":"https:\/\/franciscanos.org.br\/carisma\/wp-json\/wp\/v2\/posts\/8951"}],"collection":[{"href":"https:\/\/franciscanos.org.br\/carisma\/wp-json\/wp\/v2\/posts"}],"about":[{"href":"https:\/\/franciscanos.org.br\/carisma\/wp-json\/wp\/v2\/types\/post"}],"author":[{"embeddable":true,"href":"https:\/\/franciscanos.org.br\/carisma\/wp-json\/wp\/v2\/users\/1"}],"replies":[{"embeddable":true,"href":"https:\/\/franciscanos.org.br\/carisma\/wp-json\/wp\/v2\/comments?post=8951"}],"version-history":[{"count":0,"href":"https:\/\/franciscanos.org.br\/carisma\/wp-json\/wp\/v2\/posts\/8951\/revisions"}],"wp:featuredmedia":[{"embeddable":true,"href":"https:\/\/franciscanos.org.br\/carisma\/wp-json\/wp\/v2\/media\/174754"}],"wp:attachment":[{"href":"https:\/\/franciscanos.org.br\/carisma\/wp-json\/wp\/v2\/media?parent=8951"}],"wp:term":[{"taxonomy":"category","embeddable":true,"href":"https:\/\/franciscanos.org.br\/carisma\/wp-json\/wp\/v2\/categories?post=8951"},{"taxonomy":"post_tag","embeddable":true,"href":"https:\/\/franciscanos.org.br\/carisma\/wp-json\/wp\/v2\/tags?post=8951"}],"curies":[{"name":"wp","href":"https:\/\/api.w.org\/{rel}","templated":true}]}}