{"id":8947,"date":"2011-12-12T14:31:11","date_gmt":"2011-12-12T16:31:11","guid":{"rendered":"http:\/\/new.franciscanos.org.br\/?p=8947"},"modified":"2011-12-12T14:31:11","modified_gmt":"2011-12-12T16:31:11","slug":"a-ordem-franciscana-secular-e-seus-assistentes","status":"publish","type":"post","link":"https:\/\/franciscanos.org.br\/carisma\/a-ordem-franciscana-secular-e-seus-assistentes.html","title":{"rendered":"A Ordem Franciscana Secular e seus assistentes"},"content":{"rendered":"<h4>Refletindo e provocando<\/h4>\n<p align=\"left\"><strong>Frei Almir Ribeiro Guimar\u00e3es, OFM (*)<\/strong><\/p>\n<p><strong><img loading=\"lazy\" src=\"http:\/\/franciscanos.org.br\/v3\/almir\/artigos\/ofs\/imagens\/irmaos_g200410.jpg\" alt=\"\" width=\"270\" height=\"325\" align=\"right\" hspace=\"9\" vspace=\"9\" \/>1. <\/strong>Fala-se de uma assist\u00eancia espiritual e pastoral a ser prestada pelos assistentes aos irm\u00e3os e irm\u00e3s da Ordem Franciscana Secular. O termo adotado \u00e9 assistente e n\u00e3o conselheiro, nem diretor, sem comiss\u00e1rio. H\u00e1 um respeito pelo car\u00e1ter secular da OFS. O que n\u00e3o quer dizer que o assistente se coloque numa posi\u00e7\u00e3o de inferioridade.<\/p>\n<p><strong>2.<\/strong> Dito isto parece fundamental que todas as Fraternidades tenham assistentes. N\u00e3o se trata de uma figura decorativa, \u00fatil apenas para celebrar a missa, dar absolvi\u00e7\u00e3o aos penitentes e dizer algumas palavras na reuni\u00e3o geral ou mensal. O franciscano assistente da I Ordem ou da TOR visa garantir a fidelidade da OFS ao carisma franciscano, a comunh\u00e3o com a Igreja e a uni\u00e3o com a Fam\u00edlia franciscana.<\/p>\n<p><strong>3. <\/strong>A pedido das Fraternidades, os Provinciais s\u00e3o obrigados a nomear assistentes em n\u00edvel de sua jurisdi\u00e7\u00e3o. Documento da Confer\u00eancia dos Ministros Gerais fala de pessoas id\u00f4neas para este servi\u00e7o. Por isso, a nomea\u00e7\u00e3o e escolha ser\u00e1 feita com discernimento. Frades exemplares e cheios de fervor franciscano ser\u00e3o os assistentes. O assistente acompanha um grupo durante um tempo. \u00c9 membro do Conselho e tem palavra importante e indispens\u00e1vel a dizer.<\/p>\n<p><strong>4.<\/strong> Os que s\u00e3o nomeados n\u00e3o podem ser entregues \u00e0 pr\u00f3pria sorte. Precisam ser acompanhados em sua miss\u00e3o. J\u00e1 no tempo da forma\u00e7\u00e3o inicial, os Provinciais urgir\u00e3o que os jovens frades conhe\u00e7am e estimem a Ordem Franciscana Secular e coloquem como possibilidade de suas vidas se dedicarem a eles. Encontros regulares de acompanhamento dos assistentes dever\u00e3o ser programados nos regionais da OFS. Pergunto: tamb\u00e9m com os assistentes de uma determinada Provincia?<\/p>\n<p><strong>5.<\/strong> Os assistentes ser\u00e3o capazes de acompanhar os franciscanos seculares na forma\u00e7\u00e3o inicial e permanente. Mais do que isso: acompanhar\u00e3o as etapas da vida dos irm\u00e3os na busca da santidade, no desejo de serem pessoas engajadas na vida da Igreja, no crescimento em todos os sentidos. Toda sua atividade ser\u00e1 feita em estreita comunh\u00e3o com os leigos do Conselho.<\/p>\n<p><strong>6.<\/strong> Ouve-se dizer que a Igreja do s\u00e9culo XXI ser\u00e1 dos leigos. At\u00e9 agora n\u00e3o vimos efetivamente a concretiza\u00e7\u00e3o do fato. Muitos frades n\u00e3o se sentem animados a serem assistentes da Fraternidades da OFS constitu\u00eddas de pessoas envelhecidas, marcadas por um certo devocionalismo e, segundo alguns, pela preocupa\u00e7\u00e3o de conservar o adquirido. Ora, parece fundamental que os frades estimem essa fam\u00edlia de leigos, dotada de uma Regra atualizada, pautada nos documentos do Vaticano II. A presen\u00e7a competente de um assistente poder\u00e1 ser ajuda no sentido de que leigos franciscanos, os que j\u00e1 professaram e os que poder\u00e3o ainda ingressar nas fileiras da Ordem, venham a constituir um laicato maduro. N\u00e3o se trata apenas de preparar os leigos para serem auxiliares da pastoral lit\u00fargica ou respons\u00e1veis pela pastoral do batismo ou dos outros sacramentos. Os franciscanos seculares, auxiliados por entusiasmados assistentes, precisam ser iniciados no m\u00e9todo do <strong>ver, julgar e agir<\/strong>.<\/p>\n<p><strong>7.<\/strong> Os frades assistentes saber\u00e3o, eles que vivem, dia a dia, a fraternidade passar para os terceiros o gosto pela vida fraterna, pela ora\u00e7\u00e3o em comum, pela partilha de vida. O Conselho saber\u00e1 organizar reuni\u00f5es cheias de vida, com a presen\u00e7a de todos, com a participa\u00e7\u00e3o de todos.<\/p>\n<p><strong>8.<\/strong> Evidentemente que as fraternidades seculares dever\u00e3o tamb\u00e9m colaborar. N\u00e3o adianta chamar um assistente que ser\u00e1 envolvido nas teias da mesmice e da repeti\u00e7\u00e3o de ritos que n\u00e3o levam ao amanh\u00e3 do mundo e de uma vida franciscana sem o frescor do Evangelho. Pode ser que, em certas circunst\u00e2ncias, fraternidades seculares desmotivem seus assistentes.<\/p>\n<p><strong>9.<\/strong> Na apresenta\u00e7\u00e3o do seu Relat\u00f3rio no Cap\u00edtulo dos Frades Menores de 2009, o Ministro Geral Jos\u00e9 Rodriguez Carballo, referia-se ao fato de que os frades, no contexto atual, trabalhar\u00e3o em colabora\u00e7\u00e3o com os leigos. Transcrevemos algumas de suas recomenda\u00e7\u00f5es:<\/p>\n<p>\u2022 Falar mais com os leigos do que falar dos leigos.<\/p>\n<p>\u2022 Formarmo-nos para uma colabora\u00e7\u00e3o na reciprocidade, segundo a qual os leigos n\u00e3o sejam meros clientes, mas verdadeiros protagonistas, que n\u00e3o sejam um carbono de nossa vida religiosa e que a partir de sua pr\u00f3pria identidade assumam suas especificas responsabilidades.<\/p>\n<p>\u2022 Formar os leigos no carisma franciscano se desejamos que eles entrem plenamente na miss\u00e3o eclesial de nossa Ordem e se desejamos que o nosso carisma continue tendo express\u00e3o na Igreja e no mundo.<\/p>\n<p>\u2022 Estar aberto para reler nosso carisma, situando-o de uma maneira nova, nestes tempos delicados e dif\u00edceis, adaptando-o a formas que sejam necess\u00e1rias aos novos tempos, \u00e0s novas situa\u00e7\u00f5es e \u00e0s diversas urg\u00eancias com plena docilidade \u00e0s inspira\u00e7\u00f5es divinas e ao discernimento eclesial ( <em>Vita Consecrata 37<\/em>). Uma estreita colabora\u00e7\u00e3o com os leigos nos levar\u00e1 sem d\u00favida alguma a uma nova compreens\u00e3o de nossa identidade dom Irm\u00e3os Menores.<\/p>\n<p><strong>10.<\/strong> Algumas sugest\u00f5es e solicita\u00e7\u00f5es:<\/p>\n<p>\u2022 O Assistente precisa gostar dos leigos da Ordem Franciscana Secular. N\u00e3o pensamos num gosto sentimental. Eles s\u00e3o nossos irm\u00e3os, irm\u00e3os leigos que o Senhor nos d\u00e1.<\/p>\n<p>\u2022 O Assistente participar\u00e1 de todas as reuni\u00f5es da Fraternidade do Conselho, na medida do poss\u00edvel ( e quase do imposs\u00edvel&#8230;).<\/p>\n<p>\u2022 Sempre ter\u00e1 em mente que lhe cabe acompanhar um grupo. Insistimos no verbo acompanhar. O pastoral sempre comporta o acompanhamento e n\u00e3o visitas espor\u00e1dicas.<\/p>\n<p>\u2022 Procurar\u00e1 ele sempre estar perto dos que fazem a forma\u00e7\u00e3o inicial. E dar\u00e1 seu parecer sincero e abalizado na hora da profiss\u00e3o. Nas reuni\u00f5es formar\u00e1 leigos no carisma franciscano.<\/p>\n<p>\u2022 Despertar\u00e1 nos seculares o gosto pela Eucaristia, se poss\u00edvel di\u00e1ria. Da mesma forma levar\u00e1 os irm\u00e3os a viverem a Liturgia das Horas no seu dia-a-dia.<\/p>\n<p>\u2022 No intuito de formar um laicato maduro na Igreja procurar\u00e1 o Assistente exercitar os irm\u00e3os no m\u00e9todo do ver-julgar-agir.<\/p>\n<p>\u2022 Os Conselhos dever\u00e3o ser despertos para o estudo e para a forma\u00e7\u00e3o de lideran\u00e7as leigas que abram caminhos novos para o franciscanismo.<\/p>\n<p>\u2022 Junto com os leigos os frades assistentes precisam descobrir meios e modos para mostrar que o carisma franciscano \u00e9 significativo para nossos tempos, apesar da diminui\u00e7\u00e3o do numero dos franciscanos e do envelhecimento de muitas fraternidades.<\/p>\n<p align=\"left\">(*) <strong>Frei Almir Ribeiro Guimar\u00e3es, OFM<\/strong><br \/>\nAssistente Nacional da OFS pela OFM e Assistente Regional do Sudeste III<\/p>\n","protected":false},"excerpt":{"rendered":"<p>ORDEM FRANCISCANA SECULAR<\/p>\n","protected":false},"author":1,"featured_media":174752,"comment_status":"closed","ping_status":"open","sticky":false,"template":"","format":"standard","meta":[],"categories":[14],"tags":[],"yoast_head":"<!-- This site is optimized with the Yoast SEO plugin v19.2 - https:\/\/yoast.com\/wordpress\/plugins\/seo\/ -->\n<title>A Ordem Franciscana Secular e seus assistentes - Carisma - Franciscanos<\/title>\n<meta name=\"robots\" content=\"index, follow, max-snippet:-1, max-image-preview:large, max-video-preview:-1\" \/>\n<link rel=\"canonical\" href=\"https:\/\/franciscanos.org.br\/carisma\/a-ordem-franciscana-secular-e-seus-assistentes.html\" \/>\n<meta property=\"og:locale\" content=\"pt_BR\" \/>\n<meta property=\"og:type\" content=\"article\" \/>\n<meta property=\"og:title\" content=\"A Ordem Franciscana Secular e seus assistentes - Carisma - Franciscanos\" \/>\n<meta property=\"og:description\" content=\"ORDEM FRANCISCANA SECULAR\" \/>\n<meta property=\"og:url\" content=\"https:\/\/franciscanos.org.br\/carisma\/a-ordem-franciscana-secular-e-seus-assistentes.html\" \/>\n<meta property=\"og:site_name\" content=\"Carisma - Franciscanos\" \/>\n<meta property=\"article:published_time\" content=\"2011-12-12T16:31:11+00:00\" \/>\n<meta property=\"og:image\" content=\"https:\/\/franciscanos.org.br\/carisma\/wp-content\/uploads\/2018\/10\/irmaos_g200410.jpg\" \/>\n\t<meta property=\"og:image:width\" content=\"270\" \/>\n\t<meta property=\"og:image:height\" content=\"325\" \/>\n\t<meta property=\"og:image:type\" content=\"image\/jpeg\" \/>\n<meta name=\"author\" content=\"admin\" \/>\n<meta name=\"twitter:card\" content=\"summary_large_image\" \/>\n<meta name=\"twitter:label1\" content=\"Escrito por\" \/>\n\t<meta name=\"twitter:data1\" content=\"admin\" \/>\n\t<meta name=\"twitter:label2\" content=\"Est. tempo de leitura\" \/>\n\t<meta name=\"twitter:data2\" content=\"5 minutos\" \/>\n<script type=\"application\/ld+json\" class=\"yoast-schema-graph\">{\"@context\":\"https:\/\/schema.org\",\"@graph\":[{\"@type\":\"WebSite\",\"@id\":\"https:\/\/franciscanos.org.br\/carisma\/#website\",\"url\":\"https:\/\/franciscanos.org.br\/carisma\/\",\"name\":\"Carisma - Franciscanos\",\"description\":\"Prov\u00edncia Franciscana da Imaculada Concei\u00e7\u00e3o do Brasil - Ordem dos Frades Menores\",\"potentialAction\":[{\"@type\":\"SearchAction\",\"target\":{\"@type\":\"EntryPoint\",\"urlTemplate\":\"https:\/\/franciscanos.org.br\/carisma\/?s={search_term_string}\"},\"query-input\":\"required name=search_term_string\"}],\"inLanguage\":\"pt-BR\"},{\"@type\":\"ImageObject\",\"inLanguage\":\"pt-BR\",\"@id\":\"https:\/\/franciscanos.org.br\/carisma\/a-ordem-franciscana-secular-e-seus-assistentes.html#primaryimage\",\"url\":\"https:\/\/franciscanos.org.br\/carisma\/wp-content\/uploads\/2018\/10\/irmaos_g200410.jpg\",\"contentUrl\":\"https:\/\/franciscanos.org.br\/carisma\/wp-content\/uploads\/2018\/10\/irmaos_g200410.jpg\",\"width\":270,\"height\":325},{\"@type\":\"WebPage\",\"@id\":\"https:\/\/franciscanos.org.br\/carisma\/a-ordem-franciscana-secular-e-seus-assistentes.html#webpage\",\"url\":\"https:\/\/franciscanos.org.br\/carisma\/a-ordem-franciscana-secular-e-seus-assistentes.html\",\"name\":\"A Ordem Franciscana Secular e seus assistentes - Carisma - Franciscanos\",\"isPartOf\":{\"@id\":\"https:\/\/franciscanos.org.br\/carisma\/#website\"},\"primaryImageOfPage\":{\"@id\":\"https:\/\/franciscanos.org.br\/carisma\/a-ordem-franciscana-secular-e-seus-assistentes.html#primaryimage\"},\"datePublished\":\"2011-12-12T16:31:11+00:00\",\"dateModified\":\"2011-12-12T16:31:11+00:00\",\"author\":{\"@id\":\"https:\/\/franciscanos.org.br\/carisma\/#\/schema\/person\/e352342a457f086dc6152f9c73a3d093\"},\"breadcrumb\":{\"@id\":\"https:\/\/franciscanos.org.br\/carisma\/a-ordem-franciscana-secular-e-seus-assistentes.html#breadcrumb\"},\"inLanguage\":\"pt-BR\",\"potentialAction\":[{\"@type\":\"ReadAction\",\"target\":[\"https:\/\/franciscanos.org.br\/carisma\/a-ordem-franciscana-secular-e-seus-assistentes.html\"]}]},{\"@type\":\"BreadcrumbList\",\"@id\":\"https:\/\/franciscanos.org.br\/carisma\/a-ordem-franciscana-secular-e-seus-assistentes.html#breadcrumb\",\"itemListElement\":[{\"@type\":\"ListItem\",\"position\":1,\"name\":\"Home\",\"item\":\"https:\/\/franciscanos.org.br\/carisma\"},{\"@type\":\"ListItem\",\"position\":2,\"name\":\"A Ordem Franciscana Secular e seus assistentes\"}]},{\"@type\":\"Person\",\"@id\":\"https:\/\/franciscanos.org.br\/carisma\/#\/schema\/person\/e352342a457f086dc6152f9c73a3d093\",\"name\":\"admin\",\"image\":{\"@type\":\"ImageObject\",\"inLanguage\":\"pt-BR\",\"@id\":\"https:\/\/franciscanos.org.br\/carisma\/#\/schema\/person\/image\/\",\"url\":\"https:\/\/secure.gravatar.com\/avatar\/e8495742d34d0ba6448ea1c628263b3e?s=96&d=mm&r=g\",\"contentUrl\":\"https:\/\/secure.gravatar.com\/avatar\/e8495742d34d0ba6448ea1c628263b3e?s=96&d=mm&r=g\",\"caption\":\"admin\"},\"url\":\"https:\/\/franciscanos.org.br\/carisma\/author\/admin\"}]}<\/script>\n<!-- \/ Yoast SEO plugin. -->","yoast_head_json":{"title":"A Ordem Franciscana Secular e seus assistentes - Carisma - Franciscanos","robots":{"index":"index","follow":"follow","max-snippet":"max-snippet:-1","max-image-preview":"max-image-preview:large","max-video-preview":"max-video-preview:-1"},"canonical":"https:\/\/franciscanos.org.br\/carisma\/a-ordem-franciscana-secular-e-seus-assistentes.html","og_locale":"pt_BR","og_type":"article","og_title":"A Ordem Franciscana Secular e seus assistentes - Carisma - Franciscanos","og_description":"ORDEM FRANCISCANA SECULAR","og_url":"https:\/\/franciscanos.org.br\/carisma\/a-ordem-franciscana-secular-e-seus-assistentes.html","og_site_name":"Carisma - Franciscanos","article_published_time":"2011-12-12T16:31:11+00:00","og_image":[{"width":270,"height":325,"url":"https:\/\/franciscanos.org.br\/carisma\/wp-content\/uploads\/2018\/10\/irmaos_g200410.jpg","type":"image\/jpeg"}],"author":"admin","twitter_card":"summary_large_image","twitter_misc":{"Escrito por":"admin","Est. tempo de leitura":"5 minutos"},"schema":{"@context":"https:\/\/schema.org","@graph":[{"@type":"WebSite","@id":"https:\/\/franciscanos.org.br\/carisma\/#website","url":"https:\/\/franciscanos.org.br\/carisma\/","name":"Carisma - Franciscanos","description":"Prov\u00edncia Franciscana da Imaculada Concei\u00e7\u00e3o do Brasil - Ordem dos Frades Menores","potentialAction":[{"@type":"SearchAction","target":{"@type":"EntryPoint","urlTemplate":"https:\/\/franciscanos.org.br\/carisma\/?s={search_term_string}"},"query-input":"required name=search_term_string"}],"inLanguage":"pt-BR"},{"@type":"ImageObject","inLanguage":"pt-BR","@id":"https:\/\/franciscanos.org.br\/carisma\/a-ordem-franciscana-secular-e-seus-assistentes.html#primaryimage","url":"https:\/\/franciscanos.org.br\/carisma\/wp-content\/uploads\/2018\/10\/irmaos_g200410.jpg","contentUrl":"https:\/\/franciscanos.org.br\/carisma\/wp-content\/uploads\/2018\/10\/irmaos_g200410.jpg","width":270,"height":325},{"@type":"WebPage","@id":"https:\/\/franciscanos.org.br\/carisma\/a-ordem-franciscana-secular-e-seus-assistentes.html#webpage","url":"https:\/\/franciscanos.org.br\/carisma\/a-ordem-franciscana-secular-e-seus-assistentes.html","name":"A Ordem Franciscana Secular e seus assistentes - Carisma - Franciscanos","isPartOf":{"@id":"https:\/\/franciscanos.org.br\/carisma\/#website"},"primaryImageOfPage":{"@id":"https:\/\/franciscanos.org.br\/carisma\/a-ordem-franciscana-secular-e-seus-assistentes.html#primaryimage"},"datePublished":"2011-12-12T16:31:11+00:00","dateModified":"2011-12-12T16:31:11+00:00","author":{"@id":"https:\/\/franciscanos.org.br\/carisma\/#\/schema\/person\/e352342a457f086dc6152f9c73a3d093"},"breadcrumb":{"@id":"https:\/\/franciscanos.org.br\/carisma\/a-ordem-franciscana-secular-e-seus-assistentes.html#breadcrumb"},"inLanguage":"pt-BR","potentialAction":[{"@type":"ReadAction","target":["https:\/\/franciscanos.org.br\/carisma\/a-ordem-franciscana-secular-e-seus-assistentes.html"]}]},{"@type":"BreadcrumbList","@id":"https:\/\/franciscanos.org.br\/carisma\/a-ordem-franciscana-secular-e-seus-assistentes.html#breadcrumb","itemListElement":[{"@type":"ListItem","position":1,"name":"Home","item":"https:\/\/franciscanos.org.br\/carisma"},{"@type":"ListItem","position":2,"name":"A Ordem Franciscana Secular e seus assistentes"}]},{"@type":"Person","@id":"https:\/\/franciscanos.org.br\/carisma\/#\/schema\/person\/e352342a457f086dc6152f9c73a3d093","name":"admin","image":{"@type":"ImageObject","inLanguage":"pt-BR","@id":"https:\/\/franciscanos.org.br\/carisma\/#\/schema\/person\/image\/","url":"https:\/\/secure.gravatar.com\/avatar\/e8495742d34d0ba6448ea1c628263b3e?s=96&d=mm&r=g","contentUrl":"https:\/\/secure.gravatar.com\/avatar\/e8495742d34d0ba6448ea1c628263b3e?s=96&d=mm&r=g","caption":"admin"},"url":"https:\/\/franciscanos.org.br\/carisma\/author\/admin"}]}},"_links":{"self":[{"href":"https:\/\/franciscanos.org.br\/carisma\/wp-json\/wp\/v2\/posts\/8947"}],"collection":[{"href":"https:\/\/franciscanos.org.br\/carisma\/wp-json\/wp\/v2\/posts"}],"about":[{"href":"https:\/\/franciscanos.org.br\/carisma\/wp-json\/wp\/v2\/types\/post"}],"author":[{"embeddable":true,"href":"https:\/\/franciscanos.org.br\/carisma\/wp-json\/wp\/v2\/users\/1"}],"replies":[{"embeddable":true,"href":"https:\/\/franciscanos.org.br\/carisma\/wp-json\/wp\/v2\/comments?post=8947"}],"version-history":[{"count":0,"href":"https:\/\/franciscanos.org.br\/carisma\/wp-json\/wp\/v2\/posts\/8947\/revisions"}],"wp:featuredmedia":[{"embeddable":true,"href":"https:\/\/franciscanos.org.br\/carisma\/wp-json\/wp\/v2\/media\/174752"}],"wp:attachment":[{"href":"https:\/\/franciscanos.org.br\/carisma\/wp-json\/wp\/v2\/media?parent=8947"}],"wp:term":[{"taxonomy":"category","embeddable":true,"href":"https:\/\/franciscanos.org.br\/carisma\/wp-json\/wp\/v2\/categories?post=8947"},{"taxonomy":"post_tag","embeddable":true,"href":"https:\/\/franciscanos.org.br\/carisma\/wp-json\/wp\/v2\/tags?post=8947"}],"curies":[{"name":"wp","href":"https:\/\/api.w.org\/{rel}","templated":true}]}}