{"id":8937,"date":"2011-12-12T14:27:06","date_gmt":"2011-12-12T16:27:06","guid":{"rendered":"http:\/\/new.franciscanos.org.br\/?p=8937"},"modified":"2018-11-08T16:47:00","modified_gmt":"2018-11-08T18:47:00","slug":"quem-pode-ser-franciscano-secular","status":"publish","type":"post","link":"https:\/\/franciscanos.org.br\/carisma\/quem-pode-ser-franciscano-secular.html","title":{"rendered":"Quem pode ser franciscano secular?"},"content":{"rendered":"<h4><img loading=\"lazy\" class=\"alignnone size-full wp-image-175247\" src=\"http:\/\/franciscanos.org.br\/carisma\/wp-content\/uploads\/2011\/12\/ofs_04.jpg\" alt=\"\" width=\"890\" height=\"416\" srcset=\"https:\/\/franciscanos.org.br\/carisma\/wp-content\/uploads\/2011\/12\/ofs_04.jpg 890w, https:\/\/franciscanos.org.br\/carisma\/wp-content\/uploads\/2011\/12\/ofs_04-450x210.jpg 450w, https:\/\/franciscanos.org.br\/carisma\/wp-content\/uploads\/2011\/12\/ofs_04-768x359.jpg 768w, https:\/\/franciscanos.org.br\/carisma\/wp-content\/uploads\/2011\/12\/ofs_04-150x70.jpg 150w\" sizes=\"(max-width: 890px) 100vw, 890px\" \/><\/h4>\n<h4>Crit\u00e9rios de chamamento<\/h4>\n<p align=\"left\"><strong>Frei Almir Ribeiro Guimar\u00e3es, OFM (*)<\/strong><\/p>\n<p><strong>1.<\/strong> Nossas fraternidades franciscanas seculares est\u00e3o espalhadas pelo mundo afora com suas luzes e sombras. Elas s\u00e3o constitu\u00eddas de irm\u00e3os e irm\u00e3s que, impulsionados a atingir a perfei\u00e7\u00e3o da caridade no pr\u00f3prio estado secular, s\u00e3o empenhados pela Profiss\u00e3o a viver o Evangelho \u00e0 maneira de Francisco e mediante a Regra aprovada pela Igreja ( <em>cf. Regra,2<\/em>). Entre n\u00f3s h\u00e1 fraternidades vigorosas e outras envelhecidas e desmotivadas. As portas de tais fraternidades est\u00e3o abertas a todos os que quiserem privar de nossa maneira franciscana de viver a f\u00e9 e o evangelho.<\/p>\n<p><strong>2.<\/strong> Os que ingressam na Ordem s\u00e3o seculares, pessoas que vivem no mundo, na fam\u00edlia e no trabalho. Normalmente tais pessoas n\u00e3o devem estar submersas por tantas atividades em suas par\u00f3quias de tal forma que a Ordem ser\u00e1 um ap\u00eandice sem import\u00e2ncia de suas vidas. Insistimos no car\u00e1ter secular. Pensamos num laicato marcado pelo ver-julgar-agir. N\u00e3o basta apenas um laicato devocional e que realiza algumas fun\u00e7\u00f5es pastorais e lit\u00fargicas. Queremos leigos que estejam num crescimento de sua voca\u00e7\u00e3o no meio do mundo. Os franciscanos seculares s\u00e3o leigos de verdade. Nunca \u00e9 demais insistir nesse aspecto.<\/p>\n<p><strong>3.<\/strong> Podem ser chamados para fazer parte da Ordem Franciscana Seculares aqueles que andam numa s\u00e9ria busca de Deus, que n\u00e3o se satisfazem com a missa dominical e com meia d\u00fazia de pr\u00e1ticas religiosas. S\u00e3o pessoas que, aqui ou ali, descobriram Cristo existencialmente e desejam, \u00e0 maneira de Francisco, segui-lo e compreender melhor seu mist\u00e9rio de abaixamento e k\u00e9nose. Os melhores candidatos para nossas fraternidades s\u00e3o aqueles que est\u00e3o em busca. Nunca se haver\u00e1 de esquecer que os que ingressam na Ordem respondem a um chamamento. Os melhores candidatos s\u00e3o aqueles que t\u00eam senso critico diante de comunidades alienadas e preocupadas apenas com o devocional e com uma dimens\u00e3o caritativa assistencialista ou cultivadores exageradas de emo\u00e7\u00f5es.<\/p>\n<p><strong>4.<\/strong> Podem ser chamados para a Ordem Franciscana Secular rapazes e mo\u00e7as, homens e mulheres, solteiros e casados que experimentam vontade de viver o Evangelho e n\u00e3o apenas seguir uma religi\u00e3o formal e legalista. Os que gostam de rezar no sil\u00eancio do quarto, os que quando solicitados al\u00e9m do manto d\u00e3o a t\u00fanica, os que n\u00e3o andam atr\u00e1s de honras e cargos, os que n\u00e3o contentam com apar\u00eancias e buscam o cerne das coisas. Os franciscanos seculares sentem nos l\u00e1bios o gosto da espontaneidade como Francisco acolhia os pedidos e exig\u00eancias do Evangelho.<\/p>\n<p><strong>5.<\/strong> S\u00e3o aptos para fazer a caminhada espiritual da Ordem Franciscana Secular os que desejam desvencilhar de certas amarras da sociedade: dinheiro, sempre mais dinheiro, profiss\u00e3o rent\u00e1vel, sempre mais rent\u00e1vel, sociedade de competi\u00e7\u00e3o e de esquecimento dos outros, sociedade que usa as pessoas como coisas. N\u00e3o est\u00e3o de acordo com o individualismo e o regime ou imp\u00e9rio do provis\u00f3rio. No fundo, os franciscanos seculares s\u00e3o pessoas contestadoras de uma sociedade que n\u00e3o tem senso cr\u00edtico, mas cria rob\u00f4s.<\/p>\n<p><strong>6.<\/strong> Os franciscanos seculares consideram como elemento fundamental de seu modo de viver, de seu g\u00eanero de vida a viv\u00eancia em fraternidades. Os grupamentos em que vivem se chamam fraternidades. H\u00e1 o sacramento da reuni\u00e3o geral, das visitas aos mais precisados, da ora\u00e7\u00e3o em comum, da troca de id\u00e9ias, do carinho m\u00fatuo prestado aos de dentro. Muitos que se aproximam da OFS querem ardentemente viver em fraternidades de vida e de ora\u00e7\u00e3o. At\u00e9 que ponto as reuni\u00f5es ferais das fraternidades s\u00e3o express\u00f5es eloquentes da vida de irm\u00e3os? Os que n\u00e3o est\u00e3o dispostos em viver a fraternidade s\u00e3o desaconselhados de entrarem na Ordem Franciscana Secular.<\/p>\n<p><strong>7.<\/strong> Finalmente s\u00e3o excelentes candidatos para a OFS aqueles que est\u00e3o dispostos a ir pelo mundo, juntos com outros irm\u00e3os, fazendo-se presentes na vida de doentes, detentos, dos que precisam encontrar um sentido de sentido de vida. Os que recriminam uma Igreja acomodada sentir-se-\u00e3o bem em fraternidades que se querem mission\u00e1rias.<\/p>\n<p><strong>8. <\/strong>Antes da inser\u00e7\u00e3o de novos membros em fraternidades j\u00e1 existentes ser\u00e1 preciso que os candidatos sejam apresentados \u00e0 Ordem em reuni\u00f5es descontra\u00eddas, sem formalismo. Parece importante que candidatos \u00e0 Ordem participem, durante um tempo, de c\u00edrculos descontra\u00eddos e que permitir\u00e3o clarear o horizonte antes do come\u00e7o da forma\u00e7\u00e3o. Um grupo de simpatizantes com a presen\u00e7a de alguns irm\u00e3os, antes dos tr\u00e2mites normais jur\u00eddicos, poder\u00e1 ser de bom proveito. \u201cAntes do noviciado deveria haver um noviciado para o noviciado\u201d.<\/p>\n<p>(*) <strong>Frei Almir Ribeiro Guimar\u00e3es, OFM<\/strong><br \/>\nAssistente Nacional da OFS pela OFM e Assistente Regional do Sudeste III<\/p>\n","protected":false},"excerpt":{"rendered":"<p>ORDEM FRANCISCANA SECULAR<\/p>\n","protected":false},"author":1,"featured_media":175247,"comment_status":"closed","ping_status":"open","sticky":false,"template":"","format":"standard","meta":[],"categories":[14],"tags":[],"yoast_head":"<!-- This site is optimized with the Yoast SEO plugin v19.2 - https:\/\/yoast.com\/wordpress\/plugins\/seo\/ -->\n<title>Quem pode ser franciscano secular? - Carisma - Franciscanos<\/title>\n<meta name=\"robots\" content=\"index, follow, max-snippet:-1, max-image-preview:large, max-video-preview:-1\" \/>\n<link rel=\"canonical\" href=\"https:\/\/franciscanos.org.br\/carisma\/quem-pode-ser-franciscano-secular.html\" \/>\n<meta property=\"og:locale\" content=\"pt_BR\" \/>\n<meta property=\"og:type\" content=\"article\" \/>\n<meta property=\"og:title\" content=\"Quem pode ser franciscano secular? - Carisma - Franciscanos\" \/>\n<meta property=\"og:description\" content=\"ORDEM FRANCISCANA SECULAR\" \/>\n<meta property=\"og:url\" content=\"https:\/\/franciscanos.org.br\/carisma\/quem-pode-ser-franciscano-secular.html\" \/>\n<meta property=\"og:site_name\" content=\"Carisma - Franciscanos\" \/>\n<meta property=\"article:published_time\" content=\"2011-12-12T16:27:06+00:00\" \/>\n<meta property=\"article:modified_time\" content=\"2018-11-08T18:47:00+00:00\" \/>\n<meta property=\"og:image\" content=\"https:\/\/franciscanos.org.br\/carisma\/wp-content\/uploads\/2011\/12\/ofs_04.jpg\" \/>\n\t<meta property=\"og:image:width\" content=\"890\" \/>\n\t<meta property=\"og:image:height\" content=\"416\" \/>\n\t<meta property=\"og:image:type\" content=\"image\/jpeg\" \/>\n<meta name=\"author\" content=\"admin\" \/>\n<meta name=\"twitter:card\" content=\"summary_large_image\" \/>\n<meta name=\"twitter:label1\" content=\"Escrito por\" \/>\n\t<meta name=\"twitter:data1\" content=\"admin\" \/>\n\t<meta name=\"twitter:label2\" content=\"Est. tempo de leitura\" \/>\n\t<meta name=\"twitter:data2\" content=\"4 minutos\" \/>\n<script type=\"application\/ld+json\" class=\"yoast-schema-graph\">{\"@context\":\"https:\/\/schema.org\",\"@graph\":[{\"@type\":\"WebSite\",\"@id\":\"https:\/\/franciscanos.org.br\/carisma\/#website\",\"url\":\"https:\/\/franciscanos.org.br\/carisma\/\",\"name\":\"Carisma - Franciscanos\",\"description\":\"Prov\u00edncia Franciscana da Imaculada Concei\u00e7\u00e3o do Brasil - Ordem dos Frades Menores\",\"potentialAction\":[{\"@type\":\"SearchAction\",\"target\":{\"@type\":\"EntryPoint\",\"urlTemplate\":\"https:\/\/franciscanos.org.br\/carisma\/?s={search_term_string}\"},\"query-input\":\"required name=search_term_string\"}],\"inLanguage\":\"pt-BR\"},{\"@type\":\"ImageObject\",\"inLanguage\":\"pt-BR\",\"@id\":\"https:\/\/franciscanos.org.br\/carisma\/quem-pode-ser-franciscano-secular.html#primaryimage\",\"url\":\"https:\/\/franciscanos.org.br\/carisma\/wp-content\/uploads\/2011\/12\/ofs_04.jpg\",\"contentUrl\":\"https:\/\/franciscanos.org.br\/carisma\/wp-content\/uploads\/2011\/12\/ofs_04.jpg\",\"width\":890,\"height\":416},{\"@type\":\"WebPage\",\"@id\":\"https:\/\/franciscanos.org.br\/carisma\/quem-pode-ser-franciscano-secular.html#webpage\",\"url\":\"https:\/\/franciscanos.org.br\/carisma\/quem-pode-ser-franciscano-secular.html\",\"name\":\"Quem pode ser franciscano secular? - Carisma - Franciscanos\",\"isPartOf\":{\"@id\":\"https:\/\/franciscanos.org.br\/carisma\/#website\"},\"primaryImageOfPage\":{\"@id\":\"https:\/\/franciscanos.org.br\/carisma\/quem-pode-ser-franciscano-secular.html#primaryimage\"},\"datePublished\":\"2011-12-12T16:27:06+00:00\",\"dateModified\":\"2018-11-08T18:47:00+00:00\",\"author\":{\"@id\":\"https:\/\/franciscanos.org.br\/carisma\/#\/schema\/person\/e352342a457f086dc6152f9c73a3d093\"},\"breadcrumb\":{\"@id\":\"https:\/\/franciscanos.org.br\/carisma\/quem-pode-ser-franciscano-secular.html#breadcrumb\"},\"inLanguage\":\"pt-BR\",\"potentialAction\":[{\"@type\":\"ReadAction\",\"target\":[\"https:\/\/franciscanos.org.br\/carisma\/quem-pode-ser-franciscano-secular.html\"]}]},{\"@type\":\"BreadcrumbList\",\"@id\":\"https:\/\/franciscanos.org.br\/carisma\/quem-pode-ser-franciscano-secular.html#breadcrumb\",\"itemListElement\":[{\"@type\":\"ListItem\",\"position\":1,\"name\":\"Home\",\"item\":\"https:\/\/franciscanos.org.br\/carisma\"},{\"@type\":\"ListItem\",\"position\":2,\"name\":\"Quem pode ser franciscano secular?\"}]},{\"@type\":\"Person\",\"@id\":\"https:\/\/franciscanos.org.br\/carisma\/#\/schema\/person\/e352342a457f086dc6152f9c73a3d093\",\"name\":\"admin\",\"image\":{\"@type\":\"ImageObject\",\"inLanguage\":\"pt-BR\",\"@id\":\"https:\/\/franciscanos.org.br\/carisma\/#\/schema\/person\/image\/\",\"url\":\"https:\/\/secure.gravatar.com\/avatar\/e8495742d34d0ba6448ea1c628263b3e?s=96&d=mm&r=g\",\"contentUrl\":\"https:\/\/secure.gravatar.com\/avatar\/e8495742d34d0ba6448ea1c628263b3e?s=96&d=mm&r=g\",\"caption\":\"admin\"},\"url\":\"https:\/\/franciscanos.org.br\/carisma\/author\/admin\"}]}<\/script>\n<!-- \/ Yoast SEO plugin. -->","yoast_head_json":{"title":"Quem pode ser franciscano secular? - Carisma - Franciscanos","robots":{"index":"index","follow":"follow","max-snippet":"max-snippet:-1","max-image-preview":"max-image-preview:large","max-video-preview":"max-video-preview:-1"},"canonical":"https:\/\/franciscanos.org.br\/carisma\/quem-pode-ser-franciscano-secular.html","og_locale":"pt_BR","og_type":"article","og_title":"Quem pode ser franciscano secular? - Carisma - Franciscanos","og_description":"ORDEM FRANCISCANA SECULAR","og_url":"https:\/\/franciscanos.org.br\/carisma\/quem-pode-ser-franciscano-secular.html","og_site_name":"Carisma - Franciscanos","article_published_time":"2011-12-12T16:27:06+00:00","article_modified_time":"2018-11-08T18:47:00+00:00","og_image":[{"width":890,"height":416,"url":"https:\/\/franciscanos.org.br\/carisma\/wp-content\/uploads\/2011\/12\/ofs_04.jpg","type":"image\/jpeg"}],"author":"admin","twitter_card":"summary_large_image","twitter_misc":{"Escrito por":"admin","Est. tempo de leitura":"4 minutos"},"schema":{"@context":"https:\/\/schema.org","@graph":[{"@type":"WebSite","@id":"https:\/\/franciscanos.org.br\/carisma\/#website","url":"https:\/\/franciscanos.org.br\/carisma\/","name":"Carisma - Franciscanos","description":"Prov\u00edncia Franciscana da Imaculada Concei\u00e7\u00e3o do Brasil - Ordem dos Frades Menores","potentialAction":[{"@type":"SearchAction","target":{"@type":"EntryPoint","urlTemplate":"https:\/\/franciscanos.org.br\/carisma\/?s={search_term_string}"},"query-input":"required name=search_term_string"}],"inLanguage":"pt-BR"},{"@type":"ImageObject","inLanguage":"pt-BR","@id":"https:\/\/franciscanos.org.br\/carisma\/quem-pode-ser-franciscano-secular.html#primaryimage","url":"https:\/\/franciscanos.org.br\/carisma\/wp-content\/uploads\/2011\/12\/ofs_04.jpg","contentUrl":"https:\/\/franciscanos.org.br\/carisma\/wp-content\/uploads\/2011\/12\/ofs_04.jpg","width":890,"height":416},{"@type":"WebPage","@id":"https:\/\/franciscanos.org.br\/carisma\/quem-pode-ser-franciscano-secular.html#webpage","url":"https:\/\/franciscanos.org.br\/carisma\/quem-pode-ser-franciscano-secular.html","name":"Quem pode ser franciscano secular? - Carisma - Franciscanos","isPartOf":{"@id":"https:\/\/franciscanos.org.br\/carisma\/#website"},"primaryImageOfPage":{"@id":"https:\/\/franciscanos.org.br\/carisma\/quem-pode-ser-franciscano-secular.html#primaryimage"},"datePublished":"2011-12-12T16:27:06+00:00","dateModified":"2018-11-08T18:47:00+00:00","author":{"@id":"https:\/\/franciscanos.org.br\/carisma\/#\/schema\/person\/e352342a457f086dc6152f9c73a3d093"},"breadcrumb":{"@id":"https:\/\/franciscanos.org.br\/carisma\/quem-pode-ser-franciscano-secular.html#breadcrumb"},"inLanguage":"pt-BR","potentialAction":[{"@type":"ReadAction","target":["https:\/\/franciscanos.org.br\/carisma\/quem-pode-ser-franciscano-secular.html"]}]},{"@type":"BreadcrumbList","@id":"https:\/\/franciscanos.org.br\/carisma\/quem-pode-ser-franciscano-secular.html#breadcrumb","itemListElement":[{"@type":"ListItem","position":1,"name":"Home","item":"https:\/\/franciscanos.org.br\/carisma"},{"@type":"ListItem","position":2,"name":"Quem pode ser franciscano secular?"}]},{"@type":"Person","@id":"https:\/\/franciscanos.org.br\/carisma\/#\/schema\/person\/e352342a457f086dc6152f9c73a3d093","name":"admin","image":{"@type":"ImageObject","inLanguage":"pt-BR","@id":"https:\/\/franciscanos.org.br\/carisma\/#\/schema\/person\/image\/","url":"https:\/\/secure.gravatar.com\/avatar\/e8495742d34d0ba6448ea1c628263b3e?s=96&d=mm&r=g","contentUrl":"https:\/\/secure.gravatar.com\/avatar\/e8495742d34d0ba6448ea1c628263b3e?s=96&d=mm&r=g","caption":"admin"},"url":"https:\/\/franciscanos.org.br\/carisma\/author\/admin"}]}},"_links":{"self":[{"href":"https:\/\/franciscanos.org.br\/carisma\/wp-json\/wp\/v2\/posts\/8937"}],"collection":[{"href":"https:\/\/franciscanos.org.br\/carisma\/wp-json\/wp\/v2\/posts"}],"about":[{"href":"https:\/\/franciscanos.org.br\/carisma\/wp-json\/wp\/v2\/types\/post"}],"author":[{"embeddable":true,"href":"https:\/\/franciscanos.org.br\/carisma\/wp-json\/wp\/v2\/users\/1"}],"replies":[{"embeddable":true,"href":"https:\/\/franciscanos.org.br\/carisma\/wp-json\/wp\/v2\/comments?post=8937"}],"version-history":[{"count":0,"href":"https:\/\/franciscanos.org.br\/carisma\/wp-json\/wp\/v2\/posts\/8937\/revisions"}],"wp:featuredmedia":[{"embeddable":true,"href":"https:\/\/franciscanos.org.br\/carisma\/wp-json\/wp\/v2\/media\/175247"}],"wp:attachment":[{"href":"https:\/\/franciscanos.org.br\/carisma\/wp-json\/wp\/v2\/media?parent=8937"}],"wp:term":[{"taxonomy":"category","embeddable":true,"href":"https:\/\/franciscanos.org.br\/carisma\/wp-json\/wp\/v2\/categories?post=8937"},{"taxonomy":"post_tag","embeddable":true,"href":"https:\/\/franciscanos.org.br\/carisma\/wp-json\/wp\/v2\/tags?post=8937"}],"curies":[{"name":"wp","href":"https:\/\/api.w.org\/{rel}","templated":true}]}}