{"id":8935,"date":"2011-12-12T14:26:27","date_gmt":"2011-12-12T16:26:27","guid":{"rendered":"http:\/\/new.franciscanos.org.br\/?p=8935"},"modified":"2018-11-08T16:51:13","modified_gmt":"2018-11-08T18:51:13","slug":"visita-pastoral-e-capitulo-eletivo-na-ordem-franciscana-secular","status":"publish","type":"post","link":"https:\/\/franciscanos.org.br\/carisma\/visita-pastoral-e-capitulo-eletivo-na-ordem-franciscana-secular.html","title":{"rendered":"Visita pastoral e Cap\u00edtulo Eletivo na Ordem Franciscana Secular"},"content":{"rendered":"<h4><img loading=\"lazy\" class=\"alignright size-full wp-image-175250\" src=\"http:\/\/franciscanos.org.br\/carisma\/wp-content\/uploads\/2011\/12\/familia_.png\" alt=\"\" width=\"512\" height=\"512\" srcset=\"https:\/\/franciscanos.org.br\/carisma\/wp-content\/uploads\/2011\/12\/familia_.png 512w, https:\/\/franciscanos.org.br\/carisma\/wp-content\/uploads\/2011\/12\/familia_-300x300.png 300w, https:\/\/franciscanos.org.br\/carisma\/wp-content\/uploads\/2011\/12\/familia_-450x450.png 450w, https:\/\/franciscanos.org.br\/carisma\/wp-content\/uploads\/2011\/12\/familia_-150x150.png 150w, https:\/\/franciscanos.org.br\/carisma\/wp-content\/uploads\/2011\/12\/familia_-400x400.png 400w\" sizes=\"(max-width: 512px) 100vw, 512px\" \/>Papel e miss\u00e3o do assistente espiritual regional<\/h4>\n<p align=\"left\"><strong>Frei Almir Ribeiro Guimar\u00e3es,OFM (*)<\/strong><\/p>\n<p align=\"left\"><strong>1.<\/strong> Na vida de um Regional da Ordem Franciscana Secular h\u00e1 dois momentos muito importantes que merecem nossa reflex\u00e3o: a visita fraterno-pastoral e a celebra\u00e7\u00e3o do cap\u00edtulo eletivo nas fraternidades locais. Normalmente, esses dois eventos contam com a participa\u00e7\u00e3o do Ministro Regional (ou seu delegado) e de um assistente espiritual. Muitas das visitas, dentro do poss\u00edvel, deveriam ser feitas pelo pr\u00f3prio Ministro, que tem a \u00faltima responsabilidade sobre as fraternidades. Os Documentos da OFS apresentam as orienta\u00e7\u00f5es necess\u00e1rias para que esta tarefa seja realizada da melhor maneira poss\u00edvel (<em>cf. A Vida em Fraternidade, XI. Visita Fraterno Pastoral, p. 83s<\/em>).<\/p>\n<p align=\"left\"><strong>2.<\/strong> A visita \u00e9 uma realidade humana de grande alcance. Trata-se de um gesto de manifesta\u00e7\u00e3o de amor e de cortesia. Houve tempo em que as pessoas se visitavam com maior freq\u00fc\u00eancia. O domingo era dedicado \u00e0s visitas familiares: ver os av\u00f3s, receber tios e primos, procurar se fazer presente na vida das pessoas enfermas. Normalmente falando, as visitas se revestem de um cunho de interesse discreto, de aten\u00e7\u00e3o e de alegria. Dizemos aos outros que eles contam para n\u00f3s. Sim, irm\u00e3os visitam irm\u00e3os, amigos visitam amigos. Na visita, uns d\u00e3o hospitalidade aos outros. Preparamos a cama mais confort\u00e1vel para o h\u00f3spede, reservamos as melhores toalhas e os len\u00e7\u00f3is mais novos, limpamos as vidra\u00e7as e colocamos flores nos vasos. Os que se visitam t\u00eam coisas a se dizer. N\u00e3o transmitem apenas regras e ordens, mas falam do que vivem, do que habita seu cora\u00e7\u00e3o. Normalmente trazem presentes, pequenos sinais de afeto, pequenos mimos, sendo que o mais importante de todos \u00e9 a pr\u00f3pria presen\u00e7a de quem chega, pessoa que deixou sua casa, seus afazeres, seu mundo para estar com aquele a quem veio visitar.<\/p>\n<p align=\"left\"><strong>3.<\/strong> No cotidiano de uma fraternidade franciscana secular h\u00e1 muitas visitas: na reuni\u00e3o mensal os irm\u00e3os visitam o cora\u00e7\u00e3o dos irm\u00e3os, irm\u00e3os abrem as portas do cora\u00e7\u00e3o para acolher o irm\u00e3o que chega, visita aos doentes, visita do ministro local aos irm\u00e3os faltosos.<\/p>\n<p align=\"left\"><strong>4.<\/strong> As observa\u00e7\u00f5es feitas at\u00e9 agora se aplicam tamb\u00e9m \u00e0s visitas que fazem ministro regional, conselheiros distritais e assistentes espirituais \u00e0s fraternidades locais. De alguma forma, a presen\u00e7a de irm\u00e3os do regional no Cap\u00edtulo Local \u00e9 um jeito de visitar, de estimular, de fazer de sorte que os irm\u00e3os n\u00e3o se afastem do esp\u00edrito franciscano. As visitas dos ministros ou conselheiros e assistentes espirituais \u00e0s fraternidade locais s\u00e3o: momento de encontro, momento de sentir o pulso da fraternidade, momento de verdade, momento de transmitir entusiasmo, momento de corre\u00e7\u00e3o fraterna. Os ministros que visitam trazem a paz e levam a gratid\u00e3o.<\/p>\n<p align=\"left\"><strong>5.<\/strong> Quando falamos em visita pensamos naquela que fez Maria a Isabel, sua parenta, visita marcada pela cortesia e pelo desejo da Virgem de transmitir uma alegria que n\u00e3o lhe cabia no peito. Lucas diz que ela se dirigiu <em>apressadamente&#8230;<\/em> Duas mulheres de f\u00e9 que se acolhem e a conclus\u00e3o, por parte de Maria, foi o canto do Magnificat. Pensamos tamb\u00e9m na visita de Jesus a Marta, Maria e L\u00e1zaro. Na casa de seus amigos, Jesus se sentia bem, encorajado, aceito. Poucos momentos antes de subir a Jerusal\u00e9m para come\u00e7ar sua paix\u00e3o Jesus esteve no aconchego da casa destes seus amigos. Pensamos naqueles personagens misteriosos que visitaram Abra\u00e3o e que eram anjos de Deus. Refletimos, sobretudo, na visita que o Alt\u00edssimo nos fez na pessoa do Menino de Bel\u00e9m e do m\u00e1rtir do Calv\u00e1rio. Nossas visitas e os cap\u00edtulos eletivos dos quais participamos precisam ter uma m\u00edstica. N\u00e3o \u00e9 poss\u00edvel que sejam uma tarefa que termine com um relat\u00f3rio que a poucos interessa. Somos embaixadores de um ideal e de uma m\u00edstica que \u00e9 nossa e desejamos que seja tamb\u00e9m das fraternidades que visitamos e daqueles que s\u00e3o eleitos para os cargos da fraternidade nos cap\u00edtulo eletivos.<\/p>\n<p align=\"left\"><strong>6.<\/strong> O Conselho Regional da Ordem Franciscana Secular t\u00eam a miss\u00e3o de visitar as fraternidades e ajud\u00e1-las a crescer. Trata-se de um servi\u00e7o de caridade e n\u00e3o apenas da realiza\u00e7\u00e3o de uma formalidade. N\u00e3o \u00e9 suficiente assinar livros. Entra em jogo o amor que temos a nossos irm\u00e3os e \u00e0 OFS. Delegados do Ministro Regional e assistentes espirituais se deslocam, por vezes, durante muitas horas e ao longo de 600 km, em viagens cansativas para realizar esta sua miss\u00e3o. Por isso, a visita dever\u00e1 ser realizada com compet\u00eancia e de maneira a produzir frutos. Visitadores e assistentes precisam sempre reavaliar seu trabalho. \u00c9 dever dos Conselhos locais envidarem todos os esfor\u00e7os para que as visitas e a celebra\u00e7\u00e3o do Cap\u00edtulo n\u00e3o sejam atos triviais e realizados sem empenho e sem paix\u00e3o.Trata-se de preparar as visitas&#8230; H\u00e1 sempre uma pergunta que fica na mente de visitadores: Ser\u00e1 que valeu a pena tanto esfor\u00e7o? Ser\u00e1 que no ano que vem esta fraternidade vai dar passos na busca da santidade?<\/p>\n<p align=\"left\"><strong>7.<\/strong> Objetivos da visita fraterno-pastoral: reavivar o esp\u00edrito evang\u00e9lico franciscano, assegurar a fidelidade ao carisma e \u00e0 Regra, oferecer ajuda \u00e0 vida de fraternidade, consolidar o v\u00ednculo de unidade da Ordem, promover uma sempre maior integra\u00e7\u00e3o com a Fam\u00edlia Franciscana, verificar como est\u00e1 sendo feita a forma\u00e7\u00e3o em suas diferentes etapas, zelar pela anima\u00e7\u00e3o vocacional e pela exist\u00eancia de grupos de jovens franciscanos, de modo particular da JUFRA (<em>cf. A Vida em Fraternidade- Visita Fraterno-Pastoral p.83<\/em>).<\/p>\n<p align=\"left\"><strong>8.<\/strong> Vale, neste sentido, lembrar alguns cuidados especiais constantes de nossos documentos: prever para a visita o tempo de um dia inteiro; abrir ou encerr\u00e1-la com a Celebra\u00e7\u00e3o Eucar\u00edstica; deixar tempo suficiente para que a fraternidade se exprima; reservar um tempo para a visita aos doentes e idosos; visitador e assistente deveriam ter um momento a s\u00f3s com os formandos; conv\u00e9m que o encontro com o Conselho se fa\u00e7a ap\u00f3s a visita \u00e0 Fraternidade;manter um clima de simplicidade, fraternidade; se poss\u00edvel almo\u00e7ar com os irm\u00e3os (cf. p. 90).<\/p>\n<p align=\"left\"><strong>9.<\/strong> Os Ministros Gerais da Primeira Ordem e da TOR publicaram novamente em Roma, em 2009, no o Estatuto da Assist\u00eancia Espiritual e Pastoral da Ordem Franciscana Secular, que j\u00e1 vigorava desde 2002. O texto tem algumas poucas modifica\u00e7\u00f5es. Dele pin\u00e7amos alguns elementos para nossa reflex\u00e3o:<strong>&gt;&gt;<\/strong>Encarnaci\u00f3n del Pozo, Ministra Geral da OFS, no Cap\u00edtulo Internacional das Esteiras em 16 de abril de 2009, dizia: \u201cO cuidado pastoral e a Assist\u00eancia Espiritual \u00e0 OFS, mais do que uma norma jur\u00eddica, h\u00e1 de brotar do amor e da fidelidade \u00e0 sua pr\u00f3pria voca\u00e7\u00e3o e do desejo de comunic\u00e1-la, levando em considera\u00e7\u00e3o a natureza da Fraternidade secular e dando prioridade ao testemunho de vida franciscana e mais especialmente ao acompanhamento fraterno\u201d (Introdu\u00e7\u00e3o)<\/p>\n<p align=\"left\"><strong>&gt;&gt;<\/strong> Sabemos que, de alguma forma, s\u00e3o diferentes as maneiras da assist\u00eancia local, regional, nacional e internacional. H\u00e1, no entanto, alguns pontos que tocam a todos os Assistentes.<\/p>\n<p align=\"left\"><strong>&gt;&gt;<\/strong> Eles d\u00e3o o testemunho de vida franciscana e do afeto dos religiosos pelos franciscanos seculares.<\/p>\n<p align=\"left\"><strong>&gt;&gt;<\/strong> O principal dever do Assistente \u00e9 levar os irm\u00e3os a uma compreens\u00e3o mais aprofundada da espiritualidade franciscana; colaborar na forma\u00e7\u00e3o inicial e permanente,<\/p>\n<p align=\"left\"><strong>&gt;&gt;<\/strong> O Visitador e o Assistente Espiritual verificam se a Fraternidade est\u00e1 se dirigindo para sua finalidade;<\/p>\n<p align=\"left\"><strong>&gt;&gt;<\/strong> O Assistente regional cuida que a Assist\u00eancia local se fa\u00e7a conforme as prescri\u00e7\u00f5es das CCGG,<\/p>\n<p align=\"left\"><strong>&gt;&gt;<\/strong> Ajuda o Assistente local a realizar sua miss\u00e3o; promove, em n\u00edvel regional, encontros e cursos de forma\u00e7\u00e3o para os assistentes;<\/p>\n<p align=\"left\"><strong>&gt;&gt;<\/strong> \u201cPor ocasi\u00e3o da visita \u00e0 Fraternidade local, o ou os visitadores encontrar\u00e3o as fraternidade com todos os seus membros e divis\u00f5es de que \u00e9 composta. Prestar\u00e3o uma aten\u00e7\u00e3o especial aos irm\u00e3os e irm\u00e3s que est\u00e3o no per\u00edodo da forma\u00e7\u00e3o e aos que eventualmente precisariam de um col\u00f3quio ou encontro pessoal. Se necess\u00e1rio eles haver\u00e3o de fazer a devida corre\u00e7\u00e3o fraterna\u201d (art. 14,5).<\/p>\n<p align=\"left\"><strong>10. Diante do exposto elencamos alguns pontos que s\u00e3o importantes para o bom andamento do trabalho de conselheiros e assistentes por ocasi\u00e3o das visitas e dos cap\u00edtulos:<\/strong><\/p>\n<p align=\"left\"><strong>&gt;&gt;<\/strong> As visitas dever\u00e3o ser feitas pelo conselheiro<strong> e <\/strong>pelo assistente. N\u00e3o conv\u00e9m que sejam apenas visitas fraternas. Na medida do poss\u00edvel os assistentes precisar\u00e3o estar presentes e n\u00e3o apenas uma presen\u00e7a de corpo.<\/p>\n<p align=\"left\"><strong>&gt;&gt;<\/strong> <strong>Estes n\u00e3o podem ser apenas uma figura decorativa<\/strong>, mas sua tarefa necessita ser especificada. N\u00e3o pode tamb\u00e9m anular a presen\u00e7a e a miss\u00e3o do conselheiro. Este por sua vez, n\u00e3o poder\u00e1 falar o tempo. Ele e o assistente saber\u00e3o, com cuidado, sentir de verdade as luzes e as sombras. No final do encontro, com delicadeza, dir\u00e3o aos irm\u00e3os as impress\u00f5es da visita.<\/p>\n<p align=\"left\"><strong>&gt;&gt;<\/strong> Conv\u00e9m, quando o Assistente \u00e9 sacerdote, que seja realizada uma <strong>celebra\u00e7\u00e3o eucar\u00edstica<\/strong> apenas com os membros da fraternidade ou ent\u00e3o com a comunidade paroquial. A visita n\u00e3o \u00e9 retiro. N\u00e3o se poder\u00e1 programar adora\u00e7\u00f5es eucar\u00edsticas e outros atos piedosos mais longos. De outro lado fundamental que haja um denso momento de ora\u00e7\u00e3o onde transpare\u00e7a o esp\u00edrito franciscano.<\/p>\n<p align=\"left\"><strong>&gt;&gt;<\/strong> Seria recomend\u00e1vel que para a celebra\u00e7\u00e3o ou para todo o desenrolar da visita fraterno pastoral <strong>estivessem presentes os membros da JUFRA<\/strong> que poderiam merecer uma aten\u00e7\u00e3o especial do Assistente.<\/p>\n<p align=\"left\"><strong>&gt;&gt;<\/strong> Parece fundamental que, por ocasi\u00e3o das visitas e dos cap\u00edtulos, o<strong> assistente local se fa\u00e7a presente<\/strong>. Importante sua presen\u00e7a, sua palavra, sobretudo na reuni\u00e3o do Conselho. Por que t\u00e3o poucos assistentes comparecem a esses eventos? Ser\u00e1 por falta de tempo ou desmotiva\u00e7\u00e3o?At\u00e9 que ponto nossas fraternidades procuram motivar seus assistentes?<\/p>\n<p align=\"left\"><strong>&gt;&gt;<\/strong> Um ponto importante, sobretudo nas visitas, \u00e9 um<strong> exame da qualidade da assist\u00eancia local<\/strong>. Pode acontecer que esse ponto esteja sendo gravemente negligenciado. O tempo passa depressa e h\u00e1 fraternidades que, praticamente, ao longo do ano, contam com a presen\u00e7a do assistente apenas em momentos festivos.<\/p>\n<p align=\"left\"><strong>&gt;&gt;<\/strong> No desenrolar da visita fraterno pastoral ser\u00e1 importante que o Assistente regional tenha um <strong>tempo razo\u00e1vel para a forma\u00e7\u00e3o<\/strong>. N\u00e3o deve este, no entanto, \u201cinventar\u201d seu tem\u00e1rio ou ler umas folhas de assunto geral preparado para outro grupo. Ao menos n\u00e3o de maneira habitual. Bom seria se ele aprofundasse aqueles temas que o nacional e o regional escolheram. No momento atual parece importante que ele reflita com as Fraternidades sobre o revigoramento das fraternidades e a revitaliza\u00e7\u00e3o das fraternidades. o desenvolvimento do esp\u00edrito mission\u00e1rio e evangelizador e o cuidado pelo meio ambiente na perspectiva franciscana. Todos os assistentes deveriam poder falar destes temas sem esquecer outros que continuam importantes: valor da profiss\u00e3o na OFS, presen\u00e7a do leigo franciscano no mundo de hoje. O ideal seria se pudesse ser feito um debate sobre esses temas.<\/p>\n<p align=\"left\"><strong>&gt;&gt;<\/strong> Que o Assistente Regional verifique bem a quest\u00e3o dos retiros das fraternidades locais: se est\u00e3o sendo feitos, como, em que esp\u00edrito&#8230;.N\u00e3o basta um dia de conviv\u00eancia&#8230;<\/p>\n<p align=\"left\"><strong>&gt;&gt;<\/strong> Mais dif\u00edcil de ser delineada \u00e9 o papel do Assistente Regional no momento do Capitulo Eletivo local. Toda a din\u00e2mica das elei\u00e7\u00f5es est\u00e1 nas m\u00e3os daquele que, em nome do regional, preside o capitulo. Que dizer?<\/p>\n<p align=\"left\">** Sempre que poss\u00edvel sejam feitas pr\u00e9vias que facilitem o trabalho da elei\u00e7\u00e3o. Os conselhos locais precisam motivar os irm\u00e3os para a elei\u00e7\u00e3o. Cuidar que as pr\u00e9vias n\u00e3o seja, na cabe\u00e7a de alguns, cartas marcadas para ganhar&#8230;<\/p>\n<p align=\"left\">** Antes de come\u00e7ar a din\u00e2mica da elei\u00e7\u00e3o cabe uma palavra vigorosa, amiga, firme do Assistente regional, mais ou menos nesta linha: irm\u00e3os que servem irm\u00e3os; ningu\u00e9m recuse o servi\u00e7o; ningu\u00e9m se apodere do \u201cpoder\u201d; bom candidato \u00e9 o que veste a camisa da OFS, eleger quem tem amor pela Ordem, que busca a intimidade com Deus, que sabe criar um clima de fraternismo, que respeita os outros&#8230;Insistir no esp\u00edrito das exorta\u00e7\u00f5es de Francisco: lavador de p\u00e9s dos irm\u00e3os e nada mais.<\/p>\n<p align=\"left\">** Quem preside a elei\u00e7\u00e3o tem que conhecer as regras e n\u00e3o perder tempo. Na medida do poss\u00edvel, enquanto for permitido, escolher as fun\u00e7\u00f5es essenciais e deixar que o Conselho eleito nomeie outros cargos.<\/p>\n<p align=\"left\">** No momento da deposi\u00e7\u00e3o dos cargos cabe uma palavra breve tamb\u00e9m do assistente.<\/p>\n<p align=\"left\">** H\u00e1 alguns temas ou assuntos que devem ser mencionados e encorajados tanto pelo visitador tanto quanto pelo assistente: promo\u00e7\u00e3o e anima\u00e7\u00e3o vocacional, cria\u00e7\u00e3o de grupos de jovens franciscanos, alimentar uma consci\u00eancia delicada diante das exig\u00eancias do evangelho que levam \u00e0 santidade.<\/p>\n<p align=\"left\"><strong>Perguntas:<\/strong><\/p>\n<p align=\"left\"><strong>1.<\/strong> Quando terminamos as visitas e voltamos \u00e0 casa , que sensa\u00e7\u00e3o experimentamos?<\/p>\n<p align=\"left\"><strong>2.<\/strong> Ser\u00e1 que as fraternidades se revigoram depois das visitas?<\/p>\n<p align=\"left\"><strong>3.<\/strong> Por que certas fraternidades dizem n\u00e3o querer visita?<\/p>\n<p align=\"left\"><strong>4.<\/strong> Ser\u00e1 que temos condi\u00e7\u00f5es de aumentar o tempo das visitas?<\/p>\n<p align=\"left\"><strong>5.<\/strong> Que sugest\u00f5es temos para melhorar a qualidade de nossa presen\u00e7a junto \u00e0s fraternidades?<\/p>\n<p align=\"left\"><strong>6.<\/strong> Como podemos realizar melhor as sess\u00f5es referentes aos cap\u00edtulo eletivos?<\/p>\n<p align=\"left\"><strong>7.<\/strong> O que podemos fazer para que as fraternidades tenham assist\u00eancia local de qualidade?<\/p>\n<p>(*) <strong>Frei Almir Ribeiro Guimar\u00e3es, OFM<\/strong><br \/>\nAssistente Nacional da OFS pela OFM e Assistente Regional do Sudeste III<\/p>\n","protected":false},"excerpt":{"rendered":"<p>ORDEM FRANCISCANA SECULAR<\/p>\n","protected":false},"author":1,"featured_media":175250,"comment_status":"closed","ping_status":"open","sticky":false,"template":"","format":"standard","meta":[],"categories":[14],"tags":[],"yoast_head":"<!-- This site is optimized with the Yoast SEO plugin v19.2 - https:\/\/yoast.com\/wordpress\/plugins\/seo\/ -->\n<title>Visita pastoral e Cap\u00edtulo Eletivo na Ordem Franciscana Secular - Carisma - Franciscanos<\/title>\n<meta name=\"robots\" content=\"index, follow, max-snippet:-1, max-image-preview:large, max-video-preview:-1\" \/>\n<link rel=\"canonical\" href=\"https:\/\/franciscanos.org.br\/carisma\/visita-pastoral-e-capitulo-eletivo-na-ordem-franciscana-secular.html\" \/>\n<meta property=\"og:locale\" content=\"pt_BR\" \/>\n<meta property=\"og:type\" content=\"article\" \/>\n<meta property=\"og:title\" content=\"Visita pastoral e Cap\u00edtulo Eletivo na Ordem Franciscana Secular - Carisma - Franciscanos\" \/>\n<meta property=\"og:description\" content=\"ORDEM FRANCISCANA SECULAR\" \/>\n<meta property=\"og:url\" content=\"https:\/\/franciscanos.org.br\/carisma\/visita-pastoral-e-capitulo-eletivo-na-ordem-franciscana-secular.html\" \/>\n<meta property=\"og:site_name\" content=\"Carisma - Franciscanos\" \/>\n<meta property=\"article:published_time\" content=\"2011-12-12T16:26:27+00:00\" \/>\n<meta property=\"article:modified_time\" content=\"2018-11-08T18:51:13+00:00\" \/>\n<meta property=\"og:image\" content=\"https:\/\/franciscanos.org.br\/carisma\/wp-content\/uploads\/2011\/12\/familia_.png\" \/>\n\t<meta property=\"og:image:width\" content=\"512\" \/>\n\t<meta property=\"og:image:height\" content=\"512\" \/>\n\t<meta property=\"og:image:type\" content=\"image\/png\" \/>\n<meta name=\"author\" content=\"admin\" \/>\n<meta name=\"twitter:card\" content=\"summary_large_image\" \/>\n<meta name=\"twitter:label1\" content=\"Escrito por\" \/>\n\t<meta name=\"twitter:data1\" content=\"admin\" \/>\n\t<meta name=\"twitter:label2\" content=\"Est. tempo de leitura\" \/>\n\t<meta name=\"twitter:data2\" content=\"12 minutos\" \/>\n<script type=\"application\/ld+json\" class=\"yoast-schema-graph\">{\"@context\":\"https:\/\/schema.org\",\"@graph\":[{\"@type\":\"WebSite\",\"@id\":\"https:\/\/franciscanos.org.br\/carisma\/#website\",\"url\":\"https:\/\/franciscanos.org.br\/carisma\/\",\"name\":\"Carisma - Franciscanos\",\"description\":\"Prov\u00edncia Franciscana da Imaculada Concei\u00e7\u00e3o do Brasil - Ordem dos Frades Menores\",\"potentialAction\":[{\"@type\":\"SearchAction\",\"target\":{\"@type\":\"EntryPoint\",\"urlTemplate\":\"https:\/\/franciscanos.org.br\/carisma\/?s={search_term_string}\"},\"query-input\":\"required name=search_term_string\"}],\"inLanguage\":\"pt-BR\"},{\"@type\":\"ImageObject\",\"inLanguage\":\"pt-BR\",\"@id\":\"https:\/\/franciscanos.org.br\/carisma\/visita-pastoral-e-capitulo-eletivo-na-ordem-franciscana-secular.html#primaryimage\",\"url\":\"https:\/\/franciscanos.org.br\/carisma\/wp-content\/uploads\/2011\/12\/familia_.png\",\"contentUrl\":\"https:\/\/franciscanos.org.br\/carisma\/wp-content\/uploads\/2011\/12\/familia_.png\",\"width\":512,\"height\":512},{\"@type\":\"WebPage\",\"@id\":\"https:\/\/franciscanos.org.br\/carisma\/visita-pastoral-e-capitulo-eletivo-na-ordem-franciscana-secular.html#webpage\",\"url\":\"https:\/\/franciscanos.org.br\/carisma\/visita-pastoral-e-capitulo-eletivo-na-ordem-franciscana-secular.html\",\"name\":\"Visita pastoral e Cap\u00edtulo Eletivo na Ordem Franciscana Secular - Carisma - Franciscanos\",\"isPartOf\":{\"@id\":\"https:\/\/franciscanos.org.br\/carisma\/#website\"},\"primaryImageOfPage\":{\"@id\":\"https:\/\/franciscanos.org.br\/carisma\/visita-pastoral-e-capitulo-eletivo-na-ordem-franciscana-secular.html#primaryimage\"},\"datePublished\":\"2011-12-12T16:26:27+00:00\",\"dateModified\":\"2018-11-08T18:51:13+00:00\",\"author\":{\"@id\":\"https:\/\/franciscanos.org.br\/carisma\/#\/schema\/person\/e352342a457f086dc6152f9c73a3d093\"},\"breadcrumb\":{\"@id\":\"https:\/\/franciscanos.org.br\/carisma\/visita-pastoral-e-capitulo-eletivo-na-ordem-franciscana-secular.html#breadcrumb\"},\"inLanguage\":\"pt-BR\",\"potentialAction\":[{\"@type\":\"ReadAction\",\"target\":[\"https:\/\/franciscanos.org.br\/carisma\/visita-pastoral-e-capitulo-eletivo-na-ordem-franciscana-secular.html\"]}]},{\"@type\":\"BreadcrumbList\",\"@id\":\"https:\/\/franciscanos.org.br\/carisma\/visita-pastoral-e-capitulo-eletivo-na-ordem-franciscana-secular.html#breadcrumb\",\"itemListElement\":[{\"@type\":\"ListItem\",\"position\":1,\"name\":\"Home\",\"item\":\"https:\/\/franciscanos.org.br\/carisma\"},{\"@type\":\"ListItem\",\"position\":2,\"name\":\"Visita pastoral e Cap\u00edtulo Eletivo na Ordem Franciscana Secular\"}]},{\"@type\":\"Person\",\"@id\":\"https:\/\/franciscanos.org.br\/carisma\/#\/schema\/person\/e352342a457f086dc6152f9c73a3d093\",\"name\":\"admin\",\"image\":{\"@type\":\"ImageObject\",\"inLanguage\":\"pt-BR\",\"@id\":\"https:\/\/franciscanos.org.br\/carisma\/#\/schema\/person\/image\/\",\"url\":\"https:\/\/secure.gravatar.com\/avatar\/e8495742d34d0ba6448ea1c628263b3e?s=96&d=mm&r=g\",\"contentUrl\":\"https:\/\/secure.gravatar.com\/avatar\/e8495742d34d0ba6448ea1c628263b3e?s=96&d=mm&r=g\",\"caption\":\"admin\"},\"url\":\"https:\/\/franciscanos.org.br\/carisma\/author\/admin\"}]}<\/script>\n<!-- \/ Yoast SEO plugin. -->","yoast_head_json":{"title":"Visita pastoral e Cap\u00edtulo Eletivo na Ordem Franciscana Secular - Carisma - Franciscanos","robots":{"index":"index","follow":"follow","max-snippet":"max-snippet:-1","max-image-preview":"max-image-preview:large","max-video-preview":"max-video-preview:-1"},"canonical":"https:\/\/franciscanos.org.br\/carisma\/visita-pastoral-e-capitulo-eletivo-na-ordem-franciscana-secular.html","og_locale":"pt_BR","og_type":"article","og_title":"Visita pastoral e Cap\u00edtulo Eletivo na Ordem Franciscana Secular - Carisma - Franciscanos","og_description":"ORDEM FRANCISCANA SECULAR","og_url":"https:\/\/franciscanos.org.br\/carisma\/visita-pastoral-e-capitulo-eletivo-na-ordem-franciscana-secular.html","og_site_name":"Carisma - Franciscanos","article_published_time":"2011-12-12T16:26:27+00:00","article_modified_time":"2018-11-08T18:51:13+00:00","og_image":[{"width":512,"height":512,"url":"https:\/\/franciscanos.org.br\/carisma\/wp-content\/uploads\/2011\/12\/familia_.png","type":"image\/png"}],"author":"admin","twitter_card":"summary_large_image","twitter_misc":{"Escrito por":"admin","Est. tempo de leitura":"12 minutos"},"schema":{"@context":"https:\/\/schema.org","@graph":[{"@type":"WebSite","@id":"https:\/\/franciscanos.org.br\/carisma\/#website","url":"https:\/\/franciscanos.org.br\/carisma\/","name":"Carisma - Franciscanos","description":"Prov\u00edncia Franciscana da Imaculada Concei\u00e7\u00e3o do Brasil - Ordem dos Frades Menores","potentialAction":[{"@type":"SearchAction","target":{"@type":"EntryPoint","urlTemplate":"https:\/\/franciscanos.org.br\/carisma\/?s={search_term_string}"},"query-input":"required name=search_term_string"}],"inLanguage":"pt-BR"},{"@type":"ImageObject","inLanguage":"pt-BR","@id":"https:\/\/franciscanos.org.br\/carisma\/visita-pastoral-e-capitulo-eletivo-na-ordem-franciscana-secular.html#primaryimage","url":"https:\/\/franciscanos.org.br\/carisma\/wp-content\/uploads\/2011\/12\/familia_.png","contentUrl":"https:\/\/franciscanos.org.br\/carisma\/wp-content\/uploads\/2011\/12\/familia_.png","width":512,"height":512},{"@type":"WebPage","@id":"https:\/\/franciscanos.org.br\/carisma\/visita-pastoral-e-capitulo-eletivo-na-ordem-franciscana-secular.html#webpage","url":"https:\/\/franciscanos.org.br\/carisma\/visita-pastoral-e-capitulo-eletivo-na-ordem-franciscana-secular.html","name":"Visita pastoral e Cap\u00edtulo Eletivo na Ordem Franciscana Secular - Carisma - Franciscanos","isPartOf":{"@id":"https:\/\/franciscanos.org.br\/carisma\/#website"},"primaryImageOfPage":{"@id":"https:\/\/franciscanos.org.br\/carisma\/visita-pastoral-e-capitulo-eletivo-na-ordem-franciscana-secular.html#primaryimage"},"datePublished":"2011-12-12T16:26:27+00:00","dateModified":"2018-11-08T18:51:13+00:00","author":{"@id":"https:\/\/franciscanos.org.br\/carisma\/#\/schema\/person\/e352342a457f086dc6152f9c73a3d093"},"breadcrumb":{"@id":"https:\/\/franciscanos.org.br\/carisma\/visita-pastoral-e-capitulo-eletivo-na-ordem-franciscana-secular.html#breadcrumb"},"inLanguage":"pt-BR","potentialAction":[{"@type":"ReadAction","target":["https:\/\/franciscanos.org.br\/carisma\/visita-pastoral-e-capitulo-eletivo-na-ordem-franciscana-secular.html"]}]},{"@type":"BreadcrumbList","@id":"https:\/\/franciscanos.org.br\/carisma\/visita-pastoral-e-capitulo-eletivo-na-ordem-franciscana-secular.html#breadcrumb","itemListElement":[{"@type":"ListItem","position":1,"name":"Home","item":"https:\/\/franciscanos.org.br\/carisma"},{"@type":"ListItem","position":2,"name":"Visita pastoral e Cap\u00edtulo Eletivo na Ordem Franciscana Secular"}]},{"@type":"Person","@id":"https:\/\/franciscanos.org.br\/carisma\/#\/schema\/person\/e352342a457f086dc6152f9c73a3d093","name":"admin","image":{"@type":"ImageObject","inLanguage":"pt-BR","@id":"https:\/\/franciscanos.org.br\/carisma\/#\/schema\/person\/image\/","url":"https:\/\/secure.gravatar.com\/avatar\/e8495742d34d0ba6448ea1c628263b3e?s=96&d=mm&r=g","contentUrl":"https:\/\/secure.gravatar.com\/avatar\/e8495742d34d0ba6448ea1c628263b3e?s=96&d=mm&r=g","caption":"admin"},"url":"https:\/\/franciscanos.org.br\/carisma\/author\/admin"}]}},"_links":{"self":[{"href":"https:\/\/franciscanos.org.br\/carisma\/wp-json\/wp\/v2\/posts\/8935"}],"collection":[{"href":"https:\/\/franciscanos.org.br\/carisma\/wp-json\/wp\/v2\/posts"}],"about":[{"href":"https:\/\/franciscanos.org.br\/carisma\/wp-json\/wp\/v2\/types\/post"}],"author":[{"embeddable":true,"href":"https:\/\/franciscanos.org.br\/carisma\/wp-json\/wp\/v2\/users\/1"}],"replies":[{"embeddable":true,"href":"https:\/\/franciscanos.org.br\/carisma\/wp-json\/wp\/v2\/comments?post=8935"}],"version-history":[{"count":0,"href":"https:\/\/franciscanos.org.br\/carisma\/wp-json\/wp\/v2\/posts\/8935\/revisions"}],"wp:featuredmedia":[{"embeddable":true,"href":"https:\/\/franciscanos.org.br\/carisma\/wp-json\/wp\/v2\/media\/175250"}],"wp:attachment":[{"href":"https:\/\/franciscanos.org.br\/carisma\/wp-json\/wp\/v2\/media?parent=8935"}],"wp:term":[{"taxonomy":"category","embeddable":true,"href":"https:\/\/franciscanos.org.br\/carisma\/wp-json\/wp\/v2\/categories?post=8935"},{"taxonomy":"post_tag","embeddable":true,"href":"https:\/\/franciscanos.org.br\/carisma\/wp-json\/wp\/v2\/tags?post=8935"}],"curies":[{"name":"wp","href":"https:\/\/api.w.org\/{rel}","templated":true}]}}