{"id":8931,"date":"2011-12-12T14:25:03","date_gmt":"2011-12-12T16:25:03","guid":{"rendered":"http:\/\/new.franciscanos.org.br\/?p=8931"},"modified":"2018-11-08T16:53:18","modified_gmt":"2018-11-08T18:53:18","slug":"para-onde-vai-a-ordem-franciscana-secular-no-brasil","status":"publish","type":"post","link":"https:\/\/franciscanos.org.br\/carisma\/para-onde-vai-a-ordem-franciscana-secular-no-brasil.html","title":{"rendered":"Para onde vai a Ordem Franciscana Secular no Brasil?"},"content":{"rendered":"<h4><img loading=\"lazy\" class=\"size-full wp-image-175252 alignnone\" src=\"http:\/\/franciscanos.org.br\/carisma\/wp-content\/uploads\/2011\/12\/ofs_05.jpg\" alt=\"\" width=\"890\" height=\"465\" srcset=\"https:\/\/franciscanos.org.br\/carisma\/wp-content\/uploads\/2011\/12\/ofs_05.jpg 890w, https:\/\/franciscanos.org.br\/carisma\/wp-content\/uploads\/2011\/12\/ofs_05-450x235.jpg 450w, https:\/\/franciscanos.org.br\/carisma\/wp-content\/uploads\/2011\/12\/ofs_05-768x401.jpg 768w, https:\/\/franciscanos.org.br\/carisma\/wp-content\/uploads\/2011\/12\/ofs_05-150x78.jpg 150w\" sizes=\"(max-width: 890px) 100vw, 890px\" \/><\/h4>\n<h4>Reflex\u00f5es de um assistente depois do Cap\u00edtulo de Manaus<br \/>\n(21-23 de agosto de 2009)<\/h4>\n<p align=\"left\"><strong>Frei Almir Ribeiro Guimar\u00e3es,OFM (*)<\/strong><\/p>\n<p><strong>1. <\/strong>A OFS do Brasil realizou sua XXXII Assembl\u00e9ia Nacional ou Cap\u00edtulo Eletivo em Manaus. Um novo governo assumiu o servi\u00e7o da Fraternidade Nacional. Todos esperamos que o Irm\u00e3o Ministro, Ant\u00f4nio Benedito de Jesus da Silva Bitencourt e seu Conselho possam prestar um belo servi\u00e7o \u00e0 OFS. Penso que ele e seus colaboradores imediatos haver\u00e3o de revestir dos melhores prop\u00f3sitos de servi\u00e7o e disponibilidade pela causa dos leigos e leigas que se consagram a Deus na OFS, atrav\u00e9s de uma promessa\/profiss\u00e3o de seguir o Evangelho \u00e0 maneira de Francisco no meio do mundo, secularmente. No in\u00edcio deste tri\u00eanio temos o dever irrenunci\u00e1vel de olhar a realidade, examinar os passos dados, as atitudes tomadas e tra\u00e7ar um caminho de futuro, marcado pela sinceridade em seguir Cristo Jesus. Por isso, cabe esta pergunta: Para onde caminha, ou pode caminhar, a Ordem Franciscana Secular no Brasil?<\/p>\n<p><strong>2.<\/strong> Antes de mais nada, espera-se que o Conselho eleito seja constitu\u00eddo de pessoas profundamente boas, transparentes, fr\u00e1geis, mas nitidamente buscadoras da santidade. N\u00e3o \u00e9 constitu\u00eddo de peritos na arte da burocracia, mas de irm\u00e3os e de irm\u00e3s humildes, simples, fraternos e nunca buscadores do poder e do prestigio. A Regra da OFS lembra sempre isto: \u201cNos diversos n\u00edveis, cada Fraternidade \u00e9 animada e conduzida por um Conselho e um Ministro que s\u00e3o eleitos pelos professor de acordo com as Constitui\u00e7\u00f5es. Seu servi\u00e7o, que \u00e9 tempor\u00e1rio, \u00e9 um cargo de disponibilidade e de responsabilidade em favor de cada membro e dos grupos\u201d ( n. 21).<\/p>\n<p><strong>3. <\/strong>Parece necess\u00e1rio, no momento em que novos irm\u00e3os assumem o servi\u00e7o no Conselho Nacional, que nos lembremos do esp\u00edrito de Francisco: \u201c \u2018N\u00e3o vim para ser servido mas para servir\u2019 (Mt 20,28), diz o Senhor. Os que est\u00e3o constitu\u00eddos sobre os outros n\u00e3o se vangloriem de sua superioridade mais do que se estivessem encarregados de lavar os p\u00e9s aos irm\u00e3os. E se a priva\u00e7\u00e3o do cargo de superior os perturba mais que a priva\u00e7\u00e3o do encargo de lavar os p\u00e9s, amontoam para si tanto mais riquezas com perigo para sua alma\u201d ( <em>Admoesta\u00e7\u00e3o<\/em> 4). Desnecess\u00e1rio dizer que os franciscanos que amam postos e cargos para mandar est\u00e3o longe do esp\u00edrito de Francisco e, com sua atitude, ferem gravemente o Evangelho.<\/p>\n<p><strong>4. <\/strong>A Ordem Franciscana Secular precisa formar leigos verdadeiramente conscientes de sua miss\u00e3o de crist\u00e3os no mundo. N\u00e3o basta que alguns irm\u00e3os e irm\u00e3s se re\u00fanam piedosamente algumas vezes por ano. Os franciscanos seculares precisam compreender e adotar o esquema do <em>ver, julgar e agir<\/em>. A OFS se aproxima daquele esp\u00edrito da A\u00e7\u00e3o Cat\u00f3lica t\u00e3o elogiado pelos Papas. \u00c0 m\u00e3o dos documentos da Igreja, os seculares franciscanos ajudar\u00e3o nas tarefas intraeclesiais, mas ser\u00e3o restauradores da Igreja no meio do mundo: fermento na massa, sal da terra e luz do mundo. Se as Fraternidades n\u00e3o compreenderem de fato esta dimens\u00e3o, que sentido t\u00eam esses grupos?<\/p>\n<p><strong>5. <\/strong>Aproveitando a comemora\u00e7\u00e3o dos 800 anos do carisma franciscano, a OFS n\u00e3o se limite a congressos, palestras e confraterniza\u00e7\u00f5es. \u201cQuando Francisco naquele <em>certo dia<\/em> encontrou-se com o Evangelho, este lhe soou como uma revela\u00e7\u00e3o e um convite: a exemplo de Jesus Cristo, tornar-se pequeno, menor despojado de poder e de riqueza e, ir, assim pelo mundo, anunciando o Reino de Deus e a convers\u00e3o. Francisco e, em seguida Clara e os respectivos grupos, desencadearam um movimento evang\u00e9lico-penitencial que, em boa parte, correspondia aos anseios do tempo\u201d ( <em>Reviver o sonho de Francisco e Clara de Assis no ch\u00e3o da Am\u00e9rica Latina<\/em> , FFB, p.8).<\/p>\n<p><strong>6.<\/strong> A Ordem Franciscana Secular, com sua Regra e sua m\u00edstica, corresponderia aos anseios de nosso tempo? Eis uma quest\u00e3o fundamental. N\u00e3o basta repetir pr\u00e1ticas, fazer cap\u00edtulos, eleger novos ministros. Importa ter consci\u00eancia clara que a OFS tem sentido. H\u00e1 aqueles que n\u00e3o v\u00eam na Ordem nada que responda aos anseios do tempo moderno. Outros grupos s\u00e3o mais atraentes, mais profundos, mais compromissados com o Evangelho. \u00c9 o que costumamos ouvir. S\u00f3 podemos fazer propaganda vocacional, sobretudo no meio dos jovens, se os ministros e seus conselhos, nos diferentes n\u00edveis est\u00e3o convencidos de que temos algo a oferecer. O que de bem concreto podemos propor aos homens e mulheres de hoje.<\/p>\n<p><strong>7.<\/strong> Pessoalmente estou convencido de que precisamos fam\u00edlias evangelicamente franciscanas, trabalhadores franciscanos, pol\u00edticos franciscanos, orantes franciscanos, cuidadores da natureza franciscanos, crist\u00e3os humildes e bons franciscanos. Se vivermos a Regra da OFS temos propostas bel\u00edssimas a serem feitas. Cabe, bem concretamente, neste contexto, elencar as grandes propostas evang\u00e9lico-franciscanas-clarianas que temos a oferecer aos homens e mulheres da provisoriedade, do individualismo, do hedonismo e do consumismo, o perfume do Evangelho que nossos predecessores ofereceram a tantos e tantas. Nessa dire\u00e7\u00e3o deve ir a Ordem Franciscana Secular se quiser viver e ser fiel ao carisma. Ser\u00e1 que a OFS est\u00e1 sabendo tirar frutos nesse tempo de comemora\u00e7\u00e3o dos 800 anos do carisma? O que o Nacional e os Regionais andam propondo?<\/p>\n<p><strong>8. <\/strong>N\u00e3o somos orantes espalhafatosos. Os franciscanos, tamb\u00e9m os seculares, gostamos do deserto, das grutas, do sil\u00eancio. Temos saudades dos Carceri e do La Verna. Nosso Pai nos ensinou que dev\u00edamos rezar o Of\u00edcio como manda a M\u00e3e Igreja. Rahner dizia que os crist\u00e3os dos tempos novos ou seriam m\u00edsticos ou n\u00e3o seriam nada. Entendamos por m\u00edsticos aqueles que t\u00eam contatos regulares, saborosos e densos com o Senhor. Os membros da OFS rezam de verdade. Quando deixamos a ora\u00e7\u00e3o, a missa quase que di\u00e1ria somos facilmente presas do inimigo que nos oferece o fruto do poder, da vaidade e, depois, ficamos com vergonha de Deus e n\u00e3o podemos mais olhar em seus olhos. Quisemos ser como deuses e Deus nos abandonou.<\/p>\n<p><strong>9. <\/strong>Os orantes franciscanos n\u00e3o se fixam. S\u00e3o sempre peregrinos, forasteiros. Espera-se que muitos irm\u00e3os e irm\u00e3s das fraterndades seculares se disponham a ser mission\u00e1rios, quem sabe, at\u00e9 em lugares mais distantes. A palavra m\u00e1gica \u00e9 miss\u00e3o. Os franciscanos s\u00e3o mission\u00e1rios pela palavra e pela vida, mission\u00e1rios da fam\u00edlia, mission\u00e1rios na par\u00f3quia, mission\u00e1rios de verdade. Se as fraternidades seculares n\u00e3o colocarem em suas agendas o trabalho mission\u00e1rio, aqueles que n\u00e3o do nossos, tomar\u00e3o nosso lugar.<\/p>\n<p><strong>10. <\/strong>N\u00e3o se pode imaginar uma Fraternidade Franciscana Secular aburguesada, contente com seu conforto, satisfeita com a repeti\u00e7\u00e3o de ritos. Todos os cora\u00e7\u00f5es retos que poderiam querer fazer parte dos nossos desejam nos ver envolvidos com o mundo dos pobres. O amanh\u00e3 de nossas Fraternidades passa pelo trabalho e a dedica\u00e7\u00e3o aos mais pobres. Todas as Fraternidades precisam ir ao encontro desses pobres que s\u00e3o os idosos mal cheirosos, as m\u00e3es de filhos encarcerados e drogados, os doentes sem visitas e os jovens sem len\u00e7o, sem documento e sem esperan\u00e7a. Insisto na palavra pobre. Quando queremos responder \u00e0 pergunta t\u00edtulo desta reflex\u00e3o inegavelmente a resposta aponta na dire\u00e7\u00e3o dos pobres. Fa\u00e7o duas cita\u00e7\u00f5es de Frei Jos\u00e9 Rodriguez Carballo, Ministro Geral dos Menores. Ele se refere aos frades. <em>Mutatis mutandis <\/em>os leigos tamb\u00e9m podem ser atingidos por estes pensamentos. O Ministro escreve aos frades a respeito de fraternidades inseridas em ambientes pobres. \u201cTudo isso levou-nos a tomar consci\u00eancia do fato de n\u00e3o podermos escolher arbitrariamente os lugares onde morar, mas \u00e9 necess\u00e1rio deixar-nos seduzir pelos claustros esquecidos, pelos claustros inumanos onde a beleza e a dignidade da pessoa s\u00e3o continuamente ofuscadas. Assim, aproximamo-nos um pouco mais dos pobres, primeiros destinat\u00e1rios da miss\u00e3o de Jesus para n\u00f3s fazermos miseric\u00f3rdia com eles (<em>Com lucidez e aud\u00e1cia em tempos de refunda\u00e7\u00e3o<\/em>, n. 74). Mais ainda: \u201cTendo presente nossa forma de vida, \u00e9 tamb\u00e9m evidente que n\u00e3o se pode separar nossa obra evangelizadora de nossa voca\u00e7\u00e3o para a minoridade, pobreza e solidariedade. Por sermos menores, somos servos de todos, renunciando a exercer qualquer tipo de poder ou dom\u00ednio sobre os outros; por sermos pobres, deixamo-nos evangelizar pelos pobres; por sermos solid\u00e1rios, alargamos nossa tenda para fazer nossas as alegrias e tristezas dos mais pobres e daqueles que mais sofrem\u201d ( Idem,n.75). Os franciscanos sentem-se bem entre os pequenos. Na medida em que os irm\u00e3os e irm\u00e3s v\u00e3o vivendo esse esp\u00edrito, pode-se esperar que as elei\u00e7\u00f5es em nossos Cap\u00edtulos tenham a caracter\u00edstica de aceitar um fardo para servir e uma honra e um benef\u00edcio em prol de seu ego.<\/p>\n<p><strong>11.<\/strong> A OFS cuidar\u00e1 de modo especial da vida em fraternidade. Os Capitulares escolheram como prioridade o revigoramento e renova\u00e7\u00e3o das reuni\u00f5es da fraternidade.<\/p>\n<p>(*) Frei Almir Ribeiro Guimar\u00e3es, OFM<br \/>\nAssistente Nacional da OFS pela OFM e Assistente Regional do Sudeste III<\/p>\n","protected":false},"excerpt":{"rendered":"<p>Reflex\u00f5es de um assistente depois do Cap\u00edtulo de Manaus (21-23 de agosto de 2009) Frei Almir Ribeiro Guimar\u00e3es,OFM (*) 1. A OFS do Brasil realizou sua XXXII Assembl\u00e9ia Nacional ou Cap\u00edtulo Eletivo em Manaus. Um novo governo assumiu o servi\u00e7o da Fraternidade Nacional. Todos esperamos que o Irm\u00e3o Ministro, Ant\u00f4nio Benedito de Jesus da Silva [&hellip;]<\/p>\n","protected":false},"author":1,"featured_media":175252,"comment_status":"closed","ping_status":"open","sticky":false,"template":"","format":"standard","meta":[],"categories":[14],"tags":[],"yoast_head":"<!-- This site is optimized with the Yoast SEO plugin v19.2 - https:\/\/yoast.com\/wordpress\/plugins\/seo\/ -->\n<title>Para onde vai a Ordem Franciscana Secular no Brasil? - Carisma - Franciscanos<\/title>\n<meta name=\"robots\" content=\"index, follow, max-snippet:-1, max-image-preview:large, max-video-preview:-1\" \/>\n<link rel=\"canonical\" href=\"https:\/\/franciscanos.org.br\/carisma\/para-onde-vai-a-ordem-franciscana-secular-no-brasil.html\" \/>\n<meta property=\"og:locale\" content=\"pt_BR\" \/>\n<meta property=\"og:type\" content=\"article\" \/>\n<meta property=\"og:title\" content=\"Para onde vai a Ordem Franciscana Secular no Brasil? - Carisma - Franciscanos\" \/>\n<meta property=\"og:description\" content=\"Reflex\u00f5es de um assistente depois do Cap\u00edtulo de Manaus (21-23 de agosto de 2009) Frei Almir Ribeiro Guimar\u00e3es,OFM (*) 1. A OFS do Brasil realizou sua XXXII Assembl\u00e9ia Nacional ou Cap\u00edtulo Eletivo em Manaus. Um novo governo assumiu o servi\u00e7o da Fraternidade Nacional. Todos esperamos que o Irm\u00e3o Ministro, Ant\u00f4nio Benedito de Jesus da Silva [&hellip;]\" \/>\n<meta property=\"og:url\" content=\"https:\/\/franciscanos.org.br\/carisma\/para-onde-vai-a-ordem-franciscana-secular-no-brasil.html\" \/>\n<meta property=\"og:site_name\" content=\"Carisma - Franciscanos\" \/>\n<meta property=\"article:published_time\" content=\"2011-12-12T16:25:03+00:00\" \/>\n<meta property=\"article:modified_time\" content=\"2018-11-08T18:53:18+00:00\" \/>\n<meta property=\"og:image\" content=\"https:\/\/franciscanos.org.br\/carisma\/wp-content\/uploads\/2011\/12\/ofs_05.jpg\" \/>\n\t<meta property=\"og:image:width\" content=\"890\" \/>\n\t<meta property=\"og:image:height\" content=\"465\" \/>\n\t<meta property=\"og:image:type\" content=\"image\/jpeg\" \/>\n<meta name=\"author\" content=\"admin\" \/>\n<meta name=\"twitter:card\" content=\"summary_large_image\" \/>\n<meta name=\"twitter:label1\" content=\"Escrito por\" \/>\n\t<meta name=\"twitter:data1\" content=\"admin\" \/>\n\t<meta name=\"twitter:label2\" content=\"Est. tempo de leitura\" \/>\n\t<meta name=\"twitter:data2\" content=\"8 minutos\" \/>\n<script type=\"application\/ld+json\" class=\"yoast-schema-graph\">{\"@context\":\"https:\/\/schema.org\",\"@graph\":[{\"@type\":\"WebSite\",\"@id\":\"https:\/\/franciscanos.org.br\/carisma\/#website\",\"url\":\"https:\/\/franciscanos.org.br\/carisma\/\",\"name\":\"Carisma - Franciscanos\",\"description\":\"Prov\u00edncia Franciscana da Imaculada Concei\u00e7\u00e3o do Brasil - Ordem dos Frades Menores\",\"potentialAction\":[{\"@type\":\"SearchAction\",\"target\":{\"@type\":\"EntryPoint\",\"urlTemplate\":\"https:\/\/franciscanos.org.br\/carisma\/?s={search_term_string}\"},\"query-input\":\"required name=search_term_string\"}],\"inLanguage\":\"pt-BR\"},{\"@type\":\"ImageObject\",\"inLanguage\":\"pt-BR\",\"@id\":\"https:\/\/franciscanos.org.br\/carisma\/para-onde-vai-a-ordem-franciscana-secular-no-brasil.html#primaryimage\",\"url\":\"https:\/\/franciscanos.org.br\/carisma\/wp-content\/uploads\/2011\/12\/ofs_05.jpg\",\"contentUrl\":\"https:\/\/franciscanos.org.br\/carisma\/wp-content\/uploads\/2011\/12\/ofs_05.jpg\",\"width\":890,\"height\":465},{\"@type\":\"WebPage\",\"@id\":\"https:\/\/franciscanos.org.br\/carisma\/para-onde-vai-a-ordem-franciscana-secular-no-brasil.html#webpage\",\"url\":\"https:\/\/franciscanos.org.br\/carisma\/para-onde-vai-a-ordem-franciscana-secular-no-brasil.html\",\"name\":\"Para onde vai a Ordem Franciscana Secular no Brasil? - Carisma - Franciscanos\",\"isPartOf\":{\"@id\":\"https:\/\/franciscanos.org.br\/carisma\/#website\"},\"primaryImageOfPage\":{\"@id\":\"https:\/\/franciscanos.org.br\/carisma\/para-onde-vai-a-ordem-franciscana-secular-no-brasil.html#primaryimage\"},\"datePublished\":\"2011-12-12T16:25:03+00:00\",\"dateModified\":\"2018-11-08T18:53:18+00:00\",\"author\":{\"@id\":\"https:\/\/franciscanos.org.br\/carisma\/#\/schema\/person\/e352342a457f086dc6152f9c73a3d093\"},\"breadcrumb\":{\"@id\":\"https:\/\/franciscanos.org.br\/carisma\/para-onde-vai-a-ordem-franciscana-secular-no-brasil.html#breadcrumb\"},\"inLanguage\":\"pt-BR\",\"potentialAction\":[{\"@type\":\"ReadAction\",\"target\":[\"https:\/\/franciscanos.org.br\/carisma\/para-onde-vai-a-ordem-franciscana-secular-no-brasil.html\"]}]},{\"@type\":\"BreadcrumbList\",\"@id\":\"https:\/\/franciscanos.org.br\/carisma\/para-onde-vai-a-ordem-franciscana-secular-no-brasil.html#breadcrumb\",\"itemListElement\":[{\"@type\":\"ListItem\",\"position\":1,\"name\":\"Home\",\"item\":\"https:\/\/franciscanos.org.br\/carisma\"},{\"@type\":\"ListItem\",\"position\":2,\"name\":\"Para onde vai a Ordem Franciscana Secular no Brasil?\"}]},{\"@type\":\"Person\",\"@id\":\"https:\/\/franciscanos.org.br\/carisma\/#\/schema\/person\/e352342a457f086dc6152f9c73a3d093\",\"name\":\"admin\",\"image\":{\"@type\":\"ImageObject\",\"inLanguage\":\"pt-BR\",\"@id\":\"https:\/\/franciscanos.org.br\/carisma\/#\/schema\/person\/image\/\",\"url\":\"https:\/\/secure.gravatar.com\/avatar\/e8495742d34d0ba6448ea1c628263b3e?s=96&d=mm&r=g\",\"contentUrl\":\"https:\/\/secure.gravatar.com\/avatar\/e8495742d34d0ba6448ea1c628263b3e?s=96&d=mm&r=g\",\"caption\":\"admin\"},\"url\":\"https:\/\/franciscanos.org.br\/carisma\/author\/admin\"}]}<\/script>\n<!-- \/ Yoast SEO plugin. -->","yoast_head_json":{"title":"Para onde vai a Ordem Franciscana Secular no Brasil? - Carisma - Franciscanos","robots":{"index":"index","follow":"follow","max-snippet":"max-snippet:-1","max-image-preview":"max-image-preview:large","max-video-preview":"max-video-preview:-1"},"canonical":"https:\/\/franciscanos.org.br\/carisma\/para-onde-vai-a-ordem-franciscana-secular-no-brasil.html","og_locale":"pt_BR","og_type":"article","og_title":"Para onde vai a Ordem Franciscana Secular no Brasil? - Carisma - Franciscanos","og_description":"Reflex\u00f5es de um assistente depois do Cap\u00edtulo de Manaus (21-23 de agosto de 2009) Frei Almir Ribeiro Guimar\u00e3es,OFM (*) 1. A OFS do Brasil realizou sua XXXII Assembl\u00e9ia Nacional ou Cap\u00edtulo Eletivo em Manaus. Um novo governo assumiu o servi\u00e7o da Fraternidade Nacional. Todos esperamos que o Irm\u00e3o Ministro, Ant\u00f4nio Benedito de Jesus da Silva [&hellip;]","og_url":"https:\/\/franciscanos.org.br\/carisma\/para-onde-vai-a-ordem-franciscana-secular-no-brasil.html","og_site_name":"Carisma - Franciscanos","article_published_time":"2011-12-12T16:25:03+00:00","article_modified_time":"2018-11-08T18:53:18+00:00","og_image":[{"width":890,"height":465,"url":"https:\/\/franciscanos.org.br\/carisma\/wp-content\/uploads\/2011\/12\/ofs_05.jpg","type":"image\/jpeg"}],"author":"admin","twitter_card":"summary_large_image","twitter_misc":{"Escrito por":"admin","Est. tempo de leitura":"8 minutos"},"schema":{"@context":"https:\/\/schema.org","@graph":[{"@type":"WebSite","@id":"https:\/\/franciscanos.org.br\/carisma\/#website","url":"https:\/\/franciscanos.org.br\/carisma\/","name":"Carisma - Franciscanos","description":"Prov\u00edncia Franciscana da Imaculada Concei\u00e7\u00e3o do Brasil - Ordem dos Frades Menores","potentialAction":[{"@type":"SearchAction","target":{"@type":"EntryPoint","urlTemplate":"https:\/\/franciscanos.org.br\/carisma\/?s={search_term_string}"},"query-input":"required name=search_term_string"}],"inLanguage":"pt-BR"},{"@type":"ImageObject","inLanguage":"pt-BR","@id":"https:\/\/franciscanos.org.br\/carisma\/para-onde-vai-a-ordem-franciscana-secular-no-brasil.html#primaryimage","url":"https:\/\/franciscanos.org.br\/carisma\/wp-content\/uploads\/2011\/12\/ofs_05.jpg","contentUrl":"https:\/\/franciscanos.org.br\/carisma\/wp-content\/uploads\/2011\/12\/ofs_05.jpg","width":890,"height":465},{"@type":"WebPage","@id":"https:\/\/franciscanos.org.br\/carisma\/para-onde-vai-a-ordem-franciscana-secular-no-brasil.html#webpage","url":"https:\/\/franciscanos.org.br\/carisma\/para-onde-vai-a-ordem-franciscana-secular-no-brasil.html","name":"Para onde vai a Ordem Franciscana Secular no Brasil? - Carisma - Franciscanos","isPartOf":{"@id":"https:\/\/franciscanos.org.br\/carisma\/#website"},"primaryImageOfPage":{"@id":"https:\/\/franciscanos.org.br\/carisma\/para-onde-vai-a-ordem-franciscana-secular-no-brasil.html#primaryimage"},"datePublished":"2011-12-12T16:25:03+00:00","dateModified":"2018-11-08T18:53:18+00:00","author":{"@id":"https:\/\/franciscanos.org.br\/carisma\/#\/schema\/person\/e352342a457f086dc6152f9c73a3d093"},"breadcrumb":{"@id":"https:\/\/franciscanos.org.br\/carisma\/para-onde-vai-a-ordem-franciscana-secular-no-brasil.html#breadcrumb"},"inLanguage":"pt-BR","potentialAction":[{"@type":"ReadAction","target":["https:\/\/franciscanos.org.br\/carisma\/para-onde-vai-a-ordem-franciscana-secular-no-brasil.html"]}]},{"@type":"BreadcrumbList","@id":"https:\/\/franciscanos.org.br\/carisma\/para-onde-vai-a-ordem-franciscana-secular-no-brasil.html#breadcrumb","itemListElement":[{"@type":"ListItem","position":1,"name":"Home","item":"https:\/\/franciscanos.org.br\/carisma"},{"@type":"ListItem","position":2,"name":"Para onde vai a Ordem Franciscana Secular no Brasil?"}]},{"@type":"Person","@id":"https:\/\/franciscanos.org.br\/carisma\/#\/schema\/person\/e352342a457f086dc6152f9c73a3d093","name":"admin","image":{"@type":"ImageObject","inLanguage":"pt-BR","@id":"https:\/\/franciscanos.org.br\/carisma\/#\/schema\/person\/image\/","url":"https:\/\/secure.gravatar.com\/avatar\/e8495742d34d0ba6448ea1c628263b3e?s=96&d=mm&r=g","contentUrl":"https:\/\/secure.gravatar.com\/avatar\/e8495742d34d0ba6448ea1c628263b3e?s=96&d=mm&r=g","caption":"admin"},"url":"https:\/\/franciscanos.org.br\/carisma\/author\/admin"}]}},"_links":{"self":[{"href":"https:\/\/franciscanos.org.br\/carisma\/wp-json\/wp\/v2\/posts\/8931"}],"collection":[{"href":"https:\/\/franciscanos.org.br\/carisma\/wp-json\/wp\/v2\/posts"}],"about":[{"href":"https:\/\/franciscanos.org.br\/carisma\/wp-json\/wp\/v2\/types\/post"}],"author":[{"embeddable":true,"href":"https:\/\/franciscanos.org.br\/carisma\/wp-json\/wp\/v2\/users\/1"}],"replies":[{"embeddable":true,"href":"https:\/\/franciscanos.org.br\/carisma\/wp-json\/wp\/v2\/comments?post=8931"}],"version-history":[{"count":0,"href":"https:\/\/franciscanos.org.br\/carisma\/wp-json\/wp\/v2\/posts\/8931\/revisions"}],"wp:featuredmedia":[{"embeddable":true,"href":"https:\/\/franciscanos.org.br\/carisma\/wp-json\/wp\/v2\/media\/175252"}],"wp:attachment":[{"href":"https:\/\/franciscanos.org.br\/carisma\/wp-json\/wp\/v2\/media?parent=8931"}],"wp:term":[{"taxonomy":"category","embeddable":true,"href":"https:\/\/franciscanos.org.br\/carisma\/wp-json\/wp\/v2\/categories?post=8931"},{"taxonomy":"post_tag","embeddable":true,"href":"https:\/\/franciscanos.org.br\/carisma\/wp-json\/wp\/v2\/tags?post=8931"}],"curies":[{"name":"wp","href":"https:\/\/api.w.org\/{rel}","templated":true}]}}