{"id":8929,"date":"2011-12-12T14:24:16","date_gmt":"2011-12-12T16:24:16","guid":{"rendered":"http:\/\/new.franciscanos.org.br\/?p=8929"},"modified":"2011-12-12T14:24:16","modified_gmt":"2011-12-12T16:24:16","slug":"documento-final-do-xxxii-capitulo-nacional-ordinario-eletivo","status":"publish","type":"post","link":"https:\/\/franciscanos.org.br\/carisma\/documento-final-do-xxxii-capitulo-nacional-ordinario-eletivo.html","title":{"rendered":"Documento Final do XXXII: Cap\u00edtulo Nacional Ordin\u00e1rio Eletivo"},"content":{"rendered":"<h4><strong><a href=\"http:\/\/franciscanos.org.br\/wp-content\/uploads\/2011\/12\/2006_170412.jpg\"><img loading=\"lazy\" class=\"alignright size-full wp-image-16069\" title=\"2006_170412\" src=\"http:\/\/franciscanos.org.br\/wp-content\/uploads\/2011\/12\/2006_170412.jpg\" alt=\"\" width=\"585\" height=\"396\" \/><\/a>Documento final do XXXII Cap\u00edtulo Nacional Ordin\u00e1rio Eletivo <\/strong><br \/>\n<strong><br \/>\nManaus (AM) &#8211; <\/strong>Ap\u00f3s reflex\u00f5es das diferentes \u00c1reas em que est\u00e1 dividida a OFS no Brasil os capitulares recomendam o empenho no trabalho das seguintes prioridades:<\/h4>\n<p><strong>A\u00e7\u00e3o mission\u00e1ria do franciscano e da franciscana seculares<\/strong><\/p>\n<p>Elabora\u00e7\u00e3o de um programa de anima\u00e7\u00e3o mission\u00e1ria que contemple a atua\u00e7\u00e3o<br \/>\n&#8211; nas fam\u00edlias, c\u00e9lulas primeiras para a transforma\u00e7\u00e3o do mundo;<br \/>\n&#8211; nas comunidades, locais privilegiados para o testemunho que atrai;<br \/>\n&#8211; no encontro com os pobres,n\u00e3o perdendo de vista que eles s\u00e3o nosso ponto de partida;<br \/>\n&#8211; nas atividades al\u00e9m fronteiras, sendo bra\u00e7o da Igreja onde a Igreja n\u00e3o pode estar,<br \/>\n&#8211; sempre vigilantes para n\u00e3o cair na tenta\u00e7\u00e3o do ativismo.<\/p>\n<p><strong>Revigoramento das reuni\u00f5es mensais e da vida fraterna<\/strong><strong><\/strong><\/p>\n<p>1. Conscientiza\u00e7\u00e3o dos Conselhos locais sobre a import\u00e2ncia da prepara\u00e7\u00e3o da reuni\u00e3o geral, de forma criativa e vigorosa, procurando envolver todos os participantes, quer professos,quer formandos,iniciantes ou simpatizantes;<br \/>\n<strong>2.<\/strong> Manuten\u00e7\u00e3o da Pastoral dos Faltosos;<br \/>\n<strong>3. <\/strong>Busca de uma maior aproxima\u00e7\u00e3o com as Ordens e Congrega\u00e7\u00f5es Franciscanas e Clarianas;<br \/>\n<strong>4.<\/strong> Conscientiza\u00e7\u00e3o e prepara\u00e7\u00e3o dos irm\u00e3os e irm\u00e3s para participa\u00e7\u00e3o nos servi\u00e7os fraternos \u00e0 Fraternidade;<br \/>\n<strong>5. <\/strong>Visitas com regularidade aos irm\u00e3os e irm\u00e3s do SEI (Servi\u00e7o dos Enfermos e Idosos);<br \/>\n<strong>6.<\/strong> Aplica\u00e7\u00e3o efetiva do DMR (Diret\u00f3rio das M\u00fatuas Rela\u00e7\u00f5es entre OFS e JUFRA);<br \/>\n<strong>7.<\/strong> Busca do envolvimento dos familiares dos irm\u00e3os e irm\u00e3s da Fraternidade.<\/p>\n<p><strong>Promover a consci\u00eancia ambiental<\/strong><strong><\/strong><\/p>\n<p>1. Busca de a\u00e7\u00f5es solid\u00e1rias na preserva\u00e7\u00e3o e cuidado com a cria\u00e7\u00e3o, dom de Deus para n\u00f3s.<br \/>\n<strong>2.<\/strong> Sensibiliza\u00e7\u00e3o e compromisso com o consumo consciente<br \/>\n<strong>3. <\/strong>Acompanhamento e apoio aos Projetos de Lei relacionados \u00e0s quest\u00f5es ambientais.<strong><br \/>\n4<\/strong>. Presen\u00e7a nos Conselhos Municipais ligados ao Meio Ambiente.<\/p>\n<p>Manaus, 23 de agosto de 2009<\/p>\n","protected":false},"excerpt":{"rendered":"<p>ORDEM FRANCISCANA SECULAR<\/p>\n","protected":false},"author":1,"featured_media":174747,"comment_status":"closed","ping_status":"open","sticky":false,"template":"","format":"standard","meta":[],"categories":[14],"tags":[],"yoast_head":"<!-- This site is optimized with the Yoast SEO plugin v19.2 - https:\/\/yoast.com\/wordpress\/plugins\/seo\/ -->\n<title>Documento Final do XXXII: Cap\u00edtulo Nacional Ordin\u00e1rio Eletivo - Carisma - Franciscanos<\/title>\n<meta name=\"robots\" content=\"index, follow, max-snippet:-1, max-image-preview:large, max-video-preview:-1\" \/>\n<link rel=\"canonical\" href=\"https:\/\/franciscanos.org.br\/carisma\/documento-final-do-xxxii-capitulo-nacional-ordinario-eletivo.html\" \/>\n<meta property=\"og:locale\" content=\"pt_BR\" \/>\n<meta property=\"og:type\" content=\"article\" \/>\n<meta property=\"og:title\" content=\"Documento Final do XXXII: Cap\u00edtulo Nacional Ordin\u00e1rio Eletivo - Carisma - Franciscanos\" \/>\n<meta property=\"og:description\" content=\"ORDEM FRANCISCANA SECULAR\" \/>\n<meta property=\"og:url\" content=\"https:\/\/franciscanos.org.br\/carisma\/documento-final-do-xxxii-capitulo-nacional-ordinario-eletivo.html\" \/>\n<meta property=\"og:site_name\" content=\"Carisma - Franciscanos\" \/>\n<meta property=\"article:published_time\" content=\"2011-12-12T16:24:16+00:00\" \/>\n<meta property=\"og:image\" content=\"https:\/\/franciscanos.org.br\/carisma\/wp-content\/uploads\/2018\/10\/2006_170412-3.jpg\" \/>\n\t<meta property=\"og:image:width\" content=\"585\" \/>\n\t<meta property=\"og:image:height\" content=\"396\" \/>\n\t<meta property=\"og:image:type\" content=\"image\/jpeg\" \/>\n<meta name=\"author\" content=\"admin\" \/>\n<meta name=\"twitter:card\" content=\"summary_large_image\" \/>\n<meta name=\"twitter:label1\" content=\"Escrito por\" \/>\n\t<meta name=\"twitter:data1\" content=\"admin\" \/>\n\t<meta name=\"twitter:label2\" content=\"Est. tempo de leitura\" \/>\n\t<meta name=\"twitter:data2\" content=\"2 minutos\" \/>\n<script type=\"application\/ld+json\" class=\"yoast-schema-graph\">{\"@context\":\"https:\/\/schema.org\",\"@graph\":[{\"@type\":\"WebSite\",\"@id\":\"https:\/\/franciscanos.org.br\/carisma\/#website\",\"url\":\"https:\/\/franciscanos.org.br\/carisma\/\",\"name\":\"Carisma - Franciscanos\",\"description\":\"Prov\u00edncia Franciscana da Imaculada Concei\u00e7\u00e3o do Brasil - Ordem dos Frades Menores\",\"potentialAction\":[{\"@type\":\"SearchAction\",\"target\":{\"@type\":\"EntryPoint\",\"urlTemplate\":\"https:\/\/franciscanos.org.br\/carisma\/?s={search_term_string}\"},\"query-input\":\"required name=search_term_string\"}],\"inLanguage\":\"pt-BR\"},{\"@type\":\"ImageObject\",\"inLanguage\":\"pt-BR\",\"@id\":\"https:\/\/franciscanos.org.br\/carisma\/documento-final-do-xxxii-capitulo-nacional-ordinario-eletivo.html#primaryimage\",\"url\":\"https:\/\/franciscanos.org.br\/carisma\/wp-content\/uploads\/2018\/10\/2006_170412-3.jpg\",\"contentUrl\":\"https:\/\/franciscanos.org.br\/carisma\/wp-content\/uploads\/2018\/10\/2006_170412-3.jpg\",\"width\":585,\"height\":396},{\"@type\":\"WebPage\",\"@id\":\"https:\/\/franciscanos.org.br\/carisma\/documento-final-do-xxxii-capitulo-nacional-ordinario-eletivo.html#webpage\",\"url\":\"https:\/\/franciscanos.org.br\/carisma\/documento-final-do-xxxii-capitulo-nacional-ordinario-eletivo.html\",\"name\":\"Documento Final do XXXII: Cap\u00edtulo Nacional Ordin\u00e1rio Eletivo - Carisma - Franciscanos\",\"isPartOf\":{\"@id\":\"https:\/\/franciscanos.org.br\/carisma\/#website\"},\"primaryImageOfPage\":{\"@id\":\"https:\/\/franciscanos.org.br\/carisma\/documento-final-do-xxxii-capitulo-nacional-ordinario-eletivo.html#primaryimage\"},\"datePublished\":\"2011-12-12T16:24:16+00:00\",\"dateModified\":\"2011-12-12T16:24:16+00:00\",\"author\":{\"@id\":\"https:\/\/franciscanos.org.br\/carisma\/#\/schema\/person\/e352342a457f086dc6152f9c73a3d093\"},\"breadcrumb\":{\"@id\":\"https:\/\/franciscanos.org.br\/carisma\/documento-final-do-xxxii-capitulo-nacional-ordinario-eletivo.html#breadcrumb\"},\"inLanguage\":\"pt-BR\",\"potentialAction\":[{\"@type\":\"ReadAction\",\"target\":[\"https:\/\/franciscanos.org.br\/carisma\/documento-final-do-xxxii-capitulo-nacional-ordinario-eletivo.html\"]}]},{\"@type\":\"BreadcrumbList\",\"@id\":\"https:\/\/franciscanos.org.br\/carisma\/documento-final-do-xxxii-capitulo-nacional-ordinario-eletivo.html#breadcrumb\",\"itemListElement\":[{\"@type\":\"ListItem\",\"position\":1,\"name\":\"Home\",\"item\":\"https:\/\/franciscanos.org.br\/carisma\"},{\"@type\":\"ListItem\",\"position\":2,\"name\":\"Documento Final do XXXII: Cap\u00edtulo Nacional Ordin\u00e1rio Eletivo\"}]},{\"@type\":\"Person\",\"@id\":\"https:\/\/franciscanos.org.br\/carisma\/#\/schema\/person\/e352342a457f086dc6152f9c73a3d093\",\"name\":\"admin\",\"image\":{\"@type\":\"ImageObject\",\"inLanguage\":\"pt-BR\",\"@id\":\"https:\/\/franciscanos.org.br\/carisma\/#\/schema\/person\/image\/\",\"url\":\"https:\/\/secure.gravatar.com\/avatar\/e8495742d34d0ba6448ea1c628263b3e?s=96&d=mm&r=g\",\"contentUrl\":\"https:\/\/secure.gravatar.com\/avatar\/e8495742d34d0ba6448ea1c628263b3e?s=96&d=mm&r=g\",\"caption\":\"admin\"},\"url\":\"https:\/\/franciscanos.org.br\/carisma\/author\/admin\"}]}<\/script>\n<!-- \/ Yoast SEO plugin. -->","yoast_head_json":{"title":"Documento Final do XXXII: Cap\u00edtulo Nacional Ordin\u00e1rio Eletivo - Carisma - Franciscanos","robots":{"index":"index","follow":"follow","max-snippet":"max-snippet:-1","max-image-preview":"max-image-preview:large","max-video-preview":"max-video-preview:-1"},"canonical":"https:\/\/franciscanos.org.br\/carisma\/documento-final-do-xxxii-capitulo-nacional-ordinario-eletivo.html","og_locale":"pt_BR","og_type":"article","og_title":"Documento Final do XXXII: Cap\u00edtulo Nacional Ordin\u00e1rio Eletivo - Carisma - Franciscanos","og_description":"ORDEM FRANCISCANA SECULAR","og_url":"https:\/\/franciscanos.org.br\/carisma\/documento-final-do-xxxii-capitulo-nacional-ordinario-eletivo.html","og_site_name":"Carisma - Franciscanos","article_published_time":"2011-12-12T16:24:16+00:00","og_image":[{"width":585,"height":396,"url":"https:\/\/franciscanos.org.br\/carisma\/wp-content\/uploads\/2018\/10\/2006_170412-3.jpg","type":"image\/jpeg"}],"author":"admin","twitter_card":"summary_large_image","twitter_misc":{"Escrito por":"admin","Est. tempo de leitura":"2 minutos"},"schema":{"@context":"https:\/\/schema.org","@graph":[{"@type":"WebSite","@id":"https:\/\/franciscanos.org.br\/carisma\/#website","url":"https:\/\/franciscanos.org.br\/carisma\/","name":"Carisma - Franciscanos","description":"Prov\u00edncia Franciscana da Imaculada Concei\u00e7\u00e3o do Brasil - Ordem dos Frades Menores","potentialAction":[{"@type":"SearchAction","target":{"@type":"EntryPoint","urlTemplate":"https:\/\/franciscanos.org.br\/carisma\/?s={search_term_string}"},"query-input":"required name=search_term_string"}],"inLanguage":"pt-BR"},{"@type":"ImageObject","inLanguage":"pt-BR","@id":"https:\/\/franciscanos.org.br\/carisma\/documento-final-do-xxxii-capitulo-nacional-ordinario-eletivo.html#primaryimage","url":"https:\/\/franciscanos.org.br\/carisma\/wp-content\/uploads\/2018\/10\/2006_170412-3.jpg","contentUrl":"https:\/\/franciscanos.org.br\/carisma\/wp-content\/uploads\/2018\/10\/2006_170412-3.jpg","width":585,"height":396},{"@type":"WebPage","@id":"https:\/\/franciscanos.org.br\/carisma\/documento-final-do-xxxii-capitulo-nacional-ordinario-eletivo.html#webpage","url":"https:\/\/franciscanos.org.br\/carisma\/documento-final-do-xxxii-capitulo-nacional-ordinario-eletivo.html","name":"Documento Final do XXXII: Cap\u00edtulo Nacional Ordin\u00e1rio Eletivo - Carisma - Franciscanos","isPartOf":{"@id":"https:\/\/franciscanos.org.br\/carisma\/#website"},"primaryImageOfPage":{"@id":"https:\/\/franciscanos.org.br\/carisma\/documento-final-do-xxxii-capitulo-nacional-ordinario-eletivo.html#primaryimage"},"datePublished":"2011-12-12T16:24:16+00:00","dateModified":"2011-12-12T16:24:16+00:00","author":{"@id":"https:\/\/franciscanos.org.br\/carisma\/#\/schema\/person\/e352342a457f086dc6152f9c73a3d093"},"breadcrumb":{"@id":"https:\/\/franciscanos.org.br\/carisma\/documento-final-do-xxxii-capitulo-nacional-ordinario-eletivo.html#breadcrumb"},"inLanguage":"pt-BR","potentialAction":[{"@type":"ReadAction","target":["https:\/\/franciscanos.org.br\/carisma\/documento-final-do-xxxii-capitulo-nacional-ordinario-eletivo.html"]}]},{"@type":"BreadcrumbList","@id":"https:\/\/franciscanos.org.br\/carisma\/documento-final-do-xxxii-capitulo-nacional-ordinario-eletivo.html#breadcrumb","itemListElement":[{"@type":"ListItem","position":1,"name":"Home","item":"https:\/\/franciscanos.org.br\/carisma"},{"@type":"ListItem","position":2,"name":"Documento Final do XXXII: Cap\u00edtulo Nacional Ordin\u00e1rio Eletivo"}]},{"@type":"Person","@id":"https:\/\/franciscanos.org.br\/carisma\/#\/schema\/person\/e352342a457f086dc6152f9c73a3d093","name":"admin","image":{"@type":"ImageObject","inLanguage":"pt-BR","@id":"https:\/\/franciscanos.org.br\/carisma\/#\/schema\/person\/image\/","url":"https:\/\/secure.gravatar.com\/avatar\/e8495742d34d0ba6448ea1c628263b3e?s=96&d=mm&r=g","contentUrl":"https:\/\/secure.gravatar.com\/avatar\/e8495742d34d0ba6448ea1c628263b3e?s=96&d=mm&r=g","caption":"admin"},"url":"https:\/\/franciscanos.org.br\/carisma\/author\/admin"}]}},"_links":{"self":[{"href":"https:\/\/franciscanos.org.br\/carisma\/wp-json\/wp\/v2\/posts\/8929"}],"collection":[{"href":"https:\/\/franciscanos.org.br\/carisma\/wp-json\/wp\/v2\/posts"}],"about":[{"href":"https:\/\/franciscanos.org.br\/carisma\/wp-json\/wp\/v2\/types\/post"}],"author":[{"embeddable":true,"href":"https:\/\/franciscanos.org.br\/carisma\/wp-json\/wp\/v2\/users\/1"}],"replies":[{"embeddable":true,"href":"https:\/\/franciscanos.org.br\/carisma\/wp-json\/wp\/v2\/comments?post=8929"}],"version-history":[{"count":0,"href":"https:\/\/franciscanos.org.br\/carisma\/wp-json\/wp\/v2\/posts\/8929\/revisions"}],"wp:featuredmedia":[{"embeddable":true,"href":"https:\/\/franciscanos.org.br\/carisma\/wp-json\/wp\/v2\/media\/174747"}],"wp:attachment":[{"href":"https:\/\/franciscanos.org.br\/carisma\/wp-json\/wp\/v2\/media?parent=8929"}],"wp:term":[{"taxonomy":"category","embeddable":true,"href":"https:\/\/franciscanos.org.br\/carisma\/wp-json\/wp\/v2\/categories?post=8929"},{"taxonomy":"post_tag","embeddable":true,"href":"https:\/\/franciscanos.org.br\/carisma\/wp-json\/wp\/v2\/tags?post=8929"}],"curies":[{"name":"wp","href":"https:\/\/api.w.org\/{rel}","templated":true}]}}