{"id":8923,"date":"2011-12-12T14:21:44","date_gmt":"2011-12-12T16:21:44","guid":{"rendered":"http:\/\/new.franciscanos.org.br\/?p=8923"},"modified":"2011-12-12T14:21:44","modified_gmt":"2011-12-12T16:21:44","slug":"franciscanos-seculares-afinal-de-contas-o-que-queremos","status":"publish","type":"post","link":"https:\/\/franciscanos.org.br\/carisma\/franciscanos-seculares-afinal-de-contas-o-que-queremos.html","title":{"rendered":"Franciscanos seculares&#8230; Afinal de contas, o que queremos?"},"content":{"rendered":"<p align=\"left\"><strong><a href=\"http:\/\/franciscanos.org.br\/wp-content\/uploads\/2011\/12\/2011_170412.jpg\"><img loading=\"lazy\" class=\"alignright size-full wp-image-16077\" title=\"2011_170412\" src=\"http:\/\/franciscanos.org.br\/wp-content\/uploads\/2011\/12\/2011_170412.jpg\" alt=\"\" width=\"300\" height=\"299\" \/><\/a>Frei Almir Ribeiro Guimar\u00e3es, OFM (*)<\/strong><\/p>\n<p><strong>1. <\/strong>A Fraternidade Franciscana Secular re\u00fane homens e mulheres desejosos de seguir de perto Jesus Cristo. S\u00e3o leigos e vivem no mundo. Querem ser disc\u00edpulos do Mestre \u00e0 maneira de Francisco, de Clara e de tantos outros, leigos e religiosos, que viveram e vivem \u00e0 luz da espiritualidade franciscana atrav\u00e9s de s\u00e9culos. Antes de mais nada s\u00e3o pessoas fascinadas pela pessoa de Cristo, vivo e ressuscitado. Foram tocados pelo Mestre. N\u00e3o podem mais viver sem ele. Em sua biografia pessoal podem contar com muitos encontros pessoais com o Mestre.<\/p>\n<p><strong>2.<\/strong> Buscam um amadurecimento humano, crist\u00e3o, franciscano e mission\u00e1rio vivendo em fraternidades. Os formadores se preocupam de lhes propiciar elementos na linha de um renovado encontro com o Mist\u00e9rio de Cristo na Igreja. A matura\u00e7\u00e3o. No campo espiritual esse amadurecimento. A reuni\u00e3o geral \u00e9 o sacramento de sua vida fraterna.<\/p>\n<p><strong>3. <\/strong>N\u00e3o constituem os franciscanos seculares um grupo devocional ou \u201cpiedoso\u201d. Na realidade, n\u00e3o s\u00e3o \u201cinofensivos\u201d , mas querem ser testemunhas de um mundo novo que descobriram a partir do encontro com Cristo. Com isto incomodam e questionam um certo <em>status quo.<\/em> Nunca se esquecem que, como Francisco, desejam restaurar a Igreja que pode apresentar rachaduras e fissuras&#8230; Fazem-no atrav\u00e9s do retorno ao Evangelho. De alguma forma adotam em suas vidas, a metodologia do ver, julgar e agir.<\/p>\n<p><strong>4.<\/strong> No cora\u00e7\u00e3o dessas pessoas, efetivamente, est\u00e1 presente o desejo de viver a aventura do Evangelho. Buscam a perfei\u00e7\u00e3o na caridade, ou seja, a santidade, com as cores francisclarianas. Desejam fazer uma profunda experi\u00eancia do Deus Alt\u00edssimo, do Bem, do Sumo Bem. Na realidade querem conformar-se com Cristo. Sentem-se chamados a entrar num processo de convers\u00e3o evang\u00e9lica que n\u00e3o conhece termo. Em suas vidas, com efeito, o doce se torna amargo e o amargo , doce. A contempla\u00e7\u00e3o dos mist\u00e9rios de Cristo ocupa lugar importante em suas vidas. Mais do que isto, como Paulo, querem viver em sua carne os mist\u00e9rios do Filho de Deus.<\/p>\n<p><strong>5.<\/strong> Permanecendo no mundo, em suas fam\u00edlias e locais de trabalho, os franciscanos seculares se comprometem atrav\u00e9s da profiss\u00e3o (promessa\/compromisso) a impregnar o mundo secular do Evangelho de Jesus: trabalho, respeito pela natureza, constru\u00e7\u00e3o da paz, busca da justi\u00e7a, dimens\u00e3o pol\u00edtica, \u00e2mbito familair. Sobretudo sentem-se respons\u00e1veis pela cria\u00e7\u00e3o de ambientes fraternos e s\u00e3o \u201cteimosos\u201d em trabalhar pela paz.<\/p>\n<p><strong>6.<\/strong> Seguem carinhosa e persistentemente os preceitos da Regra da OFS aprovada pelo Papa Paulo VI a 24 de junho de 1978. Para os franciscanos seculares, a Regra \u00e9 roteiro de vida. Estudam-na, meditam suas orienta\u00e7\u00f5es na ora\u00e7\u00e3o, no retiro, em dias de estudo, na reuni\u00e3o geral. O conte\u00fado da forma\u00e7\u00e3o dos irm\u00e3os \u00e9 um desdobramento dos preceitos da Regra.<\/p>\n<p><strong>7.<\/strong> Os irm\u00e3os se re\u00fanem em fraternidades: fazem a experi\u00eancia do irm\u00e3o vivendo com o irm\u00e3o, na ora\u00e7\u00e3o em comum, no crescimento espiritual em comum, interessando-se uns pelos outros e pelos de fora. Suas fraternidades n\u00e3o constituem <em>ninhos quentes ao abrigo das intemp\u00e9ries<\/em>, mas plataformas para a miss\u00e3o.<\/p>\n<p><strong>8. <\/strong>Em suas vidas, como na vida de Francisco, h\u00e1 sempre uma tens\u00e3o entre o eremit\u00e9rio e as estradas, a contempla\u00e7\u00e3o silenciosa e o arroubo da miss\u00e3o, a ora\u00e7\u00e3o e a a\u00e7\u00e3o. Acompanham atentamente os mist\u00e9rios de Cristo ao longo do ano lit\u00fargico e na ora\u00e7\u00e3o da liturgia das horas. Gostam dos textos franciscanos que falam do amor ser\u00e1fico e querem experimentar uma ora\u00e7\u00e3o contemplativa e m\u00edstica.<\/p>\n<p><strong>9.<\/strong> Em suas reuni\u00f5es, sempre bem preparadas, os irm\u00e3os estudam, rezam, se formam em todos os sentidos. Ningu\u00e9m falta \u00e0 reuni\u00e3o geral, ponto forte da vida de uma fraternidade: momentos de ora\u00e7\u00e3o, tempo de estudo e ocasi\u00e3o de confraterniza\u00e7\u00e3o.<\/p>\n<p><strong>10.<\/strong> Importante para os franciscanos seculares, a celebra\u00e7\u00e3o da Eucaristia aos domingos. Muitos franciscanos seculares, dentro de suas possibilidades, experimentam desejo de participar todos os dias da missa. Cultivam uma amizade especial por Cristo, presente em todas as igrejas do mundo, e o adoram porque pela sua santa cruz ele remiu o mundo.<\/p>\n<p><strong>11. <\/strong>Num mundo de pressa, de tempo sempre ocupado os franciscanos seculares cultivam relacionamentos entre os de dentro e os de fora. T\u00eam um cuidado todo particular para com os doentes. Tentam compreender a todos os irm\u00e3os, mormente os mais dif\u00edceis. Querem \u201cgastar\u201d o tempo com os irm\u00e3os, com gente. Gostam de gente&#8230;<br \/>\n<strong><br \/>\n12. <\/strong>Num mundo de consumismo e de vaidade, marcado pela apar\u00eancia e desejoso do poder, mundo de competi\u00e7\u00e3o e de indiferen\u00e7a, os franciscanos seculares ( e todos os outros) vivem a simplicidade do Evangelho, num estilo de vida n\u00e3o rebuscado e sem sofistica\u00e7\u00e3o. Os irm\u00e3os servem os irm\u00e3os, simplesmente, servem, sem chamar aten\u00e7\u00e3o para sua pessoa. N\u00e3o querem ser protagonistas&#8230; S\u00e3o, no dizer do Evangelho, servos in\u00fateis&#8230;<br \/>\n<strong><br \/>\n13. <\/strong>Muitos de nossos Conselhos locais animam de verdade as fraternidades e realizam bem sua miss\u00e3o: n\u00e3o deixam que nenhum dos irm\u00e3os venha a se perder, preparam a reuni\u00e3o, cuidam de motivar os irm\u00e3os, zelam para que a fraternidade seja santa e mission\u00e1ria. Esses conselhos s\u00e3o constitu\u00eddos de pessoas muito fi\u00e9is e respons\u00e1veis. Quando s\u00e3o eleitos para seus cargos de servi\u00e7o sabem que ser\u00e3o como pessoas que lavam os p\u00e9s dos outros.<\/p>\n<p><strong>14. <\/strong>Por onde andam s\u00e3o pessoas corteses e fraternas. Os franciscanos seculares s\u00e3o ativos sem serem deixar que sua a\u00e7\u00e3o se torne est\u00e9ril ativismo. Sabem o que fazem na pastoral. N\u00e3o s\u00e3o meros tocadores de obras nem gente que faz por fazer. N\u00e3o s\u00e3o frios empregados de uma estrutura apenas organizacional. Fazem-se presentes nas atividades da Igreja diocesana e paroquial sempre com crit\u00e9rio e discernimento. Colocam-se \u00e0 disposi\u00e7\u00e3o dos respons\u00e1veis pela pastoral e pela evangeliza\u00e7\u00e3o. Chegam mesmo a coordenar, n\u00e3o poucas vezes, com muita compet\u00eancia, os trabalhos pastorais. Cuidam sempre, no entanto, de n\u00e3o perder sua identidade evang\u00e9lico-franciscana. Os que n\u00e3o firmaram sua voca\u00e7\u00e3o correm o risco de abandonar a Ordem e preferir a\u00e7\u00f5es e atividades na Igreja.<\/p>\n<p><strong>15.<\/strong> Vale a pena insistir no car\u00e1ter mission\u00e1rio do franciscano secular. Sempre ressoa aos seus ouvidos o lamento e a queixa de Francisco: <em>O Amor n\u00e3o \u00e9 amado&#8230;<\/em> Por isso, os franciscanos se sentem coagidos a anunciar o Evangelho de Jesus pelo testemunho e pela palavra. Anunciam o Senhor Jesus todos os dias e se engajam nas tarefas mais urgentes. N\u00e3o s\u00e3o omissos. Pensam nos mais necessitados (os leprosos de hoje) e se adestram na costura do tecido da paz.<\/p>\n<p>A todos levam uma mensagem de esperan\u00e7a e de paz.<\/p>\n<p>(*) Frei Almir Ribeiro Guimar\u00e3es, OFM \u00e9 Assistente Nacional para a OFS e Assistente Regional da OFS do Sudeste II<\/p>\n","protected":false},"excerpt":{"rendered":"<p>ORDEM FRANCISCANA SECULAR<\/p>\n","protected":false},"author":1,"featured_media":174744,"comment_status":"closed","ping_status":"open","sticky":false,"template":"","format":"standard","meta":[],"categories":[14],"tags":[],"yoast_head":"<!-- This site is optimized with the Yoast SEO plugin v19.2 - https:\/\/yoast.com\/wordpress\/plugins\/seo\/ -->\n<title>Franciscanos seculares... Afinal de contas, o que queremos? - Carisma - Franciscanos<\/title>\n<meta name=\"robots\" content=\"index, follow, max-snippet:-1, max-image-preview:large, max-video-preview:-1\" \/>\n<link rel=\"canonical\" href=\"https:\/\/franciscanos.org.br\/carisma\/franciscanos-seculares-afinal-de-contas-o-que-queremos.html\" \/>\n<meta property=\"og:locale\" content=\"pt_BR\" \/>\n<meta property=\"og:type\" content=\"article\" \/>\n<meta property=\"og:title\" content=\"Franciscanos seculares... Afinal de contas, o que queremos? - Carisma - Franciscanos\" \/>\n<meta property=\"og:description\" content=\"ORDEM FRANCISCANA SECULAR\" \/>\n<meta property=\"og:url\" content=\"https:\/\/franciscanos.org.br\/carisma\/franciscanos-seculares-afinal-de-contas-o-que-queremos.html\" \/>\n<meta property=\"og:site_name\" content=\"Carisma - Franciscanos\" \/>\n<meta property=\"article:published_time\" content=\"2011-12-12T16:21:44+00:00\" \/>\n<meta property=\"og:image\" content=\"https:\/\/franciscanos.org.br\/carisma\/wp-content\/uploads\/2018\/10\/2011_170412.jpg\" \/>\n\t<meta property=\"og:image:width\" content=\"300\" \/>\n\t<meta property=\"og:image:height\" content=\"299\" \/>\n\t<meta property=\"og:image:type\" content=\"image\/jpeg\" \/>\n<meta name=\"author\" content=\"admin\" \/>\n<meta name=\"twitter:card\" content=\"summary_large_image\" \/>\n<meta name=\"twitter:label1\" content=\"Escrito por\" \/>\n\t<meta name=\"twitter:data1\" content=\"admin\" \/>\n\t<meta name=\"twitter:label2\" content=\"Est. tempo de leitura\" \/>\n\t<meta name=\"twitter:data2\" content=\"6 minutos\" \/>\n<script type=\"application\/ld+json\" class=\"yoast-schema-graph\">{\"@context\":\"https:\/\/schema.org\",\"@graph\":[{\"@type\":\"WebSite\",\"@id\":\"https:\/\/franciscanos.org.br\/carisma\/#website\",\"url\":\"https:\/\/franciscanos.org.br\/carisma\/\",\"name\":\"Carisma - Franciscanos\",\"description\":\"Prov\u00edncia Franciscana da Imaculada Concei\u00e7\u00e3o do Brasil - Ordem dos Frades Menores\",\"potentialAction\":[{\"@type\":\"SearchAction\",\"target\":{\"@type\":\"EntryPoint\",\"urlTemplate\":\"https:\/\/franciscanos.org.br\/carisma\/?s={search_term_string}\"},\"query-input\":\"required name=search_term_string\"}],\"inLanguage\":\"pt-BR\"},{\"@type\":\"ImageObject\",\"inLanguage\":\"pt-BR\",\"@id\":\"https:\/\/franciscanos.org.br\/carisma\/franciscanos-seculares-afinal-de-contas-o-que-queremos.html#primaryimage\",\"url\":\"https:\/\/franciscanos.org.br\/carisma\/wp-content\/uploads\/2018\/10\/2011_170412.jpg\",\"contentUrl\":\"https:\/\/franciscanos.org.br\/carisma\/wp-content\/uploads\/2018\/10\/2011_170412.jpg\",\"width\":300,\"height\":299},{\"@type\":\"WebPage\",\"@id\":\"https:\/\/franciscanos.org.br\/carisma\/franciscanos-seculares-afinal-de-contas-o-que-queremos.html#webpage\",\"url\":\"https:\/\/franciscanos.org.br\/carisma\/franciscanos-seculares-afinal-de-contas-o-que-queremos.html\",\"name\":\"Franciscanos seculares... Afinal de contas, o que queremos? - Carisma - Franciscanos\",\"isPartOf\":{\"@id\":\"https:\/\/franciscanos.org.br\/carisma\/#website\"},\"primaryImageOfPage\":{\"@id\":\"https:\/\/franciscanos.org.br\/carisma\/franciscanos-seculares-afinal-de-contas-o-que-queremos.html#primaryimage\"},\"datePublished\":\"2011-12-12T16:21:44+00:00\",\"dateModified\":\"2011-12-12T16:21:44+00:00\",\"author\":{\"@id\":\"https:\/\/franciscanos.org.br\/carisma\/#\/schema\/person\/e352342a457f086dc6152f9c73a3d093\"},\"breadcrumb\":{\"@id\":\"https:\/\/franciscanos.org.br\/carisma\/franciscanos-seculares-afinal-de-contas-o-que-queremos.html#breadcrumb\"},\"inLanguage\":\"pt-BR\",\"potentialAction\":[{\"@type\":\"ReadAction\",\"target\":[\"https:\/\/franciscanos.org.br\/carisma\/franciscanos-seculares-afinal-de-contas-o-que-queremos.html\"]}]},{\"@type\":\"BreadcrumbList\",\"@id\":\"https:\/\/franciscanos.org.br\/carisma\/franciscanos-seculares-afinal-de-contas-o-que-queremos.html#breadcrumb\",\"itemListElement\":[{\"@type\":\"ListItem\",\"position\":1,\"name\":\"Home\",\"item\":\"https:\/\/franciscanos.org.br\/carisma\"},{\"@type\":\"ListItem\",\"position\":2,\"name\":\"Franciscanos seculares&#8230; Afinal de contas, o que queremos?\"}]},{\"@type\":\"Person\",\"@id\":\"https:\/\/franciscanos.org.br\/carisma\/#\/schema\/person\/e352342a457f086dc6152f9c73a3d093\",\"name\":\"admin\",\"image\":{\"@type\":\"ImageObject\",\"inLanguage\":\"pt-BR\",\"@id\":\"https:\/\/franciscanos.org.br\/carisma\/#\/schema\/person\/image\/\",\"url\":\"https:\/\/secure.gravatar.com\/avatar\/e8495742d34d0ba6448ea1c628263b3e?s=96&d=mm&r=g\",\"contentUrl\":\"https:\/\/secure.gravatar.com\/avatar\/e8495742d34d0ba6448ea1c628263b3e?s=96&d=mm&r=g\",\"caption\":\"admin\"},\"url\":\"https:\/\/franciscanos.org.br\/carisma\/author\/admin\"}]}<\/script>\n<!-- \/ Yoast SEO plugin. -->","yoast_head_json":{"title":"Franciscanos seculares... Afinal de contas, o que queremos? - Carisma - Franciscanos","robots":{"index":"index","follow":"follow","max-snippet":"max-snippet:-1","max-image-preview":"max-image-preview:large","max-video-preview":"max-video-preview:-1"},"canonical":"https:\/\/franciscanos.org.br\/carisma\/franciscanos-seculares-afinal-de-contas-o-que-queremos.html","og_locale":"pt_BR","og_type":"article","og_title":"Franciscanos seculares... Afinal de contas, o que queremos? - Carisma - Franciscanos","og_description":"ORDEM FRANCISCANA SECULAR","og_url":"https:\/\/franciscanos.org.br\/carisma\/franciscanos-seculares-afinal-de-contas-o-que-queremos.html","og_site_name":"Carisma - Franciscanos","article_published_time":"2011-12-12T16:21:44+00:00","og_image":[{"width":300,"height":299,"url":"https:\/\/franciscanos.org.br\/carisma\/wp-content\/uploads\/2018\/10\/2011_170412.jpg","type":"image\/jpeg"}],"author":"admin","twitter_card":"summary_large_image","twitter_misc":{"Escrito por":"admin","Est. tempo de leitura":"6 minutos"},"schema":{"@context":"https:\/\/schema.org","@graph":[{"@type":"WebSite","@id":"https:\/\/franciscanos.org.br\/carisma\/#website","url":"https:\/\/franciscanos.org.br\/carisma\/","name":"Carisma - Franciscanos","description":"Prov\u00edncia Franciscana da Imaculada Concei\u00e7\u00e3o do Brasil - Ordem dos Frades Menores","potentialAction":[{"@type":"SearchAction","target":{"@type":"EntryPoint","urlTemplate":"https:\/\/franciscanos.org.br\/carisma\/?s={search_term_string}"},"query-input":"required name=search_term_string"}],"inLanguage":"pt-BR"},{"@type":"ImageObject","inLanguage":"pt-BR","@id":"https:\/\/franciscanos.org.br\/carisma\/franciscanos-seculares-afinal-de-contas-o-que-queremos.html#primaryimage","url":"https:\/\/franciscanos.org.br\/carisma\/wp-content\/uploads\/2018\/10\/2011_170412.jpg","contentUrl":"https:\/\/franciscanos.org.br\/carisma\/wp-content\/uploads\/2018\/10\/2011_170412.jpg","width":300,"height":299},{"@type":"WebPage","@id":"https:\/\/franciscanos.org.br\/carisma\/franciscanos-seculares-afinal-de-contas-o-que-queremos.html#webpage","url":"https:\/\/franciscanos.org.br\/carisma\/franciscanos-seculares-afinal-de-contas-o-que-queremos.html","name":"Franciscanos seculares... Afinal de contas, o que queremos? - Carisma - Franciscanos","isPartOf":{"@id":"https:\/\/franciscanos.org.br\/carisma\/#website"},"primaryImageOfPage":{"@id":"https:\/\/franciscanos.org.br\/carisma\/franciscanos-seculares-afinal-de-contas-o-que-queremos.html#primaryimage"},"datePublished":"2011-12-12T16:21:44+00:00","dateModified":"2011-12-12T16:21:44+00:00","author":{"@id":"https:\/\/franciscanos.org.br\/carisma\/#\/schema\/person\/e352342a457f086dc6152f9c73a3d093"},"breadcrumb":{"@id":"https:\/\/franciscanos.org.br\/carisma\/franciscanos-seculares-afinal-de-contas-o-que-queremos.html#breadcrumb"},"inLanguage":"pt-BR","potentialAction":[{"@type":"ReadAction","target":["https:\/\/franciscanos.org.br\/carisma\/franciscanos-seculares-afinal-de-contas-o-que-queremos.html"]}]},{"@type":"BreadcrumbList","@id":"https:\/\/franciscanos.org.br\/carisma\/franciscanos-seculares-afinal-de-contas-o-que-queremos.html#breadcrumb","itemListElement":[{"@type":"ListItem","position":1,"name":"Home","item":"https:\/\/franciscanos.org.br\/carisma"},{"@type":"ListItem","position":2,"name":"Franciscanos seculares&#8230; Afinal de contas, o que queremos?"}]},{"@type":"Person","@id":"https:\/\/franciscanos.org.br\/carisma\/#\/schema\/person\/e352342a457f086dc6152f9c73a3d093","name":"admin","image":{"@type":"ImageObject","inLanguage":"pt-BR","@id":"https:\/\/franciscanos.org.br\/carisma\/#\/schema\/person\/image\/","url":"https:\/\/secure.gravatar.com\/avatar\/e8495742d34d0ba6448ea1c628263b3e?s=96&d=mm&r=g","contentUrl":"https:\/\/secure.gravatar.com\/avatar\/e8495742d34d0ba6448ea1c628263b3e?s=96&d=mm&r=g","caption":"admin"},"url":"https:\/\/franciscanos.org.br\/carisma\/author\/admin"}]}},"_links":{"self":[{"href":"https:\/\/franciscanos.org.br\/carisma\/wp-json\/wp\/v2\/posts\/8923"}],"collection":[{"href":"https:\/\/franciscanos.org.br\/carisma\/wp-json\/wp\/v2\/posts"}],"about":[{"href":"https:\/\/franciscanos.org.br\/carisma\/wp-json\/wp\/v2\/types\/post"}],"author":[{"embeddable":true,"href":"https:\/\/franciscanos.org.br\/carisma\/wp-json\/wp\/v2\/users\/1"}],"replies":[{"embeddable":true,"href":"https:\/\/franciscanos.org.br\/carisma\/wp-json\/wp\/v2\/comments?post=8923"}],"version-history":[{"count":0,"href":"https:\/\/franciscanos.org.br\/carisma\/wp-json\/wp\/v2\/posts\/8923\/revisions"}],"wp:featuredmedia":[{"embeddable":true,"href":"https:\/\/franciscanos.org.br\/carisma\/wp-json\/wp\/v2\/media\/174744"}],"wp:attachment":[{"href":"https:\/\/franciscanos.org.br\/carisma\/wp-json\/wp\/v2\/media?parent=8923"}],"wp:term":[{"taxonomy":"category","embeddable":true,"href":"https:\/\/franciscanos.org.br\/carisma\/wp-json\/wp\/v2\/categories?post=8923"},{"taxonomy":"post_tag","embeddable":true,"href":"https:\/\/franciscanos.org.br\/carisma\/wp-json\/wp\/v2\/tags?post=8923"}],"curies":[{"name":"wp","href":"https:\/\/api.w.org\/{rel}","templated":true}]}}