{"id":8917,"date":"2011-12-12T14:19:07","date_gmt":"2011-12-12T16:19:07","guid":{"rendered":"http:\/\/new.franciscanos.org.br\/?p=8917"},"modified":"2018-11-08T16:56:44","modified_gmt":"2018-11-08T18:56:44","slug":"alguns-desafios-pastorais-e-os-irmaos-e-irmas-da-ordem-franciscana-secular","status":"publish","type":"post","link":"https:\/\/franciscanos.org.br\/carisma\/alguns-desafios-pastorais-e-os-irmaos-e-irmas-da-ordem-franciscana-secular.html","title":{"rendered":"Alguns desafios pastorais e os irm\u00e3os e irm\u00e3s da Ordem Franciscana Secular"},"content":{"rendered":"<p align=\"left\"><img loading=\"lazy\" class=\"alignnone size-full wp-image-175257\" src=\"http:\/\/franciscanos.org.br\/carisma\/wp-content\/uploads\/2011\/12\/francisco_08.png\" alt=\"\" width=\"890\" height=\"623\" srcset=\"https:\/\/franciscanos.org.br\/carisma\/wp-content\/uploads\/2011\/12\/francisco_08.png 890w, https:\/\/franciscanos.org.br\/carisma\/wp-content\/uploads\/2011\/12\/francisco_08-450x315.png 450w, https:\/\/franciscanos.org.br\/carisma\/wp-content\/uploads\/2011\/12\/francisco_08-768x538.png 768w, https:\/\/franciscanos.org.br\/carisma\/wp-content\/uploads\/2011\/12\/francisco_08-150x105.png 150w, https:\/\/franciscanos.org.br\/carisma\/wp-content\/uploads\/2011\/12\/francisco_08-474x332.png 474w\" sizes=\"(max-width: 890px) 100vw, 890px\" \/><\/p>\n<p align=\"left\"><strong>Frei Almir Ribeiro Guimar\u00e3es, OFM (*)<\/strong><\/p>\n<p><strong>1. <\/strong>Estamos vivendo o final da primeira d\u00e9cada do s\u00e9culo XXI. Os mais velhos vivemos, na segunda metade do s\u00e9culo XX, transforma\u00e7\u00f5es gigantescas na vida do mundo e no seio da Igreja. A Igreja, depois do Vaticano II, conheceu belas e profundas transforma\u00e7\u00f5es. Tamb\u00e9m nesse tempo os franciscanos seculares foram buscando seu novo espa\u00e7o na Igreja e no mundo. Embora muitas fraternidades seculares conhe\u00e7am s\u00e9rio processo de envelhecimento, surgem novos grupos e as antigas fraternidades s\u00e3o convidadas a buscar novas voca\u00e7\u00f5es. Os franciscanos seculares, convictos de seu chamamento, sabem que precisam ser sal da terra e luz do mundo e se sentem respons\u00e1veis por levar o cristianismo ao mundo \u00e0 maneira de Francisco e Clara. S\u00e3o leigos e leigas conscientes de seu papel na Igreja e no mundo.<\/p>\n<p><strong>2. <\/strong>N\u00e3o podemos deixar de assinalar um fato importante para a vida dos seculares franciscanos. Referimo-nos \u00e0 Regra de Paulo VI, nova Regra dos Seculares, aprovada a 24 de junho de 1978. Neste ano 2008 ela completou 30 anos. Trata-se de uma Regra atualizada, contendo a seiva da espiritualidade franciscana, redigida com o cabedal do ensinamento do Vaticano II e do Magist\u00e9rio da Igreja sobre os leigos. Esse ponto \u00e9 de fundamental import\u00e2ncia.<br \/>\n<strong><br \/>\n3.<\/strong> Antes de mais nada afirmamos que os franciscanos seculares s\u00e3o pessoas que trabalham e cultivam sua vida espiritual. N\u00e3o s\u00e3o apenas \u201ccat\u00f3licos\u201d ou meros tocadores de obras, mais ou menos corretos, mas pessoas profundamente tocadas pelo Evangelho e pelo carisma franciscano. Os membros da OFS entram num processo de convers\u00e3o. Toda a engrenagem da vida franciscana secular leva a uma transforma\u00e7\u00e3o pessoal que faz dos irm\u00e3os e das irm\u00e3s pessoas despojadas, dispon\u00edveis, servi\u00e7ais, dispostas a criar relacionamentos corteses e delicados entre as pessoas.<\/p>\n<p><strong>4.<\/strong> Para chegar a esse despojamento interior os franciscanos seculares cultivar\u00e3o sua vida espiritual. Haver\u00e3o de se impregnar cada dia da Palavra, ou seja, da Escritura. Pensamos aqui numa leitura pessoal ou comunit\u00e1ria, na audi\u00e7\u00e3o atenta da Liturgia da Palavra da missa. Pensamos de modo especial na medita\u00e7\u00e3o da Palavra que nos modela individualmente e como fraternidade franciscana.<\/p>\n<p><strong>5.<\/strong> Os franciscanos seculares come\u00e7am prestando aten\u00e7\u00e3o no que ocorre em sua pr\u00f3pria fam\u00edlia e nas fam\u00edlias \u00e0 sua volta. Se s\u00e3o filhos, cuidar\u00e3o dos pais idosos. Se s\u00e3o pais, prestar\u00e3o aten\u00e7\u00e3o nos filhos. N\u00e3o faltar\u00e3o com seus deveres familiares. Dentro do poss\u00edvel transformar\u00e3o suas casas em igrejas dom\u00e9sticas, express\u00e3o muito antiga forjada por S\u00e3o Jo\u00e3o Cris\u00f3stomo. Sabem os franciscanos seculares que as quest\u00f5es familiares s\u00e3o delicadas: aborto, separa\u00e7\u00f5es, ass\u00e9dio sexual, separa\u00e7\u00f5es, recasamentos.<\/p>\n<p><strong>6.<\/strong> Administrar\u00e3o essas situa\u00e7\u00f5es com firmeza e com miseric\u00f3rdia. Haver\u00e3o de colorir toda a sua atividade familiar com o jeito franciscano de ser m\u00e3e, de ser pai, de ser filho: simplicidade, cordialidade, di\u00e1logo, vida despojada. Celebrar\u00e3o em casa e na fraternidade os grandes acontecimentos familiares.<\/p>\n<p><strong>7.<\/strong> Especial aten\u00e7\u00e3o merecer\u00e1 a vizinhan\u00e7a. N\u00e3o somos indiferentes e alheios aos que nos cercam. Vivemos com outros: justi\u00e7a, hospitalidade, veracidade, servi\u00e7os prestados com generosidade e n\u00e3o mesquinhez. Os franciscanos se far\u00e3o presentes junto \u00e0s outras pessoas para que elas sintam que somos delas.<\/p>\n<p><strong>8.<\/strong> Os franciscanos seculares impregnam o mundo do trabalho com seu jeito evang\u00e9lico: trabalho bem feito, honesto, fazer-se merecedor do sal\u00e1rio, fazer progressos na profiss\u00e3o. Saber amar pelo trabalho e no trabalho.<\/p>\n<p><strong>9.<\/strong> Tomo a liberdade de elencar alguns aspectos e campos de atividade dos franciscano seculares que deveriam fazer parte da forma\u00e7\u00e3o inicial e permanente dos irm\u00e3os e das irm\u00e3s:<\/p>\n<ul>\n<li>manter a tens\u00e3o sadia entre a\u00e7\u00e3o e ora\u00e7\u00e3o;criar profundidade num mundo de superficialidade;num mundo de compromissos provis\u00f3rios, colocar em destaque a fidelidade ( no casal, na fam\u00edlia, na profiss\u00e3o, nas amizades);necessidade de ser rever o modo como as fam\u00edlias est\u00e3o se inaugurando;compreens\u00e3o sempre mais clara do que vem a ser um crist\u00e3o leigo no mundo (n\u00e3o \u00e9 um mini-padre);educar a juventude para a viv\u00eancia de uma afetividade e uma sexualidade humanas;trabalhar na catequese, ou seja, na forma\u00e7\u00e3o crist\u00e3 das novas gera\u00e7\u00f5es;num mundo de indiferen\u00e7a e insensibilidade criar uma rede de solidariedade;numa terra de viol\u00eancia, viver o esp\u00edrito de ternura e de perd\u00e3o;estar um pouco mais consigo mesmo;<\/li>\n<li>evitar aquilo que nos torne pessoas sem crit\u00e9rio e sem discernimento, ou seja, n\u00e3o adotar modismos como verdades e sempre cultivar um esp\u00edrito cr\u00edtico.<\/li>\n<\/ul>\n<p>(*) Frei Almir Ribeiro Guimar\u00e3es, OFM \u00e9 Assistente Nacional para a OFS e Assistente Regional da OFS do Sudeste II<\/p>\n","protected":false},"excerpt":{"rendered":"<p>ORDEM FRANCISCANA SECULAR<\/p>\n","protected":false},"author":1,"featured_media":175257,"comment_status":"closed","ping_status":"open","sticky":false,"template":"","format":"standard","meta":[],"categories":[14],"tags":[],"yoast_head":"<!-- This site is optimized with the Yoast SEO plugin v19.2 - https:\/\/yoast.com\/wordpress\/plugins\/seo\/ -->\n<title>Alguns desafios pastorais e os irm\u00e3os e irm\u00e3s da Ordem Franciscana Secular - Carisma - Franciscanos<\/title>\n<meta name=\"robots\" content=\"index, follow, max-snippet:-1, max-image-preview:large, max-video-preview:-1\" \/>\n<link rel=\"canonical\" href=\"https:\/\/franciscanos.org.br\/carisma\/alguns-desafios-pastorais-e-os-irmaos-e-irmas-da-ordem-franciscana-secular.html\" \/>\n<meta property=\"og:locale\" content=\"pt_BR\" \/>\n<meta property=\"og:type\" content=\"article\" \/>\n<meta property=\"og:title\" content=\"Alguns desafios pastorais e os irm\u00e3os e irm\u00e3s da Ordem Franciscana Secular - Carisma - Franciscanos\" \/>\n<meta property=\"og:description\" content=\"ORDEM FRANCISCANA SECULAR\" \/>\n<meta property=\"og:url\" content=\"https:\/\/franciscanos.org.br\/carisma\/alguns-desafios-pastorais-e-os-irmaos-e-irmas-da-ordem-franciscana-secular.html\" \/>\n<meta property=\"og:site_name\" content=\"Carisma - Franciscanos\" \/>\n<meta property=\"article:published_time\" content=\"2011-12-12T16:19:07+00:00\" \/>\n<meta property=\"article:modified_time\" content=\"2018-11-08T18:56:44+00:00\" \/>\n<meta property=\"og:image\" content=\"https:\/\/franciscanos.org.br\/carisma\/wp-content\/uploads\/2011\/12\/francisco_08.png\" \/>\n\t<meta property=\"og:image:width\" content=\"890\" \/>\n\t<meta property=\"og:image:height\" content=\"623\" \/>\n\t<meta property=\"og:image:type\" content=\"image\/png\" \/>\n<meta name=\"author\" content=\"admin\" \/>\n<meta name=\"twitter:card\" content=\"summary_large_image\" \/>\n<meta name=\"twitter:label1\" content=\"Escrito por\" \/>\n\t<meta name=\"twitter:data1\" content=\"admin\" \/>\n\t<meta name=\"twitter:label2\" content=\"Est. tempo de leitura\" \/>\n\t<meta name=\"twitter:data2\" content=\"4 minutos\" \/>\n<script type=\"application\/ld+json\" class=\"yoast-schema-graph\">{\"@context\":\"https:\/\/schema.org\",\"@graph\":[{\"@type\":\"WebSite\",\"@id\":\"https:\/\/franciscanos.org.br\/carisma\/#website\",\"url\":\"https:\/\/franciscanos.org.br\/carisma\/\",\"name\":\"Carisma - Franciscanos\",\"description\":\"Prov\u00edncia Franciscana da Imaculada Concei\u00e7\u00e3o do Brasil - Ordem dos Frades Menores\",\"potentialAction\":[{\"@type\":\"SearchAction\",\"target\":{\"@type\":\"EntryPoint\",\"urlTemplate\":\"https:\/\/franciscanos.org.br\/carisma\/?s={search_term_string}\"},\"query-input\":\"required name=search_term_string\"}],\"inLanguage\":\"pt-BR\"},{\"@type\":\"ImageObject\",\"inLanguage\":\"pt-BR\",\"@id\":\"https:\/\/franciscanos.org.br\/carisma\/alguns-desafios-pastorais-e-os-irmaos-e-irmas-da-ordem-franciscana-secular.html#primaryimage\",\"url\":\"https:\/\/franciscanos.org.br\/carisma\/wp-content\/uploads\/2011\/12\/francisco_08.png\",\"contentUrl\":\"https:\/\/franciscanos.org.br\/carisma\/wp-content\/uploads\/2011\/12\/francisco_08.png\",\"width\":890,\"height\":623},{\"@type\":\"WebPage\",\"@id\":\"https:\/\/franciscanos.org.br\/carisma\/alguns-desafios-pastorais-e-os-irmaos-e-irmas-da-ordem-franciscana-secular.html#webpage\",\"url\":\"https:\/\/franciscanos.org.br\/carisma\/alguns-desafios-pastorais-e-os-irmaos-e-irmas-da-ordem-franciscana-secular.html\",\"name\":\"Alguns desafios pastorais e os irm\u00e3os e irm\u00e3s da Ordem Franciscana Secular - Carisma - Franciscanos\",\"isPartOf\":{\"@id\":\"https:\/\/franciscanos.org.br\/carisma\/#website\"},\"primaryImageOfPage\":{\"@id\":\"https:\/\/franciscanos.org.br\/carisma\/alguns-desafios-pastorais-e-os-irmaos-e-irmas-da-ordem-franciscana-secular.html#primaryimage\"},\"datePublished\":\"2011-12-12T16:19:07+00:00\",\"dateModified\":\"2018-11-08T18:56:44+00:00\",\"author\":{\"@id\":\"https:\/\/franciscanos.org.br\/carisma\/#\/schema\/person\/e352342a457f086dc6152f9c73a3d093\"},\"breadcrumb\":{\"@id\":\"https:\/\/franciscanos.org.br\/carisma\/alguns-desafios-pastorais-e-os-irmaos-e-irmas-da-ordem-franciscana-secular.html#breadcrumb\"},\"inLanguage\":\"pt-BR\",\"potentialAction\":[{\"@type\":\"ReadAction\",\"target\":[\"https:\/\/franciscanos.org.br\/carisma\/alguns-desafios-pastorais-e-os-irmaos-e-irmas-da-ordem-franciscana-secular.html\"]}]},{\"@type\":\"BreadcrumbList\",\"@id\":\"https:\/\/franciscanos.org.br\/carisma\/alguns-desafios-pastorais-e-os-irmaos-e-irmas-da-ordem-franciscana-secular.html#breadcrumb\",\"itemListElement\":[{\"@type\":\"ListItem\",\"position\":1,\"name\":\"Home\",\"item\":\"https:\/\/franciscanos.org.br\/carisma\"},{\"@type\":\"ListItem\",\"position\":2,\"name\":\"Alguns desafios pastorais e os irm\u00e3os e irm\u00e3s da Ordem Franciscana Secular\"}]},{\"@type\":\"Person\",\"@id\":\"https:\/\/franciscanos.org.br\/carisma\/#\/schema\/person\/e352342a457f086dc6152f9c73a3d093\",\"name\":\"admin\",\"image\":{\"@type\":\"ImageObject\",\"inLanguage\":\"pt-BR\",\"@id\":\"https:\/\/franciscanos.org.br\/carisma\/#\/schema\/person\/image\/\",\"url\":\"https:\/\/secure.gravatar.com\/avatar\/e8495742d34d0ba6448ea1c628263b3e?s=96&d=mm&r=g\",\"contentUrl\":\"https:\/\/secure.gravatar.com\/avatar\/e8495742d34d0ba6448ea1c628263b3e?s=96&d=mm&r=g\",\"caption\":\"admin\"},\"url\":\"https:\/\/franciscanos.org.br\/carisma\/author\/admin\"}]}<\/script>\n<!-- \/ Yoast SEO plugin. -->","yoast_head_json":{"title":"Alguns desafios pastorais e os irm\u00e3os e irm\u00e3s da Ordem Franciscana Secular - Carisma - Franciscanos","robots":{"index":"index","follow":"follow","max-snippet":"max-snippet:-1","max-image-preview":"max-image-preview:large","max-video-preview":"max-video-preview:-1"},"canonical":"https:\/\/franciscanos.org.br\/carisma\/alguns-desafios-pastorais-e-os-irmaos-e-irmas-da-ordem-franciscana-secular.html","og_locale":"pt_BR","og_type":"article","og_title":"Alguns desafios pastorais e os irm\u00e3os e irm\u00e3s da Ordem Franciscana Secular - Carisma - Franciscanos","og_description":"ORDEM FRANCISCANA SECULAR","og_url":"https:\/\/franciscanos.org.br\/carisma\/alguns-desafios-pastorais-e-os-irmaos-e-irmas-da-ordem-franciscana-secular.html","og_site_name":"Carisma - Franciscanos","article_published_time":"2011-12-12T16:19:07+00:00","article_modified_time":"2018-11-08T18:56:44+00:00","og_image":[{"width":890,"height":623,"url":"https:\/\/franciscanos.org.br\/carisma\/wp-content\/uploads\/2011\/12\/francisco_08.png","type":"image\/png"}],"author":"admin","twitter_card":"summary_large_image","twitter_misc":{"Escrito por":"admin","Est. tempo de leitura":"4 minutos"},"schema":{"@context":"https:\/\/schema.org","@graph":[{"@type":"WebSite","@id":"https:\/\/franciscanos.org.br\/carisma\/#website","url":"https:\/\/franciscanos.org.br\/carisma\/","name":"Carisma - Franciscanos","description":"Prov\u00edncia Franciscana da Imaculada Concei\u00e7\u00e3o do Brasil - Ordem dos Frades Menores","potentialAction":[{"@type":"SearchAction","target":{"@type":"EntryPoint","urlTemplate":"https:\/\/franciscanos.org.br\/carisma\/?s={search_term_string}"},"query-input":"required name=search_term_string"}],"inLanguage":"pt-BR"},{"@type":"ImageObject","inLanguage":"pt-BR","@id":"https:\/\/franciscanos.org.br\/carisma\/alguns-desafios-pastorais-e-os-irmaos-e-irmas-da-ordem-franciscana-secular.html#primaryimage","url":"https:\/\/franciscanos.org.br\/carisma\/wp-content\/uploads\/2011\/12\/francisco_08.png","contentUrl":"https:\/\/franciscanos.org.br\/carisma\/wp-content\/uploads\/2011\/12\/francisco_08.png","width":890,"height":623},{"@type":"WebPage","@id":"https:\/\/franciscanos.org.br\/carisma\/alguns-desafios-pastorais-e-os-irmaos-e-irmas-da-ordem-franciscana-secular.html#webpage","url":"https:\/\/franciscanos.org.br\/carisma\/alguns-desafios-pastorais-e-os-irmaos-e-irmas-da-ordem-franciscana-secular.html","name":"Alguns desafios pastorais e os irm\u00e3os e irm\u00e3s da Ordem Franciscana Secular - Carisma - Franciscanos","isPartOf":{"@id":"https:\/\/franciscanos.org.br\/carisma\/#website"},"primaryImageOfPage":{"@id":"https:\/\/franciscanos.org.br\/carisma\/alguns-desafios-pastorais-e-os-irmaos-e-irmas-da-ordem-franciscana-secular.html#primaryimage"},"datePublished":"2011-12-12T16:19:07+00:00","dateModified":"2018-11-08T18:56:44+00:00","author":{"@id":"https:\/\/franciscanos.org.br\/carisma\/#\/schema\/person\/e352342a457f086dc6152f9c73a3d093"},"breadcrumb":{"@id":"https:\/\/franciscanos.org.br\/carisma\/alguns-desafios-pastorais-e-os-irmaos-e-irmas-da-ordem-franciscana-secular.html#breadcrumb"},"inLanguage":"pt-BR","potentialAction":[{"@type":"ReadAction","target":["https:\/\/franciscanos.org.br\/carisma\/alguns-desafios-pastorais-e-os-irmaos-e-irmas-da-ordem-franciscana-secular.html"]}]},{"@type":"BreadcrumbList","@id":"https:\/\/franciscanos.org.br\/carisma\/alguns-desafios-pastorais-e-os-irmaos-e-irmas-da-ordem-franciscana-secular.html#breadcrumb","itemListElement":[{"@type":"ListItem","position":1,"name":"Home","item":"https:\/\/franciscanos.org.br\/carisma"},{"@type":"ListItem","position":2,"name":"Alguns desafios pastorais e os irm\u00e3os e irm\u00e3s da Ordem Franciscana Secular"}]},{"@type":"Person","@id":"https:\/\/franciscanos.org.br\/carisma\/#\/schema\/person\/e352342a457f086dc6152f9c73a3d093","name":"admin","image":{"@type":"ImageObject","inLanguage":"pt-BR","@id":"https:\/\/franciscanos.org.br\/carisma\/#\/schema\/person\/image\/","url":"https:\/\/secure.gravatar.com\/avatar\/e8495742d34d0ba6448ea1c628263b3e?s=96&d=mm&r=g","contentUrl":"https:\/\/secure.gravatar.com\/avatar\/e8495742d34d0ba6448ea1c628263b3e?s=96&d=mm&r=g","caption":"admin"},"url":"https:\/\/franciscanos.org.br\/carisma\/author\/admin"}]}},"_links":{"self":[{"href":"https:\/\/franciscanos.org.br\/carisma\/wp-json\/wp\/v2\/posts\/8917"}],"collection":[{"href":"https:\/\/franciscanos.org.br\/carisma\/wp-json\/wp\/v2\/posts"}],"about":[{"href":"https:\/\/franciscanos.org.br\/carisma\/wp-json\/wp\/v2\/types\/post"}],"author":[{"embeddable":true,"href":"https:\/\/franciscanos.org.br\/carisma\/wp-json\/wp\/v2\/users\/1"}],"replies":[{"embeddable":true,"href":"https:\/\/franciscanos.org.br\/carisma\/wp-json\/wp\/v2\/comments?post=8917"}],"version-history":[{"count":0,"href":"https:\/\/franciscanos.org.br\/carisma\/wp-json\/wp\/v2\/posts\/8917\/revisions"}],"wp:featuredmedia":[{"embeddable":true,"href":"https:\/\/franciscanos.org.br\/carisma\/wp-json\/wp\/v2\/media\/175257"}],"wp:attachment":[{"href":"https:\/\/franciscanos.org.br\/carisma\/wp-json\/wp\/v2\/media?parent=8917"}],"wp:term":[{"taxonomy":"category","embeddable":true,"href":"https:\/\/franciscanos.org.br\/carisma\/wp-json\/wp\/v2\/categories?post=8917"},{"taxonomy":"post_tag","embeddable":true,"href":"https:\/\/franciscanos.org.br\/carisma\/wp-json\/wp\/v2\/tags?post=8917"}],"curies":[{"name":"wp","href":"https:\/\/api.w.org\/{rel}","templated":true}]}}