{"id":8915,"date":"2011-12-12T14:17:58","date_gmt":"2011-12-12T16:17:58","guid":{"rendered":"http:\/\/new.franciscanos.org.br\/?p=8915"},"modified":"2011-12-12T14:17:58","modified_gmt":"2011-12-12T16:17:58","slug":"identidade-da-ordem-franciscana-secular","status":"publish","type":"post","link":"https:\/\/franciscanos.org.br\/carisma\/identidade-da-ordem-franciscana-secular.html","title":{"rendered":"Identidade da Ordem Franciscana Secular"},"content":{"rendered":"<p align=\"left\"><strong><a href=\"http:\/\/franciscanos.org.br\/wp-content\/uploads\/2011\/12\/2001_170412.jpg\"><img loading=\"lazy\" class=\"alignright size-full wp-image-16063\" title=\"2001_170412\" src=\"http:\/\/franciscanos.org.br\/wp-content\/uploads\/2011\/12\/2001_170412.jpg\" alt=\"\" width=\"200\" height=\"150\" \/><\/a>Frei Almir Ribeiro Guimar\u00e3es, OFM (*)<\/strong><\/p>\n<p><strong>1.<\/strong> Importante compreender com clareza o carisma, a miss\u00e3o e o papel prof\u00e9tico da Ordem Franciscana Secular (OFS) na Igreja e na sociedade de hoje tamb\u00e9m com a finalidade de aumentar a comunh\u00e3o vital rec\u00edproca entre os seculares e os religiosos das v\u00e1rias Ordens Franciscanas e na Fam\u00edlia Franciscana.<\/p>\n<p><strong>2.<\/strong> A voca\u00e7\u00e3o dos franciscanos seculares nasce da voca\u00e7\u00e3o universal \u00e0 santidade. Os leigos, participando do sacerd\u00f3cio de Cristo, sempre mais unidos a ele, desenvolvem a gra\u00e7a do Batismo e da Crisma em todas as dimens\u00f5es da vida pessoal, familiar, social e eclesial, e realizam assim o chamado \u00e0 santidade, dirigido a todos os batizados (cf. Catecismo da Igreja Cat\u00f3lica, n. 941).3. Os franciscanos seculares na qualidade de penitentes buscam a convers\u00e3o do cora\u00e7\u00e3o sabendo que o pr\u00f3prio Deus haver\u00e1 de plenific\u00e1-los. Nunca deixam de ler a Carta aos Fi\u00e9is de Francisco, dirigida aos que querem fazer penit\u00eancia.4. O processo de convers\u00e3o que deve ser retomado a cada dia \u00e9 essencial para concretizar a vida de penit\u00eancia:<\/p>\n<p>\u2022 \u00c9 Deus quem d\u00e1 o ponto de partida do processo de convers\u00e3o: O Senhor concedeu a mim, Frei Francisco, come\u00e7ar a fazer penit\u00eancia\u201d. A\u00ed est\u00e1 o momento da convers\u00e3o do penitente.<\/p>\n<p>\u2022 Deus leva as pessoas a lugares onde elas n\u00e3o queriam ir.<\/p>\n<p>\u2022 Em tais circunst\u00e2ncias se realiza o mist\u00e9rio da confian\u00e7a em Deus.<\/p>\n<p>\u2022 O penitente aceita e coloca-se a servi\u00e7o dos outros. Usa de miseric\u00f3rdia para com os outros.<\/p>\n<p>\u2022<strong> Conclus\u00e3o<\/strong>: paz e felicidade, o doce se torna amargo e o amargo, doce.5. Penitentes s\u00e3o aqueles que desejam abrir o pr\u00f3prio cora\u00e7\u00e3o ao Senhor vivendo no meio de pessoas comuns e normais. A convers\u00e3o \u00e9 ato positivo de auto-realiza\u00e7\u00e3o, mudan\u00e7a do pr\u00f3prio cora\u00e7\u00e3o que se abre para a a\u00e7\u00e3o de Deus em n\u00f3s, em uni\u00e3o com Jesus, na for\u00e7a do Esp\u00edrito. A penit\u00eancia se traduz tamb\u00e9m em obras de penit\u00eancia como ora\u00e7\u00e3o, jejum, esmola.6. Os franciscanos, quaisquer que sejam eles, vivem o carisma evang\u00e9lico de Francisco. Os seculares, conforme palavras da Regra, desejam tornar presente o carisma do comum Pai Ser\u00e1fico na vida e na miss\u00e3o da Igreja.7. Os franciscanos seculares seguem o mesmo caminho de Francisco no seguimento de Jesus, consistindo em sintonizar todo o seu interior no Senhor, verdadeiro Deus e verdadeiro Homem e que permanece junto de n\u00f3s como Ressuscitado. Imita\u00e7\u00e3o de Cristo n\u00e3o quer dizer duplica\u00e7\u00e3o ou clonagem. Francisco foi \u201cespelho de Cristo\u201d e a n\u00f3s cabe tamb\u00e9m espelhar o Senhor Jesus em nossas vidas.8. Os franciscanos seculares seguem o Evangelho que \u00e9 Jesus que foi centro da vida de Francisco. Assim fazendo eles se apresentam ao mundo com um semblante alegre.<\/p>\n<p><strong>Alguns elementos concretos do seguimento:<\/strong><br \/>\n\u2022 obedi\u00eancia ao Esp\u00edrito Santo,<br \/>\n\u2022 confian\u00e7a orante na Divina Provid\u00eancia,<br \/>\n\u2022 uso reconhecido e simples dos dons de Deus,<br \/>\n\u2022 alegria com as obras de Deus que nos cercam,<br \/>\n\u2022 alegria de serem crist\u00e3os na Igreja,<br \/>\n\u2022 alegria por poder trabalhar,<br \/>\n\u2022 vontade de colocar-se a servi\u00e7o dos outros.9. Os franciscanos seculares vivem a vida ordin\u00e1ria dos crist\u00e3os leigos.<\/p>\n<p><em><strong>Este texto segue de perto:<\/strong><\/em> <em>Identit\u00e0 dell\u2019 OFS, p. 92-96<br \/>\nin Manuale per l\u2019assistenza all\u2019 OFS e alla Gifra &#8211; Confer\u00eancia dos Assistentes Gerais da OFS<\/em><\/p>\n<p>(*) Frei Almir Ribeiro Guimar\u00e3es, OFM \u00e9 Assistente Nacional para a OFS e Assistente Regional da OFS do Sudeste II<\/p>\n","protected":false},"excerpt":{"rendered":"<p>ORDEM FRANCISCANA SECULAR<\/p>\n","protected":false},"author":1,"featured_media":174740,"comment_status":"closed","ping_status":"open","sticky":false,"template":"","format":"standard","meta":[],"categories":[14],"tags":[],"yoast_head":"<!-- This site is optimized with the Yoast SEO plugin v19.2 - https:\/\/yoast.com\/wordpress\/plugins\/seo\/ -->\n<title>Identidade da Ordem Franciscana Secular - Carisma - Franciscanos<\/title>\n<meta name=\"robots\" content=\"index, follow, max-snippet:-1, max-image-preview:large, max-video-preview:-1\" \/>\n<link rel=\"canonical\" href=\"https:\/\/franciscanos.org.br\/carisma\/identidade-da-ordem-franciscana-secular.html\" \/>\n<meta property=\"og:locale\" content=\"pt_BR\" \/>\n<meta property=\"og:type\" content=\"article\" \/>\n<meta property=\"og:title\" content=\"Identidade da Ordem Franciscana Secular - Carisma - Franciscanos\" \/>\n<meta property=\"og:description\" content=\"ORDEM FRANCISCANA SECULAR\" \/>\n<meta property=\"og:url\" content=\"https:\/\/franciscanos.org.br\/carisma\/identidade-da-ordem-franciscana-secular.html\" \/>\n<meta property=\"og:site_name\" content=\"Carisma - Franciscanos\" \/>\n<meta property=\"article:published_time\" content=\"2011-12-12T16:17:58+00:00\" \/>\n<meta property=\"og:image\" content=\"https:\/\/franciscanos.org.br\/carisma\/wp-content\/uploads\/2018\/10\/2001_170412.jpg\" \/>\n\t<meta property=\"og:image:width\" content=\"200\" \/>\n\t<meta property=\"og:image:height\" content=\"150\" \/>\n\t<meta property=\"og:image:type\" content=\"image\/jpeg\" \/>\n<meta name=\"author\" content=\"admin\" \/>\n<meta name=\"twitter:card\" content=\"summary_large_image\" \/>\n<meta name=\"twitter:label1\" content=\"Escrito por\" \/>\n\t<meta name=\"twitter:data1\" content=\"admin\" \/>\n\t<meta name=\"twitter:label2\" content=\"Est. tempo de leitura\" \/>\n\t<meta name=\"twitter:data2\" content=\"3 minutos\" \/>\n<script type=\"application\/ld+json\" class=\"yoast-schema-graph\">{\"@context\":\"https:\/\/schema.org\",\"@graph\":[{\"@type\":\"WebSite\",\"@id\":\"https:\/\/franciscanos.org.br\/carisma\/#website\",\"url\":\"https:\/\/franciscanos.org.br\/carisma\/\",\"name\":\"Carisma - Franciscanos\",\"description\":\"Prov\u00edncia Franciscana da Imaculada Concei\u00e7\u00e3o do Brasil - Ordem dos Frades Menores\",\"potentialAction\":[{\"@type\":\"SearchAction\",\"target\":{\"@type\":\"EntryPoint\",\"urlTemplate\":\"https:\/\/franciscanos.org.br\/carisma\/?s={search_term_string}\"},\"query-input\":\"required name=search_term_string\"}],\"inLanguage\":\"pt-BR\"},{\"@type\":\"ImageObject\",\"inLanguage\":\"pt-BR\",\"@id\":\"https:\/\/franciscanos.org.br\/carisma\/identidade-da-ordem-franciscana-secular.html#primaryimage\",\"url\":\"https:\/\/franciscanos.org.br\/carisma\/wp-content\/uploads\/2018\/10\/2001_170412.jpg\",\"contentUrl\":\"https:\/\/franciscanos.org.br\/carisma\/wp-content\/uploads\/2018\/10\/2001_170412.jpg\",\"width\":200,\"height\":150},{\"@type\":\"WebPage\",\"@id\":\"https:\/\/franciscanos.org.br\/carisma\/identidade-da-ordem-franciscana-secular.html#webpage\",\"url\":\"https:\/\/franciscanos.org.br\/carisma\/identidade-da-ordem-franciscana-secular.html\",\"name\":\"Identidade da Ordem Franciscana Secular - Carisma - Franciscanos\",\"isPartOf\":{\"@id\":\"https:\/\/franciscanos.org.br\/carisma\/#website\"},\"primaryImageOfPage\":{\"@id\":\"https:\/\/franciscanos.org.br\/carisma\/identidade-da-ordem-franciscana-secular.html#primaryimage\"},\"datePublished\":\"2011-12-12T16:17:58+00:00\",\"dateModified\":\"2011-12-12T16:17:58+00:00\",\"author\":{\"@id\":\"https:\/\/franciscanos.org.br\/carisma\/#\/schema\/person\/e352342a457f086dc6152f9c73a3d093\"},\"breadcrumb\":{\"@id\":\"https:\/\/franciscanos.org.br\/carisma\/identidade-da-ordem-franciscana-secular.html#breadcrumb\"},\"inLanguage\":\"pt-BR\",\"potentialAction\":[{\"@type\":\"ReadAction\",\"target\":[\"https:\/\/franciscanos.org.br\/carisma\/identidade-da-ordem-franciscana-secular.html\"]}]},{\"@type\":\"BreadcrumbList\",\"@id\":\"https:\/\/franciscanos.org.br\/carisma\/identidade-da-ordem-franciscana-secular.html#breadcrumb\",\"itemListElement\":[{\"@type\":\"ListItem\",\"position\":1,\"name\":\"Home\",\"item\":\"https:\/\/franciscanos.org.br\/carisma\"},{\"@type\":\"ListItem\",\"position\":2,\"name\":\"Identidade da Ordem Franciscana Secular\"}]},{\"@type\":\"Person\",\"@id\":\"https:\/\/franciscanos.org.br\/carisma\/#\/schema\/person\/e352342a457f086dc6152f9c73a3d093\",\"name\":\"admin\",\"image\":{\"@type\":\"ImageObject\",\"inLanguage\":\"pt-BR\",\"@id\":\"https:\/\/franciscanos.org.br\/carisma\/#\/schema\/person\/image\/\",\"url\":\"https:\/\/secure.gravatar.com\/avatar\/e8495742d34d0ba6448ea1c628263b3e?s=96&d=mm&r=g\",\"contentUrl\":\"https:\/\/secure.gravatar.com\/avatar\/e8495742d34d0ba6448ea1c628263b3e?s=96&d=mm&r=g\",\"caption\":\"admin\"},\"url\":\"https:\/\/franciscanos.org.br\/carisma\/author\/admin\"}]}<\/script>\n<!-- \/ Yoast SEO plugin. -->","yoast_head_json":{"title":"Identidade da Ordem Franciscana Secular - Carisma - Franciscanos","robots":{"index":"index","follow":"follow","max-snippet":"max-snippet:-1","max-image-preview":"max-image-preview:large","max-video-preview":"max-video-preview:-1"},"canonical":"https:\/\/franciscanos.org.br\/carisma\/identidade-da-ordem-franciscana-secular.html","og_locale":"pt_BR","og_type":"article","og_title":"Identidade da Ordem Franciscana Secular - Carisma - Franciscanos","og_description":"ORDEM FRANCISCANA SECULAR","og_url":"https:\/\/franciscanos.org.br\/carisma\/identidade-da-ordem-franciscana-secular.html","og_site_name":"Carisma - Franciscanos","article_published_time":"2011-12-12T16:17:58+00:00","og_image":[{"width":200,"height":150,"url":"https:\/\/franciscanos.org.br\/carisma\/wp-content\/uploads\/2018\/10\/2001_170412.jpg","type":"image\/jpeg"}],"author":"admin","twitter_card":"summary_large_image","twitter_misc":{"Escrito por":"admin","Est. tempo de leitura":"3 minutos"},"schema":{"@context":"https:\/\/schema.org","@graph":[{"@type":"WebSite","@id":"https:\/\/franciscanos.org.br\/carisma\/#website","url":"https:\/\/franciscanos.org.br\/carisma\/","name":"Carisma - Franciscanos","description":"Prov\u00edncia Franciscana da Imaculada Concei\u00e7\u00e3o do Brasil - Ordem dos Frades Menores","potentialAction":[{"@type":"SearchAction","target":{"@type":"EntryPoint","urlTemplate":"https:\/\/franciscanos.org.br\/carisma\/?s={search_term_string}"},"query-input":"required name=search_term_string"}],"inLanguage":"pt-BR"},{"@type":"ImageObject","inLanguage":"pt-BR","@id":"https:\/\/franciscanos.org.br\/carisma\/identidade-da-ordem-franciscana-secular.html#primaryimage","url":"https:\/\/franciscanos.org.br\/carisma\/wp-content\/uploads\/2018\/10\/2001_170412.jpg","contentUrl":"https:\/\/franciscanos.org.br\/carisma\/wp-content\/uploads\/2018\/10\/2001_170412.jpg","width":200,"height":150},{"@type":"WebPage","@id":"https:\/\/franciscanos.org.br\/carisma\/identidade-da-ordem-franciscana-secular.html#webpage","url":"https:\/\/franciscanos.org.br\/carisma\/identidade-da-ordem-franciscana-secular.html","name":"Identidade da Ordem Franciscana Secular - Carisma - Franciscanos","isPartOf":{"@id":"https:\/\/franciscanos.org.br\/carisma\/#website"},"primaryImageOfPage":{"@id":"https:\/\/franciscanos.org.br\/carisma\/identidade-da-ordem-franciscana-secular.html#primaryimage"},"datePublished":"2011-12-12T16:17:58+00:00","dateModified":"2011-12-12T16:17:58+00:00","author":{"@id":"https:\/\/franciscanos.org.br\/carisma\/#\/schema\/person\/e352342a457f086dc6152f9c73a3d093"},"breadcrumb":{"@id":"https:\/\/franciscanos.org.br\/carisma\/identidade-da-ordem-franciscana-secular.html#breadcrumb"},"inLanguage":"pt-BR","potentialAction":[{"@type":"ReadAction","target":["https:\/\/franciscanos.org.br\/carisma\/identidade-da-ordem-franciscana-secular.html"]}]},{"@type":"BreadcrumbList","@id":"https:\/\/franciscanos.org.br\/carisma\/identidade-da-ordem-franciscana-secular.html#breadcrumb","itemListElement":[{"@type":"ListItem","position":1,"name":"Home","item":"https:\/\/franciscanos.org.br\/carisma"},{"@type":"ListItem","position":2,"name":"Identidade da Ordem Franciscana Secular"}]},{"@type":"Person","@id":"https:\/\/franciscanos.org.br\/carisma\/#\/schema\/person\/e352342a457f086dc6152f9c73a3d093","name":"admin","image":{"@type":"ImageObject","inLanguage":"pt-BR","@id":"https:\/\/franciscanos.org.br\/carisma\/#\/schema\/person\/image\/","url":"https:\/\/secure.gravatar.com\/avatar\/e8495742d34d0ba6448ea1c628263b3e?s=96&d=mm&r=g","contentUrl":"https:\/\/secure.gravatar.com\/avatar\/e8495742d34d0ba6448ea1c628263b3e?s=96&d=mm&r=g","caption":"admin"},"url":"https:\/\/franciscanos.org.br\/carisma\/author\/admin"}]}},"_links":{"self":[{"href":"https:\/\/franciscanos.org.br\/carisma\/wp-json\/wp\/v2\/posts\/8915"}],"collection":[{"href":"https:\/\/franciscanos.org.br\/carisma\/wp-json\/wp\/v2\/posts"}],"about":[{"href":"https:\/\/franciscanos.org.br\/carisma\/wp-json\/wp\/v2\/types\/post"}],"author":[{"embeddable":true,"href":"https:\/\/franciscanos.org.br\/carisma\/wp-json\/wp\/v2\/users\/1"}],"replies":[{"embeddable":true,"href":"https:\/\/franciscanos.org.br\/carisma\/wp-json\/wp\/v2\/comments?post=8915"}],"version-history":[{"count":0,"href":"https:\/\/franciscanos.org.br\/carisma\/wp-json\/wp\/v2\/posts\/8915\/revisions"}],"wp:featuredmedia":[{"embeddable":true,"href":"https:\/\/franciscanos.org.br\/carisma\/wp-json\/wp\/v2\/media\/174740"}],"wp:attachment":[{"href":"https:\/\/franciscanos.org.br\/carisma\/wp-json\/wp\/v2\/media?parent=8915"}],"wp:term":[{"taxonomy":"category","embeddable":true,"href":"https:\/\/franciscanos.org.br\/carisma\/wp-json\/wp\/v2\/categories?post=8915"},{"taxonomy":"post_tag","embeddable":true,"href":"https:\/\/franciscanos.org.br\/carisma\/wp-json\/wp\/v2\/tags?post=8915"}],"curies":[{"name":"wp","href":"https:\/\/api.w.org\/{rel}","templated":true}]}}