{"id":8913,"date":"2011-12-12T14:17:04","date_gmt":"2011-12-12T16:17:04","guid":{"rendered":"http:\/\/new.franciscanos.org.br\/?p=8913"},"modified":"2011-12-12T14:17:04","modified_gmt":"2011-12-12T16:17:04","slug":"ordem-franciscana-secular-por-que-para-que","status":"publish","type":"post","link":"https:\/\/franciscanos.org.br\/carisma\/ordem-franciscana-secular-por-que-para-que.html","title":{"rendered":"Ordem Franciscana Secular \u2013 por qu\u00ea? para qu\u00ea?"},"content":{"rendered":"<p align=\"left\"><strong>Frei Almir Ribeiro Guimar\u00e3es, OFM (*)<\/strong><\/p>\n<p><strong><br \/>\n<a href=\"http:\/\/franciscanos.org.br\/wp-content\/uploads\/2011\/12\/1999_170412.jpg\"><img loading=\"lazy\" class=\"alignright size-full wp-image-16061\" title=\"1999_170412\" src=\"http:\/\/franciscanos.org.br\/wp-content\/uploads\/2011\/12\/1999_170412.jpg\" alt=\"\" width=\"280\" height=\"210\" \/><\/a>1.<\/strong> Vivemos a hora dos leigos na Igreja. Nunca se falou tanto deles. Nunca os documentos da Igreja tanto marcaram sua import\u00e2ncia. Muitos leigos ingressam em grupos de viv\u00eancia crist\u00e3 onde buscam acertar os passos e perseguir o ideal da santidade no meio do mundo. Entre esses tantos grupamentos de leigos est\u00e3o os franciscanos seculares. Pertencem eles \u00e0 Ordem Franciscana Secular (OFS). Esses seculares franciscanos respondem a um apelo. Sentem um chamado. N\u00e3o entram numa associa\u00e7\u00e3o piedosa, mas ingressam no seio de uma fam\u00edlia, de uma M\u00e3e, de uma Ordem que os acolhe, recebe sua profiss\u00e3o\/ promessa de seguimento do Evangelho no meio do mundo e se disp\u00f5e a lev\u00e1-los, se eles colaborarem, a uma santidade de vida, \u00e0 maneira de Francisco e de Clara. Falar em seio \u00e9 falar em vida. A Ordem \u00e9 dom, escola, gra\u00e7a que Deus concede \u00e0 Igreja. Os seus membros desejam tamb\u00e9m santificar o mundo. Se deixassem de responder a essa voca\u00e7\u00e3o sua vida humana e crist\u00e3 seria menos luminosa. A voca\u00e7\u00e3o \u00e9 um chamamento que exige respostas e empenho dos que s\u00e3o chamados.<\/p>\n<p><strong>2. <\/strong>A Fraternidade Franciscana Secular \u00e9 constitu\u00edda por pessoas que vivem no mundo, mas se re\u00fanem regularmente para refletir, pensar, rezar e armar as estrat\u00e9gias de sua a\u00e7\u00e3o do mundo. Os irm\u00e3os buscam sua realiza\u00e7\u00e3o humana, s\u00e3o pessoas que est\u00e3o num processo de amadurecimento, mas que vivem no mundo. Vivem em suas fam\u00edlias, no trabalho, nos lugares de lazer, na pol\u00edtica, l\u00e1 onde borbulha a vida.<\/p>\n<p><strong>3.<\/strong> Arde no cora\u00e7\u00e3o dessas pessoas uma sede de viver no cotidiano a aventura do Evangelho. Buscam a perfei\u00e7\u00e3o da caridade, ou seja, a santidade com as cores de Francisco, Clara, de Isabel da Hungria e tantos outros e tantas outras. Querem fazer, em suas vidas, a experi\u00eancia do Alt\u00edssimo, Onipotente e Bom Senhor, do Bem, do Sumo Bem.4. \u201cNo seio da fam\u00edlia franciscana, ocupa posi\u00e7\u00e3o espec\u00edfica a Ordem Franciscana Secular que se configura como uma uni\u00e3o org\u00e2nica de todas as fraternidades cat\u00f3licas espalhadas pelo mundo e abertas a todos os grupos de fi\u00e9is. Nelas, os irm\u00e3os e as irm\u00e3s, impulsionados pelo Esp\u00edrito a atingir a perfei\u00e7\u00e3o da caridade no pr\u00f3prio estado secular, s\u00e3o empenhados pela Profiss\u00e3o, a viver o Evangelho \u00e0 maneira de Francisco e mediante a Regra confirmada pela Igreja\u201d ( Regra da OFS, n.2).5. Os que ingressam na OFS tudo receberam: gra\u00e7as, irm\u00e3os, inspira\u00e7\u00e3o de Francisco e de Clara, a maneira bonita de seguir o Cristo franciscana e clarianamente. Sentem-se cobertos de gra\u00e7as e por isso desejam retribuir o que receberam, restituir o que de gra\u00e7a lhes foi concedido. Essa gratid\u00e3o se manifesta na ora\u00e7\u00e3o de a\u00e7\u00e3o de gra\u00e7as, na dedica\u00e7\u00e3o aos irm\u00e3os, mormente os mais abandonados, na disponibilidade em difundir o Evangelho e construir um mundo \u00e0 maneira de Francisco. Os franciscanos seculares s\u00e3o zelosos e ativos, sem se perderem em ativismo. Impregnam tudo com o perfume do Evangelho.6. Os leigos ingressam na Ordem Franciscana Secular para mudarem de vida, ou seja, para fazer penit\u00eancia. Penit\u00eancia n\u00e3o \u00e9, em primeiro lugar, impor-se sacrif\u00edcios e asperezas. A convers\u00e3o \u00e9 realidade mais profunda. Trata-se transformar o cora\u00e7\u00e3o. Sup\u00f5e um s\u00e9rio distanciamento do pecado e de tudo aquilo que nos destr\u00f3i, destr\u00f3i a harmonia, fere a dignidade profunda de cada ser humano e desrespeita o amor incondicional do Alt\u00edssimo. A convers\u00e3o sup\u00f5e uma mudan\u00e7a de mentalidade. Est\u00e3o num processo de convers\u00e3o os pobres de cora\u00e7\u00e3o, os sedentos das coisas de Deus, os famintos do bem, os construtores da paz, os praticantes da miseric\u00f3rdia, aqueles que s\u00e3o capazes de sofrer alguma coisa pelo amor do amado que n\u00e3o \u00e9 amado. Converter-se \u00e9 ir abandonando um comodismo individualista, uma maneira pragm\u00e1tica ou interesseira de viver, \u00e9 ir se revestindo dos mesmos sentimentos de Cristo Jesus que foi simples, atencioso para com os outros e dedicado ouvinte da vontade do Pai. O franciscano secular vive repetindo com Francisco: \u201cSenhor, o que tu queres de mim?\u201d7. Os franciscanos seculares disp\u00f5em de reuni\u00f5es e de encontros, da Regra, do exemplo de irm\u00e3os, dos sacramentos e dos retiros, do cansa\u00e7o e da cruz para mudar de vida. S\u00e3o membros de uma Ordem de Penitentes.8. Nossas Fraternidades s\u00e3o espa\u00e7os de reflex\u00e3o sobre os grandes temas do mundo e da Igreja e n\u00e3o ref\u00fagio de pessoas cansadas e rotineiras. As Fraternidades preparam os irm\u00e3os para o seu ir pelo mundo. Estudam os temas desafiadores: viol\u00eancia e paz, sexualidade e casamento, respeito pela vida e cuidado com o criado. As pessoas, assim , v\u00e3o ficando afiadas em seu trabalho: evangelizar a fam\u00edlia, presen\u00e7a nos diversos campos da pastoral, viv\u00eancia crist\u00e3 do trabalho e da profiss\u00e3o, enquanto v\u00e3o se tornando \u00edntimos de Deus por vida de l\u00edmpida ora\u00e7\u00e3o.<\/p>\n<p>(*) Frei Almir R. Guimar\u00e3es, OFM \u00e9 Assistente Nacional e Assistente Regional da OFS do Sudeste II<\/p>\n","protected":false},"excerpt":{"rendered":"<p>ORDEM FRANCISCANA SECULAR<\/p>\n","protected":false},"author":1,"featured_media":174739,"comment_status":"closed","ping_status":"open","sticky":false,"template":"","format":"standard","meta":[],"categories":[14],"tags":[],"yoast_head":"<!-- This site is optimized with the Yoast SEO plugin v19.2 - https:\/\/yoast.com\/wordpress\/plugins\/seo\/ -->\n<title>Ordem Franciscana Secular \u2013 por qu\u00ea? para qu\u00ea? - Carisma - Franciscanos<\/title>\n<meta name=\"robots\" content=\"index, follow, max-snippet:-1, max-image-preview:large, max-video-preview:-1\" \/>\n<link rel=\"canonical\" href=\"https:\/\/franciscanos.org.br\/carisma\/ordem-franciscana-secular-por-que-para-que.html\" \/>\n<meta property=\"og:locale\" content=\"pt_BR\" \/>\n<meta property=\"og:type\" content=\"article\" \/>\n<meta property=\"og:title\" content=\"Ordem Franciscana Secular \u2013 por qu\u00ea? para qu\u00ea? - Carisma - Franciscanos\" \/>\n<meta property=\"og:description\" content=\"ORDEM FRANCISCANA SECULAR\" \/>\n<meta property=\"og:url\" content=\"https:\/\/franciscanos.org.br\/carisma\/ordem-franciscana-secular-por-que-para-que.html\" \/>\n<meta property=\"og:site_name\" content=\"Carisma - Franciscanos\" \/>\n<meta property=\"article:published_time\" content=\"2011-12-12T16:17:04+00:00\" \/>\n<meta property=\"og:image\" content=\"https:\/\/franciscanos.org.br\/carisma\/wp-content\/uploads\/2018\/10\/1999_170412.jpg\" \/>\n\t<meta property=\"og:image:width\" content=\"280\" \/>\n\t<meta property=\"og:image:height\" content=\"210\" \/>\n\t<meta property=\"og:image:type\" content=\"image\/jpeg\" \/>\n<meta name=\"author\" content=\"admin\" \/>\n<meta name=\"twitter:card\" content=\"summary_large_image\" \/>\n<meta name=\"twitter:label1\" content=\"Escrito por\" \/>\n\t<meta name=\"twitter:data1\" content=\"admin\" \/>\n\t<meta name=\"twitter:label2\" content=\"Est. tempo de leitura\" \/>\n\t<meta name=\"twitter:data2\" content=\"4 minutos\" \/>\n<script type=\"application\/ld+json\" class=\"yoast-schema-graph\">{\"@context\":\"https:\/\/schema.org\",\"@graph\":[{\"@type\":\"WebSite\",\"@id\":\"https:\/\/franciscanos.org.br\/carisma\/#website\",\"url\":\"https:\/\/franciscanos.org.br\/carisma\/\",\"name\":\"Carisma - Franciscanos\",\"description\":\"Prov\u00edncia Franciscana da Imaculada Concei\u00e7\u00e3o do Brasil - Ordem dos Frades Menores\",\"potentialAction\":[{\"@type\":\"SearchAction\",\"target\":{\"@type\":\"EntryPoint\",\"urlTemplate\":\"https:\/\/franciscanos.org.br\/carisma\/?s={search_term_string}\"},\"query-input\":\"required name=search_term_string\"}],\"inLanguage\":\"pt-BR\"},{\"@type\":\"ImageObject\",\"inLanguage\":\"pt-BR\",\"@id\":\"https:\/\/franciscanos.org.br\/carisma\/ordem-franciscana-secular-por-que-para-que.html#primaryimage\",\"url\":\"https:\/\/franciscanos.org.br\/carisma\/wp-content\/uploads\/2018\/10\/1999_170412.jpg\",\"contentUrl\":\"https:\/\/franciscanos.org.br\/carisma\/wp-content\/uploads\/2018\/10\/1999_170412.jpg\",\"width\":280,\"height\":210},{\"@type\":\"WebPage\",\"@id\":\"https:\/\/franciscanos.org.br\/carisma\/ordem-franciscana-secular-por-que-para-que.html#webpage\",\"url\":\"https:\/\/franciscanos.org.br\/carisma\/ordem-franciscana-secular-por-que-para-que.html\",\"name\":\"Ordem Franciscana Secular \u2013 por qu\u00ea? para qu\u00ea? - Carisma - Franciscanos\",\"isPartOf\":{\"@id\":\"https:\/\/franciscanos.org.br\/carisma\/#website\"},\"primaryImageOfPage\":{\"@id\":\"https:\/\/franciscanos.org.br\/carisma\/ordem-franciscana-secular-por-que-para-que.html#primaryimage\"},\"datePublished\":\"2011-12-12T16:17:04+00:00\",\"dateModified\":\"2011-12-12T16:17:04+00:00\",\"author\":{\"@id\":\"https:\/\/franciscanos.org.br\/carisma\/#\/schema\/person\/e352342a457f086dc6152f9c73a3d093\"},\"breadcrumb\":{\"@id\":\"https:\/\/franciscanos.org.br\/carisma\/ordem-franciscana-secular-por-que-para-que.html#breadcrumb\"},\"inLanguage\":\"pt-BR\",\"potentialAction\":[{\"@type\":\"ReadAction\",\"target\":[\"https:\/\/franciscanos.org.br\/carisma\/ordem-franciscana-secular-por-que-para-que.html\"]}]},{\"@type\":\"BreadcrumbList\",\"@id\":\"https:\/\/franciscanos.org.br\/carisma\/ordem-franciscana-secular-por-que-para-que.html#breadcrumb\",\"itemListElement\":[{\"@type\":\"ListItem\",\"position\":1,\"name\":\"Home\",\"item\":\"https:\/\/franciscanos.org.br\/carisma\"},{\"@type\":\"ListItem\",\"position\":2,\"name\":\"Ordem Franciscana Secular \u2013 por qu\u00ea? para qu\u00ea?\"}]},{\"@type\":\"Person\",\"@id\":\"https:\/\/franciscanos.org.br\/carisma\/#\/schema\/person\/e352342a457f086dc6152f9c73a3d093\",\"name\":\"admin\",\"image\":{\"@type\":\"ImageObject\",\"inLanguage\":\"pt-BR\",\"@id\":\"https:\/\/franciscanos.org.br\/carisma\/#\/schema\/person\/image\/\",\"url\":\"https:\/\/secure.gravatar.com\/avatar\/e8495742d34d0ba6448ea1c628263b3e?s=96&d=mm&r=g\",\"contentUrl\":\"https:\/\/secure.gravatar.com\/avatar\/e8495742d34d0ba6448ea1c628263b3e?s=96&d=mm&r=g\",\"caption\":\"admin\"},\"url\":\"https:\/\/franciscanos.org.br\/carisma\/author\/admin\"}]}<\/script>\n<!-- \/ Yoast SEO plugin. -->","yoast_head_json":{"title":"Ordem Franciscana Secular \u2013 por qu\u00ea? para qu\u00ea? - Carisma - Franciscanos","robots":{"index":"index","follow":"follow","max-snippet":"max-snippet:-1","max-image-preview":"max-image-preview:large","max-video-preview":"max-video-preview:-1"},"canonical":"https:\/\/franciscanos.org.br\/carisma\/ordem-franciscana-secular-por-que-para-que.html","og_locale":"pt_BR","og_type":"article","og_title":"Ordem Franciscana Secular \u2013 por qu\u00ea? para qu\u00ea? - Carisma - Franciscanos","og_description":"ORDEM FRANCISCANA SECULAR","og_url":"https:\/\/franciscanos.org.br\/carisma\/ordem-franciscana-secular-por-que-para-que.html","og_site_name":"Carisma - Franciscanos","article_published_time":"2011-12-12T16:17:04+00:00","og_image":[{"width":280,"height":210,"url":"https:\/\/franciscanos.org.br\/carisma\/wp-content\/uploads\/2018\/10\/1999_170412.jpg","type":"image\/jpeg"}],"author":"admin","twitter_card":"summary_large_image","twitter_misc":{"Escrito por":"admin","Est. tempo de leitura":"4 minutos"},"schema":{"@context":"https:\/\/schema.org","@graph":[{"@type":"WebSite","@id":"https:\/\/franciscanos.org.br\/carisma\/#website","url":"https:\/\/franciscanos.org.br\/carisma\/","name":"Carisma - Franciscanos","description":"Prov\u00edncia Franciscana da Imaculada Concei\u00e7\u00e3o do Brasil - Ordem dos Frades Menores","potentialAction":[{"@type":"SearchAction","target":{"@type":"EntryPoint","urlTemplate":"https:\/\/franciscanos.org.br\/carisma\/?s={search_term_string}"},"query-input":"required name=search_term_string"}],"inLanguage":"pt-BR"},{"@type":"ImageObject","inLanguage":"pt-BR","@id":"https:\/\/franciscanos.org.br\/carisma\/ordem-franciscana-secular-por-que-para-que.html#primaryimage","url":"https:\/\/franciscanos.org.br\/carisma\/wp-content\/uploads\/2018\/10\/1999_170412.jpg","contentUrl":"https:\/\/franciscanos.org.br\/carisma\/wp-content\/uploads\/2018\/10\/1999_170412.jpg","width":280,"height":210},{"@type":"WebPage","@id":"https:\/\/franciscanos.org.br\/carisma\/ordem-franciscana-secular-por-que-para-que.html#webpage","url":"https:\/\/franciscanos.org.br\/carisma\/ordem-franciscana-secular-por-que-para-que.html","name":"Ordem Franciscana Secular \u2013 por qu\u00ea? para qu\u00ea? - Carisma - Franciscanos","isPartOf":{"@id":"https:\/\/franciscanos.org.br\/carisma\/#website"},"primaryImageOfPage":{"@id":"https:\/\/franciscanos.org.br\/carisma\/ordem-franciscana-secular-por-que-para-que.html#primaryimage"},"datePublished":"2011-12-12T16:17:04+00:00","dateModified":"2011-12-12T16:17:04+00:00","author":{"@id":"https:\/\/franciscanos.org.br\/carisma\/#\/schema\/person\/e352342a457f086dc6152f9c73a3d093"},"breadcrumb":{"@id":"https:\/\/franciscanos.org.br\/carisma\/ordem-franciscana-secular-por-que-para-que.html#breadcrumb"},"inLanguage":"pt-BR","potentialAction":[{"@type":"ReadAction","target":["https:\/\/franciscanos.org.br\/carisma\/ordem-franciscana-secular-por-que-para-que.html"]}]},{"@type":"BreadcrumbList","@id":"https:\/\/franciscanos.org.br\/carisma\/ordem-franciscana-secular-por-que-para-que.html#breadcrumb","itemListElement":[{"@type":"ListItem","position":1,"name":"Home","item":"https:\/\/franciscanos.org.br\/carisma"},{"@type":"ListItem","position":2,"name":"Ordem Franciscana Secular \u2013 por qu\u00ea? para qu\u00ea?"}]},{"@type":"Person","@id":"https:\/\/franciscanos.org.br\/carisma\/#\/schema\/person\/e352342a457f086dc6152f9c73a3d093","name":"admin","image":{"@type":"ImageObject","inLanguage":"pt-BR","@id":"https:\/\/franciscanos.org.br\/carisma\/#\/schema\/person\/image\/","url":"https:\/\/secure.gravatar.com\/avatar\/e8495742d34d0ba6448ea1c628263b3e?s=96&d=mm&r=g","contentUrl":"https:\/\/secure.gravatar.com\/avatar\/e8495742d34d0ba6448ea1c628263b3e?s=96&d=mm&r=g","caption":"admin"},"url":"https:\/\/franciscanos.org.br\/carisma\/author\/admin"}]}},"_links":{"self":[{"href":"https:\/\/franciscanos.org.br\/carisma\/wp-json\/wp\/v2\/posts\/8913"}],"collection":[{"href":"https:\/\/franciscanos.org.br\/carisma\/wp-json\/wp\/v2\/posts"}],"about":[{"href":"https:\/\/franciscanos.org.br\/carisma\/wp-json\/wp\/v2\/types\/post"}],"author":[{"embeddable":true,"href":"https:\/\/franciscanos.org.br\/carisma\/wp-json\/wp\/v2\/users\/1"}],"replies":[{"embeddable":true,"href":"https:\/\/franciscanos.org.br\/carisma\/wp-json\/wp\/v2\/comments?post=8913"}],"version-history":[{"count":0,"href":"https:\/\/franciscanos.org.br\/carisma\/wp-json\/wp\/v2\/posts\/8913\/revisions"}],"wp:featuredmedia":[{"embeddable":true,"href":"https:\/\/franciscanos.org.br\/carisma\/wp-json\/wp\/v2\/media\/174739"}],"wp:attachment":[{"href":"https:\/\/franciscanos.org.br\/carisma\/wp-json\/wp\/v2\/media?parent=8913"}],"wp:term":[{"taxonomy":"category","embeddable":true,"href":"https:\/\/franciscanos.org.br\/carisma\/wp-json\/wp\/v2\/categories?post=8913"},{"taxonomy":"post_tag","embeddable":true,"href":"https:\/\/franciscanos.org.br\/carisma\/wp-json\/wp\/v2\/tags?post=8913"}],"curies":[{"name":"wp","href":"https:\/\/api.w.org\/{rel}","templated":true}]}}