{"id":8679,"date":"2011-03-15T09:42:07","date_gmt":"2011-03-15T12:42:07","guid":{"rendered":"http:\/\/new.franciscanos.org.br\/?p=8679"},"modified":"2019-08-06T15:36:13","modified_gmt":"2019-08-06T18:36:13","slug":"a-disciplina-do-jejum-de-clara-nos-primordios-da-vida-em-sao-damiao-2","status":"publish","type":"post","link":"https:\/\/franciscanos.org.br\/carisma\/a-disciplina-do-jejum-de-clara-nos-primordios-da-vida-em-sao-damiao-2.html","title":{"rendered":"A disciplina do jejum de Clara nos prim\u00f3rdios da vida em S\u00e3o Dami\u00e3o"},"content":{"rendered":"<p align=\"left\"><img loading=\"lazy\" class=\"alignnone size-full wp-image-175269\" src=\"http:\/\/franciscanos.org.br\/carisma\/wp-content\/uploads\/2011\/03\/clara_04.jpg\" alt=\"\" width=\"890\" height=\"579\" srcset=\"https:\/\/franciscanos.org.br\/carisma\/wp-content\/uploads\/2011\/03\/clara_04.jpg 890w, https:\/\/franciscanos.org.br\/carisma\/wp-content\/uploads\/2011\/03\/clara_04-450x293.jpg 450w, https:\/\/franciscanos.org.br\/carisma\/wp-content\/uploads\/2011\/03\/clara_04-768x500.jpg 768w, https:\/\/franciscanos.org.br\/carisma\/wp-content\/uploads\/2011\/03\/clara_04-150x98.jpg 150w\" sizes=\"(max-width: 890px) 100vw, 890px\" \/><\/p>\n<p align=\"left\"><strong>Frei Almir Ribeiro Guimar\u00e3es, OFM<\/strong><\/p>\n<p style=\"padding-left: 30px;\" align=\"left\"><em>Sempre temos diante dos olhos a biografia de Clara escrita por Chiara Giovanna Cremaschi, clarissa de boa cepa. Hoje, nos deteremos na pr\u00e1tica do jejum vivido por Clara (p. 58-60). N\u00e3o estamos fazendo uma tradu\u00e7\u00e3o ad litteram, mas captando o ess\u00eancia do livro <\/em>Chiara d\u2019Assisi. Un silenzio che grida<em>.<\/em><\/p>\n<div align=\"left\">\n<p><strong>1<\/strong><strong>. <\/strong>O jejum sempre fez parte do elenco das disciplinas asc\u00e9ticas dos crist\u00e3os, mormente daqueles que abra\u00e7am a vida religiosa consagrada. No passado houve exageros. Hoje, a pr\u00e1tica parece tida em pouco apre\u00e7o. Clara consegue n\u00e3o tocar em alimento algum tr\u00eas dias por semana. Nos outros dias se alimenta com grande parcim\u00f4nia. Dorme pouco e sua cama \u00e9 constitu\u00edda de ramos de videira. Melhor fora se dormisse no ch\u00e3o. Usava uma roupa de pele de porco em contato com o corpo. Algumas irm\u00e3s, experimentando a vestimenta, tinham-na como imposs\u00edvel de se ser usada. Uma mulher de penit\u00eancia. No Processo de Canoniza\u00e7\u00e3o da santa, as testemunhas falam de tais comportamentos como sinais de santidade. Algumas das irm\u00e3s achavam que Clara exagerava. Lembram que a <em>Plantinha<\/em> nunca imp\u00f4s tal tipo de penit\u00eancia \u00e0s irm\u00e3s. Ao contr\u00e1rio, era compreensiva e bondosa para com elas. Estas, embora fizessem penit\u00eancia, n\u00e3o chegavam ao n\u00edvel praticado por Clara.<\/p>\n<p><strong>2<\/strong><strong>.<\/strong> Num determinado momento, Clara come\u00e7a a ficar doente devido ao excessivo jejum. Francisco sente-se na obriga\u00e7\u00e3o de intervir. Pede que, nos tr\u00eas dias de jejum absoluto, Clara coma ao menos um p\u00e3o. Parece que, sempre t\u00e3o afeita \u00e0 obedi\u00eancia, n\u00e3o escutou a advert\u00eancia. Francisco busca aux\u00edlio junto ao bispo Guido. A insist\u00eancia desta mulher \u00e9 querer viver s\u00f3 de Cristo e para Cristo. Neste momento de sua caminhada talvez ela n\u00e3o tenha ainda compreendido o que significava padecer com Cristo. O jejum e o sofrimento f\u00edsico aproximariam Clara de Cristo, padecente e ressuscitado. Alguns admitem, neste aspecto, uma certa diferen\u00e7a entre Francisco e Clara. S\u00e3o duas sensibilidades. Francisco, \u00e9 verdade, fazia uma s\u00e9rie de quaresmas cheias de penit\u00eancias e jejuns. Mas, ao mesmo tempo, andava, caminhava, se cansava, suava, dormia mal. Acolhia as \u201cpenit\u00eancias\u201d que aconteciam. Ao mesmo tempo, tinha que recorrer ao expediente humilhante de bater de porta em porta para ter o p\u00e3o de todos os dias. Era seu jeito de fazer penit\u00eancia e unir-se ao Cristo sofredor.<\/p>\n<p><strong>3. <\/strong>Clara, ficando em casa, permanecendo o tempo todo no mesmo lugar, n\u00e3o tem essas ocasi\u00f5es de \u201cfazer penit\u00eancia\u201d, de acolher os inc\u00f4modos que a pr\u00f3pria vida se encarregava de colocar. Vive envolvida com seu corpo na ora\u00e7\u00e3o, no trabalho, no cuidado com as irm\u00e3s. Isto parece n\u00e3o lhe bastar. H\u00e1 um fogo dentro dela. Ela quer se aproximar e se assemelhar ao Cristo crucificado. Por isso, insiste nos jejuns e penit\u00eancias corporais. Estamos diante de uma jovem mulher que ainda n\u00e3o aprendeu a ter para com seu pr\u00f3prio corpo aquela benevol\u00eancia que ela mesma derramava sobre ela e suas irm\u00e3s. \u201cN\u00e3o se pode esquecer a dimens\u00e3o m\u00edstica do amor pelo Esposo Crucificado, que \u00e9 contemplado no abismo de seu doar-se por n\u00f3s, pequenas criaturas e leva ao desejo ardente de sofrer com ele, numa partilha total de seus sofrimentos que s\u00f3 chega a compreender aquele que ama\u201d<\/p>\n<p><strong>4. <\/strong>Ainda a prop\u00f3sito do jejum em S\u00e3o Dami\u00e3o devemos sempre ter em mente sua estreita liga\u00e7\u00e3o com a pobreza. Em sua <em>Forma de vida <\/em>Clara adota a Regra de Hugolino. Que as irm\u00e3s jejuem em todo o tempo (RSC 3,8). Clara d\u00e1 a esta afirma\u00e7\u00e3o uma interpreta\u00e7\u00e3o um tanto diversa. A preocupa\u00e7\u00e3o do cardeal Hugolino era de ordem asc\u00e9tica. Tem em mente dizer aquilo que as irm\u00e3s devem comer cada dia. Para Clara, a preocupa\u00e7\u00e3o era outra: partilhar a condi\u00e7\u00e3o das pessoas da classe mais pobre que passou a ser a sua. Nessa classe se come uma s\u00f3 vez ao dia. Assim, os alimentos quaresmais consumidos em S\u00e3o Dami\u00e3o eram os mesmos que os pobres comiam. Assim, as excessivas penit\u00eancias de Clara devem ser entendidas como esfor\u00e7o de participar da vida dos \u00faltimos da sociedade.<\/p>\n<p><strong>5. <\/strong>E o grupo foi crescendo. Relatando a gra\u00e7a dos come\u00e7os Clara atribui ao Senhor o aumento do grupo das irm\u00e3s. Olhando as coisas do lado humano, vemos que, aos poucos, vai se difundindo o estilo de vida abra\u00e7ado por estas tr\u00eas irm\u00e3s. Depois de alguns meses, em setembro, um nova irm\u00e3 vem se juntar \u00e0s outras: Benvenuta de Perugia, uma jovem que conheceu Clara no ex\u00edlio perugino, morando ent\u00e3o na mesma casa. Criaram-se entre as duas, com o contato em comum, la\u00e7os que n\u00e3o foram rompidos, mas como fundamento de um liame maior, estabelecido a partir do amor de Cristo. Os la\u00e7os de amizade, de relacionamentos humanos estar\u00e3o na base da ilumina\u00e7\u00e3o interior que levar\u00e1 muitas mulheres a S\u00e3o Dami\u00e3o.<\/p>\n<\/div>\n","protected":false},"excerpt":{"rendered":"<p>Santa Clara de Assis &#8211; Frei Almir Guimar\u00e3es<\/p>\n","protected":false},"author":1,"featured_media":176332,"comment_status":"open","ping_status":"open","sticky":false,"template":"","format":"standard","meta":[],"categories":[65],"tags":[108],"yoast_head":"<!-- This site is optimized with the Yoast SEO plugin v19.2 - https:\/\/yoast.com\/wordpress\/plugins\/seo\/ -->\n<title>A disciplina do jejum de Clara nos prim\u00f3rdios da vida em S\u00e3o Dami\u00e3o - Carisma - Franciscanos<\/title>\n<meta name=\"robots\" content=\"index, follow, max-snippet:-1, max-image-preview:large, max-video-preview:-1\" \/>\n<link rel=\"canonical\" href=\"https:\/\/franciscanos.org.br\/carisma\/a-disciplina-do-jejum-de-clara-nos-primordios-da-vida-em-sao-damiao-2.html\" \/>\n<meta property=\"og:locale\" content=\"pt_BR\" \/>\n<meta property=\"og:type\" content=\"article\" \/>\n<meta property=\"og:title\" content=\"A disciplina do jejum de Clara nos prim\u00f3rdios da vida em S\u00e3o Dami\u00e3o - Carisma - Franciscanos\" \/>\n<meta property=\"og:description\" content=\"Santa Clara de Assis - Frei Almir Guimar\u00e3es\" \/>\n<meta property=\"og:url\" content=\"https:\/\/franciscanos.org.br\/carisma\/a-disciplina-do-jejum-de-clara-nos-primordios-da-vida-em-sao-damiao-2.html\" \/>\n<meta property=\"og:site_name\" content=\"Carisma - Franciscanos\" \/>\n<meta property=\"article:published_time\" content=\"2011-03-15T12:42:07+00:00\" \/>\n<meta property=\"article:modified_time\" content=\"2019-08-06T18:36:13+00:00\" \/>\n<meta property=\"og:image\" content=\"https:\/\/franciscanos.org.br\/carisma\/wp-content\/uploads\/2011\/03\/clara_04-1.jpg\" \/>\n\t<meta property=\"og:image:width\" content=\"273\" \/>\n\t<meta property=\"og:image:height\" content=\"181\" \/>\n\t<meta property=\"og:image:type\" content=\"image\/jpeg\" \/>\n<meta name=\"author\" content=\"admin\" \/>\n<meta name=\"twitter:card\" content=\"summary_large_image\" \/>\n<meta name=\"twitter:label1\" content=\"Escrito por\" \/>\n\t<meta name=\"twitter:data1\" content=\"admin\" \/>\n\t<meta name=\"twitter:label2\" content=\"Est. tempo de leitura\" \/>\n\t<meta name=\"twitter:data2\" content=\"4 minutos\" \/>\n<script type=\"application\/ld+json\" class=\"yoast-schema-graph\">{\"@context\":\"https:\/\/schema.org\",\"@graph\":[{\"@type\":\"WebSite\",\"@id\":\"https:\/\/franciscanos.org.br\/carisma\/#website\",\"url\":\"https:\/\/franciscanos.org.br\/carisma\/\",\"name\":\"Carisma - Franciscanos\",\"description\":\"Prov\u00edncia Franciscana da Imaculada Concei\u00e7\u00e3o do Brasil - Ordem dos Frades Menores\",\"potentialAction\":[{\"@type\":\"SearchAction\",\"target\":{\"@type\":\"EntryPoint\",\"urlTemplate\":\"https:\/\/franciscanos.org.br\/carisma\/?s={search_term_string}\"},\"query-input\":\"required name=search_term_string\"}],\"inLanguage\":\"pt-BR\"},{\"@type\":\"ImageObject\",\"inLanguage\":\"pt-BR\",\"@id\":\"https:\/\/franciscanos.org.br\/carisma\/a-disciplina-do-jejum-de-clara-nos-primordios-da-vida-em-sao-damiao-2.html#primaryimage\",\"url\":\"https:\/\/franciscanos.org.br\/carisma\/wp-content\/uploads\/2011\/03\/clara_04-1.jpg\",\"contentUrl\":\"https:\/\/franciscanos.org.br\/carisma\/wp-content\/uploads\/2011\/03\/clara_04-1.jpg\",\"width\":273,\"height\":181},{\"@type\":\"WebPage\",\"@id\":\"https:\/\/franciscanos.org.br\/carisma\/a-disciplina-do-jejum-de-clara-nos-primordios-da-vida-em-sao-damiao-2.html#webpage\",\"url\":\"https:\/\/franciscanos.org.br\/carisma\/a-disciplina-do-jejum-de-clara-nos-primordios-da-vida-em-sao-damiao-2.html\",\"name\":\"A disciplina do jejum de Clara nos prim\u00f3rdios da vida em S\u00e3o Dami\u00e3o - Carisma - Franciscanos\",\"isPartOf\":{\"@id\":\"https:\/\/franciscanos.org.br\/carisma\/#website\"},\"primaryImageOfPage\":{\"@id\":\"https:\/\/franciscanos.org.br\/carisma\/a-disciplina-do-jejum-de-clara-nos-primordios-da-vida-em-sao-damiao-2.html#primaryimage\"},\"datePublished\":\"2011-03-15T12:42:07+00:00\",\"dateModified\":\"2019-08-06T18:36:13+00:00\",\"author\":{\"@id\":\"https:\/\/franciscanos.org.br\/carisma\/#\/schema\/person\/e352342a457f086dc6152f9c73a3d093\"},\"breadcrumb\":{\"@id\":\"https:\/\/franciscanos.org.br\/carisma\/a-disciplina-do-jejum-de-clara-nos-primordios-da-vida-em-sao-damiao-2.html#breadcrumb\"},\"inLanguage\":\"pt-BR\",\"potentialAction\":[{\"@type\":\"ReadAction\",\"target\":[\"https:\/\/franciscanos.org.br\/carisma\/a-disciplina-do-jejum-de-clara-nos-primordios-da-vida-em-sao-damiao-2.html\"]}]},{\"@type\":\"BreadcrumbList\",\"@id\":\"https:\/\/franciscanos.org.br\/carisma\/a-disciplina-do-jejum-de-clara-nos-primordios-da-vida-em-sao-damiao-2.html#breadcrumb\",\"itemListElement\":[{\"@type\":\"ListItem\",\"position\":1,\"name\":\"Home\",\"item\":\"https:\/\/franciscanos.org.br\/carisma\"},{\"@type\":\"ListItem\",\"position\":2,\"name\":\"A disciplina do jejum de Clara nos prim\u00f3rdios da vida em S\u00e3o Dami\u00e3o\"}]},{\"@type\":\"Person\",\"@id\":\"https:\/\/franciscanos.org.br\/carisma\/#\/schema\/person\/e352342a457f086dc6152f9c73a3d093\",\"name\":\"admin\",\"image\":{\"@type\":\"ImageObject\",\"inLanguage\":\"pt-BR\",\"@id\":\"https:\/\/franciscanos.org.br\/carisma\/#\/schema\/person\/image\/\",\"url\":\"https:\/\/secure.gravatar.com\/avatar\/e8495742d34d0ba6448ea1c628263b3e?s=96&d=mm&r=g\",\"contentUrl\":\"https:\/\/secure.gravatar.com\/avatar\/e8495742d34d0ba6448ea1c628263b3e?s=96&d=mm&r=g\",\"caption\":\"admin\"},\"url\":\"https:\/\/franciscanos.org.br\/carisma\/author\/admin\"}]}<\/script>\n<!-- \/ Yoast SEO plugin. -->","yoast_head_json":{"title":"A disciplina do jejum de Clara nos prim\u00f3rdios da vida em S\u00e3o Dami\u00e3o - Carisma - Franciscanos","robots":{"index":"index","follow":"follow","max-snippet":"max-snippet:-1","max-image-preview":"max-image-preview:large","max-video-preview":"max-video-preview:-1"},"canonical":"https:\/\/franciscanos.org.br\/carisma\/a-disciplina-do-jejum-de-clara-nos-primordios-da-vida-em-sao-damiao-2.html","og_locale":"pt_BR","og_type":"article","og_title":"A disciplina do jejum de Clara nos prim\u00f3rdios da vida em S\u00e3o Dami\u00e3o - Carisma - Franciscanos","og_description":"Santa Clara de Assis - Frei Almir Guimar\u00e3es","og_url":"https:\/\/franciscanos.org.br\/carisma\/a-disciplina-do-jejum-de-clara-nos-primordios-da-vida-em-sao-damiao-2.html","og_site_name":"Carisma - Franciscanos","article_published_time":"2011-03-15T12:42:07+00:00","article_modified_time":"2019-08-06T18:36:13+00:00","og_image":[{"width":273,"height":181,"url":"https:\/\/franciscanos.org.br\/carisma\/wp-content\/uploads\/2011\/03\/clara_04-1.jpg","type":"image\/jpeg"}],"author":"admin","twitter_card":"summary_large_image","twitter_misc":{"Escrito por":"admin","Est. tempo de leitura":"4 minutos"},"schema":{"@context":"https:\/\/schema.org","@graph":[{"@type":"WebSite","@id":"https:\/\/franciscanos.org.br\/carisma\/#website","url":"https:\/\/franciscanos.org.br\/carisma\/","name":"Carisma - Franciscanos","description":"Prov\u00edncia Franciscana da Imaculada Concei\u00e7\u00e3o do Brasil - Ordem dos Frades Menores","potentialAction":[{"@type":"SearchAction","target":{"@type":"EntryPoint","urlTemplate":"https:\/\/franciscanos.org.br\/carisma\/?s={search_term_string}"},"query-input":"required name=search_term_string"}],"inLanguage":"pt-BR"},{"@type":"ImageObject","inLanguage":"pt-BR","@id":"https:\/\/franciscanos.org.br\/carisma\/a-disciplina-do-jejum-de-clara-nos-primordios-da-vida-em-sao-damiao-2.html#primaryimage","url":"https:\/\/franciscanos.org.br\/carisma\/wp-content\/uploads\/2011\/03\/clara_04-1.jpg","contentUrl":"https:\/\/franciscanos.org.br\/carisma\/wp-content\/uploads\/2011\/03\/clara_04-1.jpg","width":273,"height":181},{"@type":"WebPage","@id":"https:\/\/franciscanos.org.br\/carisma\/a-disciplina-do-jejum-de-clara-nos-primordios-da-vida-em-sao-damiao-2.html#webpage","url":"https:\/\/franciscanos.org.br\/carisma\/a-disciplina-do-jejum-de-clara-nos-primordios-da-vida-em-sao-damiao-2.html","name":"A disciplina do jejum de Clara nos prim\u00f3rdios da vida em S\u00e3o Dami\u00e3o - Carisma - Franciscanos","isPartOf":{"@id":"https:\/\/franciscanos.org.br\/carisma\/#website"},"primaryImageOfPage":{"@id":"https:\/\/franciscanos.org.br\/carisma\/a-disciplina-do-jejum-de-clara-nos-primordios-da-vida-em-sao-damiao-2.html#primaryimage"},"datePublished":"2011-03-15T12:42:07+00:00","dateModified":"2019-08-06T18:36:13+00:00","author":{"@id":"https:\/\/franciscanos.org.br\/carisma\/#\/schema\/person\/e352342a457f086dc6152f9c73a3d093"},"breadcrumb":{"@id":"https:\/\/franciscanos.org.br\/carisma\/a-disciplina-do-jejum-de-clara-nos-primordios-da-vida-em-sao-damiao-2.html#breadcrumb"},"inLanguage":"pt-BR","potentialAction":[{"@type":"ReadAction","target":["https:\/\/franciscanos.org.br\/carisma\/a-disciplina-do-jejum-de-clara-nos-primordios-da-vida-em-sao-damiao-2.html"]}]},{"@type":"BreadcrumbList","@id":"https:\/\/franciscanos.org.br\/carisma\/a-disciplina-do-jejum-de-clara-nos-primordios-da-vida-em-sao-damiao-2.html#breadcrumb","itemListElement":[{"@type":"ListItem","position":1,"name":"Home","item":"https:\/\/franciscanos.org.br\/carisma"},{"@type":"ListItem","position":2,"name":"A disciplina do jejum de Clara nos prim\u00f3rdios da vida em S\u00e3o Dami\u00e3o"}]},{"@type":"Person","@id":"https:\/\/franciscanos.org.br\/carisma\/#\/schema\/person\/e352342a457f086dc6152f9c73a3d093","name":"admin","image":{"@type":"ImageObject","inLanguage":"pt-BR","@id":"https:\/\/franciscanos.org.br\/carisma\/#\/schema\/person\/image\/","url":"https:\/\/secure.gravatar.com\/avatar\/e8495742d34d0ba6448ea1c628263b3e?s=96&d=mm&r=g","contentUrl":"https:\/\/secure.gravatar.com\/avatar\/e8495742d34d0ba6448ea1c628263b3e?s=96&d=mm&r=g","caption":"admin"},"url":"https:\/\/franciscanos.org.br\/carisma\/author\/admin"}]}},"_links":{"self":[{"href":"https:\/\/franciscanos.org.br\/carisma\/wp-json\/wp\/v2\/posts\/8679"}],"collection":[{"href":"https:\/\/franciscanos.org.br\/carisma\/wp-json\/wp\/v2\/posts"}],"about":[{"href":"https:\/\/franciscanos.org.br\/carisma\/wp-json\/wp\/v2\/types\/post"}],"author":[{"embeddable":true,"href":"https:\/\/franciscanos.org.br\/carisma\/wp-json\/wp\/v2\/users\/1"}],"replies":[{"embeddable":true,"href":"https:\/\/franciscanos.org.br\/carisma\/wp-json\/wp\/v2\/comments?post=8679"}],"version-history":[{"count":2,"href":"https:\/\/franciscanos.org.br\/carisma\/wp-json\/wp\/v2\/posts\/8679\/revisions"}],"predecessor-version":[{"id":176473,"href":"https:\/\/franciscanos.org.br\/carisma\/wp-json\/wp\/v2\/posts\/8679\/revisions\/176473"}],"wp:featuredmedia":[{"embeddable":true,"href":"https:\/\/franciscanos.org.br\/carisma\/wp-json\/wp\/v2\/media\/176332"}],"wp:attachment":[{"href":"https:\/\/franciscanos.org.br\/carisma\/wp-json\/wp\/v2\/media?parent=8679"}],"wp:term":[{"taxonomy":"category","embeddable":true,"href":"https:\/\/franciscanos.org.br\/carisma\/wp-json\/wp\/v2\/categories?post=8679"},{"taxonomy":"post_tag","embeddable":true,"href":"https:\/\/franciscanos.org.br\/carisma\/wp-json\/wp\/v2\/tags?post=8679"}],"curies":[{"name":"wp","href":"https:\/\/api.w.org\/{rel}","templated":true}]}}