{"id":8492,"date":"2011-02-08T15:36:27","date_gmt":"2011-02-08T17:36:27","guid":{"rendered":"http:\/\/new.franciscanos.org.br\/?p=8492"},"modified":"2019-08-06T15:38:08","modified_gmt":"2019-08-06T18:38:08","slug":"os-primeiros-tempos-em-sao-damiao-2","status":"publish","type":"post","link":"https:\/\/franciscanos.org.br\/carisma\/os-primeiros-tempos-em-sao-damiao-2.html","title":{"rendered":"Os primeiros tempos em S\u00e3o Dami\u00e3o"},"content":{"rendered":"<p align=\"left\"><img loading=\"lazy\" class=\"size-full wp-image-176308 aligncenter\" src=\"https:\/\/franciscanos.org.br\/carisma\/wp-content\/uploads\/2011\/02\/clara_pes.jpg\" alt=\"\" width=\"840\" height=\"707\" srcset=\"https:\/\/franciscanos.org.br\/carisma\/wp-content\/uploads\/2011\/02\/clara_pes.jpg 840w, https:\/\/franciscanos.org.br\/carisma\/wp-content\/uploads\/2011\/02\/clara_pes-450x379.jpg 450w, https:\/\/franciscanos.org.br\/carisma\/wp-content\/uploads\/2011\/02\/clara_pes-768x646.jpg 768w, https:\/\/franciscanos.org.br\/carisma\/wp-content\/uploads\/2011\/02\/clara_pes-150x126.jpg 150w\" sizes=\"(max-width: 840px) 100vw, 840px\" \/><\/p>\n<p align=\"left\"><strong>Frei Almir Ribeiro Guimar\u00e3es, OFM<\/strong><\/p>\n<p align=\"left\"><em>Aos poucos as irm\u00e3s, instaladas em S\u00e3o Dami\u00e3o, v\u00e3o descobrindo o seu caminho. N\u00e3o nos esque\u00e7amos que, nesse in\u00edcio, elas eram n\u00e3o eram mais do que tr\u00eas. A descri\u00e7\u00e3o que segue \u00e9 de Chiara Giovanna Cresmaschi, no seu s\u00f3lido trabalho Chiara di Assisi. <\/em>Un silenzio chi grida<em> (p. 51ss). Tudo simples, sem \u201cmanual de uso\u201d. Um vida inventada, iluminada pelo carisma de Francisco. Uma novidade na Igreja.<\/em><\/p>\n<p><strong>1. Vida erem\u00edtica fraterna<\/strong><\/p>\n<p>\u2022 Entre as tr\u00eas companheiras n\u00e3o h\u00e1 uma autoridade em sentido estrito, mesmo que seja Clara, com seu exemplo, quem vai abrindo o caminho. Pode-se dizer que o g\u00eanero de vida experimentado ali se assemelha ao que, mais tarde, Francisco descreveria na sua pequena <em>Regra para os eremit\u00e9rios<\/em>. As tr\u00eas irm\u00e3s assumem, cada uma a seu turno, o papel de Maria, dedicando-se \u00e0 contempla\u00e7\u00e3o e, depois o de Marta, que se ocupa daquilo que \u00e9 necess\u00e1rio para a vida de todos os dias, ou seja, o trabalho.<\/p>\n<p>\u2022 Pode-se dizer que, ao longo do dia, as irm\u00e3s rezavam partes da Liturgia das Horas seguida de uma vig\u00edlia noturna. N\u00e3o se pode afirmar que a recita\u00e7\u00e3o de todas as partes da Liturgia das Horas se fazia, desde o come\u00e7o, em S\u00e3o Dami\u00e3o. N\u00e3o se deve esquecer que o pre\u00e7o dos livros para o of\u00edcio era t\u00e3o caro quanto \u00e0 compra de um campo. Por isso, havia o costume de se copiar \u00e0 m\u00e3o os textos da liturgia, o que demandava tempo e produzia cansa\u00e7o. Para os frades menores, isso se tinha tornado materialmente mais f\u00e1cil com a chegada dos primeiros irm\u00e3os sacerdotes, que podiam colocar \u00e0 disposi\u00e7\u00e3o seus brevi\u00e1rios para serem pacientemente copiados.<\/p>\n<p>\u2022 Assim, nos prim\u00f3rdios de S\u00e3o Dami\u00e3o sobrava muito tempo para a ora\u00e7\u00e3o pessoal, para deixar que a Palavra chegasse ao fundo do cora\u00e7\u00e3o e conduzisse ao di\u00e1logo silencioso com o Tu divino na contempla\u00e7\u00e3o de seu mist\u00e9rio.<\/p>\n<p>\u2022 Perto de S\u00e3o Dami\u00e3o moravam frades que pediam esmolas de porta em porta, tamb\u00e9m para a sobreviv\u00eancia das irm\u00e3s. No come\u00e7o o resultado do pedit\u00f3rio n\u00e3o era grande coisa. Os frades n\u00e3o contavam ainda com a simpatia da popula\u00e7\u00e3o. Havia tamb\u00e9m uma desconfian\u00e7a para com essas mulheres que tinham deixado suas belas resid\u00eancias na cidade para viverem daquela maneira t\u00e3o indigente, t\u00e3o indigna de sua classe social. Devido ao fato de terem pouca coisa para cozinhar, sobrava tempo para a irm\u00e3 da cozinha se dedicar \u00e0 ora\u00e7\u00e3o. Logo se cultivar\u00e1 uma pequena horta com verduras e legumes para a subsist\u00eancia das irm\u00e3s. A falta de bens materiais n\u00e3o \u00e9 motivo de tristeza, mas causa de alegria. Incentivadas por Clara, as irm\u00e3s simples e alegremente se aproximam do \u201cmesa do Senhor\u201d e rendem gra\u00e7as na alegria do Esp\u00edrito. O entusiasmo dos come\u00e7os facilita suportar a situa\u00e7\u00e3o, mas \u00e9 Cristo Jesus quem lhes d\u00e1 for\u00e7a. A contempla\u00e7\u00e3o de Cristo em todos os seus mist\u00e9rios e vivamente presente, como que respirado naquele clima de sil\u00eancio, \u00e9 que alimenta a comunh\u00e3o de amor com o Deus Trino e as irm\u00e3s.<\/p>\n<p><strong>2. Como os menores<\/strong><\/p>\n<p>\u2022 Estas mulheres aristocr\u00e1ticas fazem uma op\u00e7\u00e3o de classe. Colocam-se voluntariamente entre os \u00faltimos da sociedade, daqueles que n\u00e3o t\u00eam direitos e a todos est\u00e3o sujeitos. A escolha da veste j\u00e1 revela sua condi\u00e7\u00e3o social. No dia-a-dia da vida procuram adquirir a mentalidade do pobre que coloca toda a sua confian\u00e7a no Senhor. Foram, com efeito, aprendendo a espiritualidade do pobre atrav\u00e9s da medita\u00e7\u00e3o dos salmos e do seu relacionamento com os deserdados que batiam \u00e0 porta pedindo um peda\u00e7o de p\u00e3o. Mesmo vivendo de esmolas partilhavam com os outros a riqueza de sua pobreza. Pobres voluntariamente elas experimentam praticamente a inseguran\u00e7a a respeito do amanh\u00e3 como a m\u00e3e que n\u00e3o sabe como alimentar nos dias seguintes os filhos famintos. Fazem, assim, a importante experi\u00eancia da inseguran\u00e7a. Clara e suas irm\u00e3s compreendem a for\u00e7a da palavra do Evangelho: aquele que nutre os p\u00e1ssaros dos c\u00e9us e veste os l\u00edrios do campo n\u00e3o deixar\u00e1 faltar roupa e alimento para os que a ele se confiam (cf. Mt 6,26-28). Esta passagem vai aparecer mais tarde no Privil\u00e9gio da Pobreza.<\/p>\n<p><strong>3. Tr\u00eas irm\u00e3s num \u00fanico Amor<\/strong><\/p>\n<p>\u2022 A atitude do pobre, que tudo espera do Pai, est\u00e1 estreitamente associada \u00e0 solidariedade t\u00edpica dos camponeses. Vivem as irm\u00e3s juntas, reunidas pelo mesmo Esp\u00edrito, e sabem que ele continua sendo derramado em suas vidas no seu dia-a-dia. A necessidade de inventar um caminho pr\u00f3prio a ser percorrido, um estilo pr\u00f3prio de vida faz com que as irm\u00e3s se dediquem o mais poss\u00edvel \u00e0 ora\u00e7\u00e3o silenciosa, porque somente o di\u00e1logo com Este que as irm\u00e3s querem seguir apaixonadamente abrir\u00e1 caminhos. Era necess\u00e1rio discernir. O estar juntas, a concreteza de serem irm\u00e3s para as quais basta um olhar, uma m\u00e3o que se estende para ajudar a que um peso seja mais facilmente carregado, essa condi\u00e7\u00e3o de fraternidade ou se sororidade se faz no di\u00e1logo. Assim, de modo informal, sem prescri\u00e7\u00f5es pormenorizadas, come\u00e7a a tomar corpo aquilo que depois se denominaria de Cap\u00edtulo semanal. No momento havia a escuta da Palavra e a certeza de como esta se torna vida. H\u00e1 tamb\u00e9m a consci\u00eancia da pr\u00f3pria fraqueza buscando a ajuda fraterna. N\u00e3o poderia deixar de haver uma conversa a respeito da organiza\u00e7\u00e3o da vida de cada dia, como a busca de solu\u00e7\u00e3o para perguntas que iam surgindo. Nasce assim o fazer juntos, a corresponsabilidade que emergir\u00e1 da Forma de Vida de Clara e que constitui uma das caracter\u00edsticas mais essenciais e singulares para a sua \u00e9poca. Trata-se de um modo de estarem juntas pouco estruturado, marcado por uma calorosa comunh\u00e3o fraterna que nada perder\u00e1 de seu ardor quando as irm\u00e3s se tornarem mais numerosas e se revestir\u00e1 de modalidades mais minuciosas. Calor humano favorecido pelo fato que elas se conhecem e fazem aparecer os tra\u00e7os de uma amizade no Esp\u00edrito. Cria-se um clima familiar.<\/p>\n<p><strong>4. O trabalho<\/strong><\/p>\n<p>\u2022 Um dos aspectos da vida que era muito levado em considera\u00e7\u00e3o era a quest\u00e3o do trabalho. As irm\u00e3s se ocupavam em fiar, tecer e bordar. Normalmente se pode crer que tinham os instrumentos para o trabalho. O destino do resultado ou do fruto do trabalho ser\u00e1 decidido mais tarde. Desde o in\u00edcio, ficou claro que as irm\u00e3s deveriam trabalhar com as pr\u00f3prias m\u00e3os. Seria marca de seu estilo de vida. Ser\u00e1 preciso esperar o andar da hist\u00f3ria para que reflita os pormenores da concep\u00e7\u00e3o clariana do trabalho.<\/p>\n<p>(<em> Num pr\u00f3ximo texto examinaremos o fazer penit\u00eancia e o jejum nos primeir\u00edssimos tempos da vida das irm\u00e3s de S\u00e3o Dami\u00e3o).<\/em><\/p>\n","protected":false},"excerpt":{"rendered":"<p>Santa Clara de Assis &#8211; Frei Almir Guimar\u00e3es<\/p>\n","protected":false},"author":1,"featured_media":176309,"comment_status":"open","ping_status":"open","sticky":false,"template":"","format":"standard","meta":[],"categories":[65],"tags":[108],"yoast_head":"<!-- This site is optimized with the Yoast SEO plugin v19.2 - https:\/\/yoast.com\/wordpress\/plugins\/seo\/ -->\n<title>Os primeiros tempos em S\u00e3o Dami\u00e3o - Carisma - Franciscanos<\/title>\n<meta name=\"robots\" content=\"index, follow, max-snippet:-1, max-image-preview:large, max-video-preview:-1\" \/>\n<link rel=\"canonical\" href=\"https:\/\/franciscanos.org.br\/carisma\/os-primeiros-tempos-em-sao-damiao-2.html\" \/>\n<meta property=\"og:locale\" content=\"pt_BR\" \/>\n<meta property=\"og:type\" content=\"article\" \/>\n<meta property=\"og:title\" content=\"Os primeiros tempos em S\u00e3o Dami\u00e3o - Carisma - Franciscanos\" \/>\n<meta property=\"og:description\" content=\"Santa Clara de Assis - Frei Almir Guimar\u00e3es\" \/>\n<meta property=\"og:url\" content=\"https:\/\/franciscanos.org.br\/carisma\/os-primeiros-tempos-em-sao-damiao-2.html\" \/>\n<meta property=\"og:site_name\" content=\"Carisma - Franciscanos\" \/>\n<meta property=\"article:published_time\" content=\"2011-02-08T17:36:27+00:00\" \/>\n<meta property=\"article:modified_time\" content=\"2019-08-06T18:38:08+00:00\" \/>\n<meta property=\"og:image\" content=\"https:\/\/franciscanos.org.br\/carisma\/wp-content\/uploads\/2011\/02\/clara_pes_d.jpg\" \/>\n\t<meta property=\"og:image:width\" content=\"273\" \/>\n\t<meta property=\"og:image:height\" content=\"181\" \/>\n\t<meta property=\"og:image:type\" content=\"image\/jpeg\" \/>\n<meta name=\"author\" content=\"admin\" \/>\n<meta name=\"twitter:card\" content=\"summary_large_image\" \/>\n<meta name=\"twitter:label1\" content=\"Escrito por\" \/>\n\t<meta name=\"twitter:data1\" content=\"admin\" \/>\n\t<meta name=\"twitter:label2\" content=\"Est. tempo de leitura\" \/>\n\t<meta name=\"twitter:data2\" content=\"6 minutos\" \/>\n<script type=\"application\/ld+json\" class=\"yoast-schema-graph\">{\"@context\":\"https:\/\/schema.org\",\"@graph\":[{\"@type\":\"WebSite\",\"@id\":\"https:\/\/franciscanos.org.br\/carisma\/#website\",\"url\":\"https:\/\/franciscanos.org.br\/carisma\/\",\"name\":\"Carisma - Franciscanos\",\"description\":\"Prov\u00edncia Franciscana da Imaculada Concei\u00e7\u00e3o do Brasil - Ordem dos Frades Menores\",\"potentialAction\":[{\"@type\":\"SearchAction\",\"target\":{\"@type\":\"EntryPoint\",\"urlTemplate\":\"https:\/\/franciscanos.org.br\/carisma\/?s={search_term_string}\"},\"query-input\":\"required name=search_term_string\"}],\"inLanguage\":\"pt-BR\"},{\"@type\":\"ImageObject\",\"inLanguage\":\"pt-BR\",\"@id\":\"https:\/\/franciscanos.org.br\/carisma\/os-primeiros-tempos-em-sao-damiao-2.html#primaryimage\",\"url\":\"https:\/\/franciscanos.org.br\/carisma\/wp-content\/uploads\/2011\/02\/clara_pes_d.jpg\",\"contentUrl\":\"https:\/\/franciscanos.org.br\/carisma\/wp-content\/uploads\/2011\/02\/clara_pes_d.jpg\",\"width\":273,\"height\":181},{\"@type\":\"WebPage\",\"@id\":\"https:\/\/franciscanos.org.br\/carisma\/os-primeiros-tempos-em-sao-damiao-2.html#webpage\",\"url\":\"https:\/\/franciscanos.org.br\/carisma\/os-primeiros-tempos-em-sao-damiao-2.html\",\"name\":\"Os primeiros tempos em S\u00e3o Dami\u00e3o - Carisma - Franciscanos\",\"isPartOf\":{\"@id\":\"https:\/\/franciscanos.org.br\/carisma\/#website\"},\"primaryImageOfPage\":{\"@id\":\"https:\/\/franciscanos.org.br\/carisma\/os-primeiros-tempos-em-sao-damiao-2.html#primaryimage\"},\"datePublished\":\"2011-02-08T17:36:27+00:00\",\"dateModified\":\"2019-08-06T18:38:08+00:00\",\"author\":{\"@id\":\"https:\/\/franciscanos.org.br\/carisma\/#\/schema\/person\/e352342a457f086dc6152f9c73a3d093\"},\"breadcrumb\":{\"@id\":\"https:\/\/franciscanos.org.br\/carisma\/os-primeiros-tempos-em-sao-damiao-2.html#breadcrumb\"},\"inLanguage\":\"pt-BR\",\"potentialAction\":[{\"@type\":\"ReadAction\",\"target\":[\"https:\/\/franciscanos.org.br\/carisma\/os-primeiros-tempos-em-sao-damiao-2.html\"]}]},{\"@type\":\"BreadcrumbList\",\"@id\":\"https:\/\/franciscanos.org.br\/carisma\/os-primeiros-tempos-em-sao-damiao-2.html#breadcrumb\",\"itemListElement\":[{\"@type\":\"ListItem\",\"position\":1,\"name\":\"Home\",\"item\":\"https:\/\/franciscanos.org.br\/carisma\"},{\"@type\":\"ListItem\",\"position\":2,\"name\":\"Os primeiros tempos em S\u00e3o Dami\u00e3o\"}]},{\"@type\":\"Person\",\"@id\":\"https:\/\/franciscanos.org.br\/carisma\/#\/schema\/person\/e352342a457f086dc6152f9c73a3d093\",\"name\":\"admin\",\"image\":{\"@type\":\"ImageObject\",\"inLanguage\":\"pt-BR\",\"@id\":\"https:\/\/franciscanos.org.br\/carisma\/#\/schema\/person\/image\/\",\"url\":\"https:\/\/secure.gravatar.com\/avatar\/e8495742d34d0ba6448ea1c628263b3e?s=96&d=mm&r=g\",\"contentUrl\":\"https:\/\/secure.gravatar.com\/avatar\/e8495742d34d0ba6448ea1c628263b3e?s=96&d=mm&r=g\",\"caption\":\"admin\"},\"url\":\"https:\/\/franciscanos.org.br\/carisma\/author\/admin\"}]}<\/script>\n<!-- \/ Yoast SEO plugin. -->","yoast_head_json":{"title":"Os primeiros tempos em S\u00e3o Dami\u00e3o - Carisma - Franciscanos","robots":{"index":"index","follow":"follow","max-snippet":"max-snippet:-1","max-image-preview":"max-image-preview:large","max-video-preview":"max-video-preview:-1"},"canonical":"https:\/\/franciscanos.org.br\/carisma\/os-primeiros-tempos-em-sao-damiao-2.html","og_locale":"pt_BR","og_type":"article","og_title":"Os primeiros tempos em S\u00e3o Dami\u00e3o - Carisma - Franciscanos","og_description":"Santa Clara de Assis - Frei Almir Guimar\u00e3es","og_url":"https:\/\/franciscanos.org.br\/carisma\/os-primeiros-tempos-em-sao-damiao-2.html","og_site_name":"Carisma - Franciscanos","article_published_time":"2011-02-08T17:36:27+00:00","article_modified_time":"2019-08-06T18:38:08+00:00","og_image":[{"width":273,"height":181,"url":"https:\/\/franciscanos.org.br\/carisma\/wp-content\/uploads\/2011\/02\/clara_pes_d.jpg","type":"image\/jpeg"}],"author":"admin","twitter_card":"summary_large_image","twitter_misc":{"Escrito por":"admin","Est. tempo de leitura":"6 minutos"},"schema":{"@context":"https:\/\/schema.org","@graph":[{"@type":"WebSite","@id":"https:\/\/franciscanos.org.br\/carisma\/#website","url":"https:\/\/franciscanos.org.br\/carisma\/","name":"Carisma - Franciscanos","description":"Prov\u00edncia Franciscana da Imaculada Concei\u00e7\u00e3o do Brasil - Ordem dos Frades Menores","potentialAction":[{"@type":"SearchAction","target":{"@type":"EntryPoint","urlTemplate":"https:\/\/franciscanos.org.br\/carisma\/?s={search_term_string}"},"query-input":"required name=search_term_string"}],"inLanguage":"pt-BR"},{"@type":"ImageObject","inLanguage":"pt-BR","@id":"https:\/\/franciscanos.org.br\/carisma\/os-primeiros-tempos-em-sao-damiao-2.html#primaryimage","url":"https:\/\/franciscanos.org.br\/carisma\/wp-content\/uploads\/2011\/02\/clara_pes_d.jpg","contentUrl":"https:\/\/franciscanos.org.br\/carisma\/wp-content\/uploads\/2011\/02\/clara_pes_d.jpg","width":273,"height":181},{"@type":"WebPage","@id":"https:\/\/franciscanos.org.br\/carisma\/os-primeiros-tempos-em-sao-damiao-2.html#webpage","url":"https:\/\/franciscanos.org.br\/carisma\/os-primeiros-tempos-em-sao-damiao-2.html","name":"Os primeiros tempos em S\u00e3o Dami\u00e3o - Carisma - Franciscanos","isPartOf":{"@id":"https:\/\/franciscanos.org.br\/carisma\/#website"},"primaryImageOfPage":{"@id":"https:\/\/franciscanos.org.br\/carisma\/os-primeiros-tempos-em-sao-damiao-2.html#primaryimage"},"datePublished":"2011-02-08T17:36:27+00:00","dateModified":"2019-08-06T18:38:08+00:00","author":{"@id":"https:\/\/franciscanos.org.br\/carisma\/#\/schema\/person\/e352342a457f086dc6152f9c73a3d093"},"breadcrumb":{"@id":"https:\/\/franciscanos.org.br\/carisma\/os-primeiros-tempos-em-sao-damiao-2.html#breadcrumb"},"inLanguage":"pt-BR","potentialAction":[{"@type":"ReadAction","target":["https:\/\/franciscanos.org.br\/carisma\/os-primeiros-tempos-em-sao-damiao-2.html"]}]},{"@type":"BreadcrumbList","@id":"https:\/\/franciscanos.org.br\/carisma\/os-primeiros-tempos-em-sao-damiao-2.html#breadcrumb","itemListElement":[{"@type":"ListItem","position":1,"name":"Home","item":"https:\/\/franciscanos.org.br\/carisma"},{"@type":"ListItem","position":2,"name":"Os primeiros tempos em S\u00e3o Dami\u00e3o"}]},{"@type":"Person","@id":"https:\/\/franciscanos.org.br\/carisma\/#\/schema\/person\/e352342a457f086dc6152f9c73a3d093","name":"admin","image":{"@type":"ImageObject","inLanguage":"pt-BR","@id":"https:\/\/franciscanos.org.br\/carisma\/#\/schema\/person\/image\/","url":"https:\/\/secure.gravatar.com\/avatar\/e8495742d34d0ba6448ea1c628263b3e?s=96&d=mm&r=g","contentUrl":"https:\/\/secure.gravatar.com\/avatar\/e8495742d34d0ba6448ea1c628263b3e?s=96&d=mm&r=g","caption":"admin"},"url":"https:\/\/franciscanos.org.br\/carisma\/author\/admin"}]}},"_links":{"self":[{"href":"https:\/\/franciscanos.org.br\/carisma\/wp-json\/wp\/v2\/posts\/8492"}],"collection":[{"href":"https:\/\/franciscanos.org.br\/carisma\/wp-json\/wp\/v2\/posts"}],"about":[{"href":"https:\/\/franciscanos.org.br\/carisma\/wp-json\/wp\/v2\/types\/post"}],"author":[{"embeddable":true,"href":"https:\/\/franciscanos.org.br\/carisma\/wp-json\/wp\/v2\/users\/1"}],"replies":[{"embeddable":true,"href":"https:\/\/franciscanos.org.br\/carisma\/wp-json\/wp\/v2\/comments?post=8492"}],"version-history":[{"count":3,"href":"https:\/\/franciscanos.org.br\/carisma\/wp-json\/wp\/v2\/posts\/8492\/revisions"}],"predecessor-version":[{"id":176476,"href":"https:\/\/franciscanos.org.br\/carisma\/wp-json\/wp\/v2\/posts\/8492\/revisions\/176476"}],"wp:featuredmedia":[{"embeddable":true,"href":"https:\/\/franciscanos.org.br\/carisma\/wp-json\/wp\/v2\/media\/176309"}],"wp:attachment":[{"href":"https:\/\/franciscanos.org.br\/carisma\/wp-json\/wp\/v2\/media?parent=8492"}],"wp:term":[{"taxonomy":"category","embeddable":true,"href":"https:\/\/franciscanos.org.br\/carisma\/wp-json\/wp\/v2\/categories?post=8492"},{"taxonomy":"post_tag","embeddable":true,"href":"https:\/\/franciscanos.org.br\/carisma\/wp-json\/wp\/v2\/tags?post=8492"}],"curies":[{"name":"wp","href":"https:\/\/api.w.org\/{rel}","templated":true}]}}