{"id":8484,"date":"2011-01-15T15:29:02","date_gmt":"2011-01-15T17:29:02","guid":{"rendered":"http:\/\/new.franciscanos.org.br\/?p=8484"},"modified":"2019-08-06T15:39:57","modified_gmt":"2019-08-06T18:39:57","slug":"quando-clara-deixa-a-casa-paterna-2","status":"publish","type":"post","link":"https:\/\/franciscanos.org.br\/carisma\/quando-clara-deixa-a-casa-paterna-2.html","title":{"rendered":"Quando Clara deixa a casa paterna"},"content":{"rendered":"<p><img loading=\"lazy\" class=\"size-full wp-image-176192 aligncenter\" src=\"https:\/\/franciscanos.org.br\/carisma\/wp-content\/uploads\/2011\/01\/clara_02.jpg\" alt=\"\" width=\"840\" height=\"442\" srcset=\"https:\/\/franciscanos.org.br\/carisma\/wp-content\/uploads\/2011\/01\/clara_02.jpg 840w, https:\/\/franciscanos.org.br\/carisma\/wp-content\/uploads\/2011\/01\/clara_02-450x237.jpg 450w, https:\/\/franciscanos.org.br\/carisma\/wp-content\/uploads\/2011\/01\/clara_02-768x404.jpg 768w, https:\/\/franciscanos.org.br\/carisma\/wp-content\/uploads\/2011\/01\/clara_02-150x79.jpg 150w\" sizes=\"(max-width: 840px) 100vw, 840px\" \/><\/p>\n<p><em>Continuamos a percorrer os passos de Clara. Nesta p\u00e1gina nos deteremos nos acontecimentos daquele famoso domingo de ramos. Sempre temos em m\u00e3o a obra Chiara di Assisi. Un silenzo che grida (Ed. Porziuncola, Assisi) de Chiara Giopvanna Cremaschi (p. 35-39).<\/em><\/p>\n<p><strong>Frei Almir Ribeiro Guimar\u00e3es, OFM<\/strong><\/p>\n<p><strong><img loading=\"lazy\" src=\"http:\/\/franciscanos.org.br\/v3\/almir\/artigos\/clara\/imagens\/clara_ingresso.jpg\" alt=\"\" width=\"300\" height=\"410\" align=\"right\" hspace=\"9\" vspace=\"9\" \/>1. <\/strong>Era o Domingo de Ramos de 1211. Clara, com a m\u00e3e e as irm\u00e3s participam da missa na Catedral de S\u00e3o Rufino, celebra\u00e7\u00e3o presidida por Dom Guido, essa igreja t\u00e3o pertinho da casa dos Favarone. No momento em que todos se levantam para receber os ramos. Clara por um sentimento de reserva ou porque pensava naquilo que estava para realizar \u00e0 noite, n\u00e3o se mexe. Acontece alguma coisa fora de todo ritual. O bispo, passando no meio dos fi\u00e9is, vai at\u00e9 Clara para dar-lhe o ramo. \u201cNeste gesto, sem d\u00favida, podemos ver a b\u00ean\u00e7\u00e3o do pastor da diocese, o selo eclesial de uma escolha que somente o Amor d\u00e1 a coragem de realizar, atrav\u00e9s de liberdade profunda que \u00e9 dom do Esp\u00edrito\u201d.<\/p>\n<p><strong>2. <\/strong>Naquela noite, ela vai colocar em pr\u00e1tica um plano que tra\u00e7ara em combina\u00e7\u00e3o com Francisco e seus companheiros. No momento da realiza\u00e7\u00e3o est\u00e1 completamente s\u00f3. Ela busca a for\u00e7a do Senhor. Ao mesmo tempo demonstra coragem e manifesta firmeza de decis\u00e3o, o que ali\u00e1s, ocorrer\u00e1 ao longo de sua vida nova. Espera que todos, em casa, durmam. N\u00e3o sair\u00e1 pela porta comum, mas por uma porta secund\u00e1ria que existia para que os habitantes pudesse se defender de um eventual assalto. Esta porta habitualmente n\u00e3o \u00e9 usada e tem pedras e travas. S\u00f3 a for\u00e7a de muitos homens conseguia desentrav\u00e1-la. T\u00e3o cheia de decis\u00e3o de realizar seu plano e com a for\u00e7a de Jesus Cristo Clara consegue desobstruir o caminho. No dia seguinte seus familiares ficar\u00e3o estupefatos em ver a coragem e a for\u00e7a da mo\u00e7a!<\/p>\n<p><strong>3.<\/strong> \u201cTendo sa\u00eddo de casa e j\u00e1 na estrada, a jovem deixa \u00e0s suas costas a cidade adormecida e corre lepidamente na dire\u00e7\u00e3o da \u00fanica porta da cidade que est\u00e1 aberta\u201d. Talvez estivessem sendo realizados trabalhos de conserto e assim depois do por do sol essa porta continuava sem trancas e aberta. H\u00e1 quem afirme que algu\u00e9m, sabendo do plano de Clara, tenha facilitado a coisas e deixado a dita porta aberta. Por que Clara resolve fugir? Por que n\u00e3o tentou conversar com a fam\u00edlia? A jovem conhecia o car\u00e1ter dos familiares, de modo especial a intransig\u00eancia do Tio Monaldo. Este at\u00e9 aceitaria que ela ingressasse num mosteiro de contemplativas como o das beneditinas. Mas, certamente, teria enormes retic\u00eancias quando se tratava de seguir um caminho que n\u00e3o existia, seguindo apenas a indica\u00e7\u00f5es de um jovem penitente que at\u00e9 aquele momento n\u00e3o tinha mais do que uma aprova\u00e7\u00e3o oral por parte da Igreja. Clara, nesse momento, muda de classe social, Coloca-se entre os<em> minores<\/em>, ela que pertencia a uma mais importantes fam\u00edlias de Assis. S\u00e3o escolhas que n\u00e3o s\u00e3o aceitas pelos aristocratas da prov\u00edncia. Esses os motivos pelos quais Clara foge \u00e0 noite, sem seguran\u00e7as exteriores.<\/p>\n<p><strong>4. <\/strong>Para que tudo fique sem mal entendidos, Clara vende a sua heran\u00e7a e a d\u00e1 aos pobres, segundo a ordem do Evangelho. As <em>Fontes<\/em> fazem quest\u00e3o de colocar este gesto fundamental para o seguimento de Cristo. N\u00e3o sabemos o modo como ela realizou a venda. Uma mulher da Idade M\u00e9dia, sob certos aspectos, podia dispor dos pr\u00f3prios bens mais facilmente do que hoje. Podia faz\u00ea-lo mesmo sendo bastante jovem. A id\u00e9ia da maioridade de algu\u00e9m era muito diferente da que temos hoje. As mulheres se casavam em torno dos quatorze anos. Estudos feitos na legisla\u00e7\u00e3o de Assis dizem que uma mulher podia alienar a parte dos bens que lhe cabiam como dote.<\/p>\n<p><strong>5. <\/strong>Irm\u00e3 Cristina de Messer Bernardo de Suppo de Assis, no Processo de Canoniza\u00e7\u00e3o: \u201cA testemunha tamb\u00e9m disse que, quando Santa Clara vendeu sua heran\u00e7a, os parentes quiseram dar um pre\u00e7o maior que todos os outros, e ela n\u00e3o quis vender a eles, mas vendeu a outros para que os pobres n\u00e3o fossem defraudados, E tudo o que vendeu na venda da heran\u00e7a distribuiu-o aos pobres\u201d. Para n\u00f3s, segundo Chiara G. Cremaschi, \u00e9 dif\u00edcil saber os motivos pelos quais os pobres seriam defraudados se Clara tivesse vendido para seu parentes. Talvez Clara achasse que vendendo a seus parentes o resultado ficaria, de alguma forma, no c\u00edrculo familiar e seu gesto perderia algo do brilho que pudesse ter.<\/p>\n<p><strong>6. <\/strong>\u201cAssim, parece clara a situa\u00e7\u00e3o da jovem que tinha fugido na noite daquele domingo de ramos: tinha deixado tudo para seguir aquele que se fez pobre por n\u00f3s, para viver a entrega confiante e total dos pequenos que confiam inteiramente no Pai misericordioso. A primog\u00eanita dos Favarone tem cerca de dezoito anos que indicavam maturidade e consci\u00eancia do que estava sendo feito. N\u00e3o \u00e9 o caso de se saber se est\u00e1 mesmo acompanhada de algu\u00e9m. Corre velozmente na dire\u00e7\u00e3o de Cristo Jesus como a esposa do C\u00e2ntico dos C\u00e2nticos. O \u00fanico apoio que tem vem de seu Dileto. Quando se aproxima da Capelinha da Porci\u00fancula, os frades v\u00eam a seu encontro com tochas acesas, pequenos pontos luminosos numa noite nupcial iluminada por aquele que fala ao cora\u00e7\u00e3o da jovem. Enfeitara-se com a veste mais bela e vai ao encontro do Esposo. A partir de ent\u00e3o, tudo s\u00f3 vai ter sentido a partir dele\u201d.<\/p>\n","protected":false},"excerpt":{"rendered":"<p>Santa Clara de Assis &#8211; Frei Almir Guimar\u00e3es<\/p>\n","protected":false},"author":1,"featured_media":176193,"comment_status":"open","ping_status":"open","sticky":false,"template":"","format":"standard","meta":[],"categories":[65],"tags":[108],"yoast_head":"<!-- This site is optimized with the Yoast SEO plugin v19.2 - https:\/\/yoast.com\/wordpress\/plugins\/seo\/ -->\n<title>Quando Clara deixa a casa paterna - Carisma - Franciscanos<\/title>\n<meta name=\"robots\" content=\"index, follow, max-snippet:-1, max-image-preview:large, max-video-preview:-1\" \/>\n<link rel=\"canonical\" href=\"https:\/\/franciscanos.org.br\/carisma\/quando-clara-deixa-a-casa-paterna-2.html\" \/>\n<meta property=\"og:locale\" content=\"pt_BR\" \/>\n<meta property=\"og:type\" content=\"article\" \/>\n<meta property=\"og:title\" content=\"Quando Clara deixa a casa paterna - Carisma - Franciscanos\" \/>\n<meta property=\"og:description\" content=\"Santa Clara de Assis - Frei Almir Guimar\u00e3es\" \/>\n<meta property=\"og:url\" content=\"https:\/\/franciscanos.org.br\/carisma\/quando-clara-deixa-a-casa-paterna-2.html\" \/>\n<meta property=\"og:site_name\" content=\"Carisma - Franciscanos\" \/>\n<meta property=\"article:published_time\" content=\"2011-01-15T17:29:02+00:00\" \/>\n<meta property=\"article:modified_time\" content=\"2019-08-06T18:39:57+00:00\" \/>\n<meta property=\"og:image\" content=\"https:\/\/franciscanos.org.br\/carisma\/wp-content\/uploads\/2011\/01\/clara_02d.jpg\" \/>\n\t<meta property=\"og:image:width\" content=\"273\" \/>\n\t<meta property=\"og:image:height\" content=\"181\" \/>\n\t<meta property=\"og:image:type\" content=\"image\/jpeg\" \/>\n<meta name=\"author\" content=\"admin\" \/>\n<meta name=\"twitter:card\" content=\"summary_large_image\" \/>\n<meta name=\"twitter:label1\" content=\"Escrito por\" \/>\n\t<meta name=\"twitter:data1\" content=\"admin\" \/>\n\t<meta name=\"twitter:label2\" content=\"Est. tempo de leitura\" \/>\n\t<meta name=\"twitter:data2\" content=\"5 minutos\" \/>\n<script type=\"application\/ld+json\" class=\"yoast-schema-graph\">{\"@context\":\"https:\/\/schema.org\",\"@graph\":[{\"@type\":\"WebSite\",\"@id\":\"https:\/\/franciscanos.org.br\/carisma\/#website\",\"url\":\"https:\/\/franciscanos.org.br\/carisma\/\",\"name\":\"Carisma - Franciscanos\",\"description\":\"Prov\u00edncia Franciscana da Imaculada Concei\u00e7\u00e3o do Brasil - Ordem dos Frades Menores\",\"potentialAction\":[{\"@type\":\"SearchAction\",\"target\":{\"@type\":\"EntryPoint\",\"urlTemplate\":\"https:\/\/franciscanos.org.br\/carisma\/?s={search_term_string}\"},\"query-input\":\"required name=search_term_string\"}],\"inLanguage\":\"pt-BR\"},{\"@type\":\"ImageObject\",\"inLanguage\":\"pt-BR\",\"@id\":\"https:\/\/franciscanos.org.br\/carisma\/quando-clara-deixa-a-casa-paterna-2.html#primaryimage\",\"url\":\"https:\/\/franciscanos.org.br\/carisma\/wp-content\/uploads\/2011\/01\/clara_02d.jpg\",\"contentUrl\":\"https:\/\/franciscanos.org.br\/carisma\/wp-content\/uploads\/2011\/01\/clara_02d.jpg\",\"width\":273,\"height\":181},{\"@type\":\"WebPage\",\"@id\":\"https:\/\/franciscanos.org.br\/carisma\/quando-clara-deixa-a-casa-paterna-2.html#webpage\",\"url\":\"https:\/\/franciscanos.org.br\/carisma\/quando-clara-deixa-a-casa-paterna-2.html\",\"name\":\"Quando Clara deixa a casa paterna - Carisma - Franciscanos\",\"isPartOf\":{\"@id\":\"https:\/\/franciscanos.org.br\/carisma\/#website\"},\"primaryImageOfPage\":{\"@id\":\"https:\/\/franciscanos.org.br\/carisma\/quando-clara-deixa-a-casa-paterna-2.html#primaryimage\"},\"datePublished\":\"2011-01-15T17:29:02+00:00\",\"dateModified\":\"2019-08-06T18:39:57+00:00\",\"author\":{\"@id\":\"https:\/\/franciscanos.org.br\/carisma\/#\/schema\/person\/e352342a457f086dc6152f9c73a3d093\"},\"breadcrumb\":{\"@id\":\"https:\/\/franciscanos.org.br\/carisma\/quando-clara-deixa-a-casa-paterna-2.html#breadcrumb\"},\"inLanguage\":\"pt-BR\",\"potentialAction\":[{\"@type\":\"ReadAction\",\"target\":[\"https:\/\/franciscanos.org.br\/carisma\/quando-clara-deixa-a-casa-paterna-2.html\"]}]},{\"@type\":\"BreadcrumbList\",\"@id\":\"https:\/\/franciscanos.org.br\/carisma\/quando-clara-deixa-a-casa-paterna-2.html#breadcrumb\",\"itemListElement\":[{\"@type\":\"ListItem\",\"position\":1,\"name\":\"Home\",\"item\":\"https:\/\/franciscanos.org.br\/carisma\"},{\"@type\":\"ListItem\",\"position\":2,\"name\":\"Quando Clara deixa a casa paterna\"}]},{\"@type\":\"Person\",\"@id\":\"https:\/\/franciscanos.org.br\/carisma\/#\/schema\/person\/e352342a457f086dc6152f9c73a3d093\",\"name\":\"admin\",\"image\":{\"@type\":\"ImageObject\",\"inLanguage\":\"pt-BR\",\"@id\":\"https:\/\/franciscanos.org.br\/carisma\/#\/schema\/person\/image\/\",\"url\":\"https:\/\/secure.gravatar.com\/avatar\/e8495742d34d0ba6448ea1c628263b3e?s=96&d=mm&r=g\",\"contentUrl\":\"https:\/\/secure.gravatar.com\/avatar\/e8495742d34d0ba6448ea1c628263b3e?s=96&d=mm&r=g\",\"caption\":\"admin\"},\"url\":\"https:\/\/franciscanos.org.br\/carisma\/author\/admin\"}]}<\/script>\n<!-- \/ Yoast SEO plugin. -->","yoast_head_json":{"title":"Quando Clara deixa a casa paterna - Carisma - Franciscanos","robots":{"index":"index","follow":"follow","max-snippet":"max-snippet:-1","max-image-preview":"max-image-preview:large","max-video-preview":"max-video-preview:-1"},"canonical":"https:\/\/franciscanos.org.br\/carisma\/quando-clara-deixa-a-casa-paterna-2.html","og_locale":"pt_BR","og_type":"article","og_title":"Quando Clara deixa a casa paterna - Carisma - Franciscanos","og_description":"Santa Clara de Assis - Frei Almir Guimar\u00e3es","og_url":"https:\/\/franciscanos.org.br\/carisma\/quando-clara-deixa-a-casa-paterna-2.html","og_site_name":"Carisma - Franciscanos","article_published_time":"2011-01-15T17:29:02+00:00","article_modified_time":"2019-08-06T18:39:57+00:00","og_image":[{"width":273,"height":181,"url":"https:\/\/franciscanos.org.br\/carisma\/wp-content\/uploads\/2011\/01\/clara_02d.jpg","type":"image\/jpeg"}],"author":"admin","twitter_card":"summary_large_image","twitter_misc":{"Escrito por":"admin","Est. tempo de leitura":"5 minutos"},"schema":{"@context":"https:\/\/schema.org","@graph":[{"@type":"WebSite","@id":"https:\/\/franciscanos.org.br\/carisma\/#website","url":"https:\/\/franciscanos.org.br\/carisma\/","name":"Carisma - Franciscanos","description":"Prov\u00edncia Franciscana da Imaculada Concei\u00e7\u00e3o do Brasil - Ordem dos Frades Menores","potentialAction":[{"@type":"SearchAction","target":{"@type":"EntryPoint","urlTemplate":"https:\/\/franciscanos.org.br\/carisma\/?s={search_term_string}"},"query-input":"required name=search_term_string"}],"inLanguage":"pt-BR"},{"@type":"ImageObject","inLanguage":"pt-BR","@id":"https:\/\/franciscanos.org.br\/carisma\/quando-clara-deixa-a-casa-paterna-2.html#primaryimage","url":"https:\/\/franciscanos.org.br\/carisma\/wp-content\/uploads\/2011\/01\/clara_02d.jpg","contentUrl":"https:\/\/franciscanos.org.br\/carisma\/wp-content\/uploads\/2011\/01\/clara_02d.jpg","width":273,"height":181},{"@type":"WebPage","@id":"https:\/\/franciscanos.org.br\/carisma\/quando-clara-deixa-a-casa-paterna-2.html#webpage","url":"https:\/\/franciscanos.org.br\/carisma\/quando-clara-deixa-a-casa-paterna-2.html","name":"Quando Clara deixa a casa paterna - Carisma - Franciscanos","isPartOf":{"@id":"https:\/\/franciscanos.org.br\/carisma\/#website"},"primaryImageOfPage":{"@id":"https:\/\/franciscanos.org.br\/carisma\/quando-clara-deixa-a-casa-paterna-2.html#primaryimage"},"datePublished":"2011-01-15T17:29:02+00:00","dateModified":"2019-08-06T18:39:57+00:00","author":{"@id":"https:\/\/franciscanos.org.br\/carisma\/#\/schema\/person\/e352342a457f086dc6152f9c73a3d093"},"breadcrumb":{"@id":"https:\/\/franciscanos.org.br\/carisma\/quando-clara-deixa-a-casa-paterna-2.html#breadcrumb"},"inLanguage":"pt-BR","potentialAction":[{"@type":"ReadAction","target":["https:\/\/franciscanos.org.br\/carisma\/quando-clara-deixa-a-casa-paterna-2.html"]}]},{"@type":"BreadcrumbList","@id":"https:\/\/franciscanos.org.br\/carisma\/quando-clara-deixa-a-casa-paterna-2.html#breadcrumb","itemListElement":[{"@type":"ListItem","position":1,"name":"Home","item":"https:\/\/franciscanos.org.br\/carisma"},{"@type":"ListItem","position":2,"name":"Quando Clara deixa a casa paterna"}]},{"@type":"Person","@id":"https:\/\/franciscanos.org.br\/carisma\/#\/schema\/person\/e352342a457f086dc6152f9c73a3d093","name":"admin","image":{"@type":"ImageObject","inLanguage":"pt-BR","@id":"https:\/\/franciscanos.org.br\/carisma\/#\/schema\/person\/image\/","url":"https:\/\/secure.gravatar.com\/avatar\/e8495742d34d0ba6448ea1c628263b3e?s=96&d=mm&r=g","contentUrl":"https:\/\/secure.gravatar.com\/avatar\/e8495742d34d0ba6448ea1c628263b3e?s=96&d=mm&r=g","caption":"admin"},"url":"https:\/\/franciscanos.org.br\/carisma\/author\/admin"}]}},"_links":{"self":[{"href":"https:\/\/franciscanos.org.br\/carisma\/wp-json\/wp\/v2\/posts\/8484"}],"collection":[{"href":"https:\/\/franciscanos.org.br\/carisma\/wp-json\/wp\/v2\/posts"}],"about":[{"href":"https:\/\/franciscanos.org.br\/carisma\/wp-json\/wp\/v2\/types\/post"}],"author":[{"embeddable":true,"href":"https:\/\/franciscanos.org.br\/carisma\/wp-json\/wp\/v2\/users\/1"}],"replies":[{"embeddable":true,"href":"https:\/\/franciscanos.org.br\/carisma\/wp-json\/wp\/v2\/comments?post=8484"}],"version-history":[{"count":2,"href":"https:\/\/franciscanos.org.br\/carisma\/wp-json\/wp\/v2\/posts\/8484\/revisions"}],"predecessor-version":[{"id":176479,"href":"https:\/\/franciscanos.org.br\/carisma\/wp-json\/wp\/v2\/posts\/8484\/revisions\/176479"}],"wp:featuredmedia":[{"embeddable":true,"href":"https:\/\/franciscanos.org.br\/carisma\/wp-json\/wp\/v2\/media\/176193"}],"wp:attachment":[{"href":"https:\/\/franciscanos.org.br\/carisma\/wp-json\/wp\/v2\/media?parent=8484"}],"wp:term":[{"taxonomy":"category","embeddable":true,"href":"https:\/\/franciscanos.org.br\/carisma\/wp-json\/wp\/v2\/categories?post=8484"},{"taxonomy":"post_tag","embeddable":true,"href":"https:\/\/franciscanos.org.br\/carisma\/wp-json\/wp\/v2\/tags?post=8484"}],"curies":[{"name":"wp","href":"https:\/\/api.w.org\/{rel}","templated":true}]}}