{"id":8480,"date":"2011-01-09T15:27:02","date_gmt":"2011-01-09T17:27:02","guid":{"rendered":"http:\/\/new.franciscanos.org.br\/?p=8480"},"modified":"2019-08-06T15:41:56","modified_gmt":"2019-08-06T18:41:56","slug":"a-infancia-de-clara-2","status":"publish","type":"post","link":"https:\/\/franciscanos.org.br\/carisma\/a-infancia-de-clara-2.html","title":{"rendered":"A inf\u00e2ncia de Clara"},"content":{"rendered":"<p align=\"left\"><img loading=\"lazy\" class=\"alignnone size-full wp-image-175290\" src=\"http:\/\/franciscanos.org.br\/carisma\/wp-content\/uploads\/2011\/01\/clara_09.jpg\" alt=\"\" width=\"890\" height=\"501\" srcset=\"https:\/\/franciscanos.org.br\/carisma\/wp-content\/uploads\/2011\/01\/clara_09.jpg 890w, https:\/\/franciscanos.org.br\/carisma\/wp-content\/uploads\/2011\/01\/clara_09-450x253.jpg 450w, https:\/\/franciscanos.org.br\/carisma\/wp-content\/uploads\/2011\/01\/clara_09-768x432.jpg 768w, https:\/\/franciscanos.org.br\/carisma\/wp-content\/uploads\/2011\/01\/clara_09-150x84.jpg 150w\" sizes=\"(max-width: 890px) 100vw, 890px\" \/><\/p>\n<p style=\"padding-left: 30px;\" align=\"left\"><em>Sempre servindo-nos do texto <span style=\"text-decoration: underline;\">Chiara di Assisi. Um silenzio qui grida,<\/span> de Chiara Giovanna Cremaschi (Ed. Porziuncola, Assisi) continuamos a refletir sobre a hist\u00f3ria de Clara. Hoje nos detemos nos primeiros anos de vida da santa.<\/em><\/p>\n<p><strong>Frei Almir Ribeiro Guimar\u00e3es, OFM<\/strong><\/p>\n<p align=\"left\"><strong>1.<\/strong> Ao chegar ao mundo, Clara foi acolhida com todo afeto por sua fam\u00edlia. Certamente Ortolana, a m\u00e3e, haveria de tomar a peito a educa\u00e7\u00e3o da menina. O pai aparece pouco presente em seu caminho e em sua hist\u00f3ria, o que n\u00e3o exclui contacto com a filha quando de sua presen\u00e7a em casa, entre uma e outra de suas viagens. Podemos imaginar que Ortolana tenha ensinado a Clara os fundamentos da f\u00e9 crist\u00e3, iniciando-a na ora\u00e7\u00e3o com m\u00e9todos adaptados \u00e0 sua idade. Celano lembra que Clara , n\u00e3o dispondo de contas para repassar os Pai-nossos, usava um monte de pedrinhas para contar suas pequenas ora\u00e7\u00f5es ao Senhor (<em>LSC 4<\/em>).<\/p>\n<p align=\"left\"><strong>2.<\/strong> Ortolana ( como todas as m\u00e3es e todos os pais crist\u00e3os) transmite a f\u00e9 pela vida. \u00c9 todo o ser do catequista que \u00e9 digno de credibilidade. H\u00e1 um clima educacional e \u201ccatequ\u00e9tico\u201d que se cria por pessoas que sabem amar os educandos e os filhos e que t\u00eam o costume de se aquecer com os raios do amor de Deus. Ortolana \u00e9 uma pessoa humanamente madura. Clara se sente respeitosamente amada pela m\u00e3e. Assim foi crescendo interiormente. Na casa paterna haveria Clara de encontrar um terreno prop\u00edcio para o desenvolvimento de suas caracter\u00edsticas pessoais adultas: firmeza de vontade acompanhada de grande do\u00e7ura, senso positivo diante da vida, gratid\u00e3o pelos benef\u00edcios recebidos da parte de Deus, abandono filial nos bra\u00e7os do Pai que \u00e9 terno como uma m\u00e3e. Estamos convencidos de que as m\u00e3es ( e os pais) precisam ser os primeiros e fundamentais catequistas dos filhos e estes necessitam crescer num espa\u00e7o de acolhimento-amor. A feminilidade que a filha de Favarone haver\u00e1 de manifestar de modo t\u00e3o refinado tem na m\u00e3e sua raiz e exemplo. Acrescente-se ainda que a capacidade de criar uni\u00e3o entre as irm\u00e3s de S\u00e3o Dami\u00e3o foi poss\u00edvel porque teve o seu primeiro germe nos relacionamentos cordiais e respeitosos vividos com a m\u00e3e e as irm\u00e3s, bem como com mulheres que freq\u00fcentavam a casa da Pra\u00e7a de S\u00e3o Rufino.<\/p>\n<p align=\"left\"><strong>3.<\/strong> As Fontes d\u00e3o a entender que, nos primeiros anos de vida, Clara j\u00e1 se interessa pelos pobres. Essa aten\u00e7\u00e3o pelos mais necessitados tamb\u00e9m aprendeu de sua m\u00e3e que, com simplicidade e sem ostenta\u00e7\u00e3o se ocupava desses que necessitavam. A descoberta da indig\u00eancia de tantos faz com que Clara coloque gestos bem concretos. N\u00e3o se limita a socorrer os pobres com a abund\u00e2ncia de sua casa, com o sup\u00e9rfluo. Priva-se de alimentos delicados. Novamente Celano: \u201cPara que o seu sacrif\u00edcio fosse mais agrad\u00e1vel a Deus privava seu pr\u00f3prio corpinho dos alimentos mais delicados enviando-os \u00e0s ocultas por intermedi\u00e1rios, reanimava o est\u00f4mago de seus protegidos\u201d (n.3).<\/p>\n<p align=\"left\"><strong>4.<\/strong> Depois Clara receber\u00e1 outros elementos de sua fam\u00edlia para sua forma\u00e7\u00e3o. N\u00e3o se tem muitos elementos para descrever os estudos feitos pela menina e mocinha. Como adulta mostrar\u00e1 um bom conhecimento do latim. Com intelig\u00eancia intuitiva apreende a realidade e a reelabora intuitivamente. \u201cParece que podemos afirmar que Clara \u00e9 formada no estilo cl\u00e1ssico de escrever, atrav\u00e9s do qual o vassalo se dirige ao seu senhor que est\u00e1 acima dele, porque n\u00e3o pode permitir-se errar no tom, voc\u00e1bulos, atitudes em relacionamento t\u00e3o delicado. Muito prov\u00e1vel ainda que a primog\u00eanita dos Favarone tenha aprendido a literatura cort\u00eas, apreciada pelo seu tempo. Tem ela um temperamento ardente, tipicamente mediterr\u00e2neo, levado a decis\u00f5es radicais, sem meias medidas. \u00c9 l\u00edmpida e sincera. Assumindo uma linha de comportamento, persegue-a a todo custo, sem se deixar abater. Clara \u00e9, por natureza, alegre, levada sempre a ver o lado bom das situa\u00e7\u00f5es, dos acontecimentos e das pessoas. Fundamentalmente tem grande confian\u00e7a na capacidade presente em todas as criaturas humanas no sentido de realizar a plenitude do que se prop\u00f5e\u201d ( p. 24-25).<\/p>\n<p align=\"left\"><strong>5.<\/strong> Durante a inf\u00e2ncia Clara veio a experimentar na pr\u00f3pria pessoa as conseq\u00fc\u00eancias da luta entre os nobres e a burguesia. Devido aos conflitos entre e uns e outros, o tio Monaldo optou pelo ex\u00edlio e leva toda a fam\u00edlia para Perugia onde permanecer\u00e3o alguns anos. Ali a primog\u00eanita dos Favarone cresce ao lado da irm\u00e3 menor Catarina, experimentando a vida numa cidade diferente daquela em que nascera, tanto pela posi\u00e7\u00e3o geogr\u00e1fica quanto pela arquitetura, h\u00e1bitos e costumes de seus cidad\u00e3os. Dilata-se o c\u00edrculos dos relacionamentos, sobretudo gra\u00e7as \u00e0 m\u00e3e que cria \u00e0 sua volta uma rede de amizades com mulheres de sua classe social. Delas as filhas aprendem a arte di di\u00e1logo, o acolhimento do outro e um certo estilo de conviv\u00eancia feminina. Pode-se dizer que Clara n\u00e3o ressentiu negativamente a mudan\u00e7a de cidade, n\u00e3o perdendo o sentido positivo diante das coisas da vida e a atitude de acolhimento das pessoas.<\/p>\n<p align=\"left\"><strong>6.<\/strong> Antes do retorno para Assis que deve ter se dado quando Clara tinha dezessete anos, ou logo depois, vem \u00e0 luz a \u00faltima filha dos Favarone, Beatriz. Nada podemos dizer dos sentimentos que suscitaram a chegada desta irm\u00e3 na primog\u00eanita, agora j\u00e1 adulta. Depois vem a idade da adolesc\u00eancia.<\/p>\n","protected":false},"excerpt":{"rendered":"<p>Santa Clara de Assis &#8211; Frei Almir Guimar\u00e3es<\/p>\n","protected":false},"author":1,"featured_media":176182,"comment_status":"closed","ping_status":"open","sticky":false,"template":"","format":"standard","meta":[],"categories":[65],"tags":[108],"yoast_head":"<!-- This site is optimized with the Yoast SEO plugin v19.2 - https:\/\/yoast.com\/wordpress\/plugins\/seo\/ -->\n<title>A inf\u00e2ncia de Clara - Carisma - Franciscanos<\/title>\n<meta name=\"robots\" content=\"index, follow, max-snippet:-1, max-image-preview:large, max-video-preview:-1\" \/>\n<link rel=\"canonical\" href=\"https:\/\/franciscanos.org.br\/carisma\/a-infancia-de-clara-2.html\" \/>\n<meta property=\"og:locale\" content=\"pt_BR\" \/>\n<meta property=\"og:type\" content=\"article\" \/>\n<meta property=\"og:title\" content=\"A inf\u00e2ncia de Clara - Carisma - Franciscanos\" \/>\n<meta property=\"og:description\" content=\"Santa Clara de Assis - Frei Almir Guimar\u00e3es\" \/>\n<meta property=\"og:url\" content=\"https:\/\/franciscanos.org.br\/carisma\/a-infancia-de-clara-2.html\" \/>\n<meta property=\"og:site_name\" content=\"Carisma - Franciscanos\" \/>\n<meta property=\"article:published_time\" content=\"2011-01-09T17:27:02+00:00\" \/>\n<meta property=\"article:modified_time\" content=\"2019-08-06T18:41:56+00:00\" \/>\n<meta property=\"og:image\" content=\"https:\/\/franciscanos.org.br\/carisma\/wp-content\/uploads\/2011\/01\/clara_09-1.jpg\" \/>\n\t<meta property=\"og:image:width\" content=\"273\" \/>\n\t<meta property=\"og:image:height\" content=\"181\" \/>\n\t<meta property=\"og:image:type\" content=\"image\/jpeg\" \/>\n<meta name=\"author\" content=\"admin\" \/>\n<meta name=\"twitter:card\" content=\"summary_large_image\" \/>\n<meta name=\"twitter:label1\" content=\"Escrito por\" \/>\n\t<meta name=\"twitter:data1\" content=\"admin\" \/>\n\t<meta name=\"twitter:label2\" content=\"Est. tempo de leitura\" \/>\n\t<meta name=\"twitter:data2\" content=\"5 minutos\" \/>\n<script type=\"application\/ld+json\" class=\"yoast-schema-graph\">{\"@context\":\"https:\/\/schema.org\",\"@graph\":[{\"@type\":\"WebSite\",\"@id\":\"https:\/\/franciscanos.org.br\/carisma\/#website\",\"url\":\"https:\/\/franciscanos.org.br\/carisma\/\",\"name\":\"Carisma - Franciscanos\",\"description\":\"Prov\u00edncia Franciscana da Imaculada Concei\u00e7\u00e3o do Brasil - Ordem dos Frades Menores\",\"potentialAction\":[{\"@type\":\"SearchAction\",\"target\":{\"@type\":\"EntryPoint\",\"urlTemplate\":\"https:\/\/franciscanos.org.br\/carisma\/?s={search_term_string}\"},\"query-input\":\"required name=search_term_string\"}],\"inLanguage\":\"pt-BR\"},{\"@type\":\"ImageObject\",\"inLanguage\":\"pt-BR\",\"@id\":\"https:\/\/franciscanos.org.br\/carisma\/a-infancia-de-clara-2.html#primaryimage\",\"url\":\"https:\/\/franciscanos.org.br\/carisma\/wp-content\/uploads\/2011\/01\/clara_09-1.jpg\",\"contentUrl\":\"https:\/\/franciscanos.org.br\/carisma\/wp-content\/uploads\/2011\/01\/clara_09-1.jpg\",\"width\":273,\"height\":181},{\"@type\":\"WebPage\",\"@id\":\"https:\/\/franciscanos.org.br\/carisma\/a-infancia-de-clara-2.html#webpage\",\"url\":\"https:\/\/franciscanos.org.br\/carisma\/a-infancia-de-clara-2.html\",\"name\":\"A inf\u00e2ncia de Clara - Carisma - Franciscanos\",\"isPartOf\":{\"@id\":\"https:\/\/franciscanos.org.br\/carisma\/#website\"},\"primaryImageOfPage\":{\"@id\":\"https:\/\/franciscanos.org.br\/carisma\/a-infancia-de-clara-2.html#primaryimage\"},\"datePublished\":\"2011-01-09T17:27:02+00:00\",\"dateModified\":\"2019-08-06T18:41:56+00:00\",\"author\":{\"@id\":\"https:\/\/franciscanos.org.br\/carisma\/#\/schema\/person\/e352342a457f086dc6152f9c73a3d093\"},\"breadcrumb\":{\"@id\":\"https:\/\/franciscanos.org.br\/carisma\/a-infancia-de-clara-2.html#breadcrumb\"},\"inLanguage\":\"pt-BR\",\"potentialAction\":[{\"@type\":\"ReadAction\",\"target\":[\"https:\/\/franciscanos.org.br\/carisma\/a-infancia-de-clara-2.html\"]}]},{\"@type\":\"BreadcrumbList\",\"@id\":\"https:\/\/franciscanos.org.br\/carisma\/a-infancia-de-clara-2.html#breadcrumb\",\"itemListElement\":[{\"@type\":\"ListItem\",\"position\":1,\"name\":\"Home\",\"item\":\"https:\/\/franciscanos.org.br\/carisma\"},{\"@type\":\"ListItem\",\"position\":2,\"name\":\"A inf\u00e2ncia de Clara\"}]},{\"@type\":\"Person\",\"@id\":\"https:\/\/franciscanos.org.br\/carisma\/#\/schema\/person\/e352342a457f086dc6152f9c73a3d093\",\"name\":\"admin\",\"image\":{\"@type\":\"ImageObject\",\"inLanguage\":\"pt-BR\",\"@id\":\"https:\/\/franciscanos.org.br\/carisma\/#\/schema\/person\/image\/\",\"url\":\"https:\/\/secure.gravatar.com\/avatar\/e8495742d34d0ba6448ea1c628263b3e?s=96&d=mm&r=g\",\"contentUrl\":\"https:\/\/secure.gravatar.com\/avatar\/e8495742d34d0ba6448ea1c628263b3e?s=96&d=mm&r=g\",\"caption\":\"admin\"},\"url\":\"https:\/\/franciscanos.org.br\/carisma\/author\/admin\"}]}<\/script>\n<!-- \/ Yoast SEO plugin. -->","yoast_head_json":{"title":"A inf\u00e2ncia de Clara - Carisma - Franciscanos","robots":{"index":"index","follow":"follow","max-snippet":"max-snippet:-1","max-image-preview":"max-image-preview:large","max-video-preview":"max-video-preview:-1"},"canonical":"https:\/\/franciscanos.org.br\/carisma\/a-infancia-de-clara-2.html","og_locale":"pt_BR","og_type":"article","og_title":"A inf\u00e2ncia de Clara - Carisma - Franciscanos","og_description":"Santa Clara de Assis - Frei Almir Guimar\u00e3es","og_url":"https:\/\/franciscanos.org.br\/carisma\/a-infancia-de-clara-2.html","og_site_name":"Carisma - Franciscanos","article_published_time":"2011-01-09T17:27:02+00:00","article_modified_time":"2019-08-06T18:41:56+00:00","og_image":[{"width":273,"height":181,"url":"https:\/\/franciscanos.org.br\/carisma\/wp-content\/uploads\/2011\/01\/clara_09-1.jpg","type":"image\/jpeg"}],"author":"admin","twitter_card":"summary_large_image","twitter_misc":{"Escrito por":"admin","Est. tempo de leitura":"5 minutos"},"schema":{"@context":"https:\/\/schema.org","@graph":[{"@type":"WebSite","@id":"https:\/\/franciscanos.org.br\/carisma\/#website","url":"https:\/\/franciscanos.org.br\/carisma\/","name":"Carisma - Franciscanos","description":"Prov\u00edncia Franciscana da Imaculada Concei\u00e7\u00e3o do Brasil - Ordem dos Frades Menores","potentialAction":[{"@type":"SearchAction","target":{"@type":"EntryPoint","urlTemplate":"https:\/\/franciscanos.org.br\/carisma\/?s={search_term_string}"},"query-input":"required name=search_term_string"}],"inLanguage":"pt-BR"},{"@type":"ImageObject","inLanguage":"pt-BR","@id":"https:\/\/franciscanos.org.br\/carisma\/a-infancia-de-clara-2.html#primaryimage","url":"https:\/\/franciscanos.org.br\/carisma\/wp-content\/uploads\/2011\/01\/clara_09-1.jpg","contentUrl":"https:\/\/franciscanos.org.br\/carisma\/wp-content\/uploads\/2011\/01\/clara_09-1.jpg","width":273,"height":181},{"@type":"WebPage","@id":"https:\/\/franciscanos.org.br\/carisma\/a-infancia-de-clara-2.html#webpage","url":"https:\/\/franciscanos.org.br\/carisma\/a-infancia-de-clara-2.html","name":"A inf\u00e2ncia de Clara - Carisma - Franciscanos","isPartOf":{"@id":"https:\/\/franciscanos.org.br\/carisma\/#website"},"primaryImageOfPage":{"@id":"https:\/\/franciscanos.org.br\/carisma\/a-infancia-de-clara-2.html#primaryimage"},"datePublished":"2011-01-09T17:27:02+00:00","dateModified":"2019-08-06T18:41:56+00:00","author":{"@id":"https:\/\/franciscanos.org.br\/carisma\/#\/schema\/person\/e352342a457f086dc6152f9c73a3d093"},"breadcrumb":{"@id":"https:\/\/franciscanos.org.br\/carisma\/a-infancia-de-clara-2.html#breadcrumb"},"inLanguage":"pt-BR","potentialAction":[{"@type":"ReadAction","target":["https:\/\/franciscanos.org.br\/carisma\/a-infancia-de-clara-2.html"]}]},{"@type":"BreadcrumbList","@id":"https:\/\/franciscanos.org.br\/carisma\/a-infancia-de-clara-2.html#breadcrumb","itemListElement":[{"@type":"ListItem","position":1,"name":"Home","item":"https:\/\/franciscanos.org.br\/carisma"},{"@type":"ListItem","position":2,"name":"A inf\u00e2ncia de Clara"}]},{"@type":"Person","@id":"https:\/\/franciscanos.org.br\/carisma\/#\/schema\/person\/e352342a457f086dc6152f9c73a3d093","name":"admin","image":{"@type":"ImageObject","inLanguage":"pt-BR","@id":"https:\/\/franciscanos.org.br\/carisma\/#\/schema\/person\/image\/","url":"https:\/\/secure.gravatar.com\/avatar\/e8495742d34d0ba6448ea1c628263b3e?s=96&d=mm&r=g","contentUrl":"https:\/\/secure.gravatar.com\/avatar\/e8495742d34d0ba6448ea1c628263b3e?s=96&d=mm&r=g","caption":"admin"},"url":"https:\/\/franciscanos.org.br\/carisma\/author\/admin"}]}},"_links":{"self":[{"href":"https:\/\/franciscanos.org.br\/carisma\/wp-json\/wp\/v2\/posts\/8480"}],"collection":[{"href":"https:\/\/franciscanos.org.br\/carisma\/wp-json\/wp\/v2\/posts"}],"about":[{"href":"https:\/\/franciscanos.org.br\/carisma\/wp-json\/wp\/v2\/types\/post"}],"author":[{"embeddable":true,"href":"https:\/\/franciscanos.org.br\/carisma\/wp-json\/wp\/v2\/users\/1"}],"replies":[{"embeddable":true,"href":"https:\/\/franciscanos.org.br\/carisma\/wp-json\/wp\/v2\/comments?post=8480"}],"version-history":[{"count":3,"href":"https:\/\/franciscanos.org.br\/carisma\/wp-json\/wp\/v2\/posts\/8480\/revisions"}],"predecessor-version":[{"id":176482,"href":"https:\/\/franciscanos.org.br\/carisma\/wp-json\/wp\/v2\/posts\/8480\/revisions\/176482"}],"wp:featuredmedia":[{"embeddable":true,"href":"https:\/\/franciscanos.org.br\/carisma\/wp-json\/wp\/v2\/media\/176182"}],"wp:attachment":[{"href":"https:\/\/franciscanos.org.br\/carisma\/wp-json\/wp\/v2\/media?parent=8480"}],"wp:term":[{"taxonomy":"category","embeddable":true,"href":"https:\/\/franciscanos.org.br\/carisma\/wp-json\/wp\/v2\/categories?post=8480"},{"taxonomy":"post_tag","embeddable":true,"href":"https:\/\/franciscanos.org.br\/carisma\/wp-json\/wp\/v2\/tags?post=8480"}],"curies":[{"name":"wp","href":"https:\/\/api.w.org\/{rel}","templated":true}]}}