{"id":8475,"date":"2011-01-08T15:18:49","date_gmt":"2011-01-08T17:18:49","guid":{"rendered":"http:\/\/new.franciscanos.org.br\/?p=8475"},"modified":"2020-08-05T07:52:33","modified_gmt":"2020-08-05T10:52:33","slug":"origens-de-clara-2","status":"publish","type":"post","link":"https:\/\/franciscanos.org.br\/carisma\/origens-de-clara-2.html","title":{"rendered":"Origens de Clara"},"content":{"rendered":"<p align=\"left\"><img loading=\"lazy\" class=\"wp-image-176184 aligncenter\" src=\"https:\/\/franciscanos.org.br\/carisma\/wp-content\/uploads\/2011\/01\/StClareOfAssisi.jpg\" alt=\"\" width=\"746\" height=\"357\" srcset=\"https:\/\/franciscanos.org.br\/carisma\/wp-content\/uploads\/2011\/01\/StClareOfAssisi.jpg 702w, https:\/\/franciscanos.org.br\/carisma\/wp-content\/uploads\/2011\/01\/StClareOfAssisi-450x215.jpg 450w, https:\/\/franciscanos.org.br\/carisma\/wp-content\/uploads\/2011\/01\/StClareOfAssisi-150x72.jpg 150w\" sizes=\"(max-width: 746px) 100vw, 746px\" \/><\/p>\n<p align=\"left\"><strong>Frei Almir Ribeiro Guimar\u00e3es, OFM<\/strong><\/p>\n<p align=\"left\"><strong><em>As Edizioni Poziuncola, de Assis, publicaram um alentado estudo sobre Clara de Assis da autoria de Chiara Giovanna Cremaschi, conhecida autora de textos sobre a vida das Irm\u00e3s Pobres de S\u00e3o Dami\u00e3o (Chiara di Assisi. Um silenzio che grida, 2009). Desta obra colhemos as informa\u00e7\u00f5es que agora apresentamos a respeito das origens de Clara.<\/em><\/strong><\/p>\n<p><strong>1. <\/strong>Clara nasceu na cidade de Assis em 1193. Segundo uma antiga biografia o fato ter-se-ia dado a 20 de maio. Nasce numa fam\u00edlia da pequena nobreza do interior, conhecida como aristocracia. Em sua casa haviam sete cavaleiros todos nobres e poderosos (cf. Proc 19, 1). As origens de seu nome de fam\u00edlia devem ser buscadas num castelo nobre do condado. De seu lugar de origem, seu antepassado, conde Bernardino, h\u00e1 uns cinq\u00fcenta anos havia se transferido para a cidade e constru\u00eddo um pal\u00e1cio com torre, s\u00edmbolo da nobreza e do poder, na pra\u00e7a da Catedral dedicada a S\u00e3o Rufino. Jo\u00e3o de Ventura de Assis, no Processo de Canoniza\u00e7\u00e3o, descreve o modo de se viver na casa: \u201cAinda que a corte de sua casa fosse das maiores da cidade e l\u00e1 se fizessem grandes despesas, ela deixava de lado e guardava os alimentos que lhe eram dados para comer, na fartura de uma casa grande&#8230;\u201d Nada faltava, nem mesmo para os f\u00e2mulos.<\/p>\n<p><strong>2. <\/strong>N\u00e3o temos condi\u00e7\u00f5es de saber o sobrenome familiar e nobre. Tudo leva a crer que Offreduccio j\u00e1 estaria morto no momento do nascimento de Clara. No pal\u00e1cio viviam seus filhos e respectivas fam\u00edlias. Monaldo \u00e9 o chefe, porque o mais idoso. Entre os outros se pode contar Sim\u00e3o, pai de Rufino, que ingressaria no grupo dos irm\u00e3os de Francisco de Assis e por fim Favarone. No Processo de Canoniza\u00e7ao Pedro de Dami\u00e3o da Cidade de Assis, diz ter conhecido o pai de Clara, messer Favarone, nobre e grande poderoso na cidade. Clara pertence \u00e0s vintes fam\u00edlias nobres de Assis<\/p>\n<p><strong>3.<\/strong> \u201cSegundo certos estudiosos o nome Favarone indica a nobreza de quem o tem, segundo outros \u00e9 um sobrenome que se dava a quem queria aparecer mais do que era\u201d. Na verdade, \u00e9 o filho mais novo, e por costume \u00e9 um<em> miles, <\/em>um cavaleiro armado, muitas vezes ausente de casa. \u00c9 pouco conhecido de seus concidad\u00e3os. Casou-se com uma nobre da cidade a respeito da qual, segundo alguns, n\u00e3o se conhece o verdadeiro nome. H\u00e1 os que afirmam que o nome de Ortolana \u00e9 \u00edndice de alta nobreza, para outros trata-se de um nome que lhe foi dado por ter colocado no mundo criaturas como flores.(Ortulana-Hortel\u00e3). Estamos diante uma mulher dotada de grande capacidade e de profunda f\u00e9 crist\u00e3 que \u00e9 sem mais a<em> domina,<\/em> a senhora do pal\u00e1cio, colocada \u00e0 frente das outras mulheres e da criadagem. \u00c9 cercada do afeto e da amizade de muitas senhoras aristocratas que freq\u00fcentam sua casa. Havia uma conviv\u00eancia entre essas mulheres; os trabalhos que realizavam juntas nos mesmos c\u00f4modos, favorecia a partilha de pensamentos e de desejos. As freq\u00fcentes aus\u00eancias do marido davam a Ortolana ampla liberdade de movimento. Ela se dirigia em peregrina\u00e7\u00e3o a v\u00e1rios lugares que eram metas habituais da Idade M\u00e9dia, at\u00e9 meso \u00e0 Terra Santa.<\/p>\n<p><strong>4.<\/strong> Enquanto espera seu filho . reza diante do Crucifixo pedindo ajuda para o momento do parto. Num determinado momento ouve uma voz que lhe diz: <em>tu dar\u00e1s \u00e0 luz uma crian\u00e7a que iluminar\u00e1 o mundo. <\/em>N\u00e3o \u00e9 aqui o lugar de discutir sobre o modo como se deu tal fato. A voz explica as raz\u00f5es pelas quais a filha recebeu o nome de Clara. Em latim Clara significa ilustre, famosa e segundo alguns esse nome s\u00f3 era dado a mulheres da aristocracia. Recebendo esse nome de Clara, na l\u00edngua popular da Umbria, atribui-se ao termo a caracter\u00edstica da luminosidade.<\/p>\n<p><strong>5.<\/strong> Celano pinta Ortolana como prot\u00f3tipo da mulher assisiense, com o escopo de apresentar um modelo de mulher para aquelas que n\u00e3o podiam seguir Clara em tudo. \u201cSua m\u00e3e, Ortolona que devia dar \u00e0 luz a planta frut\u00edfera no jardim da Igreja, tamb\u00e9m era rica em n\u00e3o poucos bons frutos. Embora fosse presa aos la\u00e7os do matrim\u00f4nio e aos cuidados familiares, entregava-se como podia ao servi\u00e7o de Deus e a intensas pr\u00e1ticas de piedade. Tanto que, por devo\u00e7\u00e3o foi com os peregrinos ao ultramar e voltou toda feliz, depois de visitar os lugares que o Deus homem consagrou com suas pegadas. Tamb\u00e9m foi ao santu\u00e1rio de S\u00e3o Miguel Arcanjo para rezar e visitou piedosamente a as bas\u00edlicas dos ap\u00f3stolos.<\/p>\n","protected":false},"excerpt":{"rendered":"<p>Santa Clara de Assis &#8211; Frei Almir Guimar\u00e3es<\/p>\n","protected":false},"author":1,"featured_media":176186,"comment_status":"closed","ping_status":"open","sticky":false,"template":"","format":"standard","meta":[],"categories":[65],"tags":[70,103],"yoast_head":"<!-- This site is optimized with the Yoast SEO plugin v19.2 - https:\/\/yoast.com\/wordpress\/plugins\/seo\/ -->\n<title>Origens de Clara - Carisma - Franciscanos<\/title>\n<meta name=\"robots\" content=\"index, follow, max-snippet:-1, max-image-preview:large, max-video-preview:-1\" \/>\n<link rel=\"canonical\" href=\"https:\/\/franciscanos.org.br\/carisma\/origens-de-clara-2.html\" \/>\n<meta property=\"og:locale\" content=\"pt_BR\" \/>\n<meta property=\"og:type\" content=\"article\" \/>\n<meta property=\"og:title\" content=\"Origens de Clara - Carisma - Franciscanos\" \/>\n<meta property=\"og:description\" content=\"Santa Clara de Assis - Frei Almir Guimar\u00e3es\" \/>\n<meta property=\"og:url\" content=\"https:\/\/franciscanos.org.br\/carisma\/origens-de-clara-2.html\" \/>\n<meta property=\"og:site_name\" content=\"Carisma - Franciscanos\" \/>\n<meta property=\"article:published_time\" content=\"2011-01-08T17:18:49+00:00\" \/>\n<meta property=\"article:modified_time\" content=\"2020-08-05T10:52:33+00:00\" \/>\n<meta property=\"og:image\" content=\"https:\/\/franciscanos.org.br\/carisma\/wp-content\/uploads\/2011\/01\/clara_31.jpg\" \/>\n\t<meta property=\"og:image:width\" content=\"273\" \/>\n\t<meta property=\"og:image:height\" content=\"181\" \/>\n\t<meta property=\"og:image:type\" content=\"image\/jpeg\" \/>\n<meta name=\"author\" content=\"admin\" \/>\n<meta name=\"twitter:card\" content=\"summary_large_image\" \/>\n<meta name=\"twitter:label1\" content=\"Escrito por\" \/>\n\t<meta name=\"twitter:data1\" content=\"admin\" \/>\n\t<meta name=\"twitter:label2\" content=\"Est. tempo de leitura\" \/>\n\t<meta name=\"twitter:data2\" content=\"4 minutos\" \/>\n<script type=\"application\/ld+json\" class=\"yoast-schema-graph\">{\"@context\":\"https:\/\/schema.org\",\"@graph\":[{\"@type\":\"WebSite\",\"@id\":\"https:\/\/franciscanos.org.br\/carisma\/#website\",\"url\":\"https:\/\/franciscanos.org.br\/carisma\/\",\"name\":\"Carisma - Franciscanos\",\"description\":\"Prov\u00edncia Franciscana da Imaculada Concei\u00e7\u00e3o do Brasil - Ordem dos Frades Menores\",\"potentialAction\":[{\"@type\":\"SearchAction\",\"target\":{\"@type\":\"EntryPoint\",\"urlTemplate\":\"https:\/\/franciscanos.org.br\/carisma\/?s={search_term_string}\"},\"query-input\":\"required name=search_term_string\"}],\"inLanguage\":\"pt-BR\"},{\"@type\":\"ImageObject\",\"inLanguage\":\"pt-BR\",\"@id\":\"https:\/\/franciscanos.org.br\/carisma\/origens-de-clara-2.html#primaryimage\",\"url\":\"https:\/\/franciscanos.org.br\/carisma\/wp-content\/uploads\/2011\/01\/clara_31.jpg\",\"contentUrl\":\"https:\/\/franciscanos.org.br\/carisma\/wp-content\/uploads\/2011\/01\/clara_31.jpg\",\"width\":273,\"height\":181},{\"@type\":\"WebPage\",\"@id\":\"https:\/\/franciscanos.org.br\/carisma\/origens-de-clara-2.html#webpage\",\"url\":\"https:\/\/franciscanos.org.br\/carisma\/origens-de-clara-2.html\",\"name\":\"Origens de Clara - Carisma - Franciscanos\",\"isPartOf\":{\"@id\":\"https:\/\/franciscanos.org.br\/carisma\/#website\"},\"primaryImageOfPage\":{\"@id\":\"https:\/\/franciscanos.org.br\/carisma\/origens-de-clara-2.html#primaryimage\"},\"datePublished\":\"2011-01-08T17:18:49+00:00\",\"dateModified\":\"2020-08-05T10:52:33+00:00\",\"author\":{\"@id\":\"https:\/\/franciscanos.org.br\/carisma\/#\/schema\/person\/e352342a457f086dc6152f9c73a3d093\"},\"breadcrumb\":{\"@id\":\"https:\/\/franciscanos.org.br\/carisma\/origens-de-clara-2.html#breadcrumb\"},\"inLanguage\":\"pt-BR\",\"potentialAction\":[{\"@type\":\"ReadAction\",\"target\":[\"https:\/\/franciscanos.org.br\/carisma\/origens-de-clara-2.html\"]}]},{\"@type\":\"BreadcrumbList\",\"@id\":\"https:\/\/franciscanos.org.br\/carisma\/origens-de-clara-2.html#breadcrumb\",\"itemListElement\":[{\"@type\":\"ListItem\",\"position\":1,\"name\":\"Home\",\"item\":\"https:\/\/franciscanos.org.br\/carisma\"},{\"@type\":\"ListItem\",\"position\":2,\"name\":\"Origens de Clara\"}]},{\"@type\":\"Person\",\"@id\":\"https:\/\/franciscanos.org.br\/carisma\/#\/schema\/person\/e352342a457f086dc6152f9c73a3d093\",\"name\":\"admin\",\"image\":{\"@type\":\"ImageObject\",\"inLanguage\":\"pt-BR\",\"@id\":\"https:\/\/franciscanos.org.br\/carisma\/#\/schema\/person\/image\/\",\"url\":\"https:\/\/secure.gravatar.com\/avatar\/e8495742d34d0ba6448ea1c628263b3e?s=96&d=mm&r=g\",\"contentUrl\":\"https:\/\/secure.gravatar.com\/avatar\/e8495742d34d0ba6448ea1c628263b3e?s=96&d=mm&r=g\",\"caption\":\"admin\"},\"url\":\"https:\/\/franciscanos.org.br\/carisma\/author\/admin\"}]}<\/script>\n<!-- \/ Yoast SEO plugin. -->","yoast_head_json":{"title":"Origens de Clara - Carisma - Franciscanos","robots":{"index":"index","follow":"follow","max-snippet":"max-snippet:-1","max-image-preview":"max-image-preview:large","max-video-preview":"max-video-preview:-1"},"canonical":"https:\/\/franciscanos.org.br\/carisma\/origens-de-clara-2.html","og_locale":"pt_BR","og_type":"article","og_title":"Origens de Clara - Carisma - Franciscanos","og_description":"Santa Clara de Assis - Frei Almir Guimar\u00e3es","og_url":"https:\/\/franciscanos.org.br\/carisma\/origens-de-clara-2.html","og_site_name":"Carisma - Franciscanos","article_published_time":"2011-01-08T17:18:49+00:00","article_modified_time":"2020-08-05T10:52:33+00:00","og_image":[{"width":273,"height":181,"url":"https:\/\/franciscanos.org.br\/carisma\/wp-content\/uploads\/2011\/01\/clara_31.jpg","type":"image\/jpeg"}],"author":"admin","twitter_card":"summary_large_image","twitter_misc":{"Escrito por":"admin","Est. tempo de leitura":"4 minutos"},"schema":{"@context":"https:\/\/schema.org","@graph":[{"@type":"WebSite","@id":"https:\/\/franciscanos.org.br\/carisma\/#website","url":"https:\/\/franciscanos.org.br\/carisma\/","name":"Carisma - Franciscanos","description":"Prov\u00edncia Franciscana da Imaculada Concei\u00e7\u00e3o do Brasil - Ordem dos Frades Menores","potentialAction":[{"@type":"SearchAction","target":{"@type":"EntryPoint","urlTemplate":"https:\/\/franciscanos.org.br\/carisma\/?s={search_term_string}"},"query-input":"required name=search_term_string"}],"inLanguage":"pt-BR"},{"@type":"ImageObject","inLanguage":"pt-BR","@id":"https:\/\/franciscanos.org.br\/carisma\/origens-de-clara-2.html#primaryimage","url":"https:\/\/franciscanos.org.br\/carisma\/wp-content\/uploads\/2011\/01\/clara_31.jpg","contentUrl":"https:\/\/franciscanos.org.br\/carisma\/wp-content\/uploads\/2011\/01\/clara_31.jpg","width":273,"height":181},{"@type":"WebPage","@id":"https:\/\/franciscanos.org.br\/carisma\/origens-de-clara-2.html#webpage","url":"https:\/\/franciscanos.org.br\/carisma\/origens-de-clara-2.html","name":"Origens de Clara - Carisma - Franciscanos","isPartOf":{"@id":"https:\/\/franciscanos.org.br\/carisma\/#website"},"primaryImageOfPage":{"@id":"https:\/\/franciscanos.org.br\/carisma\/origens-de-clara-2.html#primaryimage"},"datePublished":"2011-01-08T17:18:49+00:00","dateModified":"2020-08-05T10:52:33+00:00","author":{"@id":"https:\/\/franciscanos.org.br\/carisma\/#\/schema\/person\/e352342a457f086dc6152f9c73a3d093"},"breadcrumb":{"@id":"https:\/\/franciscanos.org.br\/carisma\/origens-de-clara-2.html#breadcrumb"},"inLanguage":"pt-BR","potentialAction":[{"@type":"ReadAction","target":["https:\/\/franciscanos.org.br\/carisma\/origens-de-clara-2.html"]}]},{"@type":"BreadcrumbList","@id":"https:\/\/franciscanos.org.br\/carisma\/origens-de-clara-2.html#breadcrumb","itemListElement":[{"@type":"ListItem","position":1,"name":"Home","item":"https:\/\/franciscanos.org.br\/carisma"},{"@type":"ListItem","position":2,"name":"Origens de Clara"}]},{"@type":"Person","@id":"https:\/\/franciscanos.org.br\/carisma\/#\/schema\/person\/e352342a457f086dc6152f9c73a3d093","name":"admin","image":{"@type":"ImageObject","inLanguage":"pt-BR","@id":"https:\/\/franciscanos.org.br\/carisma\/#\/schema\/person\/image\/","url":"https:\/\/secure.gravatar.com\/avatar\/e8495742d34d0ba6448ea1c628263b3e?s=96&d=mm&r=g","contentUrl":"https:\/\/secure.gravatar.com\/avatar\/e8495742d34d0ba6448ea1c628263b3e?s=96&d=mm&r=g","caption":"admin"},"url":"https:\/\/franciscanos.org.br\/carisma\/author\/admin"}]}},"_links":{"self":[{"href":"https:\/\/franciscanos.org.br\/carisma\/wp-json\/wp\/v2\/posts\/8475"}],"collection":[{"href":"https:\/\/franciscanos.org.br\/carisma\/wp-json\/wp\/v2\/posts"}],"about":[{"href":"https:\/\/franciscanos.org.br\/carisma\/wp-json\/wp\/v2\/types\/post"}],"author":[{"embeddable":true,"href":"https:\/\/franciscanos.org.br\/carisma\/wp-json\/wp\/v2\/users\/1"}],"replies":[{"embeddable":true,"href":"https:\/\/franciscanos.org.br\/carisma\/wp-json\/wp\/v2\/comments?post=8475"}],"version-history":[{"count":5,"href":"https:\/\/franciscanos.org.br\/carisma\/wp-json\/wp\/v2\/posts\/8475\/revisions"}],"predecessor-version":[{"id":176483,"href":"https:\/\/franciscanos.org.br\/carisma\/wp-json\/wp\/v2\/posts\/8475\/revisions\/176483"}],"wp:featuredmedia":[{"embeddable":true,"href":"https:\/\/franciscanos.org.br\/carisma\/wp-json\/wp\/v2\/media\/176186"}],"wp:attachment":[{"href":"https:\/\/franciscanos.org.br\/carisma\/wp-json\/wp\/v2\/media?parent=8475"}],"wp:term":[{"taxonomy":"category","embeddable":true,"href":"https:\/\/franciscanos.org.br\/carisma\/wp-json\/wp\/v2\/categories?post=8475"},{"taxonomy":"post_tag","embeddable":true,"href":"https:\/\/franciscanos.org.br\/carisma\/wp-json\/wp\/v2\/tags?post=8475"}],"curies":[{"name":"wp","href":"https:\/\/api.w.org\/{rel}","templated":true}]}}