{"id":8224,"date":"2011-12-07T14:27:59","date_gmt":"2011-12-07T14:27:59","guid":{"rendered":"http:\/\/new.franciscanos.org.br\/?p=8224"},"modified":"2019-08-06T15:30:03","modified_gmt":"2019-08-06T18:30:03","slug":"a-passagem-do-cortejo-funebre-de-francisco-por-sao-damiao","status":"publish","type":"post","link":"https:\/\/franciscanos.org.br\/carisma\/a-passagem-do-cortejo-funebre-de-francisco-por-sao-damiao.html","title":{"rendered":"A passagem do cortejo f\u00fanebre de Francisco por S\u00e3o Dami\u00e3o"},"content":{"rendered":"<p align=\"left\"><img loading=\"lazy\" class=\"alignnone size-full wp-image-176275\" src=\"https:\/\/franciscanos.org.br\/carisma\/wp-content\/uploads\/2011\/12\/francesco_filme-181.jpg\" alt=\"\" width=\"840\" height=\"497\" srcset=\"https:\/\/franciscanos.org.br\/carisma\/wp-content\/uploads\/2011\/12\/francesco_filme-181.jpg 840w, https:\/\/franciscanos.org.br\/carisma\/wp-content\/uploads\/2011\/12\/francesco_filme-181-450x266.jpg 450w, https:\/\/franciscanos.org.br\/carisma\/wp-content\/uploads\/2011\/12\/francesco_filme-181-768x454.jpg 768w, https:\/\/franciscanos.org.br\/carisma\/wp-content\/uploads\/2011\/12\/francesco_filme-181-150x89.jpg 150w\" sizes=\"(max-width: 840px) 100vw, 840px\" \/><\/p>\n<p align=\"left\"><em>Queremos que a passagem dos oitocentos anos do carisma clariano a ser comemorado em 2012 seja um marco para nossa fam\u00edlia franciscana e clariana. Gostar\u00edamos de tornar Clara mais conhecida e fazer de sorte que ela pudesse iluminar muitas vidas da Igreja e do mundo. Continuamos a oferecer aos nossos leitores passagens do belo livro de Chiara Giovanna Cresmachi<\/em>, &#8220;Chiara di Assisi. Un silenzio che grida&#8221;. <em>Desta vez, vamos acompanhar aquilo que ocorreu em S\u00e3o Dami\u00e3o com a passagem do corpo morto de Francisco (p. 106-109).<\/em><\/p>\n<p><strong><img loading=\"lazy\" src=\"http:\/\/franciscanos.org.br\/v3\/almir\/artigos\/clara\/imagens\/clara_francesco_g2111.jpg\" alt=\"\" width=\"400\" height=\"327\" align=\"right\" hspace=\"5\" vspace=\"9\" \/>1.<\/strong> Um pouco antes de morrer, Francisco havia mandado dizer a Clara que ela haveria de v\u00ea-lo ainda uma vez. Tal profecia se realizou durante o translado do esquife com o corpo de Francisco para a igreja de S\u00e3o Jorge, quando o cortejo dos frades e do povo parou em S\u00e3o Dami\u00e3o. Verdade que foi um encontro um pouco diferente do que aquele que ela teria querido esperar: Clara devia enxergar para al\u00e9m da apar\u00eancia, al\u00e9m dessa parede intranspon\u00edvel da morte. A contempla\u00e7\u00e3o do corpo morto daquele que foi pai e guia de Clara e de suas irm\u00e3s levou \u00e0 descoberta dos estigmas, motivo de admira\u00e7\u00e3o e press\u00e1gio da gl\u00f3ria. Para al\u00e9m dos sentimentos manifestados nesse momento, tomando dist\u00e2ncia do triunfalismo e ostenta\u00e7\u00e3o a respeito de fen\u00f4menos m\u00edsticos, Clara nunca aludir\u00e1 a essa identifica\u00e7\u00e3o de Francisco com o Cristo. Celano diz que as irm\u00e3s puderam ver o corpo de Francisco atrav\u00e9s da janelinha pela qual elas recebiam a Eucaristia (<em>1Cel 116<\/em>), enquanto que atrav\u00e9s de outra colet\u00e2nea de elementos hist\u00f3ricos fomos informados que os frades tomaram o santo corpo da maca e o mantiveram entre os bra\u00e7os perto da janela por grande espa\u00e7o de tempo (cf. <em>Compila\u00e7\u00e3o de Assis, n. 13<\/em>). Disso se depreende como era delicada a amorosa fraternidade por parte dos irm\u00e3os, sabedores que eram do quanto Francisco fora importante para aquelas mulheres.<\/p>\n<p><strong>2.<\/strong> Celano, o bi\u00f3grafo oficial, quando descreve a passagem por S\u00e3o Dami\u00e3o, no momento em que os despojos estavam sendo levados para dentro dos muros de Assis, se compraz em usar de ret\u00f3rica ao descrever o pranto e as lamenta\u00e7\u00f5es de Clara e de suas irm\u00e3s. Tudo leva a crer que se trata de uma p\u00e1gina liter\u00e1ria em que elas s\u00e3o apresentadas com as caracter\u00edsticas das carpideiras b\u00edblicas. Importante que fique claro, no entanto, que esse epis\u00f3dio coloca em realce o relacionamento de Francisco com as Senhoras Pobres, t\u00e3o denso a ponto de reclamar uma parada do cortejo f\u00fanebre com as autoridades civis e o povo. Deve-se dizer que o acontecido se impunha como evidente em si, devido ao fato de que aquelas mulheres pertenciam \u00e0 <em>fraternitas<\/em> de Francisco. Mesmo se deixarmos de lado a dramatiza\u00e7\u00e3o liter\u00e1ria, aquilo que o bi\u00f3grafo afirma \u00e9 verdadeiro: \u00e0 <em>sororidade<\/em> de Clara passa a faltar o \u00fanico sustento humano. \u00c0s irm\u00e3s \u00e9 dado apenas o conforto de venerar aquele corpo, que tinha os sinais de nossa salva\u00e7\u00e3o \u201ce ver assim, n\u00e3o somente o \u00fanico penhor seguro da gl\u00f3ria do irm\u00e3o e pai, mas tamb\u00e9m a representa\u00e7\u00e3o viva do Crucificado <em>pobre<\/em>, o \u00fanico Bem das irm\u00e3s na terra\u201d.<\/p>\n<p><strong>3.<\/strong> \u201cEst\u00e1 a\u00ed a mensagem silenciosa e eloquente que Francisco deixa para as irm\u00e3s e que Clara compreende de modo muito profundo: vossa \u00fanica posse \u00e9 Jesus Cristo, por v\u00f3s morto e ressuscitado, com ele, nele e por ele nada haver\u00e1 de vos faltar, assim n\u00e3o havereis de temer adversidades e contrariedades. Para al\u00e9m do sofrimento e da incerteza com rela\u00e7\u00e3o aos que viriam sem Francisco, a m\u00e3e das <em>irm\u00e3s pobres,<\/em> sabe com firme esperan\u00e7a que nada poder\u00e1 fazer com que ela vacile, porque ganhou nova for\u00e7a por meio da passagem pascal de Francisco vivida um pouco antes com sua morte. Nisto consistia sua consola\u00e7\u00e3o, sua for\u00e7a e sua alegria\u201d. Clara est\u00e1 disposta a aceitar sacrif\u00edcio, desprezo, incompreens\u00e3o, avers\u00e3o para seguir suas pegadas, naquela pobreza-humildade que o Espirito lhe havia indicado atrav\u00e9s da palavra e do exemplo do Poverello. Clara se tornou, por assim dizer, \u201ccarne de sua carne\u201d. A <em>plantinha<\/em> de Francisco nada sabe a respeito dos caminhos que haver\u00e1 de percorrer sozinha. Basta-lhe viver dia ap\u00f3s dia com a energia que, apesar de suas fr\u00e1geis for\u00e7as f\u00edsicas, lhe \u00e9 dada pela gratuita liberalidade do sumo Doador. Nesta profunda solid\u00e3o, que se tornou mais amena pela proximidade e comunh\u00e3o com as irm\u00e3s, Clara experimenta sempre mais a amorosa ternura do Pai celeste que delas se ocupa como uma m\u00e3e se ocupa de seu filho.<\/p>\n<p><strong>4.<\/strong> Trata-se de uma experi\u00eancia que cresce no ininterrupto di\u00e1logo com o Tu divino e pela cont\u00ednua interioriza\u00e7\u00e3o do Evangelho, revivendo em si, enquanto poss\u00edvel a uma criatura, o relacionamento do esposo Jesus Cristo com o seu Abba, Pai, que vivencia na dimens\u00e3o materna, tornando-se cada vez um desses pequenos aos quais pertence o Reino de Deus. A atitude filial, t\u00e3o enraizada na m\u00e3e das irm\u00e3s pobres, n\u00e3o a impede de manifestar caracter\u00edsticas humanas que s\u00e3o t\u00edpicas de sua personalidade. Revela fortaleza de \u00e2nimo, clareza de ideia a respeito do carisma de tal forma que n\u00e3o se deixa perturbar por quem quer que seja, unida a uma capacidade singular de caminhar em frente, em r\u00e1pida corrida, com passo ligeiro e p\u00e9 seguro de modo que os passos nem recolham a poeira, confiante e alegre (cf. <em>2Carta a In\u00eas 12-13<\/em>), como escrever\u00e1 \u00e0 jovem que vive em terras distantes a mesma situa\u00e7\u00e3o que ela vivera antes no caminho do seguimento de Jesus, com tenaz perseveran\u00e7a. Tal n\u00e3o se poderia esperar desta fr\u00e1gil mulher doente, incapaz de levantar-se de seu pobre leito.<\/p>\n<p><strong>Frei Almir Ribeiro Guimar\u00e3es, OFM<\/strong><\/p>\n","protected":false},"excerpt":{"rendered":"<p>Santa Clara de Assis &#8211; Frei Almir Guimar\u00e3es<\/p>\n","protected":false},"author":1,"featured_media":176277,"comment_status":"closed","ping_status":"closed","sticky":false,"template":"","format":"standard","meta":[],"categories":[65],"tags":[108],"yoast_head":"<!-- This site is optimized with the Yoast SEO plugin v19.2 - https:\/\/yoast.com\/wordpress\/plugins\/seo\/ -->\n<title>A passagem do cortejo f\u00fanebre de Francisco por S\u00e3o Dami\u00e3o - Carisma - Franciscanos<\/title>\n<meta name=\"robots\" content=\"index, follow, max-snippet:-1, max-image-preview:large, max-video-preview:-1\" \/>\n<link rel=\"canonical\" href=\"https:\/\/franciscanos.org.br\/carisma\/a-passagem-do-cortejo-funebre-de-francisco-por-sao-damiao.html\" \/>\n<meta property=\"og:locale\" content=\"pt_BR\" \/>\n<meta property=\"og:type\" content=\"article\" \/>\n<meta property=\"og:title\" content=\"A passagem do cortejo f\u00fanebre de Francisco por S\u00e3o Dami\u00e3o - Carisma - Franciscanos\" \/>\n<meta property=\"og:description\" content=\"Santa Clara de Assis - Frei Almir Guimar\u00e3es\" \/>\n<meta property=\"og:url\" content=\"https:\/\/franciscanos.org.br\/carisma\/a-passagem-do-cortejo-funebre-de-francisco-por-sao-damiao.html\" \/>\n<meta property=\"og:site_name\" content=\"Carisma - Franciscanos\" \/>\n<meta property=\"article:published_time\" content=\"2011-12-07T14:27:59+00:00\" \/>\n<meta property=\"article:modified_time\" content=\"2019-08-06T18:30:03+00:00\" \/>\n<meta property=\"og:image\" content=\"https:\/\/franciscanos.org.br\/carisma\/wp-content\/uploads\/2011\/12\/francesco_filme-181d.jpg\" \/>\n\t<meta property=\"og:image:width\" content=\"273\" \/>\n\t<meta property=\"og:image:height\" content=\"181\" \/>\n\t<meta property=\"og:image:type\" content=\"image\/jpeg\" \/>\n<meta name=\"author\" content=\"admin\" \/>\n<meta name=\"twitter:card\" content=\"summary_large_image\" \/>\n<meta name=\"twitter:label1\" content=\"Escrito por\" \/>\n\t<meta name=\"twitter:data1\" content=\"admin\" \/>\n\t<meta name=\"twitter:label2\" content=\"Est. tempo de leitura\" \/>\n\t<meta name=\"twitter:data2\" content=\"5 minutos\" \/>\n<script type=\"application\/ld+json\" class=\"yoast-schema-graph\">{\"@context\":\"https:\/\/schema.org\",\"@graph\":[{\"@type\":\"WebSite\",\"@id\":\"https:\/\/franciscanos.org.br\/carisma\/#website\",\"url\":\"https:\/\/franciscanos.org.br\/carisma\/\",\"name\":\"Carisma - Franciscanos\",\"description\":\"Prov\u00edncia Franciscana da Imaculada Concei\u00e7\u00e3o do Brasil - Ordem dos Frades Menores\",\"potentialAction\":[{\"@type\":\"SearchAction\",\"target\":{\"@type\":\"EntryPoint\",\"urlTemplate\":\"https:\/\/franciscanos.org.br\/carisma\/?s={search_term_string}\"},\"query-input\":\"required name=search_term_string\"}],\"inLanguage\":\"pt-BR\"},{\"@type\":\"ImageObject\",\"inLanguage\":\"pt-BR\",\"@id\":\"https:\/\/franciscanos.org.br\/carisma\/a-passagem-do-cortejo-funebre-de-francisco-por-sao-damiao.html#primaryimage\",\"url\":\"https:\/\/franciscanos.org.br\/carisma\/wp-content\/uploads\/2011\/12\/francesco_filme-181d.jpg\",\"contentUrl\":\"https:\/\/franciscanos.org.br\/carisma\/wp-content\/uploads\/2011\/12\/francesco_filme-181d.jpg\",\"width\":273,\"height\":181},{\"@type\":\"WebPage\",\"@id\":\"https:\/\/franciscanos.org.br\/carisma\/a-passagem-do-cortejo-funebre-de-francisco-por-sao-damiao.html#webpage\",\"url\":\"https:\/\/franciscanos.org.br\/carisma\/a-passagem-do-cortejo-funebre-de-francisco-por-sao-damiao.html\",\"name\":\"A passagem do cortejo f\u00fanebre de Francisco por S\u00e3o Dami\u00e3o - Carisma - Franciscanos\",\"isPartOf\":{\"@id\":\"https:\/\/franciscanos.org.br\/carisma\/#website\"},\"primaryImageOfPage\":{\"@id\":\"https:\/\/franciscanos.org.br\/carisma\/a-passagem-do-cortejo-funebre-de-francisco-por-sao-damiao.html#primaryimage\"},\"datePublished\":\"2011-12-07T14:27:59+00:00\",\"dateModified\":\"2019-08-06T18:30:03+00:00\",\"author\":{\"@id\":\"https:\/\/franciscanos.org.br\/carisma\/#\/schema\/person\/e352342a457f086dc6152f9c73a3d093\"},\"breadcrumb\":{\"@id\":\"https:\/\/franciscanos.org.br\/carisma\/a-passagem-do-cortejo-funebre-de-francisco-por-sao-damiao.html#breadcrumb\"},\"inLanguage\":\"pt-BR\",\"potentialAction\":[{\"@type\":\"ReadAction\",\"target\":[\"https:\/\/franciscanos.org.br\/carisma\/a-passagem-do-cortejo-funebre-de-francisco-por-sao-damiao.html\"]}]},{\"@type\":\"BreadcrumbList\",\"@id\":\"https:\/\/franciscanos.org.br\/carisma\/a-passagem-do-cortejo-funebre-de-francisco-por-sao-damiao.html#breadcrumb\",\"itemListElement\":[{\"@type\":\"ListItem\",\"position\":1,\"name\":\"Home\",\"item\":\"https:\/\/franciscanos.org.br\/carisma\"},{\"@type\":\"ListItem\",\"position\":2,\"name\":\"A passagem do cortejo f\u00fanebre de Francisco por S\u00e3o Dami\u00e3o\"}]},{\"@type\":\"Person\",\"@id\":\"https:\/\/franciscanos.org.br\/carisma\/#\/schema\/person\/e352342a457f086dc6152f9c73a3d093\",\"name\":\"admin\",\"image\":{\"@type\":\"ImageObject\",\"inLanguage\":\"pt-BR\",\"@id\":\"https:\/\/franciscanos.org.br\/carisma\/#\/schema\/person\/image\/\",\"url\":\"https:\/\/secure.gravatar.com\/avatar\/e8495742d34d0ba6448ea1c628263b3e?s=96&d=mm&r=g\",\"contentUrl\":\"https:\/\/secure.gravatar.com\/avatar\/e8495742d34d0ba6448ea1c628263b3e?s=96&d=mm&r=g\",\"caption\":\"admin\"},\"url\":\"https:\/\/franciscanos.org.br\/carisma\/author\/admin\"}]}<\/script>\n<!-- \/ Yoast SEO plugin. -->","yoast_head_json":{"title":"A passagem do cortejo f\u00fanebre de Francisco por S\u00e3o Dami\u00e3o - Carisma - Franciscanos","robots":{"index":"index","follow":"follow","max-snippet":"max-snippet:-1","max-image-preview":"max-image-preview:large","max-video-preview":"max-video-preview:-1"},"canonical":"https:\/\/franciscanos.org.br\/carisma\/a-passagem-do-cortejo-funebre-de-francisco-por-sao-damiao.html","og_locale":"pt_BR","og_type":"article","og_title":"A passagem do cortejo f\u00fanebre de Francisco por S\u00e3o Dami\u00e3o - Carisma - Franciscanos","og_description":"Santa Clara de Assis - Frei Almir Guimar\u00e3es","og_url":"https:\/\/franciscanos.org.br\/carisma\/a-passagem-do-cortejo-funebre-de-francisco-por-sao-damiao.html","og_site_name":"Carisma - Franciscanos","article_published_time":"2011-12-07T14:27:59+00:00","article_modified_time":"2019-08-06T18:30:03+00:00","og_image":[{"width":273,"height":181,"url":"https:\/\/franciscanos.org.br\/carisma\/wp-content\/uploads\/2011\/12\/francesco_filme-181d.jpg","type":"image\/jpeg"}],"author":"admin","twitter_card":"summary_large_image","twitter_misc":{"Escrito por":"admin","Est. tempo de leitura":"5 minutos"},"schema":{"@context":"https:\/\/schema.org","@graph":[{"@type":"WebSite","@id":"https:\/\/franciscanos.org.br\/carisma\/#website","url":"https:\/\/franciscanos.org.br\/carisma\/","name":"Carisma - Franciscanos","description":"Prov\u00edncia Franciscana da Imaculada Concei\u00e7\u00e3o do Brasil - Ordem dos Frades Menores","potentialAction":[{"@type":"SearchAction","target":{"@type":"EntryPoint","urlTemplate":"https:\/\/franciscanos.org.br\/carisma\/?s={search_term_string}"},"query-input":"required name=search_term_string"}],"inLanguage":"pt-BR"},{"@type":"ImageObject","inLanguage":"pt-BR","@id":"https:\/\/franciscanos.org.br\/carisma\/a-passagem-do-cortejo-funebre-de-francisco-por-sao-damiao.html#primaryimage","url":"https:\/\/franciscanos.org.br\/carisma\/wp-content\/uploads\/2011\/12\/francesco_filme-181d.jpg","contentUrl":"https:\/\/franciscanos.org.br\/carisma\/wp-content\/uploads\/2011\/12\/francesco_filme-181d.jpg","width":273,"height":181},{"@type":"WebPage","@id":"https:\/\/franciscanos.org.br\/carisma\/a-passagem-do-cortejo-funebre-de-francisco-por-sao-damiao.html#webpage","url":"https:\/\/franciscanos.org.br\/carisma\/a-passagem-do-cortejo-funebre-de-francisco-por-sao-damiao.html","name":"A passagem do cortejo f\u00fanebre de Francisco por S\u00e3o Dami\u00e3o - Carisma - Franciscanos","isPartOf":{"@id":"https:\/\/franciscanos.org.br\/carisma\/#website"},"primaryImageOfPage":{"@id":"https:\/\/franciscanos.org.br\/carisma\/a-passagem-do-cortejo-funebre-de-francisco-por-sao-damiao.html#primaryimage"},"datePublished":"2011-12-07T14:27:59+00:00","dateModified":"2019-08-06T18:30:03+00:00","author":{"@id":"https:\/\/franciscanos.org.br\/carisma\/#\/schema\/person\/e352342a457f086dc6152f9c73a3d093"},"breadcrumb":{"@id":"https:\/\/franciscanos.org.br\/carisma\/a-passagem-do-cortejo-funebre-de-francisco-por-sao-damiao.html#breadcrumb"},"inLanguage":"pt-BR","potentialAction":[{"@type":"ReadAction","target":["https:\/\/franciscanos.org.br\/carisma\/a-passagem-do-cortejo-funebre-de-francisco-por-sao-damiao.html"]}]},{"@type":"BreadcrumbList","@id":"https:\/\/franciscanos.org.br\/carisma\/a-passagem-do-cortejo-funebre-de-francisco-por-sao-damiao.html#breadcrumb","itemListElement":[{"@type":"ListItem","position":1,"name":"Home","item":"https:\/\/franciscanos.org.br\/carisma"},{"@type":"ListItem","position":2,"name":"A passagem do cortejo f\u00fanebre de Francisco por S\u00e3o Dami\u00e3o"}]},{"@type":"Person","@id":"https:\/\/franciscanos.org.br\/carisma\/#\/schema\/person\/e352342a457f086dc6152f9c73a3d093","name":"admin","image":{"@type":"ImageObject","inLanguage":"pt-BR","@id":"https:\/\/franciscanos.org.br\/carisma\/#\/schema\/person\/image\/","url":"https:\/\/secure.gravatar.com\/avatar\/e8495742d34d0ba6448ea1c628263b3e?s=96&d=mm&r=g","contentUrl":"https:\/\/secure.gravatar.com\/avatar\/e8495742d34d0ba6448ea1c628263b3e?s=96&d=mm&r=g","caption":"admin"},"url":"https:\/\/franciscanos.org.br\/carisma\/author\/admin"}]}},"_links":{"self":[{"href":"https:\/\/franciscanos.org.br\/carisma\/wp-json\/wp\/v2\/posts\/8224"}],"collection":[{"href":"https:\/\/franciscanos.org.br\/carisma\/wp-json\/wp\/v2\/posts"}],"about":[{"href":"https:\/\/franciscanos.org.br\/carisma\/wp-json\/wp\/v2\/types\/post"}],"author":[{"embeddable":true,"href":"https:\/\/franciscanos.org.br\/carisma\/wp-json\/wp\/v2\/users\/1"}],"replies":[{"embeddable":true,"href":"https:\/\/franciscanos.org.br\/carisma\/wp-json\/wp\/v2\/comments?post=8224"}],"version-history":[{"count":3,"href":"https:\/\/franciscanos.org.br\/carisma\/wp-json\/wp\/v2\/posts\/8224\/revisions"}],"predecessor-version":[{"id":176462,"href":"https:\/\/franciscanos.org.br\/carisma\/wp-json\/wp\/v2\/posts\/8224\/revisions\/176462"}],"wp:featuredmedia":[{"embeddable":true,"href":"https:\/\/franciscanos.org.br\/carisma\/wp-json\/wp\/v2\/media\/176277"}],"wp:attachment":[{"href":"https:\/\/franciscanos.org.br\/carisma\/wp-json\/wp\/v2\/media?parent=8224"}],"wp:term":[{"taxonomy":"category","embeddable":true,"href":"https:\/\/franciscanos.org.br\/carisma\/wp-json\/wp\/v2\/categories?post=8224"},{"taxonomy":"post_tag","embeddable":true,"href":"https:\/\/franciscanos.org.br\/carisma\/wp-json\/wp\/v2\/tags?post=8224"}],"curies":[{"name":"wp","href":"https:\/\/api.w.org\/{rel}","templated":true}]}}