{"id":72247,"date":"2014-11-07T10:50:08","date_gmt":"2014-11-07T12:50:08","guid":{"rendered":"http:\/\/franciscanos.org.br\/?p=72247"},"modified":"2014-11-07T10:50:08","modified_gmt":"2014-11-07T12:50:08","slug":"tibor-kauser-novo-ministro-geral-desafios-e-provacoes-do-sexenio","status":"publish","type":"post","link":"https:\/\/franciscanos.org.br\/carisma\/tibor-kauser-novo-ministro-geral-desafios-e-provacoes-do-sexenio.html","title":{"rendered":"Kauser: novo Ministro Geral. Provoca\u00e7\u00f5es e desafios do sex\u00eanio."},"content":{"rendered":"<h3><a href=\"http:\/\/franciscanos.org.br\/wp-content\/uploads\/2014\/11\/tibor_07.jpg\"><img loading=\"lazy\" src=\"http:\/\/franciscanos.org.br\/wp-content\/uploads\/2014\/11\/tibor_07.jpg\" alt=\"tibor_07\" width=\"820\" height=\"322\" \/><\/a><\/h3>\n<h3>Desafios e provoca\u00e7\u00f5es do sex\u00eanio<\/h3>\n<p>Nos primeiros dias de novembro de 2014, os Franciscanos Seculares do mundo inteiro estiveram reunidos em Assis para realizarem mais um Cap\u00edtulo Eletivo. A franciscana secular Encarnaci\u00f3n del Pozzo, espanhola, foi sucedida por Tibor Kauser, h\u00fangaro, como Ministro Geral da OFS para o sex\u00eanio 2014-2020, escolhido logo no primeiro escrut\u00ednio. Ao mesmo tempo foram eleitos os outros integrantes do Conselho Internacional. Tibor Kauser sempre circulou com muita facilidade no mundo dos franciscanos seculares. Homem sereno, sobretudo atencioso e cavalheiro, se faz notar por presen\u00e7a discreta e inteligente e por um postura crist\u00e3 madura. O Conselho Geral com seu Ministro t\u00eam diante dos olhos desafios e provoca\u00e7\u00f5es.<\/p>\n<p><strong>\u00a0 \u00a0 \u00a0 1.<\/strong> Um primeiro desafio para a Ordem Franciscana Secular \u00e9 certamente um empenho a ser feito no sentido de que os membros da Ordem assimilem o esp\u00edrito da Regra de 1978, promulgada pelo papa Paulo VI.Todos s\u00e3o un\u00e2nimes em reconhecer que se trata de um texto inspiracional atualizado que, se vivido com toda garra, forja um novo tipo de franciscano no meio do mundo. N\u00e3o poucas fraternidades em todas as partes n\u00e3o conseguiram ainda fazer com que o texto passasse realmente a ser uma segunda natureza dos seculares, uma regra de vida e na vida. N\u00e3o poder\u00e1 deixar de haver esse empenho de levar a todos a que assimilem seu documento de vida.<\/p>\n<p><strong>\u00a0 \u00a0 \u00a0 2.<\/strong> Em tempos como os nossos, precisamente, desafio de monta \u00e9 aquele da forma\u00e7\u00e3o inicial e permanente. N\u00e3o \u00e9 necess\u00e1rio lembrar algumas marcas de nossos tempos: pluralismo, receio do definitivo, gosto pelo provis\u00f3rio, individualismo, mentalidade hedonista, tenta\u00e7\u00e3o de se acomodar com o m\u00ednimo, desconfian\u00e7a diante das institui\u00e7\u00f5es, falta de esp\u00edrito cr\u00edtico. O formador e sua equipe n\u00e3o s\u00e3o professores, mas pessoas que adquiriam uma vis\u00e3o pr\u00e1tica da vida franciscana secular e que haver\u00e3o de transmitir mais pela conviv\u00eancia, pelo estar com, do que pela erudi\u00e7\u00e3o \u201cprofessoral\u201d. Desafio \u00e9, pois, o de formar formadores. Pensamos nas fraternidades j\u00e1 com anos de vidas e nessas tantas que emergem na \u00c1sia e na \u00c1frica. As fraternidades mais antigas precisam abrir-se ao novo, esse novo que \u00e9 apontado pelo Esp\u00edrito. Nossas fraternidades necessitam ser laborat\u00f3rios onde se ensaia o novo que Deus pede.<\/p>\n<p><strong>\u00a0 \u00a0 \u00a03.<\/strong> Desafio que enfrenta o formador \u00e9 a pr\u00f3pria pessoa do formando que, n\u00e3o poucas vezes, prov\u00e9m de fam\u00edlias desestruturadas e ambientes que n\u00e3o respiravam a busca de Deus. Muitos de nossos formandos precisam se reestruturar antes de professarem a Regra da OFS. Trazem traumas colados \u00e0 pele e feridas que custam a cicatrizar. Fundamental que os formandos experimentem de verdade a Deus, a vida fraterna e a conviv\u00eancia com os mais abandonados. Em outras palavras, busca do Bem e Sumo Bem, viv\u00eancia fraterna e abertura aos mais abandonados (leprosos de hoje).<\/p>\n<p><strong>\u00a0 \u00a0 \u00a0 4.<\/strong> Desafio da OFS comum a todos os ramos da vida franciscana e de outras fam\u00edlias religiosas \u00e9 a quest\u00e3o da busca de novas voca\u00e7\u00f5es de um lado e uma motiva\u00e7\u00e3o mais entusiasta para os que j\u00e1 est\u00e3o. A Ordem est\u00e1 se difundindo mais e melhor fora do velho continente europeu. O que significa efetivamente fazer uma pastoral de busca de novas voca\u00e7\u00f5es franciscanas? Como motivar os irm\u00e3os que j\u00e1 professaram? Todos os ramos da fam\u00edlia franciscana precisam viver mais pr\u00f3ximos uns dos outros, cada um testemunhando a alegria de seguir o Evangelho \u00e0 maneira de Francisco por meio de gestos eloquentes. As fraternidades j\u00e1 cansadas haver\u00e3o de se retemperar por meio de retiros seculentos, de decidida volta \u00e0s fontes. Nunca esquecer que a voca\u00e7\u00e3o \u00e9 dom de Deus. O que nos cabe fazer \u00e9 abrir caminhos para que ele possa aparecer e chamar. O carisma continua atual. Ser\u00e1 que nos damos um testemunho t\u00e3o eloquente que bastaria como propaganda vocacional.<\/p>\n<p><strong>\u00a0 \u00a0 \u00a0 5<\/strong>. H\u00e1 uma quest\u00e3o que sempre volta \u00e0 nossa mente: At\u00e9 que ponto nossas fraternidades, nos diferentes n\u00edveis, est\u00e3o formando um laicato maduro? Em n\u00e3o poucos lugares vemos um laicato franciscano em a\u00e7\u00e3o. De outro lado perdura ainda um certo esp\u00edrito de devocionalismo que torna os franciscanos seculares muito presentes nas atividades do clero, nas tarefas internas da Igreja, frequentando muito as sacristias. Precisamos de leigos franciscanos no seio das fam\u00edlias, homens e mulheres que vivam o casamento belamente no meio do mundo, que convivam com grupos de casados, que eduquem os filhos longe de uma mentalidade de consumismo demolidor, de competi\u00e7\u00e3o desleal e pouco caridosa, de centraliza\u00e7\u00e3o nos pequenos interesses. Precisamos de leigos fortes que, no meio do mundo, n\u00e3o percam o esp\u00edrito da santa ora\u00e7\u00e3o e da devo\u00e7\u00e3o. Leigos franciscanos podem dar sua contribui\u00e7\u00e3o para que a Igreja tenha fam\u00edlias novas. Necess\u00e1rio formar leigos que impregnem a educa\u00e7\u00e3o, a medicina, as f\u00e1bricas, o com\u00e9rcio com esp\u00edrito evang\u00e9lico-franciscano de simplicidade, parcim\u00f4nia, fraternismo, alegria serena, busca da abund\u00e2ncia das coisas necess\u00e1rias e n\u00e3o cultivo tolo do sup\u00e9rfluo e do descart\u00e1vel.<\/p>\n<p><strong>\u00a0 \u00a0 \u00a0 \u00a06.<\/strong> Ainda uma \u00faltima observa\u00e7\u00e3o: necessitamos de assistentes espirituais que gostem da Ordem. Os Documentos da Ordem dos leigos e dos frades s\u00e3o claros; fundamental a presen\u00e7a do frade na vida das fraternidades. Ele \u00e9 sinal de unidade. Sua presen\u00e7a n\u00e3o \u00e9 decorativa, ocasi\u00e3o, facultativa. N\u00e3o \u00e9 dono de nada e n\u00e3o dirige a Ordem. Nos diferentes n\u00edveis a Ordem n\u00e3o conta com regular presen\u00e7a de frades devidamente preparados e que apreciem a Ordem dos Seculares. No tempo da forma\u00e7\u00e3o inicial dos frades ser\u00e1 fundamental que vejam despertar em sua voca\u00e7\u00e3o de frades o desejo de serem irm\u00e3os e assistentes dos seculares. N\u00e3o basta que os Provinciais nomeiem frades. Estes dever\u00e3o ser apaixonados pelo carisma tanto da Primeira como da Segunda e Terceira Ordens.<\/p>\n<p><strong>Frei Almir Ribeiro Guimar\u00e3es, OFM<\/strong><br \/>\n<strong>Assistente Nacional pela OFM<\/strong><\/p>\n<p>LEIA TAMB\u00c9M: <a href=\"http:\/\/franciscanos.org.br\/?p=72180\">FRANCISCANOS SECULARES T\u00caM NOVO MINISTRO GERAL\u00a0<\/a><\/p>\n","protected":false},"excerpt":{"rendered":"<p>OFS<\/p>\n","protected":false},"author":1,"featured_media":174774,"comment_status":"open","ping_status":"open","sticky":false,"template":"","format":"standard","meta":[],"categories":[14],"tags":[],"yoast_head":"<!-- This site is optimized with the Yoast SEO plugin v19.2 - https:\/\/yoast.com\/wordpress\/plugins\/seo\/ -->\n<title>Kauser: novo Ministro Geral. Provoca\u00e7\u00f5es e desafios do sex\u00eanio. - Carisma - Franciscanos<\/title>\n<meta name=\"robots\" content=\"index, follow, max-snippet:-1, max-image-preview:large, max-video-preview:-1\" \/>\n<link rel=\"canonical\" href=\"https:\/\/franciscanos.org.br\/carisma\/tibor-kauser-novo-ministro-geral-desafios-e-provacoes-do-sexenio.html\" \/>\n<meta property=\"og:locale\" content=\"pt_BR\" \/>\n<meta property=\"og:type\" content=\"article\" \/>\n<meta property=\"og:title\" content=\"Kauser: novo Ministro Geral. Provoca\u00e7\u00f5es e desafios do sex\u00eanio. - Carisma - Franciscanos\" \/>\n<meta property=\"og:description\" content=\"OFS\" \/>\n<meta property=\"og:url\" content=\"https:\/\/franciscanos.org.br\/carisma\/tibor-kauser-novo-ministro-geral-desafios-e-provacoes-do-sexenio.html\" \/>\n<meta property=\"og:site_name\" content=\"Carisma - Franciscanos\" \/>\n<meta property=\"article:published_time\" content=\"2014-11-07T12:50:08+00:00\" \/>\n<meta property=\"og:image\" content=\"https:\/\/franciscanos.org.br\/carisma\/wp-content\/uploads\/2018\/10\/tibor_07.jpg\" \/>\n\t<meta property=\"og:image:width\" content=\"820\" \/>\n\t<meta property=\"og:image:height\" content=\"322\" \/>\n\t<meta property=\"og:image:type\" content=\"image\/jpeg\" \/>\n<meta name=\"author\" content=\"admin\" \/>\n<meta name=\"twitter:card\" content=\"summary_large_image\" \/>\n<meta name=\"twitter:label1\" content=\"Escrito por\" \/>\n\t<meta name=\"twitter:data1\" content=\"admin\" \/>\n\t<meta name=\"twitter:label2\" content=\"Est. tempo de leitura\" \/>\n\t<meta name=\"twitter:data2\" content=\"5 minutos\" \/>\n<script type=\"application\/ld+json\" class=\"yoast-schema-graph\">{\"@context\":\"https:\/\/schema.org\",\"@graph\":[{\"@type\":\"WebSite\",\"@id\":\"https:\/\/franciscanos.org.br\/carisma\/#website\",\"url\":\"https:\/\/franciscanos.org.br\/carisma\/\",\"name\":\"Carisma - Franciscanos\",\"description\":\"Prov\u00edncia Franciscana da Imaculada Concei\u00e7\u00e3o do Brasil - Ordem dos Frades Menores\",\"potentialAction\":[{\"@type\":\"SearchAction\",\"target\":{\"@type\":\"EntryPoint\",\"urlTemplate\":\"https:\/\/franciscanos.org.br\/carisma\/?s={search_term_string}\"},\"query-input\":\"required name=search_term_string\"}],\"inLanguage\":\"pt-BR\"},{\"@type\":\"ImageObject\",\"inLanguage\":\"pt-BR\",\"@id\":\"https:\/\/franciscanos.org.br\/carisma\/tibor-kauser-novo-ministro-geral-desafios-e-provacoes-do-sexenio.html#primaryimage\",\"url\":\"https:\/\/franciscanos.org.br\/carisma\/wp-content\/uploads\/2018\/10\/tibor_07.jpg\",\"contentUrl\":\"https:\/\/franciscanos.org.br\/carisma\/wp-content\/uploads\/2018\/10\/tibor_07.jpg\",\"width\":820,\"height\":322},{\"@type\":\"WebPage\",\"@id\":\"https:\/\/franciscanos.org.br\/carisma\/tibor-kauser-novo-ministro-geral-desafios-e-provacoes-do-sexenio.html#webpage\",\"url\":\"https:\/\/franciscanos.org.br\/carisma\/tibor-kauser-novo-ministro-geral-desafios-e-provacoes-do-sexenio.html\",\"name\":\"Kauser: novo Ministro Geral. Provoca\u00e7\u00f5es e desafios do sex\u00eanio. - Carisma - Franciscanos\",\"isPartOf\":{\"@id\":\"https:\/\/franciscanos.org.br\/carisma\/#website\"},\"primaryImageOfPage\":{\"@id\":\"https:\/\/franciscanos.org.br\/carisma\/tibor-kauser-novo-ministro-geral-desafios-e-provacoes-do-sexenio.html#primaryimage\"},\"datePublished\":\"2014-11-07T12:50:08+00:00\",\"dateModified\":\"2014-11-07T12:50:08+00:00\",\"author\":{\"@id\":\"https:\/\/franciscanos.org.br\/carisma\/#\/schema\/person\/e352342a457f086dc6152f9c73a3d093\"},\"breadcrumb\":{\"@id\":\"https:\/\/franciscanos.org.br\/carisma\/tibor-kauser-novo-ministro-geral-desafios-e-provacoes-do-sexenio.html#breadcrumb\"},\"inLanguage\":\"pt-BR\",\"potentialAction\":[{\"@type\":\"ReadAction\",\"target\":[\"https:\/\/franciscanos.org.br\/carisma\/tibor-kauser-novo-ministro-geral-desafios-e-provacoes-do-sexenio.html\"]}]},{\"@type\":\"BreadcrumbList\",\"@id\":\"https:\/\/franciscanos.org.br\/carisma\/tibor-kauser-novo-ministro-geral-desafios-e-provacoes-do-sexenio.html#breadcrumb\",\"itemListElement\":[{\"@type\":\"ListItem\",\"position\":1,\"name\":\"Home\",\"item\":\"https:\/\/franciscanos.org.br\/carisma\"},{\"@type\":\"ListItem\",\"position\":2,\"name\":\"Kauser: novo Ministro Geral. Provoca\u00e7\u00f5es e desafios do sex\u00eanio.\"}]},{\"@type\":\"Person\",\"@id\":\"https:\/\/franciscanos.org.br\/carisma\/#\/schema\/person\/e352342a457f086dc6152f9c73a3d093\",\"name\":\"admin\",\"image\":{\"@type\":\"ImageObject\",\"inLanguage\":\"pt-BR\",\"@id\":\"https:\/\/franciscanos.org.br\/carisma\/#\/schema\/person\/image\/\",\"url\":\"https:\/\/secure.gravatar.com\/avatar\/e8495742d34d0ba6448ea1c628263b3e?s=96&d=mm&r=g\",\"contentUrl\":\"https:\/\/secure.gravatar.com\/avatar\/e8495742d34d0ba6448ea1c628263b3e?s=96&d=mm&r=g\",\"caption\":\"admin\"},\"url\":\"https:\/\/franciscanos.org.br\/carisma\/author\/admin\"}]}<\/script>\n<!-- \/ Yoast SEO plugin. -->","yoast_head_json":{"title":"Kauser: novo Ministro Geral. Provoca\u00e7\u00f5es e desafios do sex\u00eanio. - Carisma - Franciscanos","robots":{"index":"index","follow":"follow","max-snippet":"max-snippet:-1","max-image-preview":"max-image-preview:large","max-video-preview":"max-video-preview:-1"},"canonical":"https:\/\/franciscanos.org.br\/carisma\/tibor-kauser-novo-ministro-geral-desafios-e-provacoes-do-sexenio.html","og_locale":"pt_BR","og_type":"article","og_title":"Kauser: novo Ministro Geral. Provoca\u00e7\u00f5es e desafios do sex\u00eanio. - Carisma - Franciscanos","og_description":"OFS","og_url":"https:\/\/franciscanos.org.br\/carisma\/tibor-kauser-novo-ministro-geral-desafios-e-provacoes-do-sexenio.html","og_site_name":"Carisma - Franciscanos","article_published_time":"2014-11-07T12:50:08+00:00","og_image":[{"width":820,"height":322,"url":"https:\/\/franciscanos.org.br\/carisma\/wp-content\/uploads\/2018\/10\/tibor_07.jpg","type":"image\/jpeg"}],"author":"admin","twitter_card":"summary_large_image","twitter_misc":{"Escrito por":"admin","Est. tempo de leitura":"5 minutos"},"schema":{"@context":"https:\/\/schema.org","@graph":[{"@type":"WebSite","@id":"https:\/\/franciscanos.org.br\/carisma\/#website","url":"https:\/\/franciscanos.org.br\/carisma\/","name":"Carisma - Franciscanos","description":"Prov\u00edncia Franciscana da Imaculada Concei\u00e7\u00e3o do Brasil - Ordem dos Frades Menores","potentialAction":[{"@type":"SearchAction","target":{"@type":"EntryPoint","urlTemplate":"https:\/\/franciscanos.org.br\/carisma\/?s={search_term_string}"},"query-input":"required name=search_term_string"}],"inLanguage":"pt-BR"},{"@type":"ImageObject","inLanguage":"pt-BR","@id":"https:\/\/franciscanos.org.br\/carisma\/tibor-kauser-novo-ministro-geral-desafios-e-provacoes-do-sexenio.html#primaryimage","url":"https:\/\/franciscanos.org.br\/carisma\/wp-content\/uploads\/2018\/10\/tibor_07.jpg","contentUrl":"https:\/\/franciscanos.org.br\/carisma\/wp-content\/uploads\/2018\/10\/tibor_07.jpg","width":820,"height":322},{"@type":"WebPage","@id":"https:\/\/franciscanos.org.br\/carisma\/tibor-kauser-novo-ministro-geral-desafios-e-provacoes-do-sexenio.html#webpage","url":"https:\/\/franciscanos.org.br\/carisma\/tibor-kauser-novo-ministro-geral-desafios-e-provacoes-do-sexenio.html","name":"Kauser: novo Ministro Geral. Provoca\u00e7\u00f5es e desafios do sex\u00eanio. - Carisma - Franciscanos","isPartOf":{"@id":"https:\/\/franciscanos.org.br\/carisma\/#website"},"primaryImageOfPage":{"@id":"https:\/\/franciscanos.org.br\/carisma\/tibor-kauser-novo-ministro-geral-desafios-e-provacoes-do-sexenio.html#primaryimage"},"datePublished":"2014-11-07T12:50:08+00:00","dateModified":"2014-11-07T12:50:08+00:00","author":{"@id":"https:\/\/franciscanos.org.br\/carisma\/#\/schema\/person\/e352342a457f086dc6152f9c73a3d093"},"breadcrumb":{"@id":"https:\/\/franciscanos.org.br\/carisma\/tibor-kauser-novo-ministro-geral-desafios-e-provacoes-do-sexenio.html#breadcrumb"},"inLanguage":"pt-BR","potentialAction":[{"@type":"ReadAction","target":["https:\/\/franciscanos.org.br\/carisma\/tibor-kauser-novo-ministro-geral-desafios-e-provacoes-do-sexenio.html"]}]},{"@type":"BreadcrumbList","@id":"https:\/\/franciscanos.org.br\/carisma\/tibor-kauser-novo-ministro-geral-desafios-e-provacoes-do-sexenio.html#breadcrumb","itemListElement":[{"@type":"ListItem","position":1,"name":"Home","item":"https:\/\/franciscanos.org.br\/carisma"},{"@type":"ListItem","position":2,"name":"Kauser: novo Ministro Geral. Provoca\u00e7\u00f5es e desafios do sex\u00eanio."}]},{"@type":"Person","@id":"https:\/\/franciscanos.org.br\/carisma\/#\/schema\/person\/e352342a457f086dc6152f9c73a3d093","name":"admin","image":{"@type":"ImageObject","inLanguage":"pt-BR","@id":"https:\/\/franciscanos.org.br\/carisma\/#\/schema\/person\/image\/","url":"https:\/\/secure.gravatar.com\/avatar\/e8495742d34d0ba6448ea1c628263b3e?s=96&d=mm&r=g","contentUrl":"https:\/\/secure.gravatar.com\/avatar\/e8495742d34d0ba6448ea1c628263b3e?s=96&d=mm&r=g","caption":"admin"},"url":"https:\/\/franciscanos.org.br\/carisma\/author\/admin"}]}},"_links":{"self":[{"href":"https:\/\/franciscanos.org.br\/carisma\/wp-json\/wp\/v2\/posts\/72247"}],"collection":[{"href":"https:\/\/franciscanos.org.br\/carisma\/wp-json\/wp\/v2\/posts"}],"about":[{"href":"https:\/\/franciscanos.org.br\/carisma\/wp-json\/wp\/v2\/types\/post"}],"author":[{"embeddable":true,"href":"https:\/\/franciscanos.org.br\/carisma\/wp-json\/wp\/v2\/users\/1"}],"replies":[{"embeddable":true,"href":"https:\/\/franciscanos.org.br\/carisma\/wp-json\/wp\/v2\/comments?post=72247"}],"version-history":[{"count":0,"href":"https:\/\/franciscanos.org.br\/carisma\/wp-json\/wp\/v2\/posts\/72247\/revisions"}],"wp:featuredmedia":[{"embeddable":true,"href":"https:\/\/franciscanos.org.br\/carisma\/wp-json\/wp\/v2\/media\/174774"}],"wp:attachment":[{"href":"https:\/\/franciscanos.org.br\/carisma\/wp-json\/wp\/v2\/media?parent=72247"}],"wp:term":[{"taxonomy":"category","embeddable":true,"href":"https:\/\/franciscanos.org.br\/carisma\/wp-json\/wp\/v2\/categories?post=72247"},{"taxonomy":"post_tag","embeddable":true,"href":"https:\/\/franciscanos.org.br\/carisma\/wp-json\/wp\/v2\/tags?post=72247"}],"curies":[{"name":"wp","href":"https:\/\/api.w.org\/{rel}","templated":true}]}}