{"id":67674,"date":"2014-09-25T00:15:52","date_gmt":"2014-09-25T03:15:52","guid":{"rendered":"http:\/\/franciscanos.org.br\/?p=67674"},"modified":"2018-11-08T14:39:03","modified_gmt":"2018-11-08T16:39:03","slug":"o-que-desejam-esses-que-se-chamam-frades-menores","status":"publish","type":"post","link":"https:\/\/franciscanos.org.br\/carisma\/o-que-desejam-esses-que-se-chamam-frades-menores.html","title":{"rendered":"O que desejam esses que se chamam Frades Menores"},"content":{"rendered":"<p>&nbsp;<\/p>\n<p><img loading=\"lazy\" class=\"alignnone size-full wp-image-175136\" src=\"http:\/\/franciscanos.org.br\/carisma\/wp-content\/uploads\/2014\/09\/FRANCISCO_09.jpg\" alt=\"\" width=\"890\" height=\"700\" srcset=\"https:\/\/franciscanos.org.br\/carisma\/wp-content\/uploads\/2014\/09\/FRANCISCO_09.jpg 890w, https:\/\/franciscanos.org.br\/carisma\/wp-content\/uploads\/2014\/09\/FRANCISCO_09-450x354.jpg 450w, https:\/\/franciscanos.org.br\/carisma\/wp-content\/uploads\/2014\/09\/FRANCISCO_09-768x604.jpg 768w, https:\/\/franciscanos.org.br\/carisma\/wp-content\/uploads\/2014\/09\/FRANCISCO_09-150x118.jpg 150w\" sizes=\"(max-width: 890px) 100vw, 890px\" \/><\/p>\n<p><strong>Francisco nos responde na Regra dita n\u00e3o-bulada:<\/strong><\/p>\n<p>\u201cDesde que abandonamos o mundo, outra coisa n\u00e3o temos a fazer sen\u00e3o empenhar-nos em seguir a vontade de Deus e agradar a Ele. Tomemos muito cuidado de n\u00e3o sermos a terra do caminho ou pedregosa ou abafada pelos espinheiros, a qual se refere o Senhor\u00a0 no Evangelho&#8230; e muito nos acautelemos\u00a0 da mal\u00edcia e sutilidade de Satan\u00e1s que n\u00e3o quer\u00a0 que o homem eleve o seu esp\u00edrito e o cora\u00e7\u00e3o para o Senhor\u00a0 seu Deus. Ele anda por a\u00ed e gostaria de atrair para o seu lado o cora\u00e7\u00e3o do homem e sufocar-lhe na mem\u00f3ria os preceitos e as palavras do Senhor;\u00a0 ele quer\u00a0 obcecar o cora\u00e7\u00e3o do homem por meio das solicitudes e cuidados mundanos e nele habitar (&#8230;). Por isso, irm\u00e3os todos, vigiemo-nos\u00a0 muito a n\u00f3s mesmos, a fim de n\u00e3o perdermos ou desviarmos do Senhor a nossa mente e nosso cora\u00e7\u00e3o\u00a0 sob a apar\u00eancia de uma recompensa ou obra ou ajuda. Mas na santa caridade que \u00e9 Deus, rogo a todos os irm\u00e3os, tanto os ministros como os outros, removam todos os obst\u00e1culos e rejeitem todos os cuidados e solicitudes, para, com o melhor de suas for\u00e7as, servir, amar, adorar e honrar de cora\u00e7\u00e3o reto e mente pura, o Senhor nosso Deus, pois \u00e9 isso que ele deseja sem medida. E preparemos-lhe sempre dentro\u00a0 de n\u00f3s uma morada permanente, a Ele que \u00e9 o Senhor e Deus todo poderoso&#8230;\u201d<\/p>\n<p><strong>Regra n\u00e3o-bulada,\u00a0 22\u00a0\u00a0<\/strong><\/p>\n<h2>Tr\u00eas ou quatro raz\u00f5es para ser Frade Menor&#8230; ou quem sabe mais<\/h2>\n<p><strong>1.<\/strong> N\u00e3o se fica frade menor, frade franciscano, da noite para o dia. H\u00e1 muitos elementos que precisam ser levados em considera\u00e7\u00e3o ao longo da caminhada at\u00e9 que algu\u00e9m possa dizer quem \u00e9 disc\u00edpulo de Cristo franciscanamente. Um antigo ditado diz que acaba bem o que bem come\u00e7a. Ningu\u00e9m \u00e9 frade menor quando ingressa na Ordem, mas somente depois de andar muito tempo no seguimento de Jesus.<br \/>\n<strong>2.<\/strong> Pode ser franciscano aquele que anda insatisfeito com a mentalidade do mundo: cada um buscando seu interesse, pessoas voltadas para si mesmas nos meios de comunica\u00e7\u00e3o, gente buscando prest\u00edgio, sucesso. Gente carreirista, sem escr\u00fapulos de descartar hist\u00f3rias e vidas. H\u00e1 aquelas pessoas que andam descontentes com a vida da mesmice: mesmice no casamento, mesmice na pastoral, mesmice atrofiante. Essas pessoas podem estar buscando um caminho novo que o Evangelho oferece. Podiam tentar&#8230;<br \/>\n<strong>3.<\/strong> Pode ser franciscano aquele que n\u00e3o suporta mais a superficialidade de sua vida e da vida \u00e0 sua volta. Quer um espa\u00e7o de interioriza\u00e7\u00e3o, de serena escuta do Senhor. Quer sair da superficialidade e n\u00e3o deseja servir a pequenos senhores, mas ao Senhor que lava os p\u00e9s dos seus.<br \/>\n<strong>4.<\/strong> Pode ser franciscano aquele que vive um dilaceramento interior entre a\u00e7\u00e3o e contempla\u00e7\u00e3o. Essa pessoa quer mergulhar na ora\u00e7\u00e3o que n\u00e3o seja apenas quest\u00e3o de palavras ditas, mas de suspiros e murm\u00farios produzidos pelo Espirito em seu interior aberto. Na realidade quem se deixa possuir pelo Esp\u00edrito est\u00e1 sempre em estado de ora\u00e7\u00e3o.<br \/>\n<strong>5.<\/strong> Pode ser franciscano aquele que anda fortemente desejoso de ser o melhor e o mais competente em tudo o que faz e, ao mesmo tempo, dizendo como ensina o Evangelho: \u201cNada fizemos de extraordin\u00e1rio, e sim apenas o que dev\u00edamos ter feito. Somos servos in\u00fateis\u201d.<br \/>\n<strong>6.<\/strong> Pode ser franciscano aquele que tem um cora\u00e7\u00e3o do tamanho do mundo para pregar atrav\u00e9s de seu jeito de ser, da compet\u00eancia de seus estudos, na for\u00e7a de Deus que mora dentro dele.<br \/>\n<strong>7.<\/strong> Em suma, pode ser franciscano algu\u00e9m foi profunda e definitivamente fisgado pelo Evangelho.<\/p>\n<p>&nbsp;<\/p>\n","protected":false},"excerpt":{"rendered":"<p>Franciscanamente<\/p>\n","protected":false},"author":1,"featured_media":175136,"comment_status":"open","ping_status":"open","sticky":false,"template":"","format":"standard","meta":[],"categories":[11],"tags":[],"yoast_head":"<!-- This site is optimized with the Yoast SEO plugin v19.2 - https:\/\/yoast.com\/wordpress\/plugins\/seo\/ -->\n<title>O que desejam esses que se chamam Frades Menores - Carisma - Franciscanos<\/title>\n<meta name=\"robots\" content=\"index, follow, max-snippet:-1, max-image-preview:large, max-video-preview:-1\" \/>\n<link rel=\"canonical\" href=\"https:\/\/franciscanos.org.br\/carisma\/o-que-desejam-esses-que-se-chamam-frades-menores.html\" \/>\n<meta property=\"og:locale\" content=\"pt_BR\" \/>\n<meta property=\"og:type\" content=\"article\" \/>\n<meta property=\"og:title\" content=\"O que desejam esses que se chamam Frades Menores - Carisma - Franciscanos\" \/>\n<meta property=\"og:description\" content=\"Franciscanamente\" \/>\n<meta property=\"og:url\" content=\"https:\/\/franciscanos.org.br\/carisma\/o-que-desejam-esses-que-se-chamam-frades-menores.html\" \/>\n<meta property=\"og:site_name\" content=\"Carisma - Franciscanos\" \/>\n<meta property=\"article:published_time\" content=\"2014-09-25T03:15:52+00:00\" \/>\n<meta property=\"article:modified_time\" content=\"2018-11-08T16:39:03+00:00\" \/>\n<meta property=\"og:image\" content=\"https:\/\/franciscanos.org.br\/carisma\/wp-content\/uploads\/2014\/09\/FRANCISCO_09.jpg\" \/>\n\t<meta property=\"og:image:width\" content=\"890\" \/>\n\t<meta property=\"og:image:height\" content=\"700\" \/>\n\t<meta property=\"og:image:type\" content=\"image\/jpeg\" \/>\n<meta name=\"author\" content=\"admin\" \/>\n<meta name=\"twitter:card\" content=\"summary_large_image\" \/>\n<meta name=\"twitter:label1\" content=\"Escrito por\" \/>\n\t<meta name=\"twitter:data1\" content=\"admin\" \/>\n\t<meta name=\"twitter:label2\" content=\"Est. tempo de leitura\" \/>\n\t<meta name=\"twitter:data2\" content=\"3 minutos\" \/>\n<script type=\"application\/ld+json\" class=\"yoast-schema-graph\">{\"@context\":\"https:\/\/schema.org\",\"@graph\":[{\"@type\":\"WebSite\",\"@id\":\"https:\/\/franciscanos.org.br\/carisma\/#website\",\"url\":\"https:\/\/franciscanos.org.br\/carisma\/\",\"name\":\"Carisma - Franciscanos\",\"description\":\"Prov\u00edncia Franciscana da Imaculada Concei\u00e7\u00e3o do Brasil - Ordem dos Frades Menores\",\"potentialAction\":[{\"@type\":\"SearchAction\",\"target\":{\"@type\":\"EntryPoint\",\"urlTemplate\":\"https:\/\/franciscanos.org.br\/carisma\/?s={search_term_string}\"},\"query-input\":\"required name=search_term_string\"}],\"inLanguage\":\"pt-BR\"},{\"@type\":\"ImageObject\",\"inLanguage\":\"pt-BR\",\"@id\":\"https:\/\/franciscanos.org.br\/carisma\/o-que-desejam-esses-que-se-chamam-frades-menores.html#primaryimage\",\"url\":\"https:\/\/franciscanos.org.br\/carisma\/wp-content\/uploads\/2014\/09\/FRANCISCO_09.jpg\",\"contentUrl\":\"https:\/\/franciscanos.org.br\/carisma\/wp-content\/uploads\/2014\/09\/FRANCISCO_09.jpg\",\"width\":890,\"height\":700},{\"@type\":\"WebPage\",\"@id\":\"https:\/\/franciscanos.org.br\/carisma\/o-que-desejam-esses-que-se-chamam-frades-menores.html#webpage\",\"url\":\"https:\/\/franciscanos.org.br\/carisma\/o-que-desejam-esses-que-se-chamam-frades-menores.html\",\"name\":\"O que desejam esses que se chamam Frades Menores - Carisma - Franciscanos\",\"isPartOf\":{\"@id\":\"https:\/\/franciscanos.org.br\/carisma\/#website\"},\"primaryImageOfPage\":{\"@id\":\"https:\/\/franciscanos.org.br\/carisma\/o-que-desejam-esses-que-se-chamam-frades-menores.html#primaryimage\"},\"datePublished\":\"2014-09-25T03:15:52+00:00\",\"dateModified\":\"2018-11-08T16:39:03+00:00\",\"author\":{\"@id\":\"https:\/\/franciscanos.org.br\/carisma\/#\/schema\/person\/e352342a457f086dc6152f9c73a3d093\"},\"breadcrumb\":{\"@id\":\"https:\/\/franciscanos.org.br\/carisma\/o-que-desejam-esses-que-se-chamam-frades-menores.html#breadcrumb\"},\"inLanguage\":\"pt-BR\",\"potentialAction\":[{\"@type\":\"ReadAction\",\"target\":[\"https:\/\/franciscanos.org.br\/carisma\/o-que-desejam-esses-que-se-chamam-frades-menores.html\"]}]},{\"@type\":\"BreadcrumbList\",\"@id\":\"https:\/\/franciscanos.org.br\/carisma\/o-que-desejam-esses-que-se-chamam-frades-menores.html#breadcrumb\",\"itemListElement\":[{\"@type\":\"ListItem\",\"position\":1,\"name\":\"Home\",\"item\":\"https:\/\/franciscanos.org.br\/carisma\"},{\"@type\":\"ListItem\",\"position\":2,\"name\":\"O que desejam esses que se chamam Frades Menores\"}]},{\"@type\":\"Person\",\"@id\":\"https:\/\/franciscanos.org.br\/carisma\/#\/schema\/person\/e352342a457f086dc6152f9c73a3d093\",\"name\":\"admin\",\"image\":{\"@type\":\"ImageObject\",\"inLanguage\":\"pt-BR\",\"@id\":\"https:\/\/franciscanos.org.br\/carisma\/#\/schema\/person\/image\/\",\"url\":\"https:\/\/secure.gravatar.com\/avatar\/e8495742d34d0ba6448ea1c628263b3e?s=96&d=mm&r=g\",\"contentUrl\":\"https:\/\/secure.gravatar.com\/avatar\/e8495742d34d0ba6448ea1c628263b3e?s=96&d=mm&r=g\",\"caption\":\"admin\"},\"url\":\"https:\/\/franciscanos.org.br\/carisma\/author\/admin\"}]}<\/script>\n<!-- \/ Yoast SEO plugin. -->","yoast_head_json":{"title":"O que desejam esses que se chamam Frades Menores - Carisma - Franciscanos","robots":{"index":"index","follow":"follow","max-snippet":"max-snippet:-1","max-image-preview":"max-image-preview:large","max-video-preview":"max-video-preview:-1"},"canonical":"https:\/\/franciscanos.org.br\/carisma\/o-que-desejam-esses-que-se-chamam-frades-menores.html","og_locale":"pt_BR","og_type":"article","og_title":"O que desejam esses que se chamam Frades Menores - Carisma - Franciscanos","og_description":"Franciscanamente","og_url":"https:\/\/franciscanos.org.br\/carisma\/o-que-desejam-esses-que-se-chamam-frades-menores.html","og_site_name":"Carisma - Franciscanos","article_published_time":"2014-09-25T03:15:52+00:00","article_modified_time":"2018-11-08T16:39:03+00:00","og_image":[{"width":890,"height":700,"url":"https:\/\/franciscanos.org.br\/carisma\/wp-content\/uploads\/2014\/09\/FRANCISCO_09.jpg","type":"image\/jpeg"}],"author":"admin","twitter_card":"summary_large_image","twitter_misc":{"Escrito por":"admin","Est. tempo de leitura":"3 minutos"},"schema":{"@context":"https:\/\/schema.org","@graph":[{"@type":"WebSite","@id":"https:\/\/franciscanos.org.br\/carisma\/#website","url":"https:\/\/franciscanos.org.br\/carisma\/","name":"Carisma - Franciscanos","description":"Prov\u00edncia Franciscana da Imaculada Concei\u00e7\u00e3o do Brasil - Ordem dos Frades Menores","potentialAction":[{"@type":"SearchAction","target":{"@type":"EntryPoint","urlTemplate":"https:\/\/franciscanos.org.br\/carisma\/?s={search_term_string}"},"query-input":"required name=search_term_string"}],"inLanguage":"pt-BR"},{"@type":"ImageObject","inLanguage":"pt-BR","@id":"https:\/\/franciscanos.org.br\/carisma\/o-que-desejam-esses-que-se-chamam-frades-menores.html#primaryimage","url":"https:\/\/franciscanos.org.br\/carisma\/wp-content\/uploads\/2014\/09\/FRANCISCO_09.jpg","contentUrl":"https:\/\/franciscanos.org.br\/carisma\/wp-content\/uploads\/2014\/09\/FRANCISCO_09.jpg","width":890,"height":700},{"@type":"WebPage","@id":"https:\/\/franciscanos.org.br\/carisma\/o-que-desejam-esses-que-se-chamam-frades-menores.html#webpage","url":"https:\/\/franciscanos.org.br\/carisma\/o-que-desejam-esses-que-se-chamam-frades-menores.html","name":"O que desejam esses que se chamam Frades Menores - Carisma - Franciscanos","isPartOf":{"@id":"https:\/\/franciscanos.org.br\/carisma\/#website"},"primaryImageOfPage":{"@id":"https:\/\/franciscanos.org.br\/carisma\/o-que-desejam-esses-que-se-chamam-frades-menores.html#primaryimage"},"datePublished":"2014-09-25T03:15:52+00:00","dateModified":"2018-11-08T16:39:03+00:00","author":{"@id":"https:\/\/franciscanos.org.br\/carisma\/#\/schema\/person\/e352342a457f086dc6152f9c73a3d093"},"breadcrumb":{"@id":"https:\/\/franciscanos.org.br\/carisma\/o-que-desejam-esses-que-se-chamam-frades-menores.html#breadcrumb"},"inLanguage":"pt-BR","potentialAction":[{"@type":"ReadAction","target":["https:\/\/franciscanos.org.br\/carisma\/o-que-desejam-esses-que-se-chamam-frades-menores.html"]}]},{"@type":"BreadcrumbList","@id":"https:\/\/franciscanos.org.br\/carisma\/o-que-desejam-esses-que-se-chamam-frades-menores.html#breadcrumb","itemListElement":[{"@type":"ListItem","position":1,"name":"Home","item":"https:\/\/franciscanos.org.br\/carisma"},{"@type":"ListItem","position":2,"name":"O que desejam esses que se chamam Frades Menores"}]},{"@type":"Person","@id":"https:\/\/franciscanos.org.br\/carisma\/#\/schema\/person\/e352342a457f086dc6152f9c73a3d093","name":"admin","image":{"@type":"ImageObject","inLanguage":"pt-BR","@id":"https:\/\/franciscanos.org.br\/carisma\/#\/schema\/person\/image\/","url":"https:\/\/secure.gravatar.com\/avatar\/e8495742d34d0ba6448ea1c628263b3e?s=96&d=mm&r=g","contentUrl":"https:\/\/secure.gravatar.com\/avatar\/e8495742d34d0ba6448ea1c628263b3e?s=96&d=mm&r=g","caption":"admin"},"url":"https:\/\/franciscanos.org.br\/carisma\/author\/admin"}]}},"_links":{"self":[{"href":"https:\/\/franciscanos.org.br\/carisma\/wp-json\/wp\/v2\/posts\/67674"}],"collection":[{"href":"https:\/\/franciscanos.org.br\/carisma\/wp-json\/wp\/v2\/posts"}],"about":[{"href":"https:\/\/franciscanos.org.br\/carisma\/wp-json\/wp\/v2\/types\/post"}],"author":[{"embeddable":true,"href":"https:\/\/franciscanos.org.br\/carisma\/wp-json\/wp\/v2\/users\/1"}],"replies":[{"embeddable":true,"href":"https:\/\/franciscanos.org.br\/carisma\/wp-json\/wp\/v2\/comments?post=67674"}],"version-history":[{"count":0,"href":"https:\/\/franciscanos.org.br\/carisma\/wp-json\/wp\/v2\/posts\/67674\/revisions"}],"wp:featuredmedia":[{"embeddable":true,"href":"https:\/\/franciscanos.org.br\/carisma\/wp-json\/wp\/v2\/media\/175136"}],"wp:attachment":[{"href":"https:\/\/franciscanos.org.br\/carisma\/wp-json\/wp\/v2\/media?parent=67674"}],"wp:term":[{"taxonomy":"category","embeddable":true,"href":"https:\/\/franciscanos.org.br\/carisma\/wp-json\/wp\/v2\/categories?post=67674"},{"taxonomy":"post_tag","embeddable":true,"href":"https:\/\/franciscanos.org.br\/carisma\/wp-json\/wp\/v2\/tags?post=67674"}],"curies":[{"name":"wp","href":"https:\/\/api.w.org\/{rel}","templated":true}]}}