{"id":67414,"date":"2014-09-17T07:06:18","date_gmt":"2014-09-17T10:06:18","guid":{"rendered":"http:\/\/franciscanos.org.br\/?p=67414"},"modified":"2014-09-17T07:06:18","modified_gmt":"2014-09-17T10:06:18","slug":"estigmatizacao","status":"publish","type":"post","link":"https:\/\/franciscanos.org.br\/carisma\/estigmatizacao.html","title":{"rendered":"Estigmatiza\u00e7\u00e3o"},"content":{"rendered":"<div id=\"attachment_67415\" style=\"width: 319px\" class=\"wp-caption alignleft\"><a href=\"http:\/\/franciscanos.org.br\/wp-content\/uploads\/2014\/09\/chagas_vot.jpg\"><img aria-describedby=\"caption-attachment-67415\" loading=\"lazy\" class=\"wp-image-67415 size-full\" src=\"http:\/\/franciscanos.org.br\/wp-content\/uploads\/2014\/09\/chagas_vot.jpg\" alt=\"chagas_vot\" width=\"309\" height=\"550\" \/><\/a><p id=\"caption-attachment-67415\" class=\"wp-caption-text\">&#8220;Estigmas de Francisco&#8221; &#8211; Altar-mor da Capela da Vener\u00e1vel Ordem Terceira do Rio de Janeiro<\/p><\/div>\n<p>Francisco viveu experi\u00eancia m\u00edstica e pungente no Monte Alverne, dois anos antes de sua morte. Vamos acompanhar a tocante descri\u00e7\u00e3o que faz do acontecido Eloi Leclerc:<\/p>\n<p>\u201cO sil\u00eancio e a majestade do lugar se apoderaram da alma de\u00a0 Francisco.\u00a0 Do alto\u00a0 podia deixar seu olhar se perder de vista num imenso panorama. Por\u00e9m, na montanha, procurava lugares retirados e selvagens e n\u00e3o tanto os vastos horizontes. Penetrava na cavidade dos rochedos buscando abrigo, longe de qualquer olhar, para alimentar a chama interior que o queimava. Queria estar completamente s\u00f3. Travou amizade \u00a0com um falc\u00e3o que, \u00e0 noite, o acordava com seu grito e o chamava \u00e0 ora\u00e7\u00e3o.<\/p>\n<p>O que se passava na alma de Francisco? Qual o assunto de sua medita\u00e7\u00e3o? Tinha sido celebrada a Festa da Exalta\u00e7\u00e3o da Santa Cruz. Era a festa da cruz gloriosa. A liturgia nesse dia associa os sofrimentos da Paix\u00e3o \u00e0 gl\u00f3ria da Ressurrei\u00e7\u00e3o. Canta a cruz como ascens\u00e3o para o Deus imortal,\u00a0 como exalta\u00e7\u00e3o. O pensamento da cruz vitoriosa invadia o cora\u00e7\u00e3o de Francisco e o iluminava. Certa manh\u00e3, muito cedinho enquanto rezava\u00a0 diante da montanha, percebeu vir at\u00e9 ele um ser alado, um ser de fogo e de luz: um serafim com suas asas reluzentes. Como na vis\u00e3o do profeta Ezequiel, duas asas se elevavam acima da cabe\u00e7a, duas outras se desdobravam para o voo e duas outras cobriam todo o corpo. Era um desses esp\u00edritos que se postam diante do trono de Deus e que s\u00e3o irradia\u00e7\u00e3o de sua gl\u00f3ria e de sua imortalidade. Desconcertante e incompreens\u00edvel, no entanto, era\u00a0 ver\u00a0 esse esp\u00edrito glorioso e luminoso\u00a0 que sofria:\u00a0 suas asas cobriam o rosto de um\u00a0 homem crucificado.\u00a0 M\u00e3os e p\u00e9s estavam presos a uma cruz.<\/p>\n<p>Diante deste espet\u00e1culo, a alma de Francisco se rasgava e sentimentos contradit\u00f3rios se debatiam dentro dele. A inef\u00e1vel beleza do serafim e seu olhar cheio de gra\u00e7a o fascinavam e o enchiam de alegria.\u00a0 Ao mesmo tempo o sofrimento do Crucificado o aterrorizava. Perguntava-se ent\u00e3o como um esp\u00edrito glorioso podia sofrer a mais cruel agonia? N\u00e3o sabia o que pensar. A agonia estava junto com o \u00eaxtase. A Paix\u00e3o e a Gl\u00f3ria associadas de uma maneira estranha, pareciam cair sobre ele como um passo de rapina.<\/p>\n<p>Aos poucos a vis\u00e3o se diluiu e a ang\u00fastia se acalmou. Abaixando os olhos para a terra, viu em suas\u00a0 m\u00e3os as marcas dos cravos. A Gl\u00f3ria de Deus acabara de toc\u00e1-lo, de transpassa-lo. Era um ser ferido. E\u00a0 como Jac\u00f3, depois do combate com o anjo,\u00a0 caminhava com muita dificuldade\u201d<\/p>\n<p><strong>\u00a0<\/strong><em>Eloi Leclerc, Francisco de Assis, O Retorno ao Evangelho &#8211;\u00a0Vozes\/\u00a0 CEFEPAL, Petr\u00f3polis,\u00a0 1983,\u00a0 p.\u00a0 107-108<\/em><\/p>\n<p><strong>Frei Almir Guimar\u00e3es<\/strong><\/p>\n","protected":false},"excerpt":{"rendered":"<p>Festa Franciscana<\/p>\n","protected":false},"author":1,"featured_media":174681,"comment_status":"open","ping_status":"open","sticky":false,"template":"","format":"standard","meta":[],"categories":[11],"tags":[],"yoast_head":"<!-- This site is optimized with the Yoast SEO plugin v19.2 - https:\/\/yoast.com\/wordpress\/plugins\/seo\/ -->\n<title>Estigmatiza\u00e7\u00e3o - Carisma - Franciscanos<\/title>\n<meta name=\"robots\" content=\"index, follow, max-snippet:-1, max-image-preview:large, max-video-preview:-1\" \/>\n<link rel=\"canonical\" href=\"https:\/\/franciscanos.org.br\/carisma\/estigmatizacao.html\" \/>\n<meta property=\"og:locale\" content=\"pt_BR\" \/>\n<meta property=\"og:type\" content=\"article\" \/>\n<meta property=\"og:title\" content=\"Estigmatiza\u00e7\u00e3o - Carisma - Franciscanos\" \/>\n<meta property=\"og:description\" content=\"Festa Franciscana\" \/>\n<meta property=\"og:url\" content=\"https:\/\/franciscanos.org.br\/carisma\/estigmatizacao.html\" \/>\n<meta property=\"og:site_name\" content=\"Carisma - Franciscanos\" \/>\n<meta property=\"article:published_time\" content=\"2014-09-17T10:06:18+00:00\" \/>\n<meta property=\"og:image\" content=\"https:\/\/franciscanos.org.br\/carisma\/wp-content\/uploads\/2018\/10\/chagas_vot.jpg\" \/>\n\t<meta property=\"og:image:width\" content=\"309\" \/>\n\t<meta property=\"og:image:height\" content=\"550\" \/>\n\t<meta property=\"og:image:type\" content=\"image\/jpeg\" \/>\n<meta name=\"author\" content=\"admin\" \/>\n<meta name=\"twitter:card\" content=\"summary_large_image\" \/>\n<meta name=\"twitter:label1\" content=\"Escrito por\" \/>\n\t<meta name=\"twitter:data1\" content=\"admin\" \/>\n\t<meta name=\"twitter:label2\" content=\"Est. tempo de leitura\" \/>\n\t<meta name=\"twitter:data2\" content=\"3 minutos\" \/>\n<script type=\"application\/ld+json\" class=\"yoast-schema-graph\">{\"@context\":\"https:\/\/schema.org\",\"@graph\":[{\"@type\":\"WebSite\",\"@id\":\"https:\/\/franciscanos.org.br\/carisma\/#website\",\"url\":\"https:\/\/franciscanos.org.br\/carisma\/\",\"name\":\"Carisma - Franciscanos\",\"description\":\"Prov\u00edncia Franciscana da Imaculada Concei\u00e7\u00e3o do Brasil - Ordem dos Frades Menores\",\"potentialAction\":[{\"@type\":\"SearchAction\",\"target\":{\"@type\":\"EntryPoint\",\"urlTemplate\":\"https:\/\/franciscanos.org.br\/carisma\/?s={search_term_string}\"},\"query-input\":\"required name=search_term_string\"}],\"inLanguage\":\"pt-BR\"},{\"@type\":\"ImageObject\",\"inLanguage\":\"pt-BR\",\"@id\":\"https:\/\/franciscanos.org.br\/carisma\/estigmatizacao.html#primaryimage\",\"url\":\"https:\/\/franciscanos.org.br\/carisma\/wp-content\/uploads\/2018\/10\/chagas_vot.jpg\",\"contentUrl\":\"https:\/\/franciscanos.org.br\/carisma\/wp-content\/uploads\/2018\/10\/chagas_vot.jpg\",\"width\":309,\"height\":550},{\"@type\":\"WebPage\",\"@id\":\"https:\/\/franciscanos.org.br\/carisma\/estigmatizacao.html#webpage\",\"url\":\"https:\/\/franciscanos.org.br\/carisma\/estigmatizacao.html\",\"name\":\"Estigmatiza\u00e7\u00e3o - Carisma - Franciscanos\",\"isPartOf\":{\"@id\":\"https:\/\/franciscanos.org.br\/carisma\/#website\"},\"primaryImageOfPage\":{\"@id\":\"https:\/\/franciscanos.org.br\/carisma\/estigmatizacao.html#primaryimage\"},\"datePublished\":\"2014-09-17T10:06:18+00:00\",\"dateModified\":\"2014-09-17T10:06:18+00:00\",\"author\":{\"@id\":\"https:\/\/franciscanos.org.br\/carisma\/#\/schema\/person\/e352342a457f086dc6152f9c73a3d093\"},\"breadcrumb\":{\"@id\":\"https:\/\/franciscanos.org.br\/carisma\/estigmatizacao.html#breadcrumb\"},\"inLanguage\":\"pt-BR\",\"potentialAction\":[{\"@type\":\"ReadAction\",\"target\":[\"https:\/\/franciscanos.org.br\/carisma\/estigmatizacao.html\"]}]},{\"@type\":\"BreadcrumbList\",\"@id\":\"https:\/\/franciscanos.org.br\/carisma\/estigmatizacao.html#breadcrumb\",\"itemListElement\":[{\"@type\":\"ListItem\",\"position\":1,\"name\":\"Home\",\"item\":\"https:\/\/franciscanos.org.br\/carisma\"},{\"@type\":\"ListItem\",\"position\":2,\"name\":\"Estigmatiza\u00e7\u00e3o\"}]},{\"@type\":\"Person\",\"@id\":\"https:\/\/franciscanos.org.br\/carisma\/#\/schema\/person\/e352342a457f086dc6152f9c73a3d093\",\"name\":\"admin\",\"image\":{\"@type\":\"ImageObject\",\"inLanguage\":\"pt-BR\",\"@id\":\"https:\/\/franciscanos.org.br\/carisma\/#\/schema\/person\/image\/\",\"url\":\"https:\/\/secure.gravatar.com\/avatar\/e8495742d34d0ba6448ea1c628263b3e?s=96&d=mm&r=g\",\"contentUrl\":\"https:\/\/secure.gravatar.com\/avatar\/e8495742d34d0ba6448ea1c628263b3e?s=96&d=mm&r=g\",\"caption\":\"admin\"},\"url\":\"https:\/\/franciscanos.org.br\/carisma\/author\/admin\"}]}<\/script>\n<!-- \/ Yoast SEO plugin. -->","yoast_head_json":{"title":"Estigmatiza\u00e7\u00e3o - Carisma - Franciscanos","robots":{"index":"index","follow":"follow","max-snippet":"max-snippet:-1","max-image-preview":"max-image-preview:large","max-video-preview":"max-video-preview:-1"},"canonical":"https:\/\/franciscanos.org.br\/carisma\/estigmatizacao.html","og_locale":"pt_BR","og_type":"article","og_title":"Estigmatiza\u00e7\u00e3o - Carisma - Franciscanos","og_description":"Festa Franciscana","og_url":"https:\/\/franciscanos.org.br\/carisma\/estigmatizacao.html","og_site_name":"Carisma - Franciscanos","article_published_time":"2014-09-17T10:06:18+00:00","og_image":[{"width":309,"height":550,"url":"https:\/\/franciscanos.org.br\/carisma\/wp-content\/uploads\/2018\/10\/chagas_vot.jpg","type":"image\/jpeg"}],"author":"admin","twitter_card":"summary_large_image","twitter_misc":{"Escrito por":"admin","Est. tempo de leitura":"3 minutos"},"schema":{"@context":"https:\/\/schema.org","@graph":[{"@type":"WebSite","@id":"https:\/\/franciscanos.org.br\/carisma\/#website","url":"https:\/\/franciscanos.org.br\/carisma\/","name":"Carisma - Franciscanos","description":"Prov\u00edncia Franciscana da Imaculada Concei\u00e7\u00e3o do Brasil - Ordem dos Frades Menores","potentialAction":[{"@type":"SearchAction","target":{"@type":"EntryPoint","urlTemplate":"https:\/\/franciscanos.org.br\/carisma\/?s={search_term_string}"},"query-input":"required name=search_term_string"}],"inLanguage":"pt-BR"},{"@type":"ImageObject","inLanguage":"pt-BR","@id":"https:\/\/franciscanos.org.br\/carisma\/estigmatizacao.html#primaryimage","url":"https:\/\/franciscanos.org.br\/carisma\/wp-content\/uploads\/2018\/10\/chagas_vot.jpg","contentUrl":"https:\/\/franciscanos.org.br\/carisma\/wp-content\/uploads\/2018\/10\/chagas_vot.jpg","width":309,"height":550},{"@type":"WebPage","@id":"https:\/\/franciscanos.org.br\/carisma\/estigmatizacao.html#webpage","url":"https:\/\/franciscanos.org.br\/carisma\/estigmatizacao.html","name":"Estigmatiza\u00e7\u00e3o - Carisma - Franciscanos","isPartOf":{"@id":"https:\/\/franciscanos.org.br\/carisma\/#website"},"primaryImageOfPage":{"@id":"https:\/\/franciscanos.org.br\/carisma\/estigmatizacao.html#primaryimage"},"datePublished":"2014-09-17T10:06:18+00:00","dateModified":"2014-09-17T10:06:18+00:00","author":{"@id":"https:\/\/franciscanos.org.br\/carisma\/#\/schema\/person\/e352342a457f086dc6152f9c73a3d093"},"breadcrumb":{"@id":"https:\/\/franciscanos.org.br\/carisma\/estigmatizacao.html#breadcrumb"},"inLanguage":"pt-BR","potentialAction":[{"@type":"ReadAction","target":["https:\/\/franciscanos.org.br\/carisma\/estigmatizacao.html"]}]},{"@type":"BreadcrumbList","@id":"https:\/\/franciscanos.org.br\/carisma\/estigmatizacao.html#breadcrumb","itemListElement":[{"@type":"ListItem","position":1,"name":"Home","item":"https:\/\/franciscanos.org.br\/carisma"},{"@type":"ListItem","position":2,"name":"Estigmatiza\u00e7\u00e3o"}]},{"@type":"Person","@id":"https:\/\/franciscanos.org.br\/carisma\/#\/schema\/person\/e352342a457f086dc6152f9c73a3d093","name":"admin","image":{"@type":"ImageObject","inLanguage":"pt-BR","@id":"https:\/\/franciscanos.org.br\/carisma\/#\/schema\/person\/image\/","url":"https:\/\/secure.gravatar.com\/avatar\/e8495742d34d0ba6448ea1c628263b3e?s=96&d=mm&r=g","contentUrl":"https:\/\/secure.gravatar.com\/avatar\/e8495742d34d0ba6448ea1c628263b3e?s=96&d=mm&r=g","caption":"admin"},"url":"https:\/\/franciscanos.org.br\/carisma\/author\/admin"}]}},"_links":{"self":[{"href":"https:\/\/franciscanos.org.br\/carisma\/wp-json\/wp\/v2\/posts\/67414"}],"collection":[{"href":"https:\/\/franciscanos.org.br\/carisma\/wp-json\/wp\/v2\/posts"}],"about":[{"href":"https:\/\/franciscanos.org.br\/carisma\/wp-json\/wp\/v2\/types\/post"}],"author":[{"embeddable":true,"href":"https:\/\/franciscanos.org.br\/carisma\/wp-json\/wp\/v2\/users\/1"}],"replies":[{"embeddable":true,"href":"https:\/\/franciscanos.org.br\/carisma\/wp-json\/wp\/v2\/comments?post=67414"}],"version-history":[{"count":0,"href":"https:\/\/franciscanos.org.br\/carisma\/wp-json\/wp\/v2\/posts\/67414\/revisions"}],"wp:featuredmedia":[{"embeddable":true,"href":"https:\/\/franciscanos.org.br\/carisma\/wp-json\/wp\/v2\/media\/174681"}],"wp:attachment":[{"href":"https:\/\/franciscanos.org.br\/carisma\/wp-json\/wp\/v2\/media?parent=67414"}],"wp:term":[{"taxonomy":"category","embeddable":true,"href":"https:\/\/franciscanos.org.br\/carisma\/wp-json\/wp\/v2\/categories?post=67414"},{"taxonomy":"post_tag","embeddable":true,"href":"https:\/\/franciscanos.org.br\/carisma\/wp-json\/wp\/v2\/tags?post=67414"}],"curies":[{"name":"wp","href":"https:\/\/api.w.org\/{rel}","templated":true}]}}