{"id":66715,"date":"2014-09-08T00:15:06","date_gmt":"2014-09-08T03:15:06","guid":{"rendered":"http:\/\/franciscanos.org.br\/?p=66715"},"modified":"2018-11-08T14:49:57","modified_gmt":"2018-11-08T16:49:57","slug":"francisco-homem-reconciliado","status":"publish","type":"post","link":"https:\/\/franciscanos.org.br\/carisma\/francisco-homem-reconciliado.html","title":{"rendered":"Francisco, homem reconciliado"},"content":{"rendered":"<p>&nbsp;<\/p>\n<p><img loading=\"lazy\" class=\"alignright wp-image-66718\" src=\"http:\/\/franciscanos.org.br\/wp-content\/uploads\/2014\/09\/082.jpg\" alt=\"08\" width=\"311\" height=\"427\" \/>Cada um de n\u00f3s faz a experi\u00eancia de verdadeiros dilaceramentos interiores, por exemplo, entre o amor por si mesmo e, de outro lado, de desprezo devido a tudo de louco que fazemos a convite de \u00a0nosso ego. Ser uma pessoa reconciliada \u00e9 amar-se de verdade, ter um amor pr\u00f3prio aut\u00eantico sem se considerar o centro do mundo e sem se\u00a0 desprezar; \u00e9 ter para com os outros um justo relacionamento nem de superioridade, nem de inferioridade.\u00a0 Ser algu\u00e9m reconciliado \u00e9 ter um relacionamento de respeito para com a natureza, relacionamento de louvor e n\u00e3o de domina\u00e7\u00e3o e a\u00e7ambarcamento; ser algu\u00e9m reconciliado \u00e9 ter com Deus um verdadeiro relacionamento de amor e de confian\u00e7a e n\u00e3o de medo ou de recusa<\/p>\n<p>A reconcilia\u00e7\u00e3o \u00e9 um caminho longo. Ela sup\u00f5e, antes de tudo, que reconhe\u00e7amos humildemente nossos dilaceramentos e divis\u00f5es. Para chegar \u00e0 identidade e dar o melhor de n\u00f3s mesmos ser\u00e1 preciso mudar nosso ponto de vista.\u00a0 Em termos crist\u00e3os chamamos a isso de convers\u00e3o. \u00c9 um trabalho de f\u00e9 e de confian\u00e7a. Converter-se \u00e9 deixar de centrar-se em si mesmo, aceitar abrir-se a Deus e, \u00a0ao mesmo tempo, \u00a0abrir-se aos outros e ao mundo.<\/p>\n<p>Converter-se \u00e9 \u201cantenar-se\u201d no Senhor. Nossa tend\u00eancia \u00e9 fazer tudo partir de n\u00f3s, de sermos o centro do mundo de tudo ver a partir de n\u00f3s mesmos.\u00a0 Assim temos uma falsa imagem dos nossos e dos outros. Converter-se \u00e9 ter a convic\u00e7\u00e3o que nunca seremos n\u00f3s mesmos a n\u00e3o ser quando formos aquilo a que Deus nos destinou. Francisco \u00e9 um homem reconciliado\u00a0 porque fez unidade em si, porque soube aceder a uma simplicidade despojando-se de seu orgulho, narcisismo, vangl\u00f3ria, preocupa\u00e7\u00f5es in\u00fateis. Esse homem pacificado que foi Francisco \u00e9 obra de toda uma vida. Esse despojamento n\u00e3o conseguiu ele simplesmente \u00e0 for\u00e7a de murros, mas abandonando-se a Deus, aos irm\u00e3os e aos acontecimentos. Somente no final de sua vida, no momento dos estigmas\u00a0 e do C\u00e2ntico dos C\u00e2nticos, uns dois aos antes da morte, que ele se tornou um homem pacificado.<\/p>\n<p><strong>Inspira\u00e7\u00e3o: \u201cFran\u00e7ois d\u2019Assise, un homme reconcilie\u201d, Frei Antonin Alis, OFMCap, in\u00a0 \u201c\u00c9vangile Aujoud\u2019hui\u201d\u00a0 n. 211.<\/strong><\/p>\n","protected":false},"excerpt":{"rendered":"<p>FRANCISCANAMENTE<\/p>\n","protected":false},"author":1,"featured_media":175155,"comment_status":"closed","ping_status":"open","sticky":false,"template":"","format":"standard","meta":[],"categories":[11],"tags":[],"yoast_head":"<!-- This site is optimized with the Yoast SEO plugin v19.2 - https:\/\/yoast.com\/wordpress\/plugins\/seo\/ -->\n<title>Francisco, homem reconciliado - Carisma - Franciscanos<\/title>\n<meta name=\"robots\" content=\"index, follow, max-snippet:-1, max-image-preview:large, max-video-preview:-1\" \/>\n<link rel=\"canonical\" href=\"https:\/\/franciscanos.org.br\/carisma\/francisco-homem-reconciliado.html\" \/>\n<meta property=\"og:locale\" content=\"pt_BR\" \/>\n<meta property=\"og:type\" content=\"article\" \/>\n<meta property=\"og:title\" content=\"Francisco, homem reconciliado - Carisma - Franciscanos\" \/>\n<meta property=\"og:description\" content=\"FRANCISCANAMENTE\" \/>\n<meta property=\"og:url\" content=\"https:\/\/franciscanos.org.br\/carisma\/francisco-homem-reconciliado.html\" \/>\n<meta property=\"og:site_name\" content=\"Carisma - Franciscanos\" \/>\n<meta property=\"article:published_time\" content=\"2014-09-08T03:15:06+00:00\" \/>\n<meta property=\"article:modified_time\" content=\"2018-11-08T16:49:57+00:00\" \/>\n<meta property=\"og:image\" content=\"https:\/\/franciscanos.org.br\/carisma\/wp-content\/uploads\/2014\/09\/francisco_12.jpg\" \/>\n\t<meta property=\"og:image:width\" content=\"600\" \/>\n\t<meta property=\"og:image:height\" content=\"400\" \/>\n\t<meta property=\"og:image:type\" content=\"image\/jpeg\" \/>\n<meta name=\"author\" content=\"admin\" \/>\n<meta name=\"twitter:card\" content=\"summary_large_image\" \/>\n<meta name=\"twitter:label1\" content=\"Escrito por\" \/>\n\t<meta name=\"twitter:data1\" content=\"admin\" \/>\n\t<meta name=\"twitter:label2\" content=\"Est. tempo de leitura\" \/>\n\t<meta name=\"twitter:data2\" content=\"2 minutos\" \/>\n<script type=\"application\/ld+json\" class=\"yoast-schema-graph\">{\"@context\":\"https:\/\/schema.org\",\"@graph\":[{\"@type\":\"WebSite\",\"@id\":\"https:\/\/franciscanos.org.br\/carisma\/#website\",\"url\":\"https:\/\/franciscanos.org.br\/carisma\/\",\"name\":\"Carisma - Franciscanos\",\"description\":\"Prov\u00edncia Franciscana da Imaculada Concei\u00e7\u00e3o do Brasil - Ordem dos Frades Menores\",\"potentialAction\":[{\"@type\":\"SearchAction\",\"target\":{\"@type\":\"EntryPoint\",\"urlTemplate\":\"https:\/\/franciscanos.org.br\/carisma\/?s={search_term_string}\"},\"query-input\":\"required name=search_term_string\"}],\"inLanguage\":\"pt-BR\"},{\"@type\":\"ImageObject\",\"inLanguage\":\"pt-BR\",\"@id\":\"https:\/\/franciscanos.org.br\/carisma\/francisco-homem-reconciliado.html#primaryimage\",\"url\":\"https:\/\/franciscanos.org.br\/carisma\/wp-content\/uploads\/2014\/09\/francisco_12.jpg\",\"contentUrl\":\"https:\/\/franciscanos.org.br\/carisma\/wp-content\/uploads\/2014\/09\/francisco_12.jpg\",\"width\":600,\"height\":400},{\"@type\":\"WebPage\",\"@id\":\"https:\/\/franciscanos.org.br\/carisma\/francisco-homem-reconciliado.html#webpage\",\"url\":\"https:\/\/franciscanos.org.br\/carisma\/francisco-homem-reconciliado.html\",\"name\":\"Francisco, homem reconciliado - Carisma - Franciscanos\",\"isPartOf\":{\"@id\":\"https:\/\/franciscanos.org.br\/carisma\/#website\"},\"primaryImageOfPage\":{\"@id\":\"https:\/\/franciscanos.org.br\/carisma\/francisco-homem-reconciliado.html#primaryimage\"},\"datePublished\":\"2014-09-08T03:15:06+00:00\",\"dateModified\":\"2018-11-08T16:49:57+00:00\",\"author\":{\"@id\":\"https:\/\/franciscanos.org.br\/carisma\/#\/schema\/person\/e352342a457f086dc6152f9c73a3d093\"},\"breadcrumb\":{\"@id\":\"https:\/\/franciscanos.org.br\/carisma\/francisco-homem-reconciliado.html#breadcrumb\"},\"inLanguage\":\"pt-BR\",\"potentialAction\":[{\"@type\":\"ReadAction\",\"target\":[\"https:\/\/franciscanos.org.br\/carisma\/francisco-homem-reconciliado.html\"]}]},{\"@type\":\"BreadcrumbList\",\"@id\":\"https:\/\/franciscanos.org.br\/carisma\/francisco-homem-reconciliado.html#breadcrumb\",\"itemListElement\":[{\"@type\":\"ListItem\",\"position\":1,\"name\":\"Home\",\"item\":\"https:\/\/franciscanos.org.br\/carisma\"},{\"@type\":\"ListItem\",\"position\":2,\"name\":\"Francisco, homem reconciliado\"}]},{\"@type\":\"Person\",\"@id\":\"https:\/\/franciscanos.org.br\/carisma\/#\/schema\/person\/e352342a457f086dc6152f9c73a3d093\",\"name\":\"admin\",\"image\":{\"@type\":\"ImageObject\",\"inLanguage\":\"pt-BR\",\"@id\":\"https:\/\/franciscanos.org.br\/carisma\/#\/schema\/person\/image\/\",\"url\":\"https:\/\/secure.gravatar.com\/avatar\/e8495742d34d0ba6448ea1c628263b3e?s=96&d=mm&r=g\",\"contentUrl\":\"https:\/\/secure.gravatar.com\/avatar\/e8495742d34d0ba6448ea1c628263b3e?s=96&d=mm&r=g\",\"caption\":\"admin\"},\"url\":\"https:\/\/franciscanos.org.br\/carisma\/author\/admin\"}]}<\/script>\n<!-- \/ Yoast SEO plugin. -->","yoast_head_json":{"title":"Francisco, homem reconciliado - Carisma - Franciscanos","robots":{"index":"index","follow":"follow","max-snippet":"max-snippet:-1","max-image-preview":"max-image-preview:large","max-video-preview":"max-video-preview:-1"},"canonical":"https:\/\/franciscanos.org.br\/carisma\/francisco-homem-reconciliado.html","og_locale":"pt_BR","og_type":"article","og_title":"Francisco, homem reconciliado - Carisma - Franciscanos","og_description":"FRANCISCANAMENTE","og_url":"https:\/\/franciscanos.org.br\/carisma\/francisco-homem-reconciliado.html","og_site_name":"Carisma - Franciscanos","article_published_time":"2014-09-08T03:15:06+00:00","article_modified_time":"2018-11-08T16:49:57+00:00","og_image":[{"width":600,"height":400,"url":"https:\/\/franciscanos.org.br\/carisma\/wp-content\/uploads\/2014\/09\/francisco_12.jpg","type":"image\/jpeg"}],"author":"admin","twitter_card":"summary_large_image","twitter_misc":{"Escrito por":"admin","Est. tempo de leitura":"2 minutos"},"schema":{"@context":"https:\/\/schema.org","@graph":[{"@type":"WebSite","@id":"https:\/\/franciscanos.org.br\/carisma\/#website","url":"https:\/\/franciscanos.org.br\/carisma\/","name":"Carisma - Franciscanos","description":"Prov\u00edncia Franciscana da Imaculada Concei\u00e7\u00e3o do Brasil - Ordem dos Frades Menores","potentialAction":[{"@type":"SearchAction","target":{"@type":"EntryPoint","urlTemplate":"https:\/\/franciscanos.org.br\/carisma\/?s={search_term_string}"},"query-input":"required name=search_term_string"}],"inLanguage":"pt-BR"},{"@type":"ImageObject","inLanguage":"pt-BR","@id":"https:\/\/franciscanos.org.br\/carisma\/francisco-homem-reconciliado.html#primaryimage","url":"https:\/\/franciscanos.org.br\/carisma\/wp-content\/uploads\/2014\/09\/francisco_12.jpg","contentUrl":"https:\/\/franciscanos.org.br\/carisma\/wp-content\/uploads\/2014\/09\/francisco_12.jpg","width":600,"height":400},{"@type":"WebPage","@id":"https:\/\/franciscanos.org.br\/carisma\/francisco-homem-reconciliado.html#webpage","url":"https:\/\/franciscanos.org.br\/carisma\/francisco-homem-reconciliado.html","name":"Francisco, homem reconciliado - Carisma - Franciscanos","isPartOf":{"@id":"https:\/\/franciscanos.org.br\/carisma\/#website"},"primaryImageOfPage":{"@id":"https:\/\/franciscanos.org.br\/carisma\/francisco-homem-reconciliado.html#primaryimage"},"datePublished":"2014-09-08T03:15:06+00:00","dateModified":"2018-11-08T16:49:57+00:00","author":{"@id":"https:\/\/franciscanos.org.br\/carisma\/#\/schema\/person\/e352342a457f086dc6152f9c73a3d093"},"breadcrumb":{"@id":"https:\/\/franciscanos.org.br\/carisma\/francisco-homem-reconciliado.html#breadcrumb"},"inLanguage":"pt-BR","potentialAction":[{"@type":"ReadAction","target":["https:\/\/franciscanos.org.br\/carisma\/francisco-homem-reconciliado.html"]}]},{"@type":"BreadcrumbList","@id":"https:\/\/franciscanos.org.br\/carisma\/francisco-homem-reconciliado.html#breadcrumb","itemListElement":[{"@type":"ListItem","position":1,"name":"Home","item":"https:\/\/franciscanos.org.br\/carisma"},{"@type":"ListItem","position":2,"name":"Francisco, homem reconciliado"}]},{"@type":"Person","@id":"https:\/\/franciscanos.org.br\/carisma\/#\/schema\/person\/e352342a457f086dc6152f9c73a3d093","name":"admin","image":{"@type":"ImageObject","inLanguage":"pt-BR","@id":"https:\/\/franciscanos.org.br\/carisma\/#\/schema\/person\/image\/","url":"https:\/\/secure.gravatar.com\/avatar\/e8495742d34d0ba6448ea1c628263b3e?s=96&d=mm&r=g","contentUrl":"https:\/\/secure.gravatar.com\/avatar\/e8495742d34d0ba6448ea1c628263b3e?s=96&d=mm&r=g","caption":"admin"},"url":"https:\/\/franciscanos.org.br\/carisma\/author\/admin"}]}},"_links":{"self":[{"href":"https:\/\/franciscanos.org.br\/carisma\/wp-json\/wp\/v2\/posts\/66715"}],"collection":[{"href":"https:\/\/franciscanos.org.br\/carisma\/wp-json\/wp\/v2\/posts"}],"about":[{"href":"https:\/\/franciscanos.org.br\/carisma\/wp-json\/wp\/v2\/types\/post"}],"author":[{"embeddable":true,"href":"https:\/\/franciscanos.org.br\/carisma\/wp-json\/wp\/v2\/users\/1"}],"replies":[{"embeddable":true,"href":"https:\/\/franciscanos.org.br\/carisma\/wp-json\/wp\/v2\/comments?post=66715"}],"version-history":[{"count":0,"href":"https:\/\/franciscanos.org.br\/carisma\/wp-json\/wp\/v2\/posts\/66715\/revisions"}],"wp:featuredmedia":[{"embeddable":true,"href":"https:\/\/franciscanos.org.br\/carisma\/wp-json\/wp\/v2\/media\/175155"}],"wp:attachment":[{"href":"https:\/\/franciscanos.org.br\/carisma\/wp-json\/wp\/v2\/media?parent=66715"}],"wp:term":[{"taxonomy":"category","embeddable":true,"href":"https:\/\/franciscanos.org.br\/carisma\/wp-json\/wp\/v2\/categories?post=66715"},{"taxonomy":"post_tag","embeddable":true,"href":"https:\/\/franciscanos.org.br\/carisma\/wp-json\/wp\/v2\/tags?post=66715"}],"curies":[{"name":"wp","href":"https:\/\/api.w.org\/{rel}","templated":true}]}}