{"id":66491,"date":"2014-09-07T00:15:44","date_gmt":"2014-09-07T03:15:44","guid":{"rendered":"http:\/\/franciscanos.org.br\/?p=66491"},"modified":"2018-11-08T14:52:07","modified_gmt":"2018-11-08T16:52:07","slug":"clima-comunitario","status":"publish","type":"post","link":"https:\/\/franciscanos.org.br\/carisma\/clima-comunitario.html","title":{"rendered":"Clima comunit\u00e1rio"},"content":{"rendered":"<p>&nbsp;<\/p>\n<p><img loading=\"lazy\" class=\"alignright size-full wp-image-66493\" src=\"http:\/\/franciscanos.org.br\/wp-content\/uploads\/2014\/09\/franciscanamente_07.jpg\" alt=\"franciscanamente_07\" width=\"350\" height=\"491\" \/>O texto que transcrevemos \u00e9 de um subs\u00eddio para a forma\u00e7\u00e3o permanente na OFM e foi publicado sob os ausp\u00edcios da C\u00faria Geral em 2004 e tem como t\u00edtulo:\u201d Todos v\u00f3s sois irm\u00e3os\u201d. Suas orienta\u00e7\u00f5es valem para todos os grupamentos franciscanos das diferentes ordens.<\/p>\n<p>Para os frades chegarem \u00e0 maturidade, nada se mostrou mais eficaz do que um bom clima comunit\u00e1rio. \u00c9 o \u201cponto zero\u201d, a partir do qual pode-se falar de muitas outras coisas, mas sem o qual \u00e9 imposs\u00edvel progredir em qualquer programa de crescimento.<\/p>\n<p style=\"padding-left: 30px;\">Entre outras coisas, um bom clima comunit\u00e1rio inclui:<\/p>\n<p style=\"padding-left: 30px;\">\u2022 ambiente agrad\u00e1vel de m\u00fatua acolhida;<br \/>\n\u2022 aus\u00eancia de murmura\u00e7\u00e3o e cr\u00edtica ao grupo fora do grupo;<br \/>\n\u2022 alegria pelo encontro do irm\u00e3o e sua presen\u00e7a;<br \/>\n\u2022 disponibilidade \u00e0 colabora\u00e7\u00e3o;<br \/>\n\u2022 agilidade em compreender e desculpar o irm\u00e3o;<br \/>\n\u2022 suficiente n\u00edvel de comunica\u00e7\u00e3o e de sentimentos;<br \/>\n\u2022 relacionamento de certa intensidade entre os irm\u00e3os;<br \/>\n\u2022 generosidade para o perd\u00e3o m\u00fatuo;<br \/>\n\u2022 cultivo da m\u00edstica grupal&#8230;<\/p>\n<p>Quando uma Fraternidade \u00e9 capaz de criar este ambiente ou um clima comunit\u00e1rio positivo \u00e9 imposs\u00edvel imaginar ate onde pode chegar. Nesse clima acolhedor que chamamos de \u201cponto zero\u201d, tudo \u00e9 poss\u00edvel, mesmo o confronto mais real entre os frades&#8230; Sem esse clima \u00e9 quase imposs\u00edvel caminhar e impens\u00e1vel o crescimento dos frades. N\u00e3o \u00e9 verdade que quem mais nos amou foi quem mais nos ajudou na vida? Ajudar no m\u00fatuo crescimento humano sup\u00f5e esta aceita\u00e7\u00e3o m\u00fatua, que nos leva a um amor simples, mas real que nos liberta de nossas pris\u00f5es e das \u201cimaturidades\u201d que nos danificam por dentro.<\/p>\n<p style=\"padding-left: 30px;\">Por\u00e9m, antes de chegar a tal aceita\u00e7\u00e3o do irm\u00e3o, um pouco ideal, seria bom em personalizar ao menos estas outras atitudes b\u00e1sicas numa Fraternidade:<\/p>\n<p style=\"padding-left: 30px;\">\u2022 Respeito pelos sentimentos do outro.<br \/>\n\u2022 Evitar sempre a emiss\u00e3o de ju\u00edzos de valor.<br \/>\n\u2022 Distribui\u00e7\u00e3o e coordena\u00e7\u00e3o da atividade.<br \/>\n\u2022 Valoriza\u00e7\u00e3o de cada pessoa.<\/p>\n<p><strong>Todos v\u00f3s sois irm\u00e3os<\/strong><br \/>\n<strong>Curia Geral OFM, p. 72-73<\/strong><\/p>\n<p><em>Frei Almir vai escrever durante o m\u00eas de setembro sobre franciscanismo. A coluna \u201cFam\u00edlia e Coisa e Tal\u201d voltar\u00e1 em outubro.<\/em><\/p>\n","protected":false},"excerpt":{"rendered":"<p>Franciscanamente<\/p>\n","protected":false},"author":1,"featured_media":175158,"comment_status":"closed","ping_status":"open","sticky":false,"template":"","format":"standard","meta":[],"categories":[11],"tags":[],"yoast_head":"<!-- This site is optimized with the Yoast SEO plugin v19.2 - https:\/\/yoast.com\/wordpress\/plugins\/seo\/ -->\n<title>Clima comunit\u00e1rio - Carisma - Franciscanos<\/title>\n<meta name=\"robots\" content=\"index, follow, max-snippet:-1, max-image-preview:large, max-video-preview:-1\" \/>\n<link rel=\"canonical\" href=\"https:\/\/franciscanos.org.br\/carisma\/clima-comunitario.html\" \/>\n<meta property=\"og:locale\" content=\"pt_BR\" \/>\n<meta property=\"og:type\" content=\"article\" \/>\n<meta property=\"og:title\" content=\"Clima comunit\u00e1rio - Carisma - Franciscanos\" \/>\n<meta property=\"og:description\" content=\"Franciscanamente\" \/>\n<meta property=\"og:url\" content=\"https:\/\/franciscanos.org.br\/carisma\/clima-comunitario.html\" \/>\n<meta property=\"og:site_name\" content=\"Carisma - Franciscanos\" \/>\n<meta property=\"article:published_time\" content=\"2014-09-07T03:15:44+00:00\" \/>\n<meta property=\"article:modified_time\" content=\"2018-11-08T16:52:07+00:00\" \/>\n<meta property=\"og:image\" content=\"https:\/\/franciscanos.org.br\/carisma\/wp-content\/uploads\/2014\/09\/francisco_13.jpg\" \/>\n\t<meta property=\"og:image:width\" content=\"300\" \/>\n\t<meta property=\"og:image:height\" content=\"300\" \/>\n\t<meta property=\"og:image:type\" content=\"image\/jpeg\" \/>\n<meta name=\"author\" content=\"admin\" \/>\n<meta name=\"twitter:card\" content=\"summary_large_image\" \/>\n<meta name=\"twitter:label1\" content=\"Escrito por\" \/>\n\t<meta name=\"twitter:data1\" content=\"admin\" \/>\n\t<meta name=\"twitter:label2\" content=\"Est. tempo de leitura\" \/>\n\t<meta name=\"twitter:data2\" content=\"2 minutos\" \/>\n<script type=\"application\/ld+json\" class=\"yoast-schema-graph\">{\"@context\":\"https:\/\/schema.org\",\"@graph\":[{\"@type\":\"WebSite\",\"@id\":\"https:\/\/franciscanos.org.br\/carisma\/#website\",\"url\":\"https:\/\/franciscanos.org.br\/carisma\/\",\"name\":\"Carisma - Franciscanos\",\"description\":\"Prov\u00edncia Franciscana da Imaculada Concei\u00e7\u00e3o do Brasil - Ordem dos Frades Menores\",\"potentialAction\":[{\"@type\":\"SearchAction\",\"target\":{\"@type\":\"EntryPoint\",\"urlTemplate\":\"https:\/\/franciscanos.org.br\/carisma\/?s={search_term_string}\"},\"query-input\":\"required name=search_term_string\"}],\"inLanguage\":\"pt-BR\"},{\"@type\":\"ImageObject\",\"inLanguage\":\"pt-BR\",\"@id\":\"https:\/\/franciscanos.org.br\/carisma\/clima-comunitario.html#primaryimage\",\"url\":\"https:\/\/franciscanos.org.br\/carisma\/wp-content\/uploads\/2014\/09\/francisco_13.jpg\",\"contentUrl\":\"https:\/\/franciscanos.org.br\/carisma\/wp-content\/uploads\/2014\/09\/francisco_13.jpg\",\"width\":300,\"height\":300},{\"@type\":\"WebPage\",\"@id\":\"https:\/\/franciscanos.org.br\/carisma\/clima-comunitario.html#webpage\",\"url\":\"https:\/\/franciscanos.org.br\/carisma\/clima-comunitario.html\",\"name\":\"Clima comunit\u00e1rio - Carisma - Franciscanos\",\"isPartOf\":{\"@id\":\"https:\/\/franciscanos.org.br\/carisma\/#website\"},\"primaryImageOfPage\":{\"@id\":\"https:\/\/franciscanos.org.br\/carisma\/clima-comunitario.html#primaryimage\"},\"datePublished\":\"2014-09-07T03:15:44+00:00\",\"dateModified\":\"2018-11-08T16:52:07+00:00\",\"author\":{\"@id\":\"https:\/\/franciscanos.org.br\/carisma\/#\/schema\/person\/e352342a457f086dc6152f9c73a3d093\"},\"breadcrumb\":{\"@id\":\"https:\/\/franciscanos.org.br\/carisma\/clima-comunitario.html#breadcrumb\"},\"inLanguage\":\"pt-BR\",\"potentialAction\":[{\"@type\":\"ReadAction\",\"target\":[\"https:\/\/franciscanos.org.br\/carisma\/clima-comunitario.html\"]}]},{\"@type\":\"BreadcrumbList\",\"@id\":\"https:\/\/franciscanos.org.br\/carisma\/clima-comunitario.html#breadcrumb\",\"itemListElement\":[{\"@type\":\"ListItem\",\"position\":1,\"name\":\"Home\",\"item\":\"https:\/\/franciscanos.org.br\/carisma\"},{\"@type\":\"ListItem\",\"position\":2,\"name\":\"Clima comunit\u00e1rio\"}]},{\"@type\":\"Person\",\"@id\":\"https:\/\/franciscanos.org.br\/carisma\/#\/schema\/person\/e352342a457f086dc6152f9c73a3d093\",\"name\":\"admin\",\"image\":{\"@type\":\"ImageObject\",\"inLanguage\":\"pt-BR\",\"@id\":\"https:\/\/franciscanos.org.br\/carisma\/#\/schema\/person\/image\/\",\"url\":\"https:\/\/secure.gravatar.com\/avatar\/e8495742d34d0ba6448ea1c628263b3e?s=96&d=mm&r=g\",\"contentUrl\":\"https:\/\/secure.gravatar.com\/avatar\/e8495742d34d0ba6448ea1c628263b3e?s=96&d=mm&r=g\",\"caption\":\"admin\"},\"url\":\"https:\/\/franciscanos.org.br\/carisma\/author\/admin\"}]}<\/script>\n<!-- \/ Yoast SEO plugin. -->","yoast_head_json":{"title":"Clima comunit\u00e1rio - Carisma - Franciscanos","robots":{"index":"index","follow":"follow","max-snippet":"max-snippet:-1","max-image-preview":"max-image-preview:large","max-video-preview":"max-video-preview:-1"},"canonical":"https:\/\/franciscanos.org.br\/carisma\/clima-comunitario.html","og_locale":"pt_BR","og_type":"article","og_title":"Clima comunit\u00e1rio - Carisma - Franciscanos","og_description":"Franciscanamente","og_url":"https:\/\/franciscanos.org.br\/carisma\/clima-comunitario.html","og_site_name":"Carisma - Franciscanos","article_published_time":"2014-09-07T03:15:44+00:00","article_modified_time":"2018-11-08T16:52:07+00:00","og_image":[{"width":300,"height":300,"url":"https:\/\/franciscanos.org.br\/carisma\/wp-content\/uploads\/2014\/09\/francisco_13.jpg","type":"image\/jpeg"}],"author":"admin","twitter_card":"summary_large_image","twitter_misc":{"Escrito por":"admin","Est. tempo de leitura":"2 minutos"},"schema":{"@context":"https:\/\/schema.org","@graph":[{"@type":"WebSite","@id":"https:\/\/franciscanos.org.br\/carisma\/#website","url":"https:\/\/franciscanos.org.br\/carisma\/","name":"Carisma - Franciscanos","description":"Prov\u00edncia Franciscana da Imaculada Concei\u00e7\u00e3o do Brasil - Ordem dos Frades Menores","potentialAction":[{"@type":"SearchAction","target":{"@type":"EntryPoint","urlTemplate":"https:\/\/franciscanos.org.br\/carisma\/?s={search_term_string}"},"query-input":"required name=search_term_string"}],"inLanguage":"pt-BR"},{"@type":"ImageObject","inLanguage":"pt-BR","@id":"https:\/\/franciscanos.org.br\/carisma\/clima-comunitario.html#primaryimage","url":"https:\/\/franciscanos.org.br\/carisma\/wp-content\/uploads\/2014\/09\/francisco_13.jpg","contentUrl":"https:\/\/franciscanos.org.br\/carisma\/wp-content\/uploads\/2014\/09\/francisco_13.jpg","width":300,"height":300},{"@type":"WebPage","@id":"https:\/\/franciscanos.org.br\/carisma\/clima-comunitario.html#webpage","url":"https:\/\/franciscanos.org.br\/carisma\/clima-comunitario.html","name":"Clima comunit\u00e1rio - Carisma - Franciscanos","isPartOf":{"@id":"https:\/\/franciscanos.org.br\/carisma\/#website"},"primaryImageOfPage":{"@id":"https:\/\/franciscanos.org.br\/carisma\/clima-comunitario.html#primaryimage"},"datePublished":"2014-09-07T03:15:44+00:00","dateModified":"2018-11-08T16:52:07+00:00","author":{"@id":"https:\/\/franciscanos.org.br\/carisma\/#\/schema\/person\/e352342a457f086dc6152f9c73a3d093"},"breadcrumb":{"@id":"https:\/\/franciscanos.org.br\/carisma\/clima-comunitario.html#breadcrumb"},"inLanguage":"pt-BR","potentialAction":[{"@type":"ReadAction","target":["https:\/\/franciscanos.org.br\/carisma\/clima-comunitario.html"]}]},{"@type":"BreadcrumbList","@id":"https:\/\/franciscanos.org.br\/carisma\/clima-comunitario.html#breadcrumb","itemListElement":[{"@type":"ListItem","position":1,"name":"Home","item":"https:\/\/franciscanos.org.br\/carisma"},{"@type":"ListItem","position":2,"name":"Clima comunit\u00e1rio"}]},{"@type":"Person","@id":"https:\/\/franciscanos.org.br\/carisma\/#\/schema\/person\/e352342a457f086dc6152f9c73a3d093","name":"admin","image":{"@type":"ImageObject","inLanguage":"pt-BR","@id":"https:\/\/franciscanos.org.br\/carisma\/#\/schema\/person\/image\/","url":"https:\/\/secure.gravatar.com\/avatar\/e8495742d34d0ba6448ea1c628263b3e?s=96&d=mm&r=g","contentUrl":"https:\/\/secure.gravatar.com\/avatar\/e8495742d34d0ba6448ea1c628263b3e?s=96&d=mm&r=g","caption":"admin"},"url":"https:\/\/franciscanos.org.br\/carisma\/author\/admin"}]}},"_links":{"self":[{"href":"https:\/\/franciscanos.org.br\/carisma\/wp-json\/wp\/v2\/posts\/66491"}],"collection":[{"href":"https:\/\/franciscanos.org.br\/carisma\/wp-json\/wp\/v2\/posts"}],"about":[{"href":"https:\/\/franciscanos.org.br\/carisma\/wp-json\/wp\/v2\/types\/post"}],"author":[{"embeddable":true,"href":"https:\/\/franciscanos.org.br\/carisma\/wp-json\/wp\/v2\/users\/1"}],"replies":[{"embeddable":true,"href":"https:\/\/franciscanos.org.br\/carisma\/wp-json\/wp\/v2\/comments?post=66491"}],"version-history":[{"count":0,"href":"https:\/\/franciscanos.org.br\/carisma\/wp-json\/wp\/v2\/posts\/66491\/revisions"}],"wp:featuredmedia":[{"embeddable":true,"href":"https:\/\/franciscanos.org.br\/carisma\/wp-json\/wp\/v2\/media\/175158"}],"wp:attachment":[{"href":"https:\/\/franciscanos.org.br\/carisma\/wp-json\/wp\/v2\/media?parent=66491"}],"wp:term":[{"taxonomy":"category","embeddable":true,"href":"https:\/\/franciscanos.org.br\/carisma\/wp-json\/wp\/v2\/categories?post=66491"},{"taxonomy":"post_tag","embeddable":true,"href":"https:\/\/franciscanos.org.br\/carisma\/wp-json\/wp\/v2\/tags?post=66491"}],"curies":[{"name":"wp","href":"https:\/\/api.w.org\/{rel}","templated":true}]}}