{"id":4390,"date":"2011-11-03T12:47:22","date_gmt":"2011-11-03T12:47:22","guid":{"rendered":"http:\/\/new.franciscanos.org.br\/?p=4390"},"modified":"2011-11-03T12:47:22","modified_gmt":"2011-11-03T12:47:22","slug":"o-rosario-da-virgem-maria","status":"publish","type":"post","link":"https:\/\/franciscanos.org.br\/carisma\/o-rosario-da-virgem-maria.html","title":{"rendered":"O Ros\u00e1rio da Virgem Maria"},"content":{"rendered":"<p><strong><a href=\"http:\/\/franciscanos.org.br\/wp-content\/uploads\/2011\/11\/1976_160412.jpg\"><img loading=\"lazy\" class=\"alignright size-full wp-image-15987\" title=\"1976_160412\" src=\"http:\/\/franciscanos.org.br\/wp-content\/uploads\/2011\/11\/1976_160412.jpg\" alt=\"\" width=\"300\" height=\"225\" \/><\/a>I &#8211; Os Mist\u00e9rios da Alegria ( 2\u00aa e s\u00e1bado)<\/strong><\/p>\n<p><strong>1\u00ba &#8211; Anuncia\u00e7\u00e3o do nascimento de Jesus (Lc.1,26-38)<\/strong><\/p>\n<p>O Ideal: Deixar Deus-Amor se encarnar em mim mediante a Palavra de Vida<\/p>\n<p>1 &#8211; O anjo Gabriel foi enviado por Deus \u00e0 Virgem Maria e a saudou: &#8220;Ave (Alegra-te).&#8221;<\/p>\n<p>2 &#8211; &#8220;Cheia de gra\u00e7a&#8221;.<\/p>\n<p>3 &#8211; O Senhor \u00e9 contigo!&#8221;<\/p>\n<p>4 &#8211; Ela ficou muito confusa e come\u00e7ou a pensar qual seria o significado da sauda\u00e7\u00e3o.<\/p>\n<p>5 &#8211; N\u00e3o tenhas medo, Maria. Encontraste gra\u00e7a junto a Deus&#8221;.<\/p>\n<p>6 &#8211; Conceber\u00e1s e dar\u00e1s \u00e0 luz um filho, e lhe por\u00e1s o nome de Jesus. Ele ser\u00e1 grande; ser\u00e1 chamado Filho do Alt\u00edssimo&#8230; e o seu reino n\u00e3o ter\u00e1 fim&#8221;.<\/p>\n<p>7 &#8211; Como acontecer\u00e1 isto, j\u00e1 que eu n\u00e3o convivo com um homem?&#8221;<\/p>\n<p>8 &#8211; &#8220;O Esp\u00edrito Santo descer\u00e1 sobre ti e o poder do Alt\u00edssimo te cobrir\u00e1 com sua sombra.&#8221;<\/p>\n<p>9 &#8211; &#8220;Por isso, aquele que vai nascer ser\u00e1 chamado santo, Filho de Deus.&#8221;<\/p>\n<p>10 &#8211; &#8220;Eis aqui a serva do Senhor! Fa\u00e7a-se em mim segundo a tua palavra&#8221;.<\/p>\n<p><strong>2\u00ba -A Visita de Maria a Isabel (Lc.1,39-56)<\/strong><\/p>\n<p>A caridade: o amor cont\u00e9m tudo; procurar ser perfeito no amor &#8220;fazendo-nos um&#8221;.<\/p>\n<p>1 &#8211; Maria partiu apressadamente para a regi\u00e3o montanhosa, dirigindo-se a uma cidade de Jud\u00e1.<\/p>\n<p>2 &#8211; Ela entrou na casa de Zacarias e saudou Isabel.<\/p>\n<p>3 &#8211; Quando Isabel ouviu a sauda\u00e7\u00e3o de Maria, a crian\u00e7a pulou de alegria em seu ventre.<\/p>\n<p>4 &#8211; E Isabel ficou repleta do Esp\u00edrito Santo. Com voz forte, ela exclamou: &#8220;Bendita \u00e9s tu entre as mulheres. . .<\/p>\n<p>5 &#8211; e bendito \u00e9 o fruto do teu ventre!&#8221;<\/p>\n<p>6 &#8211; &#8220;Como mere\u00e7o que a m\u00e3e do meu Senhor venha me visitar?&#8221;<\/p>\n<p>7 &#8211; &#8220;Logo que a tua sauda\u00e7\u00e3o ressoou nos meus ouvidos, o menino pulou de alegria no meu ventre.<\/p>\n<p>8 &#8211; &#8220;Feliz aquela que acreditou, pois o que lhe foi dito da parte do Senhor ser\u00e1 cumprido!&#8221;<\/p>\n<p>9 &#8211; Maria: &#8220;A minha alma engrandece o Senhor e meu esp\u00edrito se alegra em Deus meu Salvador.<\/p>\n<p>10 &#8211; Maria ficou tr\u00eas meses com Isabel. Depois voltou para sua casa.<\/p>\n<p><strong>3\u00ba &#8211; O Nascimento de Jesus (Lc.2,1-20; Mt.2,1-18)<\/strong><\/p>\n<p><strong>Fazer Jesus ressuscitado nascer em nosso meio e lev\u00e1-lo a toda parte.<\/strong><\/p>\n<p>1 &#8211; O decreto do imperador Augusto&#8230;Tamb\u00e9m Jos\u00e9 subiu de Nazar\u00e9, na Galil\u00e9ia, \u00e0 cidade de Bel\u00e9m, na Jud\u00e9ia, para registrar-se com Maria, sua esposa gr\u00e1vida.<\/p>\n<p>2 &#8211; Chegou o tempo do parto. Ela deu \u00e0 luz seu filho primog\u00eanito.<\/p>\n<p>3 &#8211; Envolveu-o em faixas e deitou-o numa manjedoura, porque n\u00e3o havia lugar para eles na hospedaria.<\/p>\n<p>4 &#8211; Havia naquela regi\u00e3o pastores. Um anjo do Senhor lhes apareceu e lhes disse: &#8220;N\u00e3o tenhais medo! Eu vos anuncio uma grande alegria, que ser\u00e1 tamb\u00e9m de todo o povo: Hoje&#8230;nasceu para v\u00f3s o Salvador, que \u00e9 o Cristo Senhor!&#8221;<\/p>\n<p>5 &#8211; De repente, juntou-se ao anjo uma multid\u00e3o do ex\u00e9rcito celeste cantando a Deus: &#8220;Gl\u00f3ria a Deus no mais alto dos c\u00e9us, e na terra, paz aos que s\u00e3o do seu agrado!&#8221;<\/p>\n<p>6 &#8211; Os pastores disseram uns aos outros: &#8220;Vamos \u00e0 Bel\u00e9m!&#8221; Foram, pois, \u00e0s pressas e encontraram Maria e Jos\u00e9, e o rec\u00e9m-nascido deitado na manjedoura.<\/p>\n<p>7 &#8211; Todos os que ouviram os pastores ficavam admirados. Maria guardava todas estas coisas,<\/p>\n<p>8 &#8211; A visita dos Magos: &#8220;Onde est\u00e1 o rei dos judeus que acaba de nascer? Vimos a sua estrela no Oriente e viemos ador\u00e1-lo!&#8221;<\/p>\n<p>9 &#8211; Quando entraram na casa, viram o menino com Maria, sua m\u00e3e.<\/p>\n<p>10 &#8211; No oitavo dia, quando o menino devia ser circuncidado, deram-lhe o nome de Jesus, como fora chamado pelo anjo antes de ser concebido no ventre da m\u00e3e.<\/p>\n<p><strong>4\u00ba &#8211; A Apresenta\u00e7\u00e3o de Jesus no Templo (Lc.2,21-40)<\/strong><\/p>\n<p><strong>Ir contracorrente e ser como Jesus sinal de contradi\u00e7\u00e3o, recordando todas as virtudes.<\/strong><\/p>\n<p>1 &#8211; Quando se completaram os dias para a purifica\u00e7\u00e3o, levaram o menino a Jerusal\u00e9m, para apresent\u00e1-lo ao Senhor.<\/p>\n<p>2 &#8211; Ofereceram um par de rolas ou dois pombinhos, a oferta dos pobres.<\/p>\n<p>3 &#8211; O velho Sime\u00e3o, movido pelo Esp\u00edrito Santo, veio ao Templo, tomou o menino nos bra\u00e7os e louvou a Deus:<\/p>\n<p>4 &#8211; Agora, Senhor, segundo a tua promessa, deixas teu servo ir em paz.<\/p>\n<p>5 &#8211; Porque meus olhos viram a tua salva\u00e7\u00e3o, que preparaste diante de todos os povos:<\/p>\n<p>6 &#8211; Luz para iluminar as na\u00e7\u00f5es e gl\u00f3ria de Israel, teu povo.&#8221;<\/p>\n<p>7 &#8211; Sime\u00e3o disse a Maria: &#8220;Este menino ser\u00e1 causa de queda e reerguimento para muitos em Israel. Ele ser\u00e1 um sinal de contradi\u00e7\u00e3o.<\/p>\n<p>8 &#8211; E a ti, uma espada traspassar\u00e1 tua alma!<\/p>\n<p>9 &#8211; Seu pai e sua m\u00e3e estavam admirados das coisas que dele se diziam.<\/p>\n<p>10 &#8211; A velha vi\u00fava Ana se p\u00f4s a louvar a Deus e falar do menino a todos os que esperavam a liberta\u00e7\u00e3o de Jerusal\u00e9m.<\/p>\n<p><strong>5\u00ba &#8211; A Perda de Jesus no Templo (Lc.2,41-52)<\/strong><\/p>\n<p><strong>No momento presente perder tudo, como a Desolada, para ser outro Jesus.<\/strong><\/p>\n<p>1 &#8211; Quando Jesus completou 12 anos, seus pais foram para a festa da P\u00e1scoa, como de costume.<\/p>\n<p>2 &#8211; Terminados os dias de festa, enquanto eles voltavam, Jesus ficou, sem que seus pais percebessem.<\/p>\n<p>3 &#8211; Pensando que se encontrasse na caravana, caminharam um dia inteiro. Come\u00e7aram ent\u00e3o procur\u00e1-lo entre os parentes e conhecidos e voltaram a Jerusal\u00e9m.<\/p>\n<p>4 &#8211; Depois de tr\u00eas dias, o encontraram no templo, sentado entre os mestres, ouvindo-os e lhes fazendo perguntas.<\/p>\n<p>5 &#8211; Todos aqueles que ouviam o menino ficavam maravilhados com sua intelig\u00eancia.<\/p>\n<p>6 &#8211; Quando o viram, seus pais ficavam comovidos, e sua m\u00e3e lhe disse: &#8220;Filho, porque agiste assim conosco? Olha, teu pai e eu est\u00e1vamos, angustiados, \u00e0 tua procura!&#8221;<\/p>\n<p>7 &#8211; Ele respondeu: &#8220;Por que me procur\u00e1veis? N\u00e3o sab\u00edeis que eu devo estar naquilo que \u00e9 de meu pai?&#8221; Eles, por\u00e9m, n\u00e3o compreenderam a palavra que lhes falou.<\/p>\n<p>8 &#8211; Jesus desceu, ent\u00e3o, com seus pais para Nazar\u00e9 e era obediente a eles.<\/p>\n<p>9 &#8211; Sua m\u00e3e guardava todas estas coisas no cora\u00e7\u00e3o.<\/p>\n<p>10 &#8211; E Jesus ia crescendo em sabedoria, tamanho e gra\u00e7a diante de Deus e dos homens.<\/p>\n<p><strong>II &#8211; Os Mist\u00e9rios da Dor ( 3\u00aa e 6\u00aa ) <\/strong><br \/>\n<strong>1\u00ba &#8211; A Agonia Mortal de Jesus no Horto das Oliveiras e pris\u00e3o de Jesus. <\/strong><br \/>\n<strong>(Mt.26,36-62)<\/strong><\/p>\n<p>1. Entregar-se \u00e0 vontade do Pai no momento presente.<\/p>\n<p>2. &#8211; Jesus levou Pedro e os dois filhos de Zebedeu consigo e come\u00e7ou a ficar triste e angustiado.<\/p>\n<p>3 &#8211; &#8220;Estou numa tristeza mortal! Ficai e vigiai comigo!&#8221;<\/p>\n<p>4 &#8211; Jesus se afastou um pouco, caiu com o rosto por terra e orou: &#8220;Meu Pai, se \u00e9 poss\u00edvel, que este c\u00e1lice passe de mim. Contudo, n\u00e3o seja feito minha , mas tua vontade!&#8221;<\/p>\n<p>5 &#8211; &#8220;Vigiai e orai, para n\u00e3o cairdes em tenta\u00e7\u00e3o; pois o esp\u00edrito est\u00e1 pronto, mas a carne \u00e9 fraca&#8221;.<\/p>\n<p>6 &#8211; Jesus encontra seus disc\u00edpulos tr\u00eas vezes dormindo e os adverte: &#8220;N\u00e3o fostes capazes de vigiar uma s\u00f3 hora comigo?&#8221;<\/p>\n<p>7 &#8211; &#8220;Meu Pai, se \u00e9 poss\u00edvel, afaste de mim este c\u00e1lice. N\u00e3o seja, por\u00e9m, feita a minha, mas a Tua vontade!&#8221;.<\/p>\n<p>8 &#8211; Colocava a sua causa nas m\u00e3o daquele que julga com justi\u00e7a. (1.Pdr.2,23).<\/p>\n<p>9 &#8211; Humilhou-se, fazendo-se obediente at\u00e9 a morte &#8211; e morte de cruz. (Flp.2,8).<\/p>\n<p>10 &#8211; Chegou a hora! O Filho do Homem est\u00e1 sendo entregue aos pecadores. Levantai-vos vamos! Jesus disse a Judas: &#8220;Amigo, para que vieste?&#8221;<\/p>\n<p><strong>2\u00ba &#8211; A Flagela\u00e7\u00e3o de Jesus (Mt.26,65-75; 27,1-26;Is.50;52;53; 1.Pdr.2,24) <\/strong><br \/>\n<strong>As dores f\u00edsicas: doen\u00e7as, cansa\u00e7os unir tudo \u00e0 paix\u00e3o de Jesus renovada na Missa.<\/strong><\/p>\n<p>1 &#8211; Os sumos sacerdotes e o sin\u00e9drio o condenam, batem em Jesus.<\/p>\n<p>2 &#8211; Os sumos sacerdotes e anci\u00e3os do povo o amarram, levam-no e entregam-no a Pilatos.<\/p>\n<p>3 &#8211; Os guardas o recebem a tapas.<\/p>\n<p>4 &#8211; Jesus \u00e9 a\u00e7oitado antes da crucifica\u00e7\u00e3o.<\/p>\n<p>5 &#8211; &#8220;Apresentei as costas aos que me queriam bater, ofereci o queixo aos me queriam arrancar a barba&#8221;.<\/p>\n<p>6 &#8211; Ele j\u00e1 n\u00e3o parecia gente, tanto havia perdido a apar\u00eancia humana.<\/p>\n<p>7 &#8211; N\u00e3o agradava \u00e0 vista nem tinha beleza que pudesse atrair o nosso olhar.<\/p>\n<p>8 &#8211; Homem do sofrimento, experimentado na dor.<\/p>\n<p>9 &#8211; Ferido de morte pelas rebeldias do meu povo.<\/p>\n<p>10 &#8211; Por suas feridas fostes curados.<\/p>\n<p><strong>3\u00ba &#8211; A Coroa\u00e7\u00e3o de Espinhos (Mt.27,27-31;Is. 53,7;Flp.2,7)<\/strong><\/p>\n<p><strong>As dores espirituais: unir \u00e0s dores de Jesus a escurid\u00e3o, as prova\u00e7\u00f5es da mente e da alma todos os esfor\u00e7os para fazer-nos um com os outros.<\/strong><\/p>\n<p>1 &#8211; Os soldados do governador tiraram-lhe a roupa e o vestiram com um manto vermelho<\/p>\n<p>2 &#8211; Tran\u00e7aram uma coroa de espinhos, puseram-na em sua cabe\u00e7a e uma vara em sua m\u00e3o.<\/p>\n<p>3 &#8211; Ajoelharam-se diante de Jesus e zombavam dizendo: &#8220;Salve rei dos judeus!&#8221;<\/p>\n<p>4 &#8211; Cuspiram nele e, pegando a vara , bateram-lhe na cabe\u00e7a.<\/p>\n<p>5 &#8211; Era o mais desprezado e abandonado de todos.<\/p>\n<p>6 &#8211; Herodes com seus soldados o tratam com desprezo. Jesus n\u00e3o responde nada.<\/p>\n<p>7 &#8211; Ecce Homo!<\/p>\n<p>8 &#8211; Injuriado n\u00e3o retribu\u00eda inj\u00farias; atormentado, n\u00e3o amea\u00e7ava.<\/p>\n<p>9 &#8211; Oprimido, ele se rebaixou, nem abriu a boca.<\/p>\n<p>10 &#8211; Despojou-se, assumindo a forma de escravo.<\/p>\n<p><strong>4\u00ba &#8211; Jesus, condenado, sobe ao Calv\u00e1rio (Mt.16,24;27,31; 1.Pdr.2,24;Is.53,4)<\/strong><\/p>\n<p><strong>Aceitar nossa morte, quando,como, onde ele quer. Morrer a n\u00f3s mesmos no momento presente.<\/strong><\/p>\n<p>1 &#8211; Jesus \u00e9 condenado \u00e0 morte. O levaram para crucificar. Carregando a sua cruz, ele saiu para o lugar chamado Calv\u00e1rio (em hebraico: G\u00f3lgota).<\/p>\n<p>2 &#8211; Obrigaram a Sim\u00e3o de Cirene a carregar a cruz de Jesus.<\/p>\n<p>3 &#8211; Carregou nossos pecados em seu pr\u00f3prio corpo, sobre a cruz.<\/p>\n<p>4 &#8211; &#8220;Mulheres de Jerusal\u00e9m n\u00e3o choreis por mim, chorai por v\u00f3s mesmas e por vossos filhos!&#8221;.<\/p>\n<p>5 &#8211; Levaram tamb\u00e9m dois malfeitores para serem executados com ele e crucificaram um de cada lado.<\/p>\n<p>6 &#8211; Repartiram suas vestes, tirando a sorte sobre a t\u00fanica.<\/p>\n<p>7 &#8211; Pilatos mandou escrever um letreiro sobre a cruz com os dizeres: &#8220;Jesus de Nazar\u00e9, o rei dos Judeus&#8221;.<\/p>\n<p>8 &#8211; Eram na verdade nossos sofrimentos que Ele carregava.<\/p>\n<p>9 &#8211; &#8220;Quem quiser ser meu disc\u00edpulo, renuncie a si mesmo, tome sua cruz e siga-me!&#8221; (Mt.16,24).<\/p>\n<p>10 &#8211; N\u00f3s nos gloriamos na Cruz de Nosso Senhor Jesus Cristo&#8221;.<\/p>\n<p><strong>5\u00ba &#8211; Jesus morre na Cruz (Mt.27,45-54; Mc.15,34;Lc.23,34-46;Jo.19,25-30)<\/strong><\/p>\n<p><strong>Jesus Abandonado: renovar nossa consagra\u00e7\u00e3o a Ele e a escolha de am\u00e1-Lo sempre, logo e com alegria.<\/strong><\/p>\n<p>1 &#8211; Jesus \u00e9 pregado na cruz, insultado e ca\u00e7oado. Uma escurid\u00e3o cobriu toda a terra.<\/p>\n<p>2 &#8211; &#8220;Pai, perdoai-lhes, porque n\u00e3o sabem o que est\u00e3o fazendo&#8221;.<\/p>\n<p>3 &#8211; &#8220;Em verdade te digo, ainda hoje estar\u00e1s comigo no para\u00edso!&#8221;<\/p>\n<p>4 &#8211; &#8220;Tenho sede!&#8221;<\/p>\n<p>5 &#8211; &#8220;Meu Deus, Meu Deus, porque me abandonaste?&#8221;<\/p>\n<p>6 &#8211; &#8220;Eis o teu filho!&#8221; &#8211; &#8220;Eis a tua m\u00e3e!&#8221;<\/p>\n<p>7 &#8211; &#8220;Pai, em tuas m\u00e3os entrego meu esp\u00edrito!&#8221;<\/p>\n<p>8 &#8211; &#8220;Est\u00e1 tudo consumado!&#8221;<\/p>\n<p>9 &#8211; &#8220;Um soldado golpeou-lhe o lado com uma lan\u00e7a, e imediatamente saiu sangue e \u00e1gua&#8221;.<\/p>\n<p>10 &#8211; O centuri\u00e3o: &#8220;Este era verdadeiramente o Filho de Deus!&#8221;<\/p>\n<p><strong>III &#8211; Os Mist\u00e9rios da Gl\u00f3ria ( 4\u00aa e Domingo)<\/strong><br \/>\n<strong>1\u00ba &#8211; A Ressurrei\u00e7\u00e3o de Jesus: (Mt.28,Lc.24;Jo.20;21)<\/strong><\/p>\n<p><strong>Viver o Ressuscitado: apesar de tudo, recome\u00e7ar sempre, ressurgir sempre, amando Jesus Abandonado.<\/strong><\/p>\n<p>1 &#8211; Ao raiar do 1\u00ba.dia da semana&#8230;houve um grande terremoto. O anjo do Senhor desceu do c\u00e9u, removeu a pedra e sentou-se nela.<\/p>\n<p>2 &#8211; O anjo falou \u00e0s mulheres: &#8220;N\u00e3o deveis ter medo! Sei que procurais Jesus que foi crucificado. Ele n\u00e3o est\u00e1 aqui! Ressuscitou, como havia dito!&#8221;<\/p>\n<p>3 &#8211; &#8220;N\u00e3o era necess\u00e1rio que Cristo sofresse tudo isso para entrar em sua gl\u00f3ria?&#8221;<\/p>\n<p>4 &#8211; &#8220;Fica conosco, pois j\u00e1 \u00e9 tarde e a noite vem chegando.&#8221;<\/p>\n<p>5 &#8211; &#8220;N\u00e3o estava ardendo o nosso cora\u00e7\u00e3o, quando ele nos falava pelo caminho e nos explicava as escrituras?&#8221;<\/p>\n<p>6 &#8211; &#8220;Realmente, o Senhor ressuscitou e apareceu a Sim\u00e3o&#8221;.<\/p>\n<p>7 &#8211; &#8220;Eu sou a Ressurrei\u00e7\u00e3o e a vida!&#8221;.<\/p>\n<p>8 &#8211; &#8220;A paz esteja convosco!&#8221; &#8211; &#8220;Como o Pai me enviou, Eu vos envio!&#8221;<\/p>\n<p>9 &#8211; &#8220;Meu Senhor e meu Deus!&#8221; &#8211; &#8220;Felizes os que cr\u00eaem, sem ter visto&#8221;.<\/p>\n<p>10 &#8211; &#8220;Se ressuscitastes com Cristo, buscai as coisas do alto&#8221;(Cl.3,1).<\/p>\n<p><strong>2\u00ba &#8211; Ascens\u00e3o de Jesus ao C\u00e9u (Mt.28,18; Lc.24,51; Jo.20,17;At.1<\/strong><\/p>\n<p><strong>&#8220;Quem n\u00e3o progride regride&#8221;. Hoje melhor que ontem!<\/strong><\/p>\n<p>1 &#8211; &#8220;Toda autoridade me foi dada no c\u00e9u e na terra&#8221;.<\/p>\n<p>2 &#8211; &#8220;Ide, ensinai a todas as na\u00e7\u00f5es, batizai-as em nome do Pai, do Filho e do Esp\u00edrito Santo&#8221;.<\/p>\n<p>3 &#8211; &#8220;Ensinai-as a observar tudo o que vos prescrevi&#8221;.<\/p>\n<p>4 &#8211; &#8220;Eis que estou convosco todos os dias, at\u00e9 o fim do mundo&#8221;.<\/p>\n<p>5 &#8211; &#8220;Subo para meu Pai e vosso Pai, meu Deus e vosso Deus.&#8221;<\/p>\n<p>6 &#8211; &#8220;Vou preparar-lhes um lugar&#8230; a fim de que l\u00e1 onde eu estou, v\u00f3s estejais tamb\u00e9m&#8221;.<\/p>\n<p>7 &#8211; &#8220;Sereis minhas testemunhas&#8230; at\u00e9 os confins do mundo&#8221; .<\/p>\n<p>8 &#8211; Enquanto os aben\u00e7oava separou-se deles e foi arrebatado ao C\u00e9u. Uma nuvem o ocultou aos seus olhos.<\/p>\n<p>9 &#8211; Dois homens vestidos de branco disseram: &#8220;Homens da Galil\u00e9ia porque ficais a\u00ed olhando o c\u00e9u? . . . esse Jesus. . . voltar\u00e1. . .&#8221;<\/p>\n<p>10 &#8211; Deus nos ressuscitou com Cristo e nos fez sentar nos C\u00e9us em virtude de nossa uni\u00e3o com Jesus Cristo.<\/p>\n<p><strong>3\u00ba &#8211; A Descida do Esp\u00edrito Santo (At.1;2)<\/strong><\/p>\n<p><strong>Escutar &#8220;aquela voz&#8221;: agradecer ao Esp\u00edrito Santo pelo dom da unidade; oferecer ao Esp\u00edrito Santo a nossa vida de ora\u00e7\u00e3o e toda a nossa uni\u00e3o com Deus.<\/strong><\/p>\n<p>1 &#8211; &#8220;Enviarei a v\u00f3s o Esp\u00edrito da verdade . . .<\/p>\n<p>2 &#8211; Ele vos ensinar\u00e1 toda a verdade&#8221;<\/p>\n<p>3 &#8211; Jesus entregou (na cruz) seu Esp\u00edrito.<\/p>\n<p>4 &#8211; No dia de Pentecostes, os ap\u00f3stolos, junto com algumas mulheres,entre elas Maria, m\u00e3e de Jesus, perseveravam unanimemente na ora\u00e7\u00e3o no Cen\u00e1culo.<\/p>\n<p>5 &#8211; De repente veio do c\u00e9u um ru\u00eddo, como se soprasse um vento impetuoso e encheu toda a casa onde estavam sentados.<\/p>\n<p>6 &#8211; Apareceram-lhes uma esp\u00e9cie de l\u00ednguas de fogo que se repartiram e repousaram sobre cada um deles.<\/p>\n<p>7 &#8211; Ficaram todos cheios do Esp\u00edrito Santo. . .<\/p>\n<p>8 &#8211; e falaram em l\u00ednguas, conforme o Esp\u00edrito Santo lhes concedia que falassem (e que todos entendiam).<\/p>\n<p>9 &#8211; &#8220;Recebei o Esp\u00edrito Santo. A quem perdoardes os pecados, eles s\u00e3o perdoados&#8221;.<\/p>\n<p>10 &#8211; &#8220;O amor de Cristo \u00e9 derramado pelo Esp\u00edrito Santo&#8221; (Rm.5,5).<\/p>\n<p><strong>4\u00ba &#8211; Assun\u00e7\u00e3o de Maria ao C\u00e9u (Lc.1;Ap.11;12,13,14;Jd.15,10)<\/strong><\/p>\n<p><strong>Temos uma m\u00e3e no c\u00e9u; Fazer um presente a Maria oferecendo-lhe o esfor\u00e7o cotidiano e nossa busca de santidade: Totus Tuus!<\/strong><\/p>\n<p>1 &#8211; O templo de Deus que est\u00e1 no C\u00e9u se abriu e apareceu no templo a arca da alian\u00e7a.<\/p>\n<p>2 &#8211; Apareceu no C\u00e9u um grande sinal&#8230;<\/p>\n<p>3 &#8211; Uma mulher vestida como o sol&#8230;<\/p>\n<p>4 &#8211; A lua debaixo dos p\u00e9s&#8230;<\/p>\n<p>5 &#8211; Sobre a cabe\u00e7a uma coroa de doze estrelas..<\/p>\n<p>6 &#8211; &#8220;A minha alma engrandece o Senhor,<\/p>\n<p>7 &#8211; E meu esp\u00edrito exulta em Deus, meu Salvador, porque olhou para a humildade de sua serva.<\/p>\n<p>8 &#8211; &#8220;Todas as gera\u00e7\u00f5es, de agora em diante me chamar\u00e3o feliz..<\/p>\n<p>9 &#8211; Porque o Todo-poderoso fez em mim coisas grandiosas&#8221;.<\/p>\n<p>10 &#8211; &#8220;Tu es a gl\u00f3ria de Jerusal\u00e9m, a alegria de nosso povo&#8221;.<\/p>\n<p><strong>5\u00ba &#8211; A Coroa\u00e7\u00e3o de Maria <\/strong><br \/>\n<strong>(Gn.3; Lc.1;2; 22,28.s;Est.7,3;1Cor.2,9; Ap19;22;23; 1Jo.3; Sl.23)<\/strong><\/p>\n<p>A Comunh\u00e3o dos santos: tender \u00e0 santidade tamb\u00e9m hoje. Para isso pedir Maria e a todos os irm\u00e3(o)s que est\u00e3o no Para\u00edso.<\/p>\n<p>1 &#8211; &#8220;Porei inimizade entre ti e a mulher, entre tua descend\u00eancia e a dela, Ela te esmagar\u00e1 a cabe\u00e7a.&#8221;<\/p>\n<p>2 &#8211; &#8220;Se encontrei gra\u00e7a a teus olhos, rei e se te agrada, concede-me a vida e a vida do meu povo&#8221;<\/p>\n<p>3 &#8211; &#8220;Eu sou a m\u00e3e do belo amor e do temor,do conhecimento e da esperan\u00e7a&#8221;.<\/p>\n<p>4 &#8211; &#8220;Passamos da morte para a vida, porque amamos os irm\u00e3os&#8221; e. &#8220;Vi um novo C\u00e9u e uma nova terra. Nunca mais haver\u00e1 morte nem luto nem clamor e nem Dor.<\/p>\n<p>5 &#8211; &#8220;Car\u00edssimos, desde j\u00e1 somos filhos de Deus.Sabemos que, quando Jesus se manifestar, seremos semelhantes a Ele.&#8221;<\/p>\n<p>6 &#8211; &#8220;Comereis e bebereis \u00e0 minha mesa no meu reino e sentar-vos-eis em tronos, para julgar as doze tribos de Israel&#8221;.<\/p>\n<p>7 &#8211; &#8220;O que Deus preparou para os que o amam \u00e9 algo que os olhos jamais viram, nem os ouvidos ouviram, nem cora\u00e7\u00e3o algum pressentiu&#8221;.<\/p>\n<p>8 &#8211; &#8220;A multid\u00e3o aclamava no C\u00e9u: &#8220;Aleluia! O Senhor, nosso Deus o Todo-poderoso passou a reinar..chegou o tempo das n\u00fapcias do Cordeiro&#8221;.<\/p>\n<p>9 &#8211; &#8220;O Esp\u00edrito e a Esposa dizem: &#8220;Vem!&#8221; Aquele que ouve tamb\u00e9m diga: &#8220;Vem!<\/p>\n<p>10 &#8211; Quem tem sede venha, e quem quiser, receba de gra\u00e7a a \u00e1gua vivificante&#8221; &#8211; &#8220;Na casa do Senhor habitarei pelos tempos infinitos&#8221;.<\/p>\n<p><strong>IV &#8211; Os Mist\u00e9rios da Luz ( 5\u00aa feira)<\/strong><br \/>\n<strong>1\u00ba &#8211; Jesus \u00e9 batizado no rio Jord\u00e3o- o Pai revela Jesus como o seu Filho (Mt.3,13-17) <\/strong><br \/>\n<strong>Nossa segunda Escolha de Deus &#8211; fazer-nos um com os pecadores, n\u00e3o, por\u00e9m, com o pecado.<\/strong><\/p>\n<p>1 &#8211; Jesus desce \u00e0 \u00e1gua na fila dos pecadores.<\/p>\n<p>2 &#8211; Jesus como inocente se faz pecado por n\u00f3s. (2.Cor.5,21)<\/p>\n<p>3 &#8211; Jo\u00e3o reluta em batizar Jesus, mas Jesus insiste para cumprir o plano do Pai.<\/p>\n<p>4 &#8211; Jesus \u00e9 batizado por Jo\u00e3o Batista.<\/p>\n<p>5 &#8211; Jesus se p\u00f5e em ora\u00e7\u00e3o. (Lc.3,21)<\/p>\n<p>6 &#8211; O C\u00e9u se abre. Somos convidados a fazer parte da vida da Ssa.Trindade.<\/p>\n<p>7 &#8211; O Pai proclama Jesus como seu Filho predileto.<\/p>\n<p>8 &#8211; O Esp\u00edrito Santo vem sobre Jesus em forma de pomba e o investe como Messias.<\/p>\n<p>9 &#8211; Jesus batiza-nos com o Esp\u00edrito Santo.<\/p>\n<p>10 &#8211; Jesus \u00e9 o Cordeiro que tira nossos pecados.<\/p>\n<p><strong>2\u00ba &#8211; Jesus se revela a si mesmo nas Bodas de Can\u00e1 (Jo.2,1-11)<\/strong><\/p>\n<p><strong>A festa da comunh\u00e3o, introduzida por Maria: Jesus em nosso meio. Fazer da Igreja &#8220;casa e escola de Comunh\u00e3o&#8221;!<\/strong><\/p>\n<p>1 &#8211; No 3\u00ba.dia houve um casamento em Can\u00e1 da Galil\u00e9ia e a m\u00e3e de Jesus estava l\u00e1.<\/p>\n<p>2 &#8211; Tamb\u00e9m Jesus e seu disc\u00edpulos foram convidados para o casamento.<\/p>\n<p>3 &#8211; Faltando o vinho, a m\u00e3e de Jesus lhe disse: &#8220;Eles n\u00e3o t\u00eam mais vinho!&#8221;<\/p>\n<p>4 &#8211; Jesus respondeu:&#8221;que \u00e9 isso para mim e para ti; a minha hora ainda n\u00e3o chegou&#8221;.<\/p>\n<p>5 &#8211; Sua m\u00e3e disse aos que serviam: &#8220;Fazei tudo, o que Ele vos disser!&#8221;<\/p>\n<p>6 &#8211; Estavam a\u00ed seis talhas de pedra. Jesus disse: &#8220;Enchei as talhas de \u00e1gua!&#8221;.<\/p>\n<p>7 &#8211; Eles encheram-nas at\u00e9 as bordas.<\/p>\n<p>8 &#8211; Jesus disse: &#8220;Agora, tirai e levai ao encarregado da festa!&#8221; E eles as levaram.<\/p>\n<p>9 &#8211; Este disse ao noivo: &#8220;Todo mundo serve primeiro o vinho bom.Tu guardaste o bom vinho at\u00e9 agora?&#8221;<\/p>\n<p>10 &#8211; Este foi o in\u00edcio dos sinais.Jesus manifestou sua gl\u00f3ria e seus disc\u00edpulos creram nele&#8221;.<\/p>\n<p><strong>3\u00ba &#8211; Jesus anuncia o Reino de Deus e convida \u00e0 convers\u00e3o (Mt.3,17;5,1)<\/strong><\/p>\n<p><strong>Onde dois ou mais&#8230; O Reino de Deus \u00e9 a espiritualidade de Comunh\u00e3o.<\/strong><\/p>\n<p>1 &#8211; &#8220;Completou-se o tempo, o Reino de Deus est\u00e1 pr\u00f3ximo. Convertei-vos e crede no evangelho!&#8221; (Mc.1,15)<\/p>\n<p>2 &#8211; Jesus disse: &#8220;O Esp\u00edrito do Senhor est\u00e1 sobre mim, para anunciar a Boa Nova aos pobres&#8221;. (Lc.4,17-21)<\/p>\n<p>3 &#8211; &#8220;Felizes os pobres no esp\u00edrito, porque deles \u00e9 o Reino dos C\u00e9us&#8221;.<\/p>\n<p>4 &#8211; &#8220;Eu sou a luz do mundo&#8230;V\u00f3s sois a luz do mundo&#8221;. (Jo.8,12; Mt.5,14)<\/p>\n<p>5 &#8211; &#8220;Buscai primeiro o Reino de Deus e a sua justi\u00e7a, e o resto vos ser\u00e1 dado por acr\u00e9scimo&#8221; (Mt.6,33).<\/p>\n<p>6 &#8211; &#8220;Amar\u00e1s o Senhor, teu Deus com todo o teu cora\u00e7\u00e3o&#8230;.e amar\u00e1s o teu pr\u00f3ximo como a ti mesmo&#8221;. (Mt.22,37-40).<\/p>\n<p>7 &#8211; &#8220;Quem de v\u00f3s quer ser o primeiro, seja o \u00faltimo e aquele que serve&#8221;. (Mt.20,27)<\/p>\n<p>8 &#8211; &#8220;O Reino de Deus \u00e9 como um semeador (Mt.13,3)&#8230;como uma rede&#8230; como um tesouro&#8230; (Mt.13,44), &#8230;como o gr\u00e3o de mostarda,..como o fermento&#8230;(Lc.13)&#8221;<\/p>\n<p>9 &#8211; &#8220;Onde dois ou mais estiverem reunidos em meu nome Eu estarei no meio deles!&#8221; (Mt.18,20)<\/p>\n<p>10 &#8211; &#8220;Se n\u00e3o vos tornardes como crian\u00e7as, n\u00e3o entrareis no Reino dos C\u00e9us&#8221;.(Mt.18,3)<\/p>\n<p><strong>4\u00ba &#8211; Jesus \u00e9 transfigurado no Monte Tabor (Mt.17,2)<\/strong><\/p>\n<p><strong>A experi\u00eancia m\u00edstica da presen\u00e7a de Jesus em nosso meio: tudo se torna novo.<\/strong><\/p>\n<p>1 &#8211; Jesus levou Pedro, Tiago e Jo\u00e3o e os fez subir a um lugar retirado.<\/p>\n<p>2 &#8211; Jesus foi transfigurado diante deles(a gl\u00f3ria da Divindade reluz no rosto de Cristo).<\/p>\n<p>3 &#8211; O rosto de Jesus brilhou como o sol. Sempre olhar para o rosto de Jesus.<\/p>\n<p>4 &#8211; Suas roupas ficaram brancas como luz.<\/p>\n<p>5 &#8211; Apareceram Moises e Elias e conversaram com Jesus.<\/p>\n<p>6 &#8211; Pedro disse: &#8220;Senhor, \u00e9 bom ficarmos aqui!&#8221;<\/p>\n<p>7 &#8211; Uma nuvem luminosa os envolvia.<\/p>\n<p>8 &#8211; Da nuvem, uma voz dizia: &#8220;Este \u00e9 meu Filho, o Eleito. Escutai-o!&#8221;<\/p>\n<p>9 &#8211; Jesus tocou nos disc\u00edpulos ca\u00eddos por terra e disse: &#8220;Levantai-vos, n\u00e3o tenhais medo!&#8221;.<\/p>\n<p>10 &#8211; &#8220;N\u00e3o faleis a ningu\u00e9m desta vis\u00e3o, at\u00e9 que o Filho do Homem tenha sido ressuscitado dos mortos&#8221;.<\/p>\n<p><strong>5\u00ba &#8211; Jesus institui a Eucaristia, Sacramento do Mist\u00e9rio Pascal <\/strong><br \/>\n<strong>(Mt.26,26;Jo.6;13;1.Cor.11,26)<\/strong><\/p>\n<p><strong>A Eucaristia nos alimenta e nos une a Jesus Abandonado, chave da unidade com Deus e com os irm\u00e3os, e nos faz Corpo M\u00edstico de Cristo, Igreja.<\/strong><\/p>\n<p>1 &#8211; &#8220;Tendo amado os seus, amou-os at\u00e9 o fim&#8221;.<\/p>\n<p>2 &#8211; Jesus lava os p\u00e9s aos seus disc\u00edpulos.<\/p>\n<p>3 &#8211; &#8220;Dou-vos um Mandamento Novo: Amai-vos uns aos outros, como Eu vos amei!&#8221;<\/p>\n<p>4 &#8211; &#8220;Tomai e comei! Isto \u00e9 meu corpo, entregue por v\u00f3s!&#8221;<\/p>\n<p>5 &#8211; &#8220;Tomai e bebei! Este \u00e9 meu o sangue derramado por v\u00f3s!&#8221;<\/p>\n<p>6 &#8211; &#8220;Fazei isto em mem\u00f3ria de mim!&#8221;<\/p>\n<p>7 &#8211; &#8220;Todas as vezes que comerdes deste p\u00e3o e beberdes deste c\u00e1lice, anunciais morte de Cristo, at\u00e9 que Ele venha&#8221;.<\/p>\n<p>8 &#8211; &#8220;Minha carne \u00e9 verdadeira comida e meu sangue \u00e9 verdadeira bebida&#8221;.<\/p>\n<p>9 &#8211; &#8220;Eu sou a videira, v\u00f3s sois os ramos&#8230; quem permanece em Mim e Eu nele, produz muitos frutos&#8221;.<\/p>\n<p>10 &#8211; &#8220;Quem comer deste p\u00e3o, viver\u00e1 eternamente&#8221;.<\/p>\n","protected":false},"excerpt":{"rendered":"<p>Celebra\u00e7\u00e3o<\/p>\n","protected":false},"author":1,"featured_media":13509,"comment_status":"open","ping_status":"open","sticky":false,"template":"","format":"standard","meta":[],"categories":[13],"tags":[],"yoast_head":"<!-- This site is optimized with the Yoast SEO plugin v19.2 - https:\/\/yoast.com\/wordpress\/plugins\/seo\/ -->\n<title>O Ros\u00e1rio da Virgem Maria - Carisma - Franciscanos<\/title>\n<meta name=\"robots\" content=\"index, follow, max-snippet:-1, max-image-preview:large, max-video-preview:-1\" \/>\n<link rel=\"canonical\" href=\"https:\/\/franciscanos.org.br\/carisma\/o-rosario-da-virgem-maria.html\" \/>\n<meta property=\"og:locale\" content=\"pt_BR\" \/>\n<meta property=\"og:type\" content=\"article\" \/>\n<meta property=\"og:title\" content=\"O Ros\u00e1rio da Virgem Maria - Carisma - Franciscanos\" \/>\n<meta property=\"og:description\" content=\"Celebra\u00e7\u00e3o\" \/>\n<meta property=\"og:url\" content=\"https:\/\/franciscanos.org.br\/carisma\/o-rosario-da-virgem-maria.html\" \/>\n<meta property=\"og:site_name\" content=\"Carisma - Franciscanos\" \/>\n<meta property=\"article:published_time\" content=\"2011-11-03T12:47:22+00:00\" \/>\n<meta property=\"og:image\" content=\"https:\/\/franciscanos.org.br\/carisma\/wp-content\/uploads\/2018\/10\/1976_160412.jpg\" \/>\n\t<meta property=\"og:image:width\" content=\"300\" \/>\n\t<meta property=\"og:image:height\" content=\"225\" \/>\n\t<meta property=\"og:image:type\" content=\"image\/jpeg\" \/>\n<meta name=\"author\" content=\"admin\" \/>\n<meta name=\"twitter:card\" content=\"summary_large_image\" \/>\n<meta name=\"twitter:label1\" content=\"Escrito por\" \/>\n\t<meta name=\"twitter:data1\" content=\"admin\" \/>\n\t<meta name=\"twitter:label2\" content=\"Est. tempo de leitura\" \/>\n\t<meta name=\"twitter:data2\" content=\"19 minutos\" \/>\n<script type=\"application\/ld+json\" class=\"yoast-schema-graph\">{\"@context\":\"https:\/\/schema.org\",\"@graph\":[{\"@type\":\"WebSite\",\"@id\":\"https:\/\/franciscanos.org.br\/carisma\/#website\",\"url\":\"https:\/\/franciscanos.org.br\/carisma\/\",\"name\":\"Carisma - Franciscanos\",\"description\":\"Prov\u00edncia Franciscana da Imaculada Concei\u00e7\u00e3o do Brasil - Ordem dos Frades Menores\",\"potentialAction\":[{\"@type\":\"SearchAction\",\"target\":{\"@type\":\"EntryPoint\",\"urlTemplate\":\"https:\/\/franciscanos.org.br\/carisma\/?s={search_term_string}\"},\"query-input\":\"required name=search_term_string\"}],\"inLanguage\":\"pt-BR\"},{\"@type\":\"ImageObject\",\"inLanguage\":\"pt-BR\",\"@id\":\"https:\/\/franciscanos.org.br\/carisma\/o-rosario-da-virgem-maria.html#primaryimage\",\"url\":\"https:\/\/franciscanos.org.br\/carisma\/wp-content\/uploads\/2018\/10\/1976_160412.jpg\",\"contentUrl\":\"https:\/\/franciscanos.org.br\/carisma\/wp-content\/uploads\/2018\/10\/1976_160412.jpg\",\"width\":300,\"height\":225},{\"@type\":\"WebPage\",\"@id\":\"https:\/\/franciscanos.org.br\/carisma\/o-rosario-da-virgem-maria.html#webpage\",\"url\":\"https:\/\/franciscanos.org.br\/carisma\/o-rosario-da-virgem-maria.html\",\"name\":\"O Ros\u00e1rio da Virgem Maria - Carisma - Franciscanos\",\"isPartOf\":{\"@id\":\"https:\/\/franciscanos.org.br\/carisma\/#website\"},\"primaryImageOfPage\":{\"@id\":\"https:\/\/franciscanos.org.br\/carisma\/o-rosario-da-virgem-maria.html#primaryimage\"},\"datePublished\":\"2011-11-03T12:47:22+00:00\",\"dateModified\":\"2011-11-03T12:47:22+00:00\",\"author\":{\"@id\":\"https:\/\/franciscanos.org.br\/carisma\/#\/schema\/person\/e352342a457f086dc6152f9c73a3d093\"},\"breadcrumb\":{\"@id\":\"https:\/\/franciscanos.org.br\/carisma\/o-rosario-da-virgem-maria.html#breadcrumb\"},\"inLanguage\":\"pt-BR\",\"potentialAction\":[{\"@type\":\"ReadAction\",\"target\":[\"https:\/\/franciscanos.org.br\/carisma\/o-rosario-da-virgem-maria.html\"]}]},{\"@type\":\"BreadcrumbList\",\"@id\":\"https:\/\/franciscanos.org.br\/carisma\/o-rosario-da-virgem-maria.html#breadcrumb\",\"itemListElement\":[{\"@type\":\"ListItem\",\"position\":1,\"name\":\"Home\",\"item\":\"https:\/\/franciscanos.org.br\/carisma\"},{\"@type\":\"ListItem\",\"position\":2,\"name\":\"O Ros\u00e1rio da Virgem Maria\"}]},{\"@type\":\"Person\",\"@id\":\"https:\/\/franciscanos.org.br\/carisma\/#\/schema\/person\/e352342a457f086dc6152f9c73a3d093\",\"name\":\"admin\",\"image\":{\"@type\":\"ImageObject\",\"inLanguage\":\"pt-BR\",\"@id\":\"https:\/\/franciscanos.org.br\/carisma\/#\/schema\/person\/image\/\",\"url\":\"https:\/\/secure.gravatar.com\/avatar\/e8495742d34d0ba6448ea1c628263b3e?s=96&d=mm&r=g\",\"contentUrl\":\"https:\/\/secure.gravatar.com\/avatar\/e8495742d34d0ba6448ea1c628263b3e?s=96&d=mm&r=g\",\"caption\":\"admin\"},\"url\":\"https:\/\/franciscanos.org.br\/carisma\/author\/admin\"}]}<\/script>\n<!-- \/ Yoast SEO plugin. -->","yoast_head_json":{"title":"O Ros\u00e1rio da Virgem Maria - Carisma - Franciscanos","robots":{"index":"index","follow":"follow","max-snippet":"max-snippet:-1","max-image-preview":"max-image-preview:large","max-video-preview":"max-video-preview:-1"},"canonical":"https:\/\/franciscanos.org.br\/carisma\/o-rosario-da-virgem-maria.html","og_locale":"pt_BR","og_type":"article","og_title":"O Ros\u00e1rio da Virgem Maria - Carisma - Franciscanos","og_description":"Celebra\u00e7\u00e3o","og_url":"https:\/\/franciscanos.org.br\/carisma\/o-rosario-da-virgem-maria.html","og_site_name":"Carisma - Franciscanos","article_published_time":"2011-11-03T12:47:22+00:00","og_image":[{"width":300,"height":225,"url":"https:\/\/franciscanos.org.br\/carisma\/wp-content\/uploads\/2018\/10\/1976_160412.jpg","type":"image\/jpeg"}],"author":"admin","twitter_card":"summary_large_image","twitter_misc":{"Escrito por":"admin","Est. tempo de leitura":"19 minutos"},"schema":{"@context":"https:\/\/schema.org","@graph":[{"@type":"WebSite","@id":"https:\/\/franciscanos.org.br\/carisma\/#website","url":"https:\/\/franciscanos.org.br\/carisma\/","name":"Carisma - Franciscanos","description":"Prov\u00edncia Franciscana da Imaculada Concei\u00e7\u00e3o do Brasil - Ordem dos Frades Menores","potentialAction":[{"@type":"SearchAction","target":{"@type":"EntryPoint","urlTemplate":"https:\/\/franciscanos.org.br\/carisma\/?s={search_term_string}"},"query-input":"required name=search_term_string"}],"inLanguage":"pt-BR"},{"@type":"ImageObject","inLanguage":"pt-BR","@id":"https:\/\/franciscanos.org.br\/carisma\/o-rosario-da-virgem-maria.html#primaryimage","url":"https:\/\/franciscanos.org.br\/carisma\/wp-content\/uploads\/2018\/10\/1976_160412.jpg","contentUrl":"https:\/\/franciscanos.org.br\/carisma\/wp-content\/uploads\/2018\/10\/1976_160412.jpg","width":300,"height":225},{"@type":"WebPage","@id":"https:\/\/franciscanos.org.br\/carisma\/o-rosario-da-virgem-maria.html#webpage","url":"https:\/\/franciscanos.org.br\/carisma\/o-rosario-da-virgem-maria.html","name":"O Ros\u00e1rio da Virgem Maria - Carisma - Franciscanos","isPartOf":{"@id":"https:\/\/franciscanos.org.br\/carisma\/#website"},"primaryImageOfPage":{"@id":"https:\/\/franciscanos.org.br\/carisma\/o-rosario-da-virgem-maria.html#primaryimage"},"datePublished":"2011-11-03T12:47:22+00:00","dateModified":"2011-11-03T12:47:22+00:00","author":{"@id":"https:\/\/franciscanos.org.br\/carisma\/#\/schema\/person\/e352342a457f086dc6152f9c73a3d093"},"breadcrumb":{"@id":"https:\/\/franciscanos.org.br\/carisma\/o-rosario-da-virgem-maria.html#breadcrumb"},"inLanguage":"pt-BR","potentialAction":[{"@type":"ReadAction","target":["https:\/\/franciscanos.org.br\/carisma\/o-rosario-da-virgem-maria.html"]}]},{"@type":"BreadcrumbList","@id":"https:\/\/franciscanos.org.br\/carisma\/o-rosario-da-virgem-maria.html#breadcrumb","itemListElement":[{"@type":"ListItem","position":1,"name":"Home","item":"https:\/\/franciscanos.org.br\/carisma"},{"@type":"ListItem","position":2,"name":"O Ros\u00e1rio da Virgem Maria"}]},{"@type":"Person","@id":"https:\/\/franciscanos.org.br\/carisma\/#\/schema\/person\/e352342a457f086dc6152f9c73a3d093","name":"admin","image":{"@type":"ImageObject","inLanguage":"pt-BR","@id":"https:\/\/franciscanos.org.br\/carisma\/#\/schema\/person\/image\/","url":"https:\/\/secure.gravatar.com\/avatar\/e8495742d34d0ba6448ea1c628263b3e?s=96&d=mm&r=g","contentUrl":"https:\/\/secure.gravatar.com\/avatar\/e8495742d34d0ba6448ea1c628263b3e?s=96&d=mm&r=g","caption":"admin"},"url":"https:\/\/franciscanos.org.br\/carisma\/author\/admin"}]}},"_links":{"self":[{"href":"https:\/\/franciscanos.org.br\/carisma\/wp-json\/wp\/v2\/posts\/4390"}],"collection":[{"href":"https:\/\/franciscanos.org.br\/carisma\/wp-json\/wp\/v2\/posts"}],"about":[{"href":"https:\/\/franciscanos.org.br\/carisma\/wp-json\/wp\/v2\/types\/post"}],"author":[{"embeddable":true,"href":"https:\/\/franciscanos.org.br\/carisma\/wp-json\/wp\/v2\/users\/1"}],"replies":[{"embeddable":true,"href":"https:\/\/franciscanos.org.br\/carisma\/wp-json\/wp\/v2\/comments?post=4390"}],"version-history":[{"count":0,"href":"https:\/\/franciscanos.org.br\/carisma\/wp-json\/wp\/v2\/posts\/4390\/revisions"}],"wp:featuredmedia":[{"embeddable":true,"href":"https:\/\/franciscanos.org.br\/carisma\/wp-json\/wp\/v2\/media\/13509"}],"wp:attachment":[{"href":"https:\/\/franciscanos.org.br\/carisma\/wp-json\/wp\/v2\/media?parent=4390"}],"wp:term":[{"taxonomy":"category","embeddable":true,"href":"https:\/\/franciscanos.org.br\/carisma\/wp-json\/wp\/v2\/categories?post=4390"},{"taxonomy":"post_tag","embeddable":true,"href":"https:\/\/franciscanos.org.br\/carisma\/wp-json\/wp\/v2\/tags?post=4390"}],"curies":[{"name":"wp","href":"https:\/\/api.w.org\/{rel}","templated":true}]}}