{"id":4383,"date":"2011-11-03T12:19:17","date_gmt":"2011-11-03T12:19:17","guid":{"rendered":"http:\/\/new.franciscanos.org.br\/?p=4383"},"modified":"2011-11-03T12:19:17","modified_gmt":"2011-11-03T12:19:17","slug":"celebracao-do-transito-de-santa-clara","status":"publish","type":"post","link":"https:\/\/franciscanos.org.br\/carisma\/celebracao-do-transito-de-santa-clara.html","title":{"rendered":"Celebra\u00e7\u00e3o do Tr\u00e2nsito de Santa Clara"},"content":{"rendered":"<p><strong><a href=\"http:\/\/franciscanos.org.br\/wp-content\/uploads\/2011\/11\/1015_031111.jpg\"><img loading=\"lazy\" class=\"alignright size-full wp-image-4384\" title=\"1015_031111\" src=\"http:\/\/franciscanos.org.br\/wp-content\/uploads\/2011\/11\/1015_031111.jpg\" alt=\"\" width=\"225\" height=\"286\" \/><\/a>INTRODU\u00c7\u00c3O<\/strong><\/p>\n<p><strong>Nossa M\u00e3e Santa<\/strong><br \/>\nClara, fez de toda a sua exist\u00eancia um perene a\u00e7\u00e3o de gra\u00e7as. Na hora de sua morte elevou a Deus o seu mais belo Hino de louvor: \u201cS\u00ea bendito, Senhor porque me Criastes, fazendo de seu transito um memorial da pr\u00f3pria morte do Senhor irradiando na Igreja e no mundo sua luz clar\u00edssima.<\/p>\n<p>Irm\u00e3os e irm\u00e3s, neste momento elevemos tamb\u00e9m a Deus o nosso hino de a\u00e7\u00e3o de gra\u00e7as pela vida da M\u00e3e Santa Clara, recordando o momento glorioso de seu transito, em que o Rei da gl\u00f3ria e a virgem Maria vieram busc\u00e1-la levando-a ao t\u00e1lamo celestial. Em p\u00e9<br \/>\niniciemos a nossa prociss\u00e3o.<\/p>\n<p><strong>Comentarista:<\/strong> Todos de p\u00e9 iniciemos o Tr\u00e2nsito da M\u00e3e Clara em que comemoramos os \u00faltimos momentos de sua vida e a<br \/>\npassagem desta vida para a entrada nas moradas eterna gl\u00f3ria.Unidos no mesmo ideal evang\u00e9lico clariano, por uns instantes, volvamos nosso olhar para a long\u00ednqua cidade de Assis, na It\u00e1lia&#8230;, para o pequeno Mosteiro de S\u00e3o Dami\u00e3o e celebremos, em esp\u00edrito de gratid\u00e3o e louvor, segundo o costume tradicional da Ordem de Santa Clara, o glorioso tr\u00e2nsito de Santa Clara. Ela que sempre encarou a vida como dom, p\u00f4de\u00a0 no derradeiro momento entoar o seu hino de humildade e pobreza ao Pai das miseric\u00f3rdias, doador de tudo que \u00e9 bom.<\/p>\n<p><strong>Revivamos<\/strong><br \/>\ncom emo\u00e7\u00e3o os \u00faltimos epis\u00f3dios da sua peregrina\u00e7\u00e3o terrena. Este \u00e9 um momento de alegria para todos n\u00f3s. Clara recebeu a morte n\u00e3o como inimiga indesejada, mas a abra\u00e7ou como irm\u00e3, porta para a verdadeira vida.<\/p>\n<p><strong>HINO:<\/strong><\/p>\n<p><strong> Santa Clara tudo aclara<\/strong><\/p>\n<p>com seu f\u00falgido clar\u00e3o;<br \/>\nde Jesus se torna esposa;<br \/>\na Francisco dando a m\u00e3o.<\/p>\n<p>Ele corta-lhe os cabelos<br \/>\ne os coloca sobre o altar;<br \/>\nnada mais ela possui,<br \/>\nnada mais tem para dar.<br \/>\nEis irm\u00e3o Sol e irm\u00e3 Lua<br \/>\na brilhar no mesmo c\u00e9u;<br \/>\num se despe em plena pra\u00e7a,<br \/>\noutra oculta-se num v\u00e9u.<br \/>\nAmbos cingem-se de estrelas,<br \/>\ntriunfal constela\u00e7\u00e3o;<br \/>\na vestir a mesma estopa,<br \/>\ndividir o mesmo p\u00e3o.<br \/>\nDemos gl\u00f3ria ao Pai e ao Filho,<br \/>\ne ao Esp\u00edrito tamb\u00e9m.<br \/>\nEm Francisco, uns aos<br \/>\noutrosnos saudemos: \u201cPaz e Bem!\u201d<\/p>\n<p><strong>(SENTADOS)<\/strong><\/p>\n<p>1\u00b0 leitor:<br \/>\nQueridos irm\u00e3os e\u00a0 irm\u00e3s com a M\u00e3e Santa Clara compreendemos melhor a extens\u00e3o dessas palavras do Ap\u00f3stolo: \u201cNenhum de n\u00f3s vive para si e ningu\u00e9m morre para si. quer vivamos, quer morramos, pertencemos ao senhor\u201d. (Rm. 14,7-8)<\/p>\n<p><strong>Todos: <\/strong>Louvado sejas, meu Senhor, pela Irm\u00e3 morte corporal da qual homem algum pode fugir.<\/p>\n<p><strong>2\u00b0 leitor: <\/strong>Clara fez da sua vida uma ades\u00e3o total a Cristo pobre e Crucificado, tendo em vista a participa\u00e7\u00e3o nos seus sofrimentos a fim de merecer, com Ele, entrar na gl\u00f3ria.<\/p>\n<p><strong>Todos:<\/strong> Para mim o viver \u00e9 Cristo e o morrer \u00e9 lucro.<\/p>\n<p><strong>Comentarista:<\/strong> Quarenta anos haviam passado, desde que Clara abandonou os bens passageiros e ingressou definitivamente na vida de seguimento a Cristo Pobre e de Sua M\u00e3e Ssma. Desponta-se ent\u00e3o, nova aurora e Aquele a quem dedicou toda a vida estava pr\u00f3ximo. Com toda raz\u00e3o ela podia exclamar:<strong> \u201cTudo o que para mim era vantagem, considerei perda por Cristo.<\/strong> \u201dSua vida foi uma cont\u00ednua A\u00e7\u00e3o de Gra\u00e7as, pois ela compreendeu a emin\u00eancia do mist\u00e9rio de Cristo; a dor e o sofrimento, longe de extinguir o seu esp\u00edrito de louvor, antes o incrementava.<\/p>\n<p><strong>SALMO 112<\/strong><\/p>\n<p><strong>Ant.\u00a0\u00a0\u00a0\u00a0Vinde filhas, para perto do Senhor<br \/>\ne brilhe em vossa face a sua luz.<\/strong><\/p>\n<p>Louvai, louvai, \u00f3 servos do Senhor, *<\/p>\n<p>louvai, louvai o nome do Senhor!<\/p>\n<p>Bendito seja o nome do Senhor,*<\/p>\n<p>Agora e por toda a eternidade!<\/p>\n<p>]\u00a0\u00a0\u00a0\u00a0\u00a0\u00a0\u00a0\u00a0\u00a0\u00a0\u00a0 Do nascer do sol at\u00e9 o seu ocaso, *<\/p>\n<p>Louvado seja o nome do Senhor!<\/p>\n<p>O Senhor est\u00e1 acima das na\u00e7\u00f5es,* Sua gl\u00f3ria vai al\u00e9m dos altos c\u00e9us.<br \/>\n=\u00a0\u00a0\u00a0 Quem pode comparar-se ao nosso Deus, +<br \/>\nao Senhor, que no alto c\u00e9u tem o seu trono*<br \/>\ne se inclina para olhar o c\u00e9u e a terra?<\/p>\n<p>]<br \/>\n]Levanta da poeira o indigente*<\/p>\n<p>e do lixo ele retira o pobrezinho,<\/p>\n<p>para faz\u00ea-lo assentar-se com os nobres,*<\/p>\n<p>assentar-se com os nobres do seu povo.<\/p>\n<p>]<br \/>\n]Faz a est\u00e9ril, m\u00e3e feliz em sua casa,*<\/p>\n<p>Vivendo rodeada de seus filhos.<\/p>\n<p><strong>Ant.\u00a0\u00a0\u00a0\u00a0 Vinde filhas, para perto do Senhor\u00a0\u00a0 e brilhe em vossa face a sua luz.<\/strong><\/p>\n<p align=\"center\">SALMO 147<\/p>\n<p><strong>Ant.\u00a0\u00a0\u00a0\u00a0 O Senhor a colocou para as vinhas vigiar;<br \/>\nAs vinhas floresceram e exalaram seu perfume.<\/strong><\/p>\n<p>&#8211; Glorifica o Senhor, Jerusal\u00e9m!<br \/>\n\u00d3 Si\u00e3o canta louvores ao teu Deus!<\/p>\n<p>&#8211; Pois refor\u00e7ou com seguran\u00e7a as tuas portas,<br \/>\ne os teus filhos em teu seio aben\u00e7oou;<br \/>\n&#8211; a paz em teus limites garantiu<br \/>\ne te d\u00e1 como alimento a flor do trigo.<\/p>\n<p>&#8211; Ele envia suas ordens para a terra,<\/p>\n<p>e a palavra que ele diz corre veloz;<br \/>\n&#8211; ele faz cair a neve como l\u00e3<br \/>\ne espalha a geada como cinza.<\/p>\n<p>&#8211; Como de p\u00e3o lan\u00e7a as migalhas do granizo,<br \/>\na seu frio as \u00e1guas ficam congeladas.<br \/>\n&#8211; Ele envia sua palavra e as derrete,<br \/>\nsopra o vento e de novo as \u00e1guas correm.<\/p>\n<p>&#8211; Anuncia a Jac\u00f3 sua palavra,<br \/>\nseus preceitos e suas leis a Israel.<br \/>\n&#8211; Nenhum povo recebeu tanto carinho,<br \/>\na nenhum outro revelou os seus preceitos.<\/p>\n<p><strong>Ant.\u00a0\u00a0\u00a0\u00a0 O Senhor a colocou para as vinhas vigiar;<br \/>\nAs vinhas floresceram e exalaram seu perfume.<\/strong><\/p>\n<p><strong>NARRADOR:<\/strong><br \/>\n\u201cDurante quarenta anos correra ela no est\u00e1dio da Alt\u00edssima pobreza e j\u00e1 se aproxima o pr\u00eamio da vit\u00f3ria final, precedida, por\u00e9m de muitos sofrimentos. Com efeito, o vigor de sua constitui\u00e7\u00e3o f\u00edsica fora abalado, nos primeiros anos, por severa penit\u00eancia. Enquanto gozava de sa\u00fade se enriquecera com os m\u00e9ritos de suas obras, agora enferma se enriquece com os m\u00e9ritos de seus sofrimentos. Pois \u201c\u00e9 na fraqueza que se revela a for\u00e7a\u201d. ( 2Cor.12,9).<\/p>\n<p>At\u00e9 que ponto a sua maravilhosa virtude se aperfei\u00e7oara na enfermidade se evidencia principalmente pelo fato de que, em vinte e oito anos de cont\u00ednuas dores \u201cn\u00e3o se ouviu nenhuma queixa\u00a0 ou murmura\u00e7\u00e3o\u201d; pelo contr\u00e1rio, seus l\u00e1bios sempre tinham uma santa conversa\u00e7\u00e3o, uma cont\u00ednua a\u00e7\u00e3o de gra\u00e7as.<\/p>\n<p>E ainda que, esgotada como estava pelo peso das enfermidades, parecesse que seu fim estivesse iminente, contudo aprouve ao Senhor adiar o seu tr\u00e2nsito at\u00e9 o momento em que pudesse ser exaltada com dignas honras pela Igreja Romana, que a gerara e da qual era filha especial. (Legenda,39).<\/p>\n<p><strong>2\u00b0 leitor:<\/strong> Supliquemos, tamb\u00e9m n\u00f3s, o aux\u00edlio da M\u00e3e Santa Clara, \u00e0 humilde serva do Senhor.<\/p>\n<p><strong>Canto:<\/strong> Clara, \u00e9s luz de vida; o mundo est\u00e1 com saudade de ti.<\/p>\n<p>Sente falta do teu estar em sil\u00eancio aos p\u00e9s do Senhor Deus; sente falta de tu\u2019alma aberta para Deus e para o homem.<br \/>\nSente falta de tua vida doada na pobreza de S\u00e3o Dami\u00e3o; sente falta de tua voz clara, que, forte, grita o Evangelho.<br \/>\nSente falta de tuas m\u00e3os erguidas, que intercedem pela humanidade; sente falta de tua ora\u00e7\u00e3o, que sustenta longo caminho.<br \/>\nEscuta, \u00f3 Clara, esta nossa ora\u00e7\u00e3o, que elevamos confiantes a ti, acolhe o brado do homem que sofre, perante o Senhor Deus. Clara, \u00e9s luz de vida, o mundo est\u00e1 com saudade de ti.<\/p>\n<p><strong>O mundo est\u00e1 com saudade de ti. Clara, Clara, Clara.<\/strong><\/p>\n<p>1\u00b0 leitor: De fato aproximava-se o momento derradeiro para aquela Primeira Dama Pobre que almejou unicamente, seguir em humildade Aquele que, sendo rico, fez-se pobre. Contudo, aprouve ao Senhor conceder uma consola\u00e7\u00e3o \u00e0 reverente filha da Igreja que a sempre se mostrou submissa e obediente \u00e0 M\u00e3e M\u00edstica que a havia gerado para a vida bem-aventurada. Ou\u00e7amos o seu<br \/>\nBi\u00f3grafo:<\/p>\n<p><strong>NARRADOR<\/strong><br \/>\n\u201cJ\u00e1 se apressa a Divina Provid\u00eancia a cumprir o seu des\u00edgnio a respeito de Clara; apressa-se Cristo a sublimar a pobre peregrina at\u00e9 ao pal\u00e1cio do Reino Supremo. Esta j\u00e1 arde e suspira no anseio de \u201clivrar-se deste corpo de morte (Rm 7, 24) e de contemplar o Cristo reinando nas eternas moradas, a quem sendo pobre na terra, ela pobrezinha, tinha seguido de cora\u00e7\u00e3o. Assim \u00e9 a seus membros, consumidos pela enfermidade, acrescia uma nova debilidade, que por sua vez denunciava a pr\u00f3xima chamada do Senhor e preparava o caminho para a sa\u00fade eterna.<\/p>\n<p>O Senhor Inoc\u00eancio IV, de santa mem\u00f3ria, juntamente com os cardeais, se apressavam em visitar a serva de Cristo. E reconhecendo que a vida dela era superior \u00e0 das outras mulheres de nosso tempo, n\u00e3o duvidava de honrar a morte dela com a sua presen\u00e7a papal. Entrando no Mosteiro, se dirige ao leito da enferma e leva a m\u00e3o aos l\u00e1bios dela para que a beije. Ela a toma com muito agrado e pede para beijar, com suma rever\u00eancia, o p\u00e9 do Sumo Pont\u00edfice. O Senhor Papa coloca sobre um escabelo de madeira o p\u00e9, que ela beija de frente e de lado, inclinando reverentemente o rosto.<\/p>\n<p>Em seguida, com seu semblante angelical, pede ao Sumo Pont\u00edfice a remiss\u00e3o de todos os pecados. \u201cOxal\u00e1 \u2013 exclama ele \u2013 eu n\u00e3o tivesse mais necessidade de perd\u00e3o do que a Senhora!\u201d E lhe d\u00e1, com o benef\u00edcio duma absolvi\u00e7\u00e3o geral, a gra\u00e7a de uma ampla<br \/>\nben\u00e7\u00e3o.<\/p>\n<p>Quando todos se haviam retirado, pois naquele dia ela recebera das m\u00e3os do Ministro Provincial a Sagrada H\u00f3stia, disse, entre l\u00e1grimas e com os olhos elevados ao c\u00e9u, \u00e0 suas Irm\u00e3s: \u201cFilhinhas minhas, louvai o Senhor, porque hoje Cristo se dignou conceder-me um benef\u00edcio tal, que os c\u00e9us e a terra n\u00e3o bastariam para recompens\u00e1-lo. Hoje, prosseguiu ela, recebi o Alt\u00edssimo e mereci ver o seu Vig\u00e1rio. (Legenda)<\/p>\n<p><strong>Ant.\u00a0\u00a0\u00a0\u00a0 Em Cristo, Deus Pai a escolheu<br \/>\nPara que fosse, perante a sua face<br \/>\nSem m\u00e1cula e santa pelo amor.<\/strong><\/p>\n<p>C\u00c2NTICO<br \/>\nEf 1,3-10<\/p>\n<p>Bendito e louvado seja Deus,*<\/p>\n<p>o Pai de Jesus Cristo, Senhor nosso,<\/p>\n<p>que do alto c\u00e9u nos aben\u00e7oou em Jesus Cristo*<\/p>\n<p>com ben\u00e7\u00e3o espiritual de toda sorte!<\/p>\n<p><strong>R. Bendito sejais v\u00f3s, nosso Pai,<br \/>\nque nos aben\u00e7oastes em Cristo!<\/strong><\/p>\n<p>Foi em Cristo que Deus Pai nos escolheu,*<\/p>\n<p>j\u00e1 bem antes de o mundo ser criado,<\/p>\n<p>para que f\u00f4ssemos, perante a sua face,*<\/p>\n<p>sem m\u00e1cula e santos pelo amor.<\/p>\n<p>=\u00a0\u00a0 Por livre decis\u00e3o de sua vontade, +<\/p>\n<p>predestinou-nos, atrav\u00e9s de Jesus Cristo, *<br \/>\na sermos nele os seus filhos adotivos,<\/p>\n<p>para o louvor e para a gl\u00f3ria de sua gra\u00e7a, *<\/p>\n<p>que em seu Filho bem amado nos doou.<\/p>\n<p>\u00c9 nele que n\u00f3s temos reden\u00e7\u00e3o, *<\/p>\n<p>dos pecados remiss\u00e3o pelo seu sangue.<\/p>\n<p>Sua gra\u00e7a transbordante e inesgot\u00e1vel +<\/p>\n<p>Deus derrama sobre com abund\u00e2ncia, *<\/p>\n<p>De saber e intelig\u00eancia nos dotando.<\/p>\n<p>E assim, Ele nos deu a conhecer *<\/p>\n<p>o mist\u00e9rio de seu plano e sua vontade,<\/p>\n<p>que propusera em seu querer benevolente, *<\/p>\n<p>na plenitude dos tempos realizar:<\/p>\n<p>o des\u00edgnio de, em Cristo, reunir *<\/p>\n<p>todas as coisas: as das terra e as do c\u00e9u.<\/p>\n<p><strong>Ant.\u00a0\u00a0\u00a0\u00a0 Em Cristo, Deus Pai a escolheu<br \/>\nPara que fosse, perante a sua face<br \/>\nSem m\u00e1cula e santa pelo amor.<\/strong><\/p>\n<p><strong>Comentarista:<\/strong> Aproximava-se para a M\u00e3e Santa Clara o fim do ex\u00edlio, o dia das n\u00fapcias eternas, em que receberia, daquele a quem fielmente amou e serviu,\u00a0 o pr\u00eamio da perseveran\u00e7a. \u00c9 ela mesma que nos comunica o quanto o Senhor foi suave para com sua serva e como tudo se simplifica quando a op\u00e7\u00e3o \u00e9 total e definitiva. Ou\u00e7amos com venera\u00e7\u00e3o, a narrativa dos \u00faltimos momentos de sua vida, conforme no-los descreve Celano.<\/p>\n<p><strong>NARRADOR<\/strong><\/p>\n<p>\u201cPor fim, viram-na debater-se na agonia durante muitos dias, nos quais cresceu a f\u00e9 de muita gente e a devo\u00e7\u00e3o popular; os Cardeais a visitavam assiduamente, de modo que era honrada como verdadeira santa. O mais maravilhoso, por\u00e9m, \u00e9 que, n\u00e3o podendo durante dezesseis dias tomar alimento algum, foi sustentada pelo Senhor com tal fortaleza, que a todos os visitantes confortava no servi\u00e7o de Cristo. E exortando-a o bom Frei Reinaldo \u00e0 paci\u00eancia no longo mart\u00edrio de t\u00e3o grave enfermidade, respondeu-lhe desembara\u00e7adamente: \u201cDesde que conheci a gra\u00e7a de meu Senhor Jesus Cristo por meio daquele meu servo Francisco, nenhuma pena me foi<br \/>\nmolesta, nenhuma penit\u00eancia pesada, nenhuma enfermidade dif\u00edcil, car\u00edssimo irm\u00e3o,\u201d. Mas quando o Senhor se fazia sentir mais perto e como que j\u00e1 estivesse \u00e0 porta, ela queria que os sacerdotes e irm\u00e3os espirituais assistissem\u00a0 a ela, lendo em voz alta a Paix\u00e3o do Senhor e suas santas palavras. Finalmente ela se voltou para as suas filhas\u00a0 que choravam, a fim de recomenda-lhes a pobreza do Senhor e lhes lembrar, com palavras de louvor, os divinos benef\u00edcios. Aben\u00e7oou seus devotos e devotas e implorou a gra\u00e7a de uma copiosa b\u00ean\u00e7\u00e3o sobre suas<br \/>\nfilhas, tanto presentes como futuras.<\/p>\n<p>Quanto ao resto: quem poder\u00e1 relatar sem chorar? Estavam presentes aqueles dois companheiros benditos de Nosso Pai S\u00e3o Francisco: um deles, \u00c2ngelo, triste, consolava os tristes; outro, Le\u00e3o, beijava o leito da que ia partir. As filhas desamparadas choravam a separa\u00e7\u00e3o da piedosa m\u00e3e e acompanhavam com l\u00e1grimas aquela que delas se separava. Afligiam-se amargamente, j\u00e1 que todo o seu consolo desapareceria junto com ela, e abandonadas neste \u201cvale de l\u00e1grimas\u201d, n\u00e3o mais ser\u00e3o consoladas por sua mestra.<\/p>\n<p>O rigor da clausura exige sil\u00eancio, mas a viol\u00eancia da dor arranca gemidos e solu\u00e7os.<\/p>\n<p>E a Virgem, entrando em si, fala silenciosamente \u00e0 sua alma: \u201cVai segura, minha alma porque tens um bom guia de viagem. Vai porque Aquele que te criou, tamb\u00e9m te santificou e, cuidando de ti, como uma m\u00e3e cuida de seus filhos, te amou com terno amor. Senhor, sede bendito porque me criaste\u201d!<br \/>\nPerguntando-lhe uma das irm\u00e3s com quem estava falando respondeu: \u201cFalo a minha alma bendita\u201d. E aquela gloriosa coorte j\u00e1 n\u00e3o estava mais longe dela. Pois, dirigindo-se em seguida a uma de suas filhas, diz: \u201cV\u00eas, \u00f3 filha, o Rei da Gl\u00f3ria que eu vejo? \u201c<\/p>\n<p>Tamb\u00e9m sobre outra irm\u00e3 se manifestou a m\u00e3o do Senhor. Com seus olhos carnais ela contemplou, entre l\u00e1grimas, uma vis\u00e3o feliz. Viu, entrando na casa , um coro de virgens, vestidas de t\u00fanicas alvas; todas tinham sobre as cabe\u00e7as uma coroa de ouro. Caminhava<br \/>\nentre elas uma que era mais resplandecente que as demais, de cuja coroa, que em seu arremate apresentava uma esp\u00e9cie de tur\u00edbulo com orif\u00edcios , se difundia t\u00e3o grande esplendor, que dentro da casa converteu a noite em dia luminoso. Ela se<br \/>\nadiantou ao leito onde estava a esposa do Filho, e inclinando-se amorosamente sobre a mesma, lhe deu um abra\u00e7o suav\u00edssimo. As virgens deixaram ver um pano mortu\u00e1rio de rara beleza e, enquanto \u00e0 firmeza de \u00e2nimo prestavam seus servi\u00e7os, cobriram o corpo de Clara e adornaram o seu leito.<\/p>\n<p>Na manh\u00e3 do dia seguinte, festa de S. Louren\u00e7o, aquela alma sant\u00edssima saiu do corpo para ser coroada com o pr\u00eamio eterno.<\/p>\n<p><strong>1\u00b0 leitor: <\/strong>Desfeitos os la\u00e7os da carne, emigrou o esp\u00edrito feliz para o c\u00e9u. Certamente bendito foi aquele \u00eaxodo do vale de l\u00e1grimas, que para ela se tornou a entrada na vida bem-aventurada. Agora, em vez dum pobre vi\u00e1tico, se alegra \u00e0 mesa dos concidad\u00e3os celestes. Agora, em vez da vileza da cinza, \u00e9 adornada na bem-aventuran\u00e7a do c\u00e9u, com a estola da gl\u00f3ria\u00a0 eterna.(Legenda).<\/p>\n<p><strong>todos:<\/strong> Alcan\u00e7ou verdadeiramente, com sua vida pobre e humilde, Aquele que criou tudo do nada. Foi cooperadora do pr\u00f3prio Deus e sustentadora dos membros d\u00e9beis do seu inef\u00e1vel corpo(III Carta de Sta. Clara)<\/p>\n<p><strong>2\u00b0 leitor: <\/strong>Suas \u00faltimas palavras foram recolhidas e guardadas como rel\u00edquias. S\u00e3o lembradas e cantadas com amor e devo\u00e7\u00e3o, no dia de hoje, por todas as clarissas do um do inteiro. \u201cVai segura minha alma, porque tens um bom Guia para conduzir-te. Vai tranq\u00fcila, porque Aquele que te criou, te santificou e te ama com amor enternecido de uma m\u00e3e por seu filhinho querido. E v\u00f3s, Senhor, sede bendito porque me criastes.\u201d<\/p>\n<p>Vai segura, minha alma<br \/>\nVai segura, minha alma<\/p>\n<p>Porque tens aqui bom guia<br \/>\nPara o c\u00e9u te conduzir,<br \/>\nVai sem medo, vai tranq\u00fcila.<\/p>\n<p>Pois Aquele que a criou<br \/>\nTe vestiu de Sua verdade<\/p>\n<p>Tem por ti um grande amor<\/p>\n<p>E te quer na santidade.<\/p>\n<p>Este amor \u00e9 de ternura,<br \/>\nMais que a m\u00e3e ao seu filhinho,<br \/>\nNeste amor tu me criaste<br \/>\nE pra sempre s\u00ea bendito.<\/p>\n<p><strong>ANT.\u00a0\u00a0 Elevo o c\u00e1lice da minha salva\u00e7\u00e3o,<br \/>\ninvocando o\u00a0 nome santo do Senhor.<\/strong><\/p>\n<p>SALMO 115<\/p>\n<p>Eu guardei a minha f \u00e9 mesmo dizendo:<br \/>\n\u00c9 demais o sofrimento em minha vida!<br \/>\nConfiei, quando dizia na afli\u00e7\u00e3o:<br \/>\n\u201cTodo homem vive assim, s\u00f3 na mentira\u201d.<\/p>\n<p>Ref.:\u00a0\u00a0 Vou cumprir minhas promessas ao Senhor<\/p>\n<p>Na presen\u00e7a de seu povo reunido.<br \/>\nMe quebrastes todos os grilh\u00f5es da escravid\u00e3o;<br \/>\nEm tua casa encontrei ref\u00fagio e abrigo.<\/p>\n<p>O que posso dar em troca ao meu Senhor<br \/>\nPor aquilo que Ele fez a meu favor?<br \/>\nErgo o c\u00e1lice da minha salva\u00e7\u00e3o,<br \/>\nInvocando o Nome Santo do Senhor.<\/p>\n<p>\u00c9 sentida por demais pelo Senhor<br \/>\nToda morte dos Seus Santos,<br \/>\nSeus amigos.<br \/>\nEu que sou teu fiel servo, \u00f3 Senhor,<br \/>\nEste servo que nasceu de<br \/>\nTua serva.<\/p>\n<p>Ofere\u00e7o um sacrif\u00edcio de louvor,<br \/>\nInvocando o nome Santo do Senhor!<br \/>\nNa presen\u00e7a de seu povo reunido;<br \/>\nEm tua casa cantarei o teu louvor!<\/p>\n<p><strong>ANT.\u00a0\u00a0 Elevo o c\u00e1lice da minha salva\u00e7\u00e3o,<br \/>\ninvocando o\u00a0 nome santo do Senhor.<\/strong><\/p>\n<p>COMENTARISTA:Lembrando o Tr\u00e2nsito de nossa M\u00e3e Santa Clara, de joelhos rezemos cinco vezes o Pai-Nosso, Ave-Maria e Gl\u00f3ria ao Pai, em honra de sua gloriosa morte e nas inten\u00e7\u00f5es do Santo Padre.<\/p>\n<p>(SENTADOS)<\/p>\n<p><strong>2\u00b0 LEITOR: <\/strong> Se grande foi a dor pela perda da incompar\u00e1vel Mestra, muito maior foi alegria que brotou do cora\u00e7\u00e3o das<br \/>\nfilhas que podiam, agora, assegurar-se da Sua intercess\u00e3o no C\u00e9u.<br \/>\nLogo ap\u00f3s a morte de Clara, foi enviada a todas as irm\u00e3s da Ordem a seguinte carta:<\/p>\n<p><strong>NARRADOR<\/strong><br \/>\n\u201cA todas as Irm\u00e3s da Ordem, espalhadas pelo mundo inteiro, as irm\u00e3s que moram em Assis desejam salva\u00e7\u00e3o no Autor da<br \/>\nmesma. Enquanto nos atormenta o aguilh\u00e3o de uma tristeza terr\u00edvel, queremos comunicar-vos, n\u00e3o sem l\u00e1grimas, a hist\u00f3ria desconsoladora, referindo-vos com lamentos dolorosos a not\u00edcia triste de que o espelho da estrela matutina, em cujo esplendor admir\u00e1vamos o reflexo da verdadeira luz, desapareceu de nossa vista. Pereceu aquela que era o apoio da nossa Ordem. \u00d3 dor, a portadora da nossa profiss\u00e3o j\u00e1 terminou a caminhada da peregrina\u00e7\u00e3o humana. A Senhora Clara, nossa M\u00e3e e guia, vener\u00e1vel formadora, reclamada pelo paraninfo nupcial que dissolve os v\u00ednculos da carne, isto \u00e9, a morte, voou h\u00e1 ao t\u00e1lamo do Esposo<br \/>\nceleste.<br \/>\nE sua partida triunfal e tr\u00e2nsito solene da terra ao c\u00e9u, embora espiritualmente cumule de gozo os nossos sentidos, do ponto de vista temporal enche os nossos olhos com um rio de l\u00e1grimas; porque, enquanto subtraiu seus passos ao terreno resvaladi\u00e7o do prazer humano e os dirigiu pela senda da salva\u00e7\u00e3o, ela se ocultou, a nossos olhos. Pois aprouve ao Senhor, talvez por culpa de nossa imperfei\u00e7\u00e3o, que Clara, gloriosa, irradiasse antes a sua claridade no trono do C\u00e9u, e n\u00e3o continuasse presidindo, graciosa, as irm\u00e3s, no seu lugar na terra.<\/p>\n<p>Para que falar mais? N\u00e3o se pode explicar com express\u00f5es humanas a profundidade dessa bem-aventuran\u00e7a. Mas conv\u00e9m que<br \/>\nconhe\u00e7ais pelo menos o pr\u00eamio que ela, pela gra\u00e7a de Deus, recebeu pouco antes de seu tr\u00e2nsito; pois veio visit\u00e1-la o Vig\u00e1rio de Cristo, acompanhado do Col\u00e9gio de seus irm\u00e3os, os cardeais, que n\u00e3o a abandonou nem mesmo depois de morta, honrando com sua presen\u00e7a as ex\u00e9quias dela.<\/p>\n<p>Podeis imaginar a dor que a sua morte causou aos nossos cora\u00e7\u00f5es. Mesmo assim queremos abrir nossas almas aos louvores da gl\u00f3ria divina e levantar a palma da alegria. Que o entendimento dos mortais compreenda com que j\u00fabilo foi recebido o seu vener\u00e1vel corpo pelo ex\u00e9rcito celeste e como lhe sa\u00edram ao encontro os esp\u00edritos bem-aventurados e como ela se apresentou ante os olhos do Criador, refulgente pelos diversos milagres que nela realizou o poder do Alt\u00edssimo&#8230;<\/p>\n<p><strong>Comentarista:<br \/>\n<\/strong> Clara, preclara por m\u00e9ritos claros, brilha no c\u00e9u com claridade de gl\u00f3ria insigne, e na terra pelo esplendor de milagres sublimes. Aqui cintila a austera e Ordem de Clara. (Bula de Canoniza\u00e7\u00e3o)<br \/>\nTodos: Ela luziu no s\u00e9culo, mais ainda resplandeceu na vida religiosa. Na casa paterna foi como um raio luminoso,<br \/>\nmas no Mosteiro cintilou com fulgor. Brilhou na sua vida, resplandeceu depois da sua morte.<\/p>\n<p><strong>&#8211; LEITURA BREVE\u00a0 &#8211; (Sb 6,12-13)<\/strong><\/p>\n<p>A sabedoria \u00e9 resplandecente e sempre vi\u00e7osa. Ela \u00e9 facilmente contemplada por aqueles que a amam, e \u00e9 encontrada por aqueles que a procuram. Ela at\u00e9 antecipa, dando-se a conhecer aos que a desejam<\/p>\n<p><strong>2\u00b0 leitor: <\/strong>Clara entrou gloriosa no c\u00e9u. Foi assumida pela eterna luz. \u00c9 Santa Clara de Assis. Cristo, seu Divino Esposo, Maria Sant\u00edssima, os Anjos e Santos a recebem.<\/p>\n<p><strong>1\u00b0 leitor:<\/strong> De p\u00e9 cantemos \u00e0 fiel disc\u00edpula do Crucificado Pobre que jubilosa entrou no C\u00e9u e tornou-se, para sempre, a Forma e Modelo das Irm\u00e3s Pobres.<\/p>\n<p align=\"center\"><span style=\"text-decoration: underline;\">Salve Clara<\/span><\/p>\n<p><span style=\"text-decoration: underline;\">Ant\u00edfona<\/span>:\u00a0\u00a0\u00a0\u00a0\u00a0\u00a0\u00a0\u00a0 Salve Clara,<br \/>\nEsposa de Cristo,<br \/>\nVirgem santa, nobre flor<br \/>\nDe uma Ordem t\u00e3o<br \/>\nSer\u00e1fica<br \/>\nVaso puro do Senhor.<\/p>\n<p>Para todas tuas irm\u00e3s,<br \/>\nFoste exemplo<br \/>\nt\u00e3o materno!<br \/>\nConduzi-nos, por tua prece,<br \/>\nAo celeste Reino<br \/>\neterno.<\/p>\n<p><strong>MAGNIFICAT: <\/strong><\/p>\n<p>Minh\u2019alma canta, canta a grandeza do Senhor.<br \/>\nO meu esp\u00edrito exulta de alegria em Deus me Salvador.<\/p>\n<p>Porque voltou seu olhar para a baixeza de sua serva.<\/p>\n<p>E doravante todos os povos me chamar\u00e3o feliz,<br \/>\nme chamar\u00e3o<br \/>\nfeliz, me chamar\u00e3o feliz.<\/p>\n<p>Derrubou dos tronos os poderosos e<br \/>\nelevou os humildes.<\/p>\n<p>Encheu de bens os famintos e despediu os com as m\u00e3os vazias.<br \/>\nMinh\u2019alma canta a grandeza do Senhor,<br \/>\no meu esp\u00edrito exulta de<br \/>\nalegria em Deus meu Salvador.<\/p>\n<p>Ou<\/p>\n<p>&#8211; Magn\u00edficat\u00a0 anima mea<br \/>\nD\u00f3minum<br \/>\n&#8211; et exult\u00e1vit sp\u00edritus meus<br \/>\nin Deo salvat\u00f3re meo,<br \/>\n&#8211; quia resp\u00e9xit humilit\u00e1tem anc\u00edllae suae.<br \/>\nEcce enim ex hoc be\u00e1tam me dicent omnes generati\u00f3nes.<br \/>\n&#8211; quia fecit mihi magna, qui potens est,<br \/>\net sanctum nomem eius,<br \/>\n&#8211; et miseric\u00f3rdia eius in prog\u00e9nies et prog\u00e9nies<br \/>\ntim\u00e9ntibus eum.<br \/>\n&#8211; Fecit pot\u00e9ntiam in br\u00e1chio suo,<br \/>\ndisp\u00e9rsit sup\u00e9rbos mente cordis sui;<br \/>\n&#8211; dep\u00f3suit pot\u00e9ntes de sede<br \/>\net exalt\u00e1vit humiles;<br \/>\n&#8211; esuri\u00e9ntes<br \/>\nimpl\u00e9vit bonis<br \/>\net d\u00edvites dim\u00edsit in\u00e1nes.<br \/>\n&#8211; Susc\u00e9pit Israel p\u00faerum suum,<br \/>\nrecord\u00e1tus miseric\u00f3rdiae,<br \/>\n&#8211; sicut loc\u00fatus est ad patres nostros,<br \/>\nAbrahan et s\u00e9mini eius sa\u00e9cula.<br \/>\n&#8211; Gl\u00f3ria Patri et F\u00edlio<br \/>\net Sp\u00edritui Sancto.<br \/>\n&#8211; Sicut erat in princ\u00edpio, et nunc et semper,<br \/>\net in sa\u00e9cula saecul\u00f3rum. Amen.<\/p>\n<p>V. \u00c9 preciosa na presen\u00e7a do Senhor,<br \/>\nR. A morte de Santa Clara, Virgem.<\/p>\n<p><strong>PRECES:<\/strong><\/p>\n<p>COMENTARISTA<\/p>\n<p>Celebremos com alegria e invoquemos o Cristo Senhor, esposo e cordeiro imaculado, a quem as<br \/>\nvirgens seguem onde quer que ele v\u00e1; e digamos:<\/p>\n<p>R. Jesus, rei das virgens, atendei-nos!<\/p>\n<p>\u00d3 Cristo, que louvastes os que guardam a virgindade por causa do Reino dos c\u00e9us,<br \/>\nconcedei-nos compreender corretamente as vossas palavras e aderir a v\u00f3s de corpo casto e alma pura.<br \/>\n\u00d3 Cristo, que pela nossa salva\u00e7\u00e3o oferecestes a vossa carne sobre o madeiro em sacrif\u00edcio ao Pai.<\/p>\n<p>&#8211;\u00a0\u00a0\u00a0\u00a0\u00a0 fazei que crucificando o nosso corpo com os v\u00edcios e as concupisc\u00eancias, completemos o que falta \u00e0 vossa paix\u00e3o.<\/p>\n<p>\u00d3 Cristo, que desposastes a Igreja, virgem casta como \u00fanica esposa, tornai-a santa e imaculada, e concedei-nos a gra\u00e7a de guardar \u00edntegra e pura a nossa f\u00e9 em V\u00f3s.<br \/>\n\u00d3 Cristo, que nos concedeis a gra\u00e7a de alegrar-nos com a festa da M\u00e3e Santa Clara,<br \/>\nfazei que por sua intercess\u00e3o, sejamos dignas de V\u00f3s.<br \/>\nRecebestes as santas virgens para a ceia de vossas n\u00fapcias eternas;<br \/>\nadmiti com bondade no banquete celeste os nossos irm\u00e3os e irm\u00e3s falecidos.<\/p>\n<p><strong>Oremos:<\/strong> \u00d3 Deus, que na vossa miseric\u00f3rdia atra\u00edstes a M\u00e3e Santa Clara ao amor da pobreza, concedei, por sua intercess\u00e3o,<br \/>\nque seguindo o Cristo com um cora\u00e7\u00e3o de pobre, vos contemplemos um dia em vosso reino. Por nosso Senhor Jesus Cristo, vosso Filho, na unidade do Esp\u00edrito Santo.<\/p>\n<p>Todos: Am\u00e9m<\/p>\n<p align=\"center\">\n","protected":false},"excerpt":{"rendered":"<p>Nossa M\u00e3e Santa<\/p>\n","protected":false},"author":1,"featured_media":13507,"comment_status":"closed","ping_status":"closed","sticky":false,"template":"","format":"standard","meta":[],"categories":[13],"tags":[],"yoast_head":"<!-- This site is optimized with the Yoast SEO plugin v19.2 - https:\/\/yoast.com\/wordpress\/plugins\/seo\/ -->\n<title>Celebra\u00e7\u00e3o do Tr\u00e2nsito de Santa Clara - Carisma - Franciscanos<\/title>\n<meta name=\"robots\" content=\"index, follow, max-snippet:-1, max-image-preview:large, max-video-preview:-1\" \/>\n<link rel=\"canonical\" href=\"https:\/\/franciscanos.org.br\/carisma\/celebracao-do-transito-de-santa-clara.html\" \/>\n<meta property=\"og:locale\" content=\"pt_BR\" \/>\n<meta property=\"og:type\" content=\"article\" \/>\n<meta property=\"og:title\" content=\"Celebra\u00e7\u00e3o do Tr\u00e2nsito de Santa Clara - Carisma - Franciscanos\" \/>\n<meta property=\"og:description\" content=\"Nossa M\u00e3e Santa\" \/>\n<meta property=\"og:url\" content=\"https:\/\/franciscanos.org.br\/carisma\/celebracao-do-transito-de-santa-clara.html\" \/>\n<meta property=\"og:site_name\" content=\"Carisma - Franciscanos\" \/>\n<meta property=\"article:published_time\" content=\"2011-11-03T12:19:17+00:00\" \/>\n<meta property=\"og:image\" content=\"https:\/\/franciscanos.org.br\/carisma\/wp-content\/uploads\/2018\/10\/1015_031111.jpg\" \/>\n\t<meta property=\"og:image:width\" content=\"225\" \/>\n\t<meta property=\"og:image:height\" content=\"286\" \/>\n\t<meta property=\"og:image:type\" content=\"image\/jpeg\" \/>\n<meta name=\"author\" content=\"admin\" \/>\n<meta name=\"twitter:card\" content=\"summary_large_image\" \/>\n<meta name=\"twitter:label1\" content=\"Escrito por\" \/>\n\t<meta name=\"twitter:data1\" content=\"admin\" \/>\n\t<meta name=\"twitter:label2\" content=\"Est. tempo de leitura\" \/>\n\t<meta name=\"twitter:data2\" content=\"21 minutos\" \/>\n<script type=\"application\/ld+json\" class=\"yoast-schema-graph\">{\"@context\":\"https:\/\/schema.org\",\"@graph\":[{\"@type\":\"WebSite\",\"@id\":\"https:\/\/franciscanos.org.br\/carisma\/#website\",\"url\":\"https:\/\/franciscanos.org.br\/carisma\/\",\"name\":\"Carisma - Franciscanos\",\"description\":\"Prov\u00edncia Franciscana da Imaculada Concei\u00e7\u00e3o do Brasil - Ordem dos Frades Menores\",\"potentialAction\":[{\"@type\":\"SearchAction\",\"target\":{\"@type\":\"EntryPoint\",\"urlTemplate\":\"https:\/\/franciscanos.org.br\/carisma\/?s={search_term_string}\"},\"query-input\":\"required name=search_term_string\"}],\"inLanguage\":\"pt-BR\"},{\"@type\":\"ImageObject\",\"inLanguage\":\"pt-BR\",\"@id\":\"https:\/\/franciscanos.org.br\/carisma\/celebracao-do-transito-de-santa-clara.html#primaryimage\",\"url\":\"https:\/\/franciscanos.org.br\/carisma\/wp-content\/uploads\/2018\/10\/1015_031111.jpg\",\"contentUrl\":\"https:\/\/franciscanos.org.br\/carisma\/wp-content\/uploads\/2018\/10\/1015_031111.jpg\",\"width\":225,\"height\":286},{\"@type\":\"WebPage\",\"@id\":\"https:\/\/franciscanos.org.br\/carisma\/celebracao-do-transito-de-santa-clara.html#webpage\",\"url\":\"https:\/\/franciscanos.org.br\/carisma\/celebracao-do-transito-de-santa-clara.html\",\"name\":\"Celebra\u00e7\u00e3o do Tr\u00e2nsito de Santa Clara - Carisma - Franciscanos\",\"isPartOf\":{\"@id\":\"https:\/\/franciscanos.org.br\/carisma\/#website\"},\"primaryImageOfPage\":{\"@id\":\"https:\/\/franciscanos.org.br\/carisma\/celebracao-do-transito-de-santa-clara.html#primaryimage\"},\"datePublished\":\"2011-11-03T12:19:17+00:00\",\"dateModified\":\"2011-11-03T12:19:17+00:00\",\"author\":{\"@id\":\"https:\/\/franciscanos.org.br\/carisma\/#\/schema\/person\/e352342a457f086dc6152f9c73a3d093\"},\"breadcrumb\":{\"@id\":\"https:\/\/franciscanos.org.br\/carisma\/celebracao-do-transito-de-santa-clara.html#breadcrumb\"},\"inLanguage\":\"pt-BR\",\"potentialAction\":[{\"@type\":\"ReadAction\",\"target\":[\"https:\/\/franciscanos.org.br\/carisma\/celebracao-do-transito-de-santa-clara.html\"]}]},{\"@type\":\"BreadcrumbList\",\"@id\":\"https:\/\/franciscanos.org.br\/carisma\/celebracao-do-transito-de-santa-clara.html#breadcrumb\",\"itemListElement\":[{\"@type\":\"ListItem\",\"position\":1,\"name\":\"Home\",\"item\":\"https:\/\/franciscanos.org.br\/carisma\"},{\"@type\":\"ListItem\",\"position\":2,\"name\":\"Celebra\u00e7\u00e3o do Tr\u00e2nsito de Santa Clara\"}]},{\"@type\":\"Person\",\"@id\":\"https:\/\/franciscanos.org.br\/carisma\/#\/schema\/person\/e352342a457f086dc6152f9c73a3d093\",\"name\":\"admin\",\"image\":{\"@type\":\"ImageObject\",\"inLanguage\":\"pt-BR\",\"@id\":\"https:\/\/franciscanos.org.br\/carisma\/#\/schema\/person\/image\/\",\"url\":\"https:\/\/secure.gravatar.com\/avatar\/e8495742d34d0ba6448ea1c628263b3e?s=96&d=mm&r=g\",\"contentUrl\":\"https:\/\/secure.gravatar.com\/avatar\/e8495742d34d0ba6448ea1c628263b3e?s=96&d=mm&r=g\",\"caption\":\"admin\"},\"url\":\"https:\/\/franciscanos.org.br\/carisma\/author\/admin\"}]}<\/script>\n<!-- \/ Yoast SEO plugin. -->","yoast_head_json":{"title":"Celebra\u00e7\u00e3o do Tr\u00e2nsito de Santa Clara - Carisma - Franciscanos","robots":{"index":"index","follow":"follow","max-snippet":"max-snippet:-1","max-image-preview":"max-image-preview:large","max-video-preview":"max-video-preview:-1"},"canonical":"https:\/\/franciscanos.org.br\/carisma\/celebracao-do-transito-de-santa-clara.html","og_locale":"pt_BR","og_type":"article","og_title":"Celebra\u00e7\u00e3o do Tr\u00e2nsito de Santa Clara - Carisma - Franciscanos","og_description":"Nossa M\u00e3e Santa","og_url":"https:\/\/franciscanos.org.br\/carisma\/celebracao-do-transito-de-santa-clara.html","og_site_name":"Carisma - Franciscanos","article_published_time":"2011-11-03T12:19:17+00:00","og_image":[{"width":225,"height":286,"url":"https:\/\/franciscanos.org.br\/carisma\/wp-content\/uploads\/2018\/10\/1015_031111.jpg","type":"image\/jpeg"}],"author":"admin","twitter_card":"summary_large_image","twitter_misc":{"Escrito por":"admin","Est. tempo de leitura":"21 minutos"},"schema":{"@context":"https:\/\/schema.org","@graph":[{"@type":"WebSite","@id":"https:\/\/franciscanos.org.br\/carisma\/#website","url":"https:\/\/franciscanos.org.br\/carisma\/","name":"Carisma - Franciscanos","description":"Prov\u00edncia Franciscana da Imaculada Concei\u00e7\u00e3o do Brasil - Ordem dos Frades Menores","potentialAction":[{"@type":"SearchAction","target":{"@type":"EntryPoint","urlTemplate":"https:\/\/franciscanos.org.br\/carisma\/?s={search_term_string}"},"query-input":"required name=search_term_string"}],"inLanguage":"pt-BR"},{"@type":"ImageObject","inLanguage":"pt-BR","@id":"https:\/\/franciscanos.org.br\/carisma\/celebracao-do-transito-de-santa-clara.html#primaryimage","url":"https:\/\/franciscanos.org.br\/carisma\/wp-content\/uploads\/2018\/10\/1015_031111.jpg","contentUrl":"https:\/\/franciscanos.org.br\/carisma\/wp-content\/uploads\/2018\/10\/1015_031111.jpg","width":225,"height":286},{"@type":"WebPage","@id":"https:\/\/franciscanos.org.br\/carisma\/celebracao-do-transito-de-santa-clara.html#webpage","url":"https:\/\/franciscanos.org.br\/carisma\/celebracao-do-transito-de-santa-clara.html","name":"Celebra\u00e7\u00e3o do Tr\u00e2nsito de Santa Clara - Carisma - Franciscanos","isPartOf":{"@id":"https:\/\/franciscanos.org.br\/carisma\/#website"},"primaryImageOfPage":{"@id":"https:\/\/franciscanos.org.br\/carisma\/celebracao-do-transito-de-santa-clara.html#primaryimage"},"datePublished":"2011-11-03T12:19:17+00:00","dateModified":"2011-11-03T12:19:17+00:00","author":{"@id":"https:\/\/franciscanos.org.br\/carisma\/#\/schema\/person\/e352342a457f086dc6152f9c73a3d093"},"breadcrumb":{"@id":"https:\/\/franciscanos.org.br\/carisma\/celebracao-do-transito-de-santa-clara.html#breadcrumb"},"inLanguage":"pt-BR","potentialAction":[{"@type":"ReadAction","target":["https:\/\/franciscanos.org.br\/carisma\/celebracao-do-transito-de-santa-clara.html"]}]},{"@type":"BreadcrumbList","@id":"https:\/\/franciscanos.org.br\/carisma\/celebracao-do-transito-de-santa-clara.html#breadcrumb","itemListElement":[{"@type":"ListItem","position":1,"name":"Home","item":"https:\/\/franciscanos.org.br\/carisma"},{"@type":"ListItem","position":2,"name":"Celebra\u00e7\u00e3o do Tr\u00e2nsito de Santa Clara"}]},{"@type":"Person","@id":"https:\/\/franciscanos.org.br\/carisma\/#\/schema\/person\/e352342a457f086dc6152f9c73a3d093","name":"admin","image":{"@type":"ImageObject","inLanguage":"pt-BR","@id":"https:\/\/franciscanos.org.br\/carisma\/#\/schema\/person\/image\/","url":"https:\/\/secure.gravatar.com\/avatar\/e8495742d34d0ba6448ea1c628263b3e?s=96&d=mm&r=g","contentUrl":"https:\/\/secure.gravatar.com\/avatar\/e8495742d34d0ba6448ea1c628263b3e?s=96&d=mm&r=g","caption":"admin"},"url":"https:\/\/franciscanos.org.br\/carisma\/author\/admin"}]}},"_links":{"self":[{"href":"https:\/\/franciscanos.org.br\/carisma\/wp-json\/wp\/v2\/posts\/4383"}],"collection":[{"href":"https:\/\/franciscanos.org.br\/carisma\/wp-json\/wp\/v2\/posts"}],"about":[{"href":"https:\/\/franciscanos.org.br\/carisma\/wp-json\/wp\/v2\/types\/post"}],"author":[{"embeddable":true,"href":"https:\/\/franciscanos.org.br\/carisma\/wp-json\/wp\/v2\/users\/1"}],"replies":[{"embeddable":true,"href":"https:\/\/franciscanos.org.br\/carisma\/wp-json\/wp\/v2\/comments?post=4383"}],"version-history":[{"count":0,"href":"https:\/\/franciscanos.org.br\/carisma\/wp-json\/wp\/v2\/posts\/4383\/revisions"}],"wp:featuredmedia":[{"embeddable":true,"href":"https:\/\/franciscanos.org.br\/carisma\/wp-json\/wp\/v2\/media\/13507"}],"wp:attachment":[{"href":"https:\/\/franciscanos.org.br\/carisma\/wp-json\/wp\/v2\/media?parent=4383"}],"wp:term":[{"taxonomy":"category","embeddable":true,"href":"https:\/\/franciscanos.org.br\/carisma\/wp-json\/wp\/v2\/categories?post=4383"},{"taxonomy":"post_tag","embeddable":true,"href":"https:\/\/franciscanos.org.br\/carisma\/wp-json\/wp\/v2\/tags?post=4383"}],"curies":[{"name":"wp","href":"https:\/\/api.w.org\/{rel}","templated":true}]}}