{"id":42698,"date":"2013-08-05T06:27:01","date_gmt":"2013-08-05T09:27:01","guid":{"rendered":"http:\/\/new.franciscanos.org.br\/?p=42698"},"modified":"2020-07-09T11:41:47","modified_gmt":"2020-07-09T14:41:47","slug":"frei-almir-traz-a-reflexao-clara-e-maria","status":"publish","type":"post","link":"https:\/\/franciscanos.org.br\/carisma\/frei-almir-traz-a-reflexao-clara-e-maria.html","title":{"rendered":"Clara e Maria"},"content":{"rendered":"<p><img loading=\"lazy\" src=\"http:\/\/franciscanos.org.br\/wp-content\/uploads\/2013\/08\/clara_maria.jpg\" alt=\"clara_maria\" width=\"820\" height=\"438\" \/><\/p>\n<blockquote><p><i>Oferecemos aos nossos leitores algumas reflex\u00f5es em torno do tema da presen\u00e7a da M\u00e3e de Deus na vida e na trajet\u00f3ria de Clara de Assis. Inspiramo-nos\u00a0 em texto do erudito franciscano alem\u00e3o\u00a0 Lothar Hardick. Pudemos dispor de uma tradu\u00e7\u00e3o\u00a0 italiana do autor, cujo original \u00e9 alem\u00e3o<\/i> (La Spiritualit\u00e0 di S. Chiara,\u00a0 Ed. Biblioteca\u00a0 Francescana, Milano\u00a0 1986).<\/p><\/blockquote>\n<p><strong>1.<\/strong> O crist\u00e3o tem consci\u00eancia de que sua vida se desenrola sob o olhar atencioso e vigilante da Provid\u00eancia. Examinando os acontecimentos que tecem seu cotidiano n\u00e3o os v\u00ea como fatos fortuitos, frutos de um destino cego. Ao contr\u00e1rio, procura ver em todos os fatos que v\u00e3o tecendo a hist\u00f3ria e sua trajet\u00f3ria pessoal explicita\u00e7\u00f5es da vontade de Deus. As circunst\u00e2ncias da vida \u201cfalam\u201d.\u00a0 Os crist\u00e3os tentam, pois, ouvir a\u00ed a voz do Senhor. Este fala, n\u00e3o poucas vezes, no sil\u00eancio. Destarte aquele que cultiva a dimens\u00e3o do sil\u00eancio consegue, com certa facilidade, captar\u00a0 a voz do Senhor nos acontecimentos. A f\u00e9 torna o crist\u00e3o disposto para deixar-se guiar por\u00a0 Deus.<\/p>\n<p><strong>2.<\/strong> Os medievais\u00a0 tinham profunda vis\u00e3o de f\u00e9 a respeito do tema. Descobriam s\u00edmbolos e sinais ricos de significado. N\u00e3o estamos nos referindo a um encadeamento de fatos mais ou menos ruidosos e extraordin\u00e1rios, frutos de imagina\u00e7\u00f5es doentias e exaltadas,\u00a0 viciadas em ver s\u00edmbolo em tudo, mas de uma aut\u00eantica atitude crist\u00e3 diante dos acontecimentos.\u00a0 Assim, podemos\u00a0 \u201cver\u201d\u00a0 alguns tra\u00e7os da Provid\u00eancia na trajet\u00f3ria de Clara.<\/p>\n<p><strong>3.<\/strong> Na noite decisiva para sua nova vida\u00a0 Clara, por ordem de Francisco, se dirigiu \u00e0 capela da Porci\u00fancula. Nesta igreja da Virgem Maria, de Nossa Senhora dos Anjos,\u00a0 igreja m\u00e3e da Ordem Franciscana, Clara recebe das m\u00e3os de Francisco o h\u00e1bito da Ordem, depois de ter seus cabelos cortados. Segundo seu bi\u00f3grafo, este acontecimento tem grande import\u00e2ncia para a santa:\u00a0\u00a0 \u201cN\u00e3o convinha que,\u00a0 \u00e0 v\u00e9spera dos tempos novos, florescesse\u00a0 em outro lugar, a Ordem da\u00a0 virgindade sen\u00e3o no pal\u00e1cio daquela que primeira de todas e dign\u00edssima foi a \u00fanica m\u00e3e e virgem\u201d\u00a0 (LSC\u00a0 8).<\/p>\n<p><strong>4.<\/strong> A vesti\u00e7\u00e3o de Clara no Santu\u00e1rio da M\u00e3e de Deus, mostra o que a santa deveria significar para o mundo: \u201cque as mulheres imitem Clara, vest\u00edgio da M\u00e3e de Deus, nova guia das mulheres\u201d (Intr. LSC).\u00a0 Magnifica s\u00edntese\u00a0 da vida de Clara!<\/p>\n<p><strong>5.<\/strong> Francisco, o \u201cdisc\u00edpulo do Verbo encarnado\u201d, foi designado de \u201coutro Cristo\u201d\u00a0 (Pio XII,\u00a0 2 de fevereiro de 1926). Clara foi designada\u00a0 como\u00a0 \u201cvest\u00edgio da M\u00e3e de Deus\u201d.\u00a0 A presen\u00e7a do bin\u00f4mio\u00a0 homem-mulher \u00e9 lei\u00a0 de todos os grandes come\u00e7os:\u00a0 Ad\u00e3o e Eva;\u00a0 Cristo-Maria; Francisco-Clara.<\/p>\n<p><strong>6.<\/strong> Celano n\u00e3o foi o \u00fanico a chamar aten\u00e7\u00e3o para as\u00a0 influ\u00eancias marianas na trajet\u00f3ria de Clara. O Cardeal Protetor\u00a0 faz eco, quando falando de Clara e de suas irm\u00e3s\u00a0 diz\u00a0 que \u201cseguiam as pegadas de Cristo e de sua sant\u00edssima M\u00e3e\u201d (Bula de Canoniza\u00e7\u00e3o de Santa Clara). O pr\u00f3prio Francisco j\u00e1 havia contemplado a trajet\u00f3ria de Clara e de suas irm\u00e3s a partir desta \u00f3tica. Clara inseriu em sua Regra o teor do bilhete que Francisco lhe enviara antes de morrer:\u00a0 \u201cEu, Frei\u00a0 Francisco pequenino, quero seguir a vida e pobreza de nosso alt\u00edssimo Senhor Jesus Cristo e de sua M\u00e3e sant\u00edssima e perseverar nela at\u00e9 o fim\u201d. O que vale para Francisco ele quer que valha para as damianitas. Que sigam Maria como mulheres!<\/p>\n<p><strong>7.<\/strong> Clara corresponde completamente ao pedido-desejo de Francisco. Queremos chamar aten\u00e7\u00e3o para\u00a0 alguns aspectos da devo\u00e7\u00e3o de Clara por Maria:\u00a0 coloca a festa da Assun\u00e7\u00e3o \u00a0de Maria entre os sete dias do ano em que as irm\u00e3s devem receber a comunh\u00e3o, considerando esta festa como das maiores solenidades (Regra III, 14).\u00a0 Clara\u00a0 invoca a Virgem como protetora das irm\u00e3s de maneira toda particular, n\u00e3o simplesmente como era o costume crist\u00e3o da \u00e9poca.\u00a0 Assim, um sinal desse amor preferencial de Clara\u00a0 por Maria \u00e9 a suspens\u00e3o do jejum em suas festas, segundo o desejo de Francisco\u00a0 (3 Carta In\u00eas, 36).<\/p>\n<p><strong>8.<\/strong> Venerava\u00a0 a Virgem porque tinha plena confian\u00e7a em seu socorro.\u00a0 A M\u00e3e de Deus cuida efetivamente dos homens. \u00c9 verdadeira m\u00e3e\u00a0 para os homens:\u00a0 ensina-lhes\u00a0 a se aproximarem de Cristo e torna-se exemplo luminoso do seguimento de Cristo.\u00a0 Imitar a Maria \u00e9 o caminho mais seguro para unir-se a Cristo. Por isso n\u00e3o se pode deixar de manifestar-lhe afeto.<\/p>\n<p><strong>9.<\/strong> Que atitude de Maria mais chamou a aten\u00e7\u00e3o de Clara? Quais os tra\u00e7os da Senhora que ela quer imitar?\u00a0 Castidade e virgindade ocupam o primeiro lugar.\u00a0 Tal transparece\u00a0 no Testamento, 75 e de modo particular na\u00a0 3\u00aa. Carta a In\u00eas:\u00a0 \u201cApega-te \u00e0 sua dulc\u00edssima M\u00e3e, que gerou tal grande Filho que o pr\u00f3prio\u00a0 c\u00e9u n\u00e3o pode compreender e, no entanto, ela o carregou no pequeno recinto de seu sagrado ventre o gestou no seio de uma jovem mulher\u201d\u00a0 (18-19). O voto de castidade permite que Clara imite a Virgem.<\/p>\n<p><strong>10.<\/strong> Clara contempla tamb\u00e9m em Maria a pobreza\u00a0 e nela encontra uma raz\u00e3o a mais\u00a0 para o seguimento da via\u00a0 evang\u00e9lica: \u201c&#8230; observemos para sempre a pobreza e a humildade de\u00a0 nosso Senhor\u00a0 Jesus Cristo e de sua sant\u00edssima M\u00e3e &#8230;\u201d\u00a0 (RSC\u00a0 XII, 13). Clara, no Testamento,\u00a0 fala do surgimento do grupo de irm\u00e3s\u00a0 \u201cque\u00a0 o Senhor Pai gerou em sua santa Igreja, pela palavra e\u00a0 pelo exemplo\u00a0 de nosso beat\u00edssimo Pai Francisco, para seguir a pobreza e a humildade de seu dileto Filho e de sua gloriosa M\u00e3e\u201d\u00a0 (n. 46).<\/p>\n<p><strong>11.<\/strong> Maria se declara\u00a0 \u201cserva\u201d\u00a0 do Senhor.\u00a0 Por isso a imita\u00e7\u00e3o da M\u00e3e de Deus conduz necessariamente \u00e0 humildade.\u00a0 Bel\u00edssima a passagem da 3\u00aa. Carta a In\u00eas:\u00a0 \u201cAssim\u00a0 tu\u00a0 tamb\u00e9m, seguindo-lhe os passos, sobretudo os passos da humildade e pobreza, podes carregar sempre espiritualmente no teu corpo\u00a0 casto e virginal, sem nenhuma d\u00favida\u00a0 contendo aquele que te cont\u00e9m a ti e a tudo o mais, possuindo Aquele que em compara\u00e7\u00e3o com os bens passageiros deste mundo, possuir\u00e1s\u00a0 com mais valor\u201d\u00a0 (25-27).<\/p>\n<p><strong>12.<\/strong> Vale a pena refletir em toda a exorta\u00e7\u00e3o que Clara faz\u00a0 nesta terceira carta \u00e0 Clarissa de Praga:\u00a0 \u201cEis que, pela gra\u00e7a dign\u00edssima de Deus dada\u00a0 \u00e0s criaturas, consta que a alma\u00a0 do homem fiel \u00e9 maior do que o c\u00e9u, visto que o c\u00e9u e todas\u00a0 as demais criaturas n\u00e3o podem\u00a0 compreender o\u00a0 Criador e somente a alma fiel lhe serve de mans\u00e3o e morada, e isto s\u00f3 ocorre pela caridade e que os \u00edmpios carecem:\u00a0 no testemunho da pr\u00f3pria verdade, que diz, quem me ama ser\u00e1 amado\u00a0 por meu Pai e\u00a0 eu o amarei\u00a0 e viremos a ele e faremos nele a nossa morada.\u00a0 Assim, portanto, como a Virgem gloriosa das virgens o fez materialmente, assim tamb\u00e9m tu, seguindo-lhes os passos, e sobretudo os passos da humildade e pobreza, podes carregar no teu corpo casto&#8230;.Aquele que te cont\u00e9m a ti e a tudo\u201d (21-26).<\/p>\n<p><strong>13.<\/strong> Disc\u00edpula de Francisco,\u00a0 Clara\u00a0 tem\u00a0 amor \u00edntimo pela\u00a0 Senhora.\u00a0 Nesse particular parece ir mais longe do que Francisco: \u201cEssa \u00e9 aquela excel\u00eancia\u00a0 da alt\u00edssima\u00a0 Pobreza\u00a0 que vos constituiu, car\u00edssimas irm\u00e3s minhas, herdeiras e rainhas do\u00a0 Reino dos c\u00e9us e vos fez pobres\u00a0 em coisas e vos sublimou em virtudes.\u00a0 Seja esta a vossa por\u00e7\u00e3o\u00a0 que conduz \u00e0 terra dos viventes.\u00a0 A ela aderindo inteiramente, dilet\u00edssimas irm\u00e3s,\u00a0 em nome de nosso Senhor Jesus Cristo e de sua M\u00e3e sant\u00edssima n\u00e3o queirais jamais outra coisa\u00a0 debaixo do c\u00e9u\u201d\u00a0 (RSC \u00a0VIII,4-6).<\/p>\n<p>14. Clara se esfor\u00e7ava em ser imagem de Maria.\u00a0 Maria ilumina tamb\u00e9m sua morte. \u00a0A M\u00e3e de Jesus acompanha o cortejo\u00a0 da santas virgens que lhe aparecem no leito de morte.\u00a0\u00a0 \u201c&#8230;eis que, em brancas vestes, entra uma multid\u00e3o de\u00a0 virgens, todas com grinalda de ouro na cabe\u00e7a. Entre elas uma caminhava\u00a0 mais luminosa que as demais, de\u00a0 cuja coroa\u00a0 &#8211; que em seu cimo\u00a0 apresentava uma esp\u00e9cie de tur\u00edbulo com orif\u00edcios\u00a0 &#8211; irradiava tanto esplendor\u00a0 dentro da casa\u00a0 que\u00a0 convertia a pr\u00f3pria noite em\u00a0 luz\u00a0 do dia.\u00a0 Aproximou-se do pequeno leito em que\u00a0 jazia a Esposa do Filho\u00a0 e inclinando-se sobre ela, d\u00e1-lhe um abra\u00e7o cheio de ternura. \u00c9 trazido\u00a0 pelas virgens um p\u00e1lio de maravilhosa beleza e estendendo-o,\u00a0 todos \u00e0 porfia, \u00a0o corpo de Clara\u00a0 \u00e9 coberto e o t\u00e1lamo adornado\u201d (LSC 46).<\/p>\n<p><strong>15.<\/strong> \u00a0\u201cEm seguida, a Virgem das virgens, que era maior,\u00a0 inclinou seu rosto sobre o rosto da mencionada virgem\u00a0 Santa Clara, ou ent\u00e3o,\u00a0 sobre o seu peito, pois a testemunha n\u00e3o pode distinguir bem\u00a0 uma coisa da outra&#8230;e a sant\u00edssima senhora\u00a0 Clara\u00a0 morreu\u00a0 na segunda-feira seguinte\u201d\u00a0 (Processo de Canoniza\u00e7\u00e3o,\u00a0 10,4).<em id=\"__mceDel\"><br \/>\n<\/em><\/p>\n<p><strong>\u00a0Frei Almir Ribeiro Guimar\u00e3es<\/strong><\/p>\n","protected":false},"excerpt":{"rendered":"<p> Frei Almir Guimar\u00e3es<\/p>\n","protected":false},"author":1,"featured_media":176339,"comment_status":"closed","ping_status":"open","sticky":false,"template":"","format":"standard","meta":[],"categories":[65],"tags":[103,108],"yoast_head":"<!-- This site is optimized with the Yoast SEO plugin v19.2 - https:\/\/yoast.com\/wordpress\/plugins\/seo\/ -->\n<title>Clara e Maria - Carisma - Franciscanos<\/title>\n<meta name=\"robots\" content=\"index, follow, max-snippet:-1, max-image-preview:large, max-video-preview:-1\" \/>\n<link rel=\"canonical\" href=\"https:\/\/franciscanos.org.br\/carisma\/frei-almir-traz-a-reflexao-clara-e-maria.html\" \/>\n<meta property=\"og:locale\" content=\"pt_BR\" \/>\n<meta property=\"og:type\" content=\"article\" \/>\n<meta property=\"og:title\" content=\"Clara e Maria - Carisma - Franciscanos\" \/>\n<meta property=\"og:description\" content=\"Frei Almir Guimar\u00e3es\" \/>\n<meta property=\"og:url\" content=\"https:\/\/franciscanos.org.br\/carisma\/frei-almir-traz-a-reflexao-clara-e-maria.html\" \/>\n<meta property=\"og:site_name\" content=\"Carisma - Franciscanos\" \/>\n<meta property=\"article:published_time\" content=\"2013-08-05T09:27:01+00:00\" \/>\n<meta property=\"article:modified_time\" content=\"2020-07-09T14:41:47+00:00\" \/>\n<meta property=\"og:image\" content=\"https:\/\/franciscanos.org.br\/carisma\/wp-content\/uploads\/2013\/08\/clara_maria_1.jpg\" \/>\n\t<meta property=\"og:image:width\" content=\"273\" \/>\n\t<meta property=\"og:image:height\" content=\"181\" \/>\n\t<meta property=\"og:image:type\" content=\"image\/jpeg\" \/>\n<meta name=\"author\" content=\"admin\" \/>\n<meta name=\"twitter:card\" content=\"summary_large_image\" \/>\n<meta name=\"twitter:label1\" content=\"Escrito por\" \/>\n\t<meta name=\"twitter:data1\" content=\"admin\" \/>\n\t<meta name=\"twitter:label2\" content=\"Est. tempo de leitura\" \/>\n\t<meta name=\"twitter:data2\" content=\"7 minutos\" \/>\n<script type=\"application\/ld+json\" class=\"yoast-schema-graph\">{\"@context\":\"https:\/\/schema.org\",\"@graph\":[{\"@type\":\"WebSite\",\"@id\":\"https:\/\/franciscanos.org.br\/carisma\/#website\",\"url\":\"https:\/\/franciscanos.org.br\/carisma\/\",\"name\":\"Carisma - Franciscanos\",\"description\":\"Prov\u00edncia Franciscana da Imaculada Concei\u00e7\u00e3o do Brasil - Ordem dos Frades Menores\",\"potentialAction\":[{\"@type\":\"SearchAction\",\"target\":{\"@type\":\"EntryPoint\",\"urlTemplate\":\"https:\/\/franciscanos.org.br\/carisma\/?s={search_term_string}\"},\"query-input\":\"required name=search_term_string\"}],\"inLanguage\":\"pt-BR\"},{\"@type\":\"ImageObject\",\"inLanguage\":\"pt-BR\",\"@id\":\"https:\/\/franciscanos.org.br\/carisma\/frei-almir-traz-a-reflexao-clara-e-maria.html#primaryimage\",\"url\":\"https:\/\/franciscanos.org.br\/carisma\/wp-content\/uploads\/2013\/08\/clara_maria_1.jpg\",\"contentUrl\":\"https:\/\/franciscanos.org.br\/carisma\/wp-content\/uploads\/2013\/08\/clara_maria_1.jpg\",\"width\":273,\"height\":181},{\"@type\":\"WebPage\",\"@id\":\"https:\/\/franciscanos.org.br\/carisma\/frei-almir-traz-a-reflexao-clara-e-maria.html#webpage\",\"url\":\"https:\/\/franciscanos.org.br\/carisma\/frei-almir-traz-a-reflexao-clara-e-maria.html\",\"name\":\"Clara e Maria - Carisma - Franciscanos\",\"isPartOf\":{\"@id\":\"https:\/\/franciscanos.org.br\/carisma\/#website\"},\"primaryImageOfPage\":{\"@id\":\"https:\/\/franciscanos.org.br\/carisma\/frei-almir-traz-a-reflexao-clara-e-maria.html#primaryimage\"},\"datePublished\":\"2013-08-05T09:27:01+00:00\",\"dateModified\":\"2020-07-09T14:41:47+00:00\",\"author\":{\"@id\":\"https:\/\/franciscanos.org.br\/carisma\/#\/schema\/person\/e352342a457f086dc6152f9c73a3d093\"},\"breadcrumb\":{\"@id\":\"https:\/\/franciscanos.org.br\/carisma\/frei-almir-traz-a-reflexao-clara-e-maria.html#breadcrumb\"},\"inLanguage\":\"pt-BR\",\"potentialAction\":[{\"@type\":\"ReadAction\",\"target\":[\"https:\/\/franciscanos.org.br\/carisma\/frei-almir-traz-a-reflexao-clara-e-maria.html\"]}]},{\"@type\":\"BreadcrumbList\",\"@id\":\"https:\/\/franciscanos.org.br\/carisma\/frei-almir-traz-a-reflexao-clara-e-maria.html#breadcrumb\",\"itemListElement\":[{\"@type\":\"ListItem\",\"position\":1,\"name\":\"Home\",\"item\":\"https:\/\/franciscanos.org.br\/carisma\"},{\"@type\":\"ListItem\",\"position\":2,\"name\":\"Clara e Maria\"}]},{\"@type\":\"Person\",\"@id\":\"https:\/\/franciscanos.org.br\/carisma\/#\/schema\/person\/e352342a457f086dc6152f9c73a3d093\",\"name\":\"admin\",\"image\":{\"@type\":\"ImageObject\",\"inLanguage\":\"pt-BR\",\"@id\":\"https:\/\/franciscanos.org.br\/carisma\/#\/schema\/person\/image\/\",\"url\":\"https:\/\/secure.gravatar.com\/avatar\/e8495742d34d0ba6448ea1c628263b3e?s=96&d=mm&r=g\",\"contentUrl\":\"https:\/\/secure.gravatar.com\/avatar\/e8495742d34d0ba6448ea1c628263b3e?s=96&d=mm&r=g\",\"caption\":\"admin\"},\"url\":\"https:\/\/franciscanos.org.br\/carisma\/author\/admin\"}]}<\/script>\n<!-- \/ Yoast SEO plugin. -->","yoast_head_json":{"title":"Clara e Maria - Carisma - Franciscanos","robots":{"index":"index","follow":"follow","max-snippet":"max-snippet:-1","max-image-preview":"max-image-preview:large","max-video-preview":"max-video-preview:-1"},"canonical":"https:\/\/franciscanos.org.br\/carisma\/frei-almir-traz-a-reflexao-clara-e-maria.html","og_locale":"pt_BR","og_type":"article","og_title":"Clara e Maria - Carisma - Franciscanos","og_description":"Frei Almir Guimar\u00e3es","og_url":"https:\/\/franciscanos.org.br\/carisma\/frei-almir-traz-a-reflexao-clara-e-maria.html","og_site_name":"Carisma - Franciscanos","article_published_time":"2013-08-05T09:27:01+00:00","article_modified_time":"2020-07-09T14:41:47+00:00","og_image":[{"width":273,"height":181,"url":"https:\/\/franciscanos.org.br\/carisma\/wp-content\/uploads\/2013\/08\/clara_maria_1.jpg","type":"image\/jpeg"}],"author":"admin","twitter_card":"summary_large_image","twitter_misc":{"Escrito por":"admin","Est. tempo de leitura":"7 minutos"},"schema":{"@context":"https:\/\/schema.org","@graph":[{"@type":"WebSite","@id":"https:\/\/franciscanos.org.br\/carisma\/#website","url":"https:\/\/franciscanos.org.br\/carisma\/","name":"Carisma - Franciscanos","description":"Prov\u00edncia Franciscana da Imaculada Concei\u00e7\u00e3o do Brasil - Ordem dos Frades Menores","potentialAction":[{"@type":"SearchAction","target":{"@type":"EntryPoint","urlTemplate":"https:\/\/franciscanos.org.br\/carisma\/?s={search_term_string}"},"query-input":"required name=search_term_string"}],"inLanguage":"pt-BR"},{"@type":"ImageObject","inLanguage":"pt-BR","@id":"https:\/\/franciscanos.org.br\/carisma\/frei-almir-traz-a-reflexao-clara-e-maria.html#primaryimage","url":"https:\/\/franciscanos.org.br\/carisma\/wp-content\/uploads\/2013\/08\/clara_maria_1.jpg","contentUrl":"https:\/\/franciscanos.org.br\/carisma\/wp-content\/uploads\/2013\/08\/clara_maria_1.jpg","width":273,"height":181},{"@type":"WebPage","@id":"https:\/\/franciscanos.org.br\/carisma\/frei-almir-traz-a-reflexao-clara-e-maria.html#webpage","url":"https:\/\/franciscanos.org.br\/carisma\/frei-almir-traz-a-reflexao-clara-e-maria.html","name":"Clara e Maria - Carisma - Franciscanos","isPartOf":{"@id":"https:\/\/franciscanos.org.br\/carisma\/#website"},"primaryImageOfPage":{"@id":"https:\/\/franciscanos.org.br\/carisma\/frei-almir-traz-a-reflexao-clara-e-maria.html#primaryimage"},"datePublished":"2013-08-05T09:27:01+00:00","dateModified":"2020-07-09T14:41:47+00:00","author":{"@id":"https:\/\/franciscanos.org.br\/carisma\/#\/schema\/person\/e352342a457f086dc6152f9c73a3d093"},"breadcrumb":{"@id":"https:\/\/franciscanos.org.br\/carisma\/frei-almir-traz-a-reflexao-clara-e-maria.html#breadcrumb"},"inLanguage":"pt-BR","potentialAction":[{"@type":"ReadAction","target":["https:\/\/franciscanos.org.br\/carisma\/frei-almir-traz-a-reflexao-clara-e-maria.html"]}]},{"@type":"BreadcrumbList","@id":"https:\/\/franciscanos.org.br\/carisma\/frei-almir-traz-a-reflexao-clara-e-maria.html#breadcrumb","itemListElement":[{"@type":"ListItem","position":1,"name":"Home","item":"https:\/\/franciscanos.org.br\/carisma"},{"@type":"ListItem","position":2,"name":"Clara e Maria"}]},{"@type":"Person","@id":"https:\/\/franciscanos.org.br\/carisma\/#\/schema\/person\/e352342a457f086dc6152f9c73a3d093","name":"admin","image":{"@type":"ImageObject","inLanguage":"pt-BR","@id":"https:\/\/franciscanos.org.br\/carisma\/#\/schema\/person\/image\/","url":"https:\/\/secure.gravatar.com\/avatar\/e8495742d34d0ba6448ea1c628263b3e?s=96&d=mm&r=g","contentUrl":"https:\/\/secure.gravatar.com\/avatar\/e8495742d34d0ba6448ea1c628263b3e?s=96&d=mm&r=g","caption":"admin"},"url":"https:\/\/franciscanos.org.br\/carisma\/author\/admin"}]}},"_links":{"self":[{"href":"https:\/\/franciscanos.org.br\/carisma\/wp-json\/wp\/v2\/posts\/42698"}],"collection":[{"href":"https:\/\/franciscanos.org.br\/carisma\/wp-json\/wp\/v2\/posts"}],"about":[{"href":"https:\/\/franciscanos.org.br\/carisma\/wp-json\/wp\/v2\/types\/post"}],"author":[{"embeddable":true,"href":"https:\/\/franciscanos.org.br\/carisma\/wp-json\/wp\/v2\/users\/1"}],"replies":[{"embeddable":true,"href":"https:\/\/franciscanos.org.br\/carisma\/wp-json\/wp\/v2\/comments?post=42698"}],"version-history":[{"count":3,"href":"https:\/\/franciscanos.org.br\/carisma\/wp-json\/wp\/v2\/posts\/42698\/revisions"}],"predecessor-version":[{"id":177046,"href":"https:\/\/franciscanos.org.br\/carisma\/wp-json\/wp\/v2\/posts\/42698\/revisions\/177046"}],"wp:featuredmedia":[{"embeddable":true,"href":"https:\/\/franciscanos.org.br\/carisma\/wp-json\/wp\/v2\/media\/176339"}],"wp:attachment":[{"href":"https:\/\/franciscanos.org.br\/carisma\/wp-json\/wp\/v2\/media?parent=42698"}],"wp:term":[{"taxonomy":"category","embeddable":true,"href":"https:\/\/franciscanos.org.br\/carisma\/wp-json\/wp\/v2\/categories?post=42698"},{"taxonomy":"post_tag","embeddable":true,"href":"https:\/\/franciscanos.org.br\/carisma\/wp-json\/wp\/v2\/tags?post=42698"}],"curies":[{"name":"wp","href":"https:\/\/api.w.org\/{rel}","templated":true}]}}