{"id":38024,"date":"2013-05-27T07:24:13","date_gmt":"2013-05-27T10:24:13","guid":{"rendered":"http:\/\/new.franciscanos.org.br\/?p=38024"},"modified":"2019-02-18T08:17:30","modified_gmt":"2019-02-18T11:17:30","slug":"os-franciscanos-seculares-e-a-familia","status":"publish","type":"post","link":"https:\/\/franciscanos.org.br\/carisma\/os-franciscanos-seculares-e-a-familia.html","title":{"rendered":"Os franciscanos seculares e a fam\u00edlia"},"content":{"rendered":"<h4><b><a href=\"http:\/\/franciscanos.org.br\/wp-content\/uploads\/2013\/05\/casa.jpg\"><img loading=\"lazy\" class=\"alignright size-full wp-image-39071\" src=\"http:\/\/franciscanos.org.br\/wp-content\/uploads\/2013\/05\/casa.jpg\" alt=\"casa\" width=\"500\" height=\"517\" \/><\/a>Construindo a casa sobre a rocha<\/b><\/h4>\n<blockquote><p><i>Todo aquele que ouve estas minhas palavras, e as p\u00f5e em pr\u00e1tica, ser\u00e1\u00a0 como um homem prudente que construiu\u00a0 sua casa sobre a rocha<\/i> (Mt 7, 24).<\/p>\n<p><i>Em sua fam\u00edlia vivam o esp\u00edrito franciscano da paz, da fidelidade e do respeito \u00e0 vida, esfor\u00e7ando-se por fazer dela o sinal de um mundo j\u00e1 renovado em Cristo.\u00a0 Os esposos, em particular, vivendo as gra\u00e7as do matrim\u00f4nio, testemunhem no mundo, o amor de Cristo \u00e0 sua Igreja. Por uma educa\u00e7\u00e3o crist\u00e3 simples e aberta, atentos \u00e0 voca\u00e7\u00e3o de cada um, \u00a0caminhem alegremente com seus filhos em seu itiner\u00e1rio humano e espiritual<\/i>\u00a0 (Regra da OFS, n. 17).<\/p><\/blockquote>\n<p style=\"text-align: left;\" align=\"right\"><strong>Por Frei Almir Ribeiro Guimar\u00e3es<\/strong><\/p>\n<p><b>1.<\/b> A fam\u00edlia vem merecendo especial a aten\u00e7\u00e3o por parte da Ordem Franciscana Secular. O \u00faltimo Capitulo Geral, realizado em S\u00e3o Paulo, \u00a0no Centro Santa F\u00e9, em outubro de 2011, escolheu a fam\u00edlia com uma de suas prioridades. O Capitulo Nacional de Bras\u00edlia (agosto de 2012)\u00a0 tamb\u00e9m optou por priorizar a evangeliza\u00e7\u00e3o da fam\u00edlia dos terceiros bem como a pastoral das fam\u00edlias. Nossas fam\u00edlias e as fam\u00edlias \u00e0 nossa volta s\u00e3o convidadas a construir o casamento sobre a rocha do amor e o fundamento de uma f\u00e9 l\u00facida.\u00a0 Fam\u00edlias, espa\u00e7os onde os filhos encontrem rocha firme para colocar os p\u00e9s e constru\u00edrem\u00a0 sua vida. Desejar\u00edamos que nossas Fraternidades seculares tivessem um bom n\u00famero de casais. Que os filhos\u00a0 pudessem, efetivamente, viver no seio de uma fam\u00edlia que fosse regida pelos valores\u00a0 evang\u00e9lico-franciscanos. Para evitar todo mal-entendido, dizemos logo de in\u00edcio:\u00a0 n\u00e3o queremos uma fam\u00edlia fechada, isolada, nada de familismo. Queremos uma fam\u00edlia nova para novos tempos.<\/p>\n<p><b>2. <\/b>H\u00e1 coisas importantes em nossas vidas e outras que n\u00e3o s\u00e3o t\u00e3o fundamentais. H\u00e1 fatos, feitos e pessoas que marcaram definitivamente nossa vida:\u00a0 um professor competente e cativante, um colega que se tornou amigo, encontros que nos permitiram reorientar nossa hist\u00f3ria. Uma das realidades importantes em nossa vida, indubitavelmente, \u00e9 a fam\u00edlia, a nossa fam\u00edlia. Pensamos em nossa fam\u00edlia de origem e naquelas que v\u00e3o sendo constitu\u00eddas quando os filhos t\u00eam asas fortes e deixam o ninho. O amanh\u00e3 do mundo depende, em boa parte, da qualidade de vida da fam\u00edlia e do teor dos relacionamentos familiares. Uma crian\u00e7a, ao entrar no mundo, necessita do olhar, das aten\u00e7\u00f5es, do carinho, do trabalho, dos empenhos, da dedica\u00e7\u00e3o, da lucidez de um pai e de uma m\u00e3e. Se ao chegar ao mundo uma crian\u00e7a n\u00e3o encontrar uma fam\u00edlia, de prefer\u00eancia s\u00f3lida e organizada, ter\u00e1 muita dificuldade em se tornar uma pessoa equilibrada em sua caminhada exist\u00eancia.<\/p>\n<p><b>3.<\/b> \u201cO ser humano n\u00e3o se contenta com relacionamentos meramente funcionais. Tem necessidade de tratos interpessoais, ricos de interioridade, gratuidade e obla\u00e7\u00e3o. Entre estes \u00faltimos, o relacionamento que se tece no seio da fam\u00edlia \u00e9 fundamental: rela\u00e7\u00f5es entre os c\u00f4njuges, entre pais e filhos. Todo o vasto tecido de rela\u00e7\u00f5es humanas que nasce e se regenera incessantemente a partir desta rela\u00e7\u00e3o atrav\u00e9s da qual um homem e uma mulher se reconhecem feitos um para o outro e decidem unir sua vida num \u00fanico projeto de exist\u00eancia. Por isso, o homem deixar\u00e1\u00a0 seu pai e sua m\u00e3e e se ligar\u00e1 \u00e0 sua mulher e h\u00e1 de tornar-se uma s\u00f3 carne\u201d (Jo\u00e3o Paulo II, Homilia por ocasi\u00e3o do Jubileu das Fam\u00edlias,\u00a0 Roma\u00a0 2000).<\/p>\n<p><b>4. <\/b>Fam\u00edlia \u00e9 comunidade de pessoas, espa\u00e7o de express\u00e3o do amor de um homem e de uma mulher, espa\u00e7o de acolhida da vida,\u00a0 lugar de educa\u00e7\u00e3o dos filhos e de proposta da vida crist\u00e3. A fam\u00edlia \u00e9 ber\u00e7o da humanidade, encruzilhada do di\u00e1logo entre as gera\u00e7\u00f5es,\u00a0 escola de solidariedade, espa\u00e7o de aprendizado das coisas mais elementares da vida, Igreja dom\u00e9stica. N\u00e3o nos referimos, aqui, a fam\u00edlia qualquer. Pensamos em fam\u00edlias de qualidade. Nossos tempos conhecem delicadas transforma\u00e7\u00f5es no seio das fam\u00edlias. N\u00e3o queremos e n\u00e3o podemos canonizar os modelos antigos de fam\u00edlia com tantas sombras. Nem sempre elas eram express\u00f5es de amor verdadeiro e respeitoso e nem espa\u00e7os de verdadeiro crescimento humano e crist\u00e3o.\u00a0 Muitas fam\u00edlias de hoje s\u00e3o espa\u00e7os de beleza e de grandeza. H\u00e1, no entanto,\u00a0\u00a0 preocupa\u00e7\u00f5es. Vemos constitui\u00e7\u00f5es extremamente fr\u00e1geis. Rapidamente paix\u00f5es ardentes se transformam em \u00f3dio visceral.\u00a0 H\u00e1 pessoas que se unem por um tempo, por um certo tempo, sem compromisso, sem palavra dada.\u00a0 H\u00e1 n\u00e3o poucos que se casam beirando os quarenta anos e n\u00e3o querem filhos. H\u00e1 casais que, tamb\u00e9m perto do quarenta, sob o influxo do \u201cdiabo do meio dia\u201d se desfazem.\u00a0 H\u00e1 uni\u00f5es mal cultivadas que v\u00e3o se deteriorando que terminam simplesmente terminando ou com raios e trovoadas. \u00a0\u00a0H\u00e1 casais que n\u00e3o chegam ao div\u00f3rcio, mas vivem uma vida familiar e\u00a0 religiosa sem brilho, sem vi\u00e7o. H\u00e1 muitos recasamentos em que a emenda \u00e9 pior do que o soneto. Com medo da solid\u00e3o, os que se separam se casam sem pensar&#8230;\u00a0 N\u00e3o se trata de continuar casados por continuar casados. Queremos construir fam\u00edlias s\u00f3lidas, edificadas sobre a rocha.<\/p>\n<p><b>5. <\/b>Acaba bem o que come\u00e7a bem. O casamento precisa come\u00e7ar bem. Um homem, uma mulher, duas hist\u00f3rias que se unem. Uma tal uni\u00e3o dever\u00e1 ter como base um s\u00f3lido bem querer, um querer bem de pessoas maduras.\u00a0 Antes de se tomar a decis\u00e3o do casamento ser\u00e1 fundamental dar tempo ao tempo:\u00a0 conhecer bem o outro, a outra, sua fam\u00edlias, os tra\u00e7os maiores de sua personalidade.\u00a0 Tudo come\u00e7a com uma palavra dada, um sim que\u00a0 \u201carruma\u201d o interior da pessoa.\u00a0 Sim, palavra dada, promessa de bem querer, compromisso alegre assumido at\u00e9 mesmo diante de outras pessoas que nos estimam. Estas ser\u00e3o testemunhas do amor do casal. E as pessoas que se casam assumem um projeto.<\/p>\n<p><b>6. <\/b>Claro, h\u00e1 um\u00a0 projeto conjugal. O casal precisa construir-se. A maturidade do amor n\u00e3o acontece automaticamente.\u00a0 N\u00e3o se trata apenas da justaposi\u00e7\u00e3o de um homem e de uma mulher, mas da constru\u00e7\u00e3o do casal, da conjugalidade. Ele vem de sua fam\u00edlia, com sua hist\u00f3ria, um determinado tipo de educa\u00e7\u00e3o. Ela, por seu lado, tem outro passado de refer\u00eancia. Quando arriscam unir suas hist\u00f3rias v\u00e3o construir o novo. H\u00e1 muito que fazer: desejo de acolher as diferen\u00e7as, multiplica\u00e7\u00e3o de conversas, abertura de cora\u00e7\u00e3o a cora\u00e7\u00e3o, empenho em superar diverg\u00eancias que possam tirar brilho da unidade, elabora\u00e7\u00e3o da vida profissional, revis\u00e3o constante do relacionamento sexual do casal, ausculta\u00e7\u00e3o dos desejos mais profundos de quem vive a seu lado \u00e9 um mist\u00e9rio.<\/p>\n<p><b>7. <\/b>H\u00e1 o projeto dos filhos. Quantos? Qual o melhor momento de coloc\u00e1-los no mundo? Que tipo de educa\u00e7\u00e3o, de orienta\u00e7\u00e3o fundamental de vida lhes oferecer? Quando se tornam pai e m\u00e3e, ele e ela amadurecem. N\u00e3o parece razo\u00e1vel, sem justos motivos, reduzir ao m\u00ednimo o n\u00famero dos filhos. Filhos \u00fanicos e filhos com muitos irm\u00e3os n\u00e3o\u00a0 podem ser educados e treinados a partir do consumismo, do lucro e do gozo. Marido e mulher fazem um projeto humano e crist\u00e3o de educar os filhos. N\u00e3o se trata de colocar os filhos no mundo e deixar que a sociedade da\u00a0 gastan\u00e7a e do consumismo os deteriorem. Ser\u00e1 preciso extrair de suas entranhas as mais ricas e escondidas potencialidades e possibilidades. O Evangelho penetra o projeto conjugal\u00a0 e familiar. Precisamos de fam\u00edlias que vivam a partir do Evangelho.<\/p>\n<p><b>8. <\/b>A fam\u00edlia vai se criando no cotidiano das coisas cotidianas:\u00a0 encontros em torno \u00e0 mesa\u00a0 das refei\u00e7\u00f5es, conversas no canto da sala, na varanda, debaixo da mangueira, na m\u00fatua presta\u00e7\u00e3o de servi\u00e7os, na aten\u00e7\u00e3o especial prestada aos mais fracos, doentes e envelhecidos, no perd\u00e3o dado e recebido. Fam\u00edlia \u00e9 conviv\u00eancia. Esta conviv\u00eancia ou confabula\u00e7\u00e3o acontecer\u00e1 espontaneamente, mas tamb\u00e9m ser\u00e1 buscada, programada, nutrida e revista.\u00a0 O projeto familiar conhece redimensionamentos e, por vezes, pede corre\u00e7\u00e3o de rota. Quando n\u00e3o tem mais vontade de conviver\u00a0 em casal e em fam\u00edlia acaba o casamento. Quando s\u00e3o armados e arquitetados esquemas de\u00a0 fuga o amor acaba e a fam\u00edlia fica feito um barco perdido no oceano.<\/p>\n<p><b>9. <\/b>N\u00e3o podemos concordar com fam\u00edlias fechadas, girando em torno de suas coisas, de suas viagens para c\u00e1 e para l\u00e1, consumista e elitista, do dinheiro, das apar\u00eancias&#8230;\u00a0 As fam\u00edlias\u00a0 ser\u00e3o abertas a outras fam\u00edlias, a fam\u00edlias bem constitu\u00eddas ou incompletas, a casais recasados, a casais que precisam de catequese e de forma\u00e7\u00e3o na par\u00f3quia. Nada mais empobrecedor do que fam\u00edlias\u00a0 fechadas ou abertas apenas para seus \u201cparecidos\u201d.<\/p>\n<p><b>10. <\/b>Os crist\u00e3os se unem no Senhor, depois de um tempo de conhecimento. Ao buscarem o Sacramento do Matrim\u00f4nio, os crist\u00e3os n\u00e3o realizam um rito qualquer. N\u00e3o buscam apenas uma b\u00ean\u00e7\u00e3o. N\u00e3o querem apenas dar uma satisfa\u00e7\u00e3o \u00e0 sociedade. Celebram sua f\u00e9. Desejam que o amor de Cristo, do Cristo ressuscitado envolva seu amor. S\u00e3o eles, esposo e esposa, os ministros do sacramento. Fidelidade e indissolubilidade marcam o sacramento que n\u00e3o dura apenas um momento, mas perdura ao longo da vida. Marido e mulher se estimam e se amam na qualidade\u00a0 do amor de Cristo pela Igreja.<\/p>\n<p><b>11. <\/b>O Sacramento do Matrim\u00f4nio esteve sempre no plano do Senhor. \u201cN\u00e3o \u00e9 bom que o homem fique s\u00f3\u201d, lemos no\u00a0 G\u00eanesis. Deus quer que ele e ela\u00a0 realizem uma Alian\u00e7a que permane\u00e7a at\u00e9 o fim. O casal crist\u00e3o\u00a0 passa a ser encarna\u00e7\u00e3o viva do amor de Cristo pela Igreja. Tudo o que se passou na p\u00e1scoa do Senhor \u00e9 vivido sacramentalmente\u00a0 no matrim\u00f4nio. A qualidade do amor conjugal \u00e9 a qualidade do amor morte e ressurrei\u00e7\u00e3o de Jesus.<\/p>\n<p><b>12. <\/b>Marido e mulher s\u00e3o o animadores da Igreja dom\u00e9stica que \u00e9 a casa. Ali os que se estimam familiarmente buscam juntos a Deus. \u00a0H\u00e1 toda uma liturgia dom\u00e9stica. Na fam\u00edlia se reza. Ouve-se a Palavra. Uns acolhem os outros. Uns carregam o peso dos outros. Os mais fr\u00e1geis e os envelhecidos s\u00e3o tratados com especial aten\u00e7\u00e3o. Ecoam as palavras do Evangelho e atingem o mais \u00edntimo dos membros dessa Igreja do lar.<\/p>\n<p><b>13. <\/b>S\u00e3o\u00a0 Jo\u00e3o Cris\u00f3stomo fala da fam\u00edlia como sendo\u00a0 Igreja dom\u00e9stica: \u201cVoltando \u00e0s vossas casas, preparai duas mesas: uma para o alimento do corpo, outra para o alimento da Sagrada Escritura. O marido repita o que foi dito na assembleia santa, a mulher se instrua e os filhos escutem. Cada um de v\u00f3s fa\u00e7a de sua casa\u00a0 uma igreja. N\u00e3o sois respons\u00e1veis pela salva\u00e7\u00e3o de vossos filhos? N\u00e3o deveis um dia prestar conta desta miss\u00e3o? Como n\u00f3s\u00a0 pastores deveremos prestar contas de vossas almas, assim v\u00f3s, pais de fam\u00edlia, dever\u00e3o responder\u00a0 diante de Deus\u00a0 por todas as pessoas de vossa casa\u201d<\/p>\n<p><b>14.<\/b> Marido e mulher fazem do Evangelho a luz de sua caminhada. Maduramente, com o cora\u00e7\u00e3o cheio de sede de Deus v\u00e3o lendo e absorvendo as p\u00e1ginas do Testamento de Jesus. D\u00e3o mais do que pedem. Simplificam seu modo de viver.\u00a0 Deixam de lado todo esp\u00edrito de competi\u00e7\u00e3o. Vivem dignamente. Recusam ser disc\u00edpulos do consumismo. N\u00e3o hesitam em deixar de lado seus projetos pessoais para cuidar daqueles que mais deles precisam. Criam \u00e0 sua volta, no c\u00edrculo familiar e fora dele, um ambiente diferente. S\u00e3o pessoas sempre bem-vindas porque simples, amigas, prestativas e sobretudo pessoas que se estimam e sabem estimar os outros. N\u00e3o seria exatamente assim que deveriam viver\u00a0 as fam\u00edlias franciscanas?<\/p>\n<p><b>15.<\/b> Os que se casam no Senhor procuram criar um clima tal que \u00a0favore\u00e7a a santidade dele, dela e da fam\u00edlia. Sofre esse ou aquele quando se d\u00e1 conta que o outro n\u00e3o tem sede de Deus, n\u00e3o participa da vida da Igreja, vive voltado sobre si mesmo. No dia a dia, ele e ela, e\u00a0 por vezes os filhos, se alegram por estar juntos diante de Deus saboreando um salmo, desfiando as\u00a0 contas de uma dezena do ter\u00e7o, fazendo a prepara\u00e7\u00e3o para participa\u00e7\u00e3o na missa dominical.<\/p>\n<p><b>16. <\/b>Em busca da santidade, est\u00e3o \u00a0os casais que acolhem o negativo da vida sem desespero: um filho doente, um outro que dependente das drogas, uma filha gr\u00e1vida antes da hora,\u00a0 maldades perpetradas contra\u00a0 o casal at\u00e9 mesmo por parentes ou amigos, um longo tempo de desemprego. H\u00e1 casais que d\u00e3o gigantes passos no caminho da santidade quando se associam \u00e0 cruz de Cristo.<\/p>\n<p><b>17.<\/b> \u201cO casal tem a sua liturgia. \u00c9 no seu viver cotidiano que se desenvolve a sua espiritualidade conjugal, seu modo peculiar de\u00a0 se relacionar com Deus. \u00c9 no dia a dia que o casal se aprofunda no seu amor e no amor de Deus e procura descobrir e p\u00f4r em pr\u00e1tica o plano de amor que Deus lhe confiou. As a\u00e7\u00f5es corriqueiras de cada dia s\u00e3o manifesta\u00e7\u00f5es da liturgia do casal, e n\u00e3o apenas aqueles momentos em que o casal se une para rezar. Proporcionar ao c\u00f4njuge as coisas pequenas e simples que o fa\u00e7am feliz: um agrado, um sorriso, palavras de \u00e2nimo, dedicar-lhe mais tempo quando est\u00e1\u00a0 mais cansado ou aborrecido, surpreend\u00ea-lo com algo inesperado, incentivar a lutar par vencer a pregui\u00e7a, o orgulho, o ego\u00edsmo, desinstalar-se para prestar pequenos servi\u00e7os, nunca deixar o c\u00f4njuge mal perante outras\u00a0 pessoas&#8230; Todas essas a\u00e7\u00f5es\u00a0 fazem parte da liturgia do casal e s\u00e3o verdadeiros ritos\u00a0 que expressam o amor, o que \u00e9 sinal sens\u00edvel do sacramento da sua uni\u00e3o\u201d\u00a0 (Casamento, sacramento do dia a dia,\u00a0 ENS, p. 50).<\/p>\n<p>&nbsp;<\/p>\n<p><b>Quest\u00f5es e questionamentos:<\/b><\/p>\n<p><b>\u00a0<\/b>1. O que seria, efetivamente, um casamento e uma fam\u00edlia constru\u00eddos sobre a rocha?<\/p>\n<p>2. Quais a linhas fundamentais de um projeto conjugal?<\/p>\n<p>3. Quais as quest\u00f5es que preocupam de verdade quando queremos educar nossos filhos?<\/p>\n<p>4. O que mais chama sua aten\u00e7\u00e3o neste texto?<\/p>\n<p>5. Ler\u00a0 e comentar em grupo\u00a0 os artigos 24 e 25\u00a0 das Constitui\u00e7\u00f5es Gerais que abordam o tema da\u00a0 fam\u00edlia.<\/p>\n<p>6. Ler e comentar em grupo ou na reuni\u00e3o o texto que transcrevemos abaixo:\u00a0 A Escada de Jac\u00f3<\/p>\n<p><b>\u00a0<\/b><\/p>\n<div>\n<p><b><i>A Escada de Jac\u00f3<\/i><\/b><\/p>\n<\/div>\n<p><i>Crist\u00e3os seguidores de Jesus Cristo, membros da Igreja cat\u00f3lica, o casal percebe sua fam\u00edlia com dom de Deus e sabe aonde quer chegar e para onde quer orientar sua caminhada e de seus filhos. Sabe que\u00a0 a fam\u00edlia \u00e9 o \u00fanico lugar\u00a0 onde se transmite n\u00e3o somente a vida, mas seu sentido, seu significado, onde, com amor, se adquirem e se passam \u201cvalores e crit\u00e9rios de orienta\u00e7\u00e3o de conduta, que fazem perceber a exist\u00eancia\u00a0 com o digna de ser vivida em vista de uma participa\u00e7\u00e3o positiva na realidade social.<\/i><\/p>\n<p><i>Neste processo, cada fam\u00edlia\u00a0 cria seu esp\u00edrito, seu estilo de vida. A maneira como nos comunicamos, como passamos o tempo\u00a0 juntos\u00a0 e celebramos os momentos importantes; como tomamos nossas decis\u00f5es; como consideramos as falhas\u00a0 dos outros e como\u00a0 nos perdoamos mutuamente, como deixamos agir\u00a0 Deus, tudo vai definir e conduzir a aventura de nossa fam\u00edlia.<\/i><\/p>\n<p><i>A escada que Jac\u00f3 viu em sonho\u00a0 (Gn 28, 12) pode ser a imagem das fam\u00edlias\u00a0 humanas que, gera\u00e7\u00e3o ap\u00f3s gera\u00e7\u00e3o,\u00a0\u00a0 cumprem o plano que Deus prop\u00f5e\u00a0 aos homens e sobem em sua dire\u00e7\u00e3o. Os valores que se adquirem na fam\u00edlia, e que p\u00f5em em pr\u00e1tica na sociedade\u00a0 &#8211;\u00a0 com o amor, a fraternidade, a confian\u00e7a, a partilha a supera\u00e7\u00e3o\u00a0 dos desafios, a justi\u00e7a e a responsabilidade\u00a0 pelos atos praticados, a verdade \u2013 que contribuem\u00a0 para\u00a0 a caminhada e para a escalada, degrau a degrau, da escada que leva ao Pai.<\/i><\/p>\n<p><i>(A Aventura Familiar,\u00a0 H\u00e9l\u00e8ne e Peter Nadas, in\u00a0 Casamento, sacramento do dia a dia, Equipes de Nossa Senhora, S\u00e3o Paulo,\u00a0 p. 44-45).<\/i><\/p>\n","protected":false},"excerpt":{"rendered":"<p>OFS<\/p>\n","protected":false},"author":1,"featured_media":175678,"comment_status":"closed","ping_status":"open","sticky":false,"template":"","format":"standard","meta":[],"categories":[14],"tags":[54,47],"yoast_head":"<!-- This site is optimized with the Yoast SEO plugin v19.2 - https:\/\/yoast.com\/wordpress\/plugins\/seo\/ -->\n<title>Os franciscanos seculares e a fam\u00edlia - Carisma - Franciscanos<\/title>\n<meta name=\"robots\" content=\"index, follow, max-snippet:-1, max-image-preview:large, max-video-preview:-1\" \/>\n<link rel=\"canonical\" href=\"https:\/\/franciscanos.org.br\/carisma\/os-franciscanos-seculares-e-a-familia.html\" \/>\n<meta property=\"og:locale\" content=\"pt_BR\" \/>\n<meta property=\"og:type\" content=\"article\" \/>\n<meta property=\"og:title\" content=\"Os franciscanos seculares e a fam\u00edlia - Carisma - Franciscanos\" \/>\n<meta property=\"og:description\" content=\"OFS\" \/>\n<meta property=\"og:url\" content=\"https:\/\/franciscanos.org.br\/carisma\/os-franciscanos-seculares-e-a-familia.html\" \/>\n<meta property=\"og:site_name\" content=\"Carisma - Franciscanos\" \/>\n<meta property=\"article:published_time\" content=\"2013-05-27T10:24:13+00:00\" \/>\n<meta property=\"article:modified_time\" content=\"2019-02-18T11:17:30+00:00\" \/>\n<meta property=\"og:image\" content=\"https:\/\/franciscanos.org.br\/carisma\/wp-content\/uploads\/2013\/05\/casa.jpg\" \/>\n\t<meta property=\"og:image:width\" content=\"273\" \/>\n\t<meta property=\"og:image:height\" content=\"181\" \/>\n\t<meta property=\"og:image:type\" content=\"image\/jpeg\" \/>\n<meta name=\"author\" content=\"admin\" \/>\n<meta name=\"twitter:card\" content=\"summary_large_image\" \/>\n<meta name=\"twitter:label1\" content=\"Escrito por\" \/>\n\t<meta name=\"twitter:data1\" content=\"admin\" \/>\n\t<meta name=\"twitter:label2\" content=\"Est. tempo de leitura\" \/>\n\t<meta name=\"twitter:data2\" content=\"14 minutos\" \/>\n<script type=\"application\/ld+json\" class=\"yoast-schema-graph\">{\"@context\":\"https:\/\/schema.org\",\"@graph\":[{\"@type\":\"WebSite\",\"@id\":\"https:\/\/franciscanos.org.br\/carisma\/#website\",\"url\":\"https:\/\/franciscanos.org.br\/carisma\/\",\"name\":\"Carisma - Franciscanos\",\"description\":\"Prov\u00edncia Franciscana da Imaculada Concei\u00e7\u00e3o do Brasil - Ordem dos Frades Menores\",\"potentialAction\":[{\"@type\":\"SearchAction\",\"target\":{\"@type\":\"EntryPoint\",\"urlTemplate\":\"https:\/\/franciscanos.org.br\/carisma\/?s={search_term_string}\"},\"query-input\":\"required name=search_term_string\"}],\"inLanguage\":\"pt-BR\"},{\"@type\":\"ImageObject\",\"inLanguage\":\"pt-BR\",\"@id\":\"https:\/\/franciscanos.org.br\/carisma\/os-franciscanos-seculares-e-a-familia.html#primaryimage\",\"url\":\"https:\/\/franciscanos.org.br\/carisma\/wp-content\/uploads\/2013\/05\/casa.jpg\",\"contentUrl\":\"https:\/\/franciscanos.org.br\/carisma\/wp-content\/uploads\/2013\/05\/casa.jpg\",\"width\":273,\"height\":181},{\"@type\":\"WebPage\",\"@id\":\"https:\/\/franciscanos.org.br\/carisma\/os-franciscanos-seculares-e-a-familia.html#webpage\",\"url\":\"https:\/\/franciscanos.org.br\/carisma\/os-franciscanos-seculares-e-a-familia.html\",\"name\":\"Os franciscanos seculares e a fam\u00edlia - Carisma - Franciscanos\",\"isPartOf\":{\"@id\":\"https:\/\/franciscanos.org.br\/carisma\/#website\"},\"primaryImageOfPage\":{\"@id\":\"https:\/\/franciscanos.org.br\/carisma\/os-franciscanos-seculares-e-a-familia.html#primaryimage\"},\"datePublished\":\"2013-05-27T10:24:13+00:00\",\"dateModified\":\"2019-02-18T11:17:30+00:00\",\"author\":{\"@id\":\"https:\/\/franciscanos.org.br\/carisma\/#\/schema\/person\/e352342a457f086dc6152f9c73a3d093\"},\"breadcrumb\":{\"@id\":\"https:\/\/franciscanos.org.br\/carisma\/os-franciscanos-seculares-e-a-familia.html#breadcrumb\"},\"inLanguage\":\"pt-BR\",\"potentialAction\":[{\"@type\":\"ReadAction\",\"target\":[\"https:\/\/franciscanos.org.br\/carisma\/os-franciscanos-seculares-e-a-familia.html\"]}]},{\"@type\":\"BreadcrumbList\",\"@id\":\"https:\/\/franciscanos.org.br\/carisma\/os-franciscanos-seculares-e-a-familia.html#breadcrumb\",\"itemListElement\":[{\"@type\":\"ListItem\",\"position\":1,\"name\":\"Home\",\"item\":\"https:\/\/franciscanos.org.br\/carisma\"},{\"@type\":\"ListItem\",\"position\":2,\"name\":\"Os franciscanos seculares e a fam\u00edlia\"}]},{\"@type\":\"Person\",\"@id\":\"https:\/\/franciscanos.org.br\/carisma\/#\/schema\/person\/e352342a457f086dc6152f9c73a3d093\",\"name\":\"admin\",\"image\":{\"@type\":\"ImageObject\",\"inLanguage\":\"pt-BR\",\"@id\":\"https:\/\/franciscanos.org.br\/carisma\/#\/schema\/person\/image\/\",\"url\":\"https:\/\/secure.gravatar.com\/avatar\/e8495742d34d0ba6448ea1c628263b3e?s=96&d=mm&r=g\",\"contentUrl\":\"https:\/\/secure.gravatar.com\/avatar\/e8495742d34d0ba6448ea1c628263b3e?s=96&d=mm&r=g\",\"caption\":\"admin\"},\"url\":\"https:\/\/franciscanos.org.br\/carisma\/author\/admin\"}]}<\/script>\n<!-- \/ Yoast SEO plugin. -->","yoast_head_json":{"title":"Os franciscanos seculares e a fam\u00edlia - Carisma - Franciscanos","robots":{"index":"index","follow":"follow","max-snippet":"max-snippet:-1","max-image-preview":"max-image-preview:large","max-video-preview":"max-video-preview:-1"},"canonical":"https:\/\/franciscanos.org.br\/carisma\/os-franciscanos-seculares-e-a-familia.html","og_locale":"pt_BR","og_type":"article","og_title":"Os franciscanos seculares e a fam\u00edlia - Carisma - Franciscanos","og_description":"OFS","og_url":"https:\/\/franciscanos.org.br\/carisma\/os-franciscanos-seculares-e-a-familia.html","og_site_name":"Carisma - Franciscanos","article_published_time":"2013-05-27T10:24:13+00:00","article_modified_time":"2019-02-18T11:17:30+00:00","og_image":[{"width":273,"height":181,"url":"https:\/\/franciscanos.org.br\/carisma\/wp-content\/uploads\/2013\/05\/casa.jpg","type":"image\/jpeg"}],"author":"admin","twitter_card":"summary_large_image","twitter_misc":{"Escrito por":"admin","Est. tempo de leitura":"14 minutos"},"schema":{"@context":"https:\/\/schema.org","@graph":[{"@type":"WebSite","@id":"https:\/\/franciscanos.org.br\/carisma\/#website","url":"https:\/\/franciscanos.org.br\/carisma\/","name":"Carisma - Franciscanos","description":"Prov\u00edncia Franciscana da Imaculada Concei\u00e7\u00e3o do Brasil - Ordem dos Frades Menores","potentialAction":[{"@type":"SearchAction","target":{"@type":"EntryPoint","urlTemplate":"https:\/\/franciscanos.org.br\/carisma\/?s={search_term_string}"},"query-input":"required name=search_term_string"}],"inLanguage":"pt-BR"},{"@type":"ImageObject","inLanguage":"pt-BR","@id":"https:\/\/franciscanos.org.br\/carisma\/os-franciscanos-seculares-e-a-familia.html#primaryimage","url":"https:\/\/franciscanos.org.br\/carisma\/wp-content\/uploads\/2013\/05\/casa.jpg","contentUrl":"https:\/\/franciscanos.org.br\/carisma\/wp-content\/uploads\/2013\/05\/casa.jpg","width":273,"height":181},{"@type":"WebPage","@id":"https:\/\/franciscanos.org.br\/carisma\/os-franciscanos-seculares-e-a-familia.html#webpage","url":"https:\/\/franciscanos.org.br\/carisma\/os-franciscanos-seculares-e-a-familia.html","name":"Os franciscanos seculares e a fam\u00edlia - Carisma - Franciscanos","isPartOf":{"@id":"https:\/\/franciscanos.org.br\/carisma\/#website"},"primaryImageOfPage":{"@id":"https:\/\/franciscanos.org.br\/carisma\/os-franciscanos-seculares-e-a-familia.html#primaryimage"},"datePublished":"2013-05-27T10:24:13+00:00","dateModified":"2019-02-18T11:17:30+00:00","author":{"@id":"https:\/\/franciscanos.org.br\/carisma\/#\/schema\/person\/e352342a457f086dc6152f9c73a3d093"},"breadcrumb":{"@id":"https:\/\/franciscanos.org.br\/carisma\/os-franciscanos-seculares-e-a-familia.html#breadcrumb"},"inLanguage":"pt-BR","potentialAction":[{"@type":"ReadAction","target":["https:\/\/franciscanos.org.br\/carisma\/os-franciscanos-seculares-e-a-familia.html"]}]},{"@type":"BreadcrumbList","@id":"https:\/\/franciscanos.org.br\/carisma\/os-franciscanos-seculares-e-a-familia.html#breadcrumb","itemListElement":[{"@type":"ListItem","position":1,"name":"Home","item":"https:\/\/franciscanos.org.br\/carisma"},{"@type":"ListItem","position":2,"name":"Os franciscanos seculares e a fam\u00edlia"}]},{"@type":"Person","@id":"https:\/\/franciscanos.org.br\/carisma\/#\/schema\/person\/e352342a457f086dc6152f9c73a3d093","name":"admin","image":{"@type":"ImageObject","inLanguage":"pt-BR","@id":"https:\/\/franciscanos.org.br\/carisma\/#\/schema\/person\/image\/","url":"https:\/\/secure.gravatar.com\/avatar\/e8495742d34d0ba6448ea1c628263b3e?s=96&d=mm&r=g","contentUrl":"https:\/\/secure.gravatar.com\/avatar\/e8495742d34d0ba6448ea1c628263b3e?s=96&d=mm&r=g","caption":"admin"},"url":"https:\/\/franciscanos.org.br\/carisma\/author\/admin"}]}},"_links":{"self":[{"href":"https:\/\/franciscanos.org.br\/carisma\/wp-json\/wp\/v2\/posts\/38024"}],"collection":[{"href":"https:\/\/franciscanos.org.br\/carisma\/wp-json\/wp\/v2\/posts"}],"about":[{"href":"https:\/\/franciscanos.org.br\/carisma\/wp-json\/wp\/v2\/types\/post"}],"author":[{"embeddable":true,"href":"https:\/\/franciscanos.org.br\/carisma\/wp-json\/wp\/v2\/users\/1"}],"replies":[{"embeddable":true,"href":"https:\/\/franciscanos.org.br\/carisma\/wp-json\/wp\/v2\/comments?post=38024"}],"version-history":[{"count":1,"href":"https:\/\/franciscanos.org.br\/carisma\/wp-json\/wp\/v2\/posts\/38024\/revisions"}],"predecessor-version":[{"id":175679,"href":"https:\/\/franciscanos.org.br\/carisma\/wp-json\/wp\/v2\/posts\/38024\/revisions\/175679"}],"wp:featuredmedia":[{"embeddable":true,"href":"https:\/\/franciscanos.org.br\/carisma\/wp-json\/wp\/v2\/media\/175678"}],"wp:attachment":[{"href":"https:\/\/franciscanos.org.br\/carisma\/wp-json\/wp\/v2\/media?parent=38024"}],"wp:term":[{"taxonomy":"category","embeddable":true,"href":"https:\/\/franciscanos.org.br\/carisma\/wp-json\/wp\/v2\/categories?post=38024"},{"taxonomy":"post_tag","embeddable":true,"href":"https:\/\/franciscanos.org.br\/carisma\/wp-json\/wp\/v2\/tags?post=38024"}],"curies":[{"name":"wp","href":"https:\/\/api.w.org\/{rel}","templated":true}]}}