{"id":32135,"date":"2013-02-06T07:27:17","date_gmt":"2013-02-06T09:27:17","guid":{"rendered":"http:\/\/new.franciscanos.org.br\/?p=32135"},"modified":"2013-02-06T07:27:17","modified_gmt":"2013-02-06T09:27:17","slug":"casamento-e-familia-a-construcao-do-casal","status":"publish","type":"post","link":"https:\/\/franciscanos.org.br\/carisma\/casamento-e-familia-a-construcao-do-casal.html","title":{"rendered":"Casamento e Fam\u00edlia: A constru\u00e7\u00e3o do casal"},"content":{"rendered":"<blockquote>\n<p style=\"text-align: left;\" align=\"right\"><em>\u00a0<\/em><em>A OFS\u00a0 do Brasil,\u00a0 por ocasi\u00e3o de seu Cap\u00edtulo Nacional realizado em Bras\u00edlia (agosto de 2012), \u00a0\u00a0escolheu\u00a0 como uma das prioridades do tri\u00eanio\u00a0 2012-2015, no campo da forma\u00e7\u00e3o,\u00a0 o tema da fam\u00edlia.\u00a0 Nossas fraternidades concretas desejam estudar a \u00a0problem\u00e1tica que\u00a0 envolve\u00a0 esta pequena c\u00e9lula do mundo e da Igreja. Hoje queremos refletir sobre a realidade do casal \u00a0e sua constru\u00e7\u00e3o.<\/em><\/p>\n<h4 style=\"text-align: left;\" align=\"right\"><strong>Pensamento de abertura<\/strong><\/h4>\n<p style=\"text-align: left;\" align=\"right\"><strong><\/strong>Um amigo disse no anivers\u00e1rio de sua mulher uma das coisas mais bonitas que ouvi: <em>\u00a0Todos os dias de nosso casamento (de uns 40 anos)\u00a0 eu te escolhi de novo como minha mulher. <\/em>\u00a0\u00a0O casal mais feliz haveria de ser aquele que n\u00e3o desiste de correr atr\u00e1s do sonho de que, apesar dos pesares,\u00a0 a gente cada dia se olharia, como da primeira vez,\u00a0 se<em> enxergaria<\/em> e se escolheria novamente\u00a0 (<em>Lya Luft, in Perdas e Ganhos, Record, p.77<\/em>).<\/p>\n<\/blockquote>\n<div style=\"text-align: left;\">\n<p><strong><img loading=\"lazy\" class=\"alignright size-full wp-image-32136\" title=\"fam\" src=\"http:\/\/franciscanos.org.br\/wp-content\/uploads\/2013\/01\/fam.jpg\" alt=\"\" width=\"450\" height=\"317\" \/>Por Frei Almir Ribeiro Guimar\u00e3es<\/strong><\/p>\n<p><strong>1.<\/strong> Uma das realidades mais importantes da vida de cada um de n\u00f3s \u00e9 a fam\u00edlia: a\u00a0 fam\u00edlia de que proviemos,\u00a0 a fam\u00edlia em que vivemos, a fam\u00edlia que gostar\u00edamos que nossos filhos constitu\u00edssem.\u00a0 N\u00e3o se pode viver sem perten\u00e7a a uma precisa fam\u00edlia, que chamamos de <em>nossa fam\u00edlia<\/em>. Ela constitui nossa identidade e diz a quem pertencemos. \u00c9 uma realidade<em> camaleoa<\/em>: uma coisa \u00e9 a \u00a0fam\u00edlia antes da chegada dos filhos, outra com\u00a0 filhos pequenos, diferente da fam\u00edlia com adolescentes e jovens, depois a \u00a0casa vazia quando\u00a0 os filhos partem para estudar ou se casam,\u00a0 casal sozinho, tempo da viuvez, tempo dos netos, fam\u00edlias\u00a0 desfeitas e refeitas.\u00a0 Fam\u00edlia que \u00e9 comunh\u00e3o de vida e de amor, lugar de encontro, espa\u00e7o de crescimento como pessoa e como seguidor de Cristo conhece tamb\u00e9m sombras:\u00a0 fragilidade do v\u00ednculo,\u00a0 multiplica\u00e7\u00e3o das uni\u00f5es consensuais,\u00a0 fen\u00f4meno do m\u00e3e\/e\/ou\/pai, solteirismo, desemprego, quest\u00f5es ligadas \u00e0 sexualidade do casal e dos filhos, drogas, dificuldade de\u00a0 forma\u00e7\u00e3o de personalidades maduras e crist\u00e3s.\u00a0\u00a0 Por detr\u00e1s de tudo o que acabamos de elencar est\u00e1 o casal. E \u00e9 sobre ele que queremos nos debru\u00e7ar neste tema.\u00a0 O casal n\u00e3o acontece sem empenho. Lya Luft\u00a0 fala que o casal feliz \u00e9 aquele em que ele e ela se escolheriam novamente, cada dia.\u00a0 Somos obrigados a reconhecer que um sem n\u00famero de casados\u00a0\u00a0 viveram e vivem como que justapostos sem serem efetivamente casais, na realidade casais solteiros.\u00a0 Um dos maiores benef\u00edcios que a Pastoral Familiar pode prestar aos homens e mulheres \u00e9 o de ajudar os casais a serem casais de fato casais.<\/p>\n<p><strong>2. O mist\u00e9rio do casal<\/strong> &#8211; O livro do G\u00eanesis, nas suas primeiras p\u00e1ginas, fala da cria\u00e7\u00e3o do mundo, do homem e da mulher. Ad\u00e3o percorre com o olhar tudo o que o Senhor colocara diante dele.\u00a0 Experimenta uma sombra de tristeza meio melanc\u00f3lica.\u00a0 N\u00e3o encontra ningu\u00e9m igual a ele.\u00a0 N\u00e3o acha auxiliar que lhe correspondesse . \u201cEnt\u00e3o o\u00a0 Senhor\u00a0 Deus\u00a0 fez cair um torpor sobre o homem, e ele dormiu. Tomou uma de suas costelas e fez crescer carne em seu lugar. Depois da costela que tirara do homem, o Senhor modelou uma mulher e\u00a0 a trouxe ao homem.\u00a0 Ent\u00e3o o homem exclamou:\u00a0 <em>Esta sim, \u00e9 osso de meus ossos e carne da minha carne!\u00a0 Ela ser\u00e1 chamada mulher, porque foi tirada do homem<\/em>.\u00a0\u00a0 Por isso o homem deixa seu pai e sua m\u00e3e,\u00a0 se \u00a0une \u00e0 sua mulher, e eles se tornam uma s\u00f3 carne\u201d\u00a0 (<em>Gn 2, 21<\/em>).\u00a0 Homem e mulher s\u00e3o iguais e diferentes.\u00a0 Entre os dois h\u00e1 uma fort\u00edssima atra\u00e7\u00e3o.\u00a0 Dois numa carne.\u00a0 Assim,\u00a0 homem e mulher se buscam, se complementam, sentem que s\u00e3o feitos um para o outro.\u00a0 H\u00e1 essa peregrina\u00e7\u00e3o do masculino para o feminino.\u00a0 E ao longo de um tempo nada curto\u00a0 os dois v\u00e3o construir seu <em>n\u00f3s <\/em>conjugal.\u00a0 Leva tempo para construir o casal!<\/p>\n<p><strong>3. Homem\u00a0 e mulher, no casamento, passam a ser companheiros de caminhada<\/strong>.\u00a0 O casamento \u00e9 fruto de um enamoramento e de uma escolha livre.\u00a0 Normal que \u00a0as pessoas se casem para serem amadas.\u00a0 N\u00e3o \u00e9 t\u00e3o f\u00e1cil surpreender o momento em que come\u00e7a, efetivamente, a existir o la\u00e7o amoroso para al\u00e9m do mero sentimento amoroso.\u00a0 Nos primeiros tempos e antes do casamento parece predominar esse sentimento amoroso forte e difuso, sens\u00edvel, quase epid\u00e9rmico.\u00a0 Antes do envolvimento dos\u00a0 corpos h\u00e1 o tempo do conhecimento. Antes do casamento\u00a0 deveria haver\u00a0 um tempo de noivado, como sempre houve no passado.\u00a0 Vai sendo desenhado\u00a0 um projeto familiar \u00a0H\u00e1 o tempo\u00a0 das conversas, das clarifica\u00e7\u00f5es.\u00a0 A impress\u00e3o que t\u00eam os que se amam \u00e9 que o amor \u00e9\u00a0 um descentrar-se para centrar no outro.\u00a0 Uma mo\u00e7a e um rapaz fazem a experi\u00eancia de\u00a0 terem sido escolhidos\u00a0 por algu\u00e9m de fora do c\u00edrculo familiar e\u00a0 \u00a0de uma forma forte e \u00fanica.\u00a0 Querem e precisam\u00a0 deixar pai e m\u00e3e e seu universo.\u00a0 Insisto na dimens\u00e3o de companheirismo.\u00a0 Duas finalidades\u00a0 do casamento:\u00a0 express\u00e3o do amor m\u00fatuo de um homem e de uma mulher e a procria\u00e7\u00e3o. H\u00e1 essas manifesta\u00e7\u00f5es carinhosas entre os esposos e, de outro lado, marido e mulher assumem a bel\u00edssima miss\u00e3o de serem\u00a0 colaboradores da obra da cria\u00e7\u00e3o.\u00a0 S\u00e3o os gestores da vida.\u00a0\u00a0 Para n\u00f3s, crist\u00e3os, tudo ganha uma dimens\u00e3o de beleza e nobreza do sacramento dos casados: o matrim\u00f4nio.<\/p>\n<p>4. Nos \u00faltimos\u00a0 cinquenta anos verificou-se \u00a0a<strong> redescoberta do casal.\u00a0 <\/strong>\u00a0Tempos houve em que a aten\u00e7\u00e3o era dirigida somente para a \u00a0fam\u00edlia.\u00a0 A impress\u00e3o que se tinha \u00e9 que o tempo do namoro e os primeiros tempos de casamento antes da chegada dos filhos eram o \u00fanico tempo do casal.\u00a0 Ai o casal se olhava, se degustava. Depois vinham os filhos, ser\u00f5es, trabalhos,\u00a0 mamadeira, um, dois, tr\u00eas, muitos filhos.\u00a0 Fraldas, vacinas, filhos com defici\u00eancias s\u00e9rias.\u00a0 O casal n\u00e3o tinha tempo de se olhar.\u00a0 N\u00e3o tinha tempo de se construir casal como casal,\u00a0 e\u00a0 n\u00e3o dois seres apenas um ao lado do outro.\u00a0 Marido e mulher\u00a0 se \u201cperdiam\u201d na vida familiar:\u00a0 cozinha, trabalho, ganhar dinheiro, construir a casa, cuidar dos pais\u00a0 e sogros idosos.\u00a0 Aos poucos os filhos iam embora e o casal tinha esquecido de se amar como casal.\u00a0 Agora nada t\u00eam a se dizer. \u00a0\u00a0N\u00e3o tiveram tempo de cuidar do casamento. \u00a0As pessoas ficavam velhas antes da hora.\u00a0 O importante eram os filhos e depois os netos. A\u00a0 sexualidade do casal, ou seja, a qualidade desse envolvimento n\u00e3o era levada em considera\u00e7\u00e3o.\u00a0 As mais das vezes era mesmo descuidada. N\u00e3o se ousava falar do tema. Os homens conversavam sobre o tema com seus\u00a0 colegas, meio\u00a0 pornograficamente.\u00a0 As mulheres n\u00e3o ousavam abordar.\u00a0 Poderiam ser vistas como mulheres menos nobres, mulheres da vida. E assim o casal n\u00e3o tinha uma bela vida sexual.<\/p>\n<p><strong>5. Conhecemos um tempo de valoriza\u00e7\u00e3o do casal como\u00a0 casal. <\/strong>Assistimos a uma valoriza\u00e7\u00e3o da mulher e tentativa de elimina\u00e7\u00e3o de todo machismo. Discute-se a rela\u00e7\u00e3o.\u00a0 Deseja-se construir o casal e o casamento. A constru\u00e7\u00e3o requer tempo e dedica\u00e7\u00e3o.\u00a0 Nunca se falou tanto em di\u00e1logo conjugal. Os casais n\u00e3o aceitam colocar todas as fichas nos filhos que vivem fora de casa e precisam aprender a voar com as pr\u00f3prias asas.\u00a0 Com a profissionaliza\u00e7\u00e3o da mulher\u00a0 nem sempre os filhos s\u00e3o suficientemente atendidos, nem o casal tem tempo para se construir.\u00a0 H\u00e1 um estresse tamb\u00e9m no envolvimento do casal. Mas fica a convic\u00e7\u00e3o de que o casal ser\u00e1 constru\u00eddo.\u00a0 Foram surgindo movimentos conjugais que ajudam a construir o la\u00e7o conjugal.\u00a0 Marie No\u00ebl afirmava: \u201cO amor \u00e9 trabalho que leva tempo\u201d.<\/p>\n<p><strong>\u00a0<\/strong>6. No momento atual\u00a0 estamos conhecendo mudan\u00e7a de mentalidade na quest\u00e3o do casamento, mudan\u00e7as que ainda levar\u00e3o tempo para deitar ra\u00edzes mais profundas.\u00a0 A vida conjugal se compreende\u00a0 como encontro\u00a0 e rela\u00e7\u00e3o pessoal, \u00edntima e respons\u00e1vel entre um homem e uma mulher.\u00a0 O casamento\u00a0 n\u00e3o \u00e9 apenas um estado de vida, mas um projeto que se vai construindo.\u00a0 Parte de uma escolha livre.\u00a0 \u00c9 tarefa e desenvolvimento cont\u00ednuo\u00a0 baseado na rec\u00edproca intera\u00e7\u00e3o.\u00a0 Com o casamento\u00a0\u00a0 come\u00e7a o tempo de realiza\u00e7\u00e3o das promessas. O amor dos noivos, emotivo e rom\u00e2ntico,\u00a0 vai se convertendo num amor conjugal, realista e racional.\u00a0 O \u201csim\u201d\u00a0 vai acontecendo no cotidiano. A alian\u00e7a de amor se apresenta como um voca\u00e7\u00e3o de amor na conviv\u00eancia.<\/p>\n<p>7. O relacionamento conjugal se especifica\u00a0 pela vida e pelo afeto. Depende de decis\u00f5es livres tomadas com coragem para que o v\u00ednculo n\u00e3o se rompa, para que os la\u00e7os se tornem fortes.\u00a0 O sucesso de um casamento se mensura pelo fato de ele poder dar aos dois sentido de vida, alegria existencial,\u00a0 companheirismo\u00a0 conjugal\u00a0 extremamente\u00a0 delicado.\u00a0 N\u00e3o basta estar um\u00a0 lado do outro. \u00c9 preciso uma qualidade do estar junto. \u00a0Ningu\u00e9m se casa para ser feliz, mas para viver a aventura do amor.\u00a0 Cada um ter\u00e1 reservas interiores tais que, aos poucos, sintam que entre os dois se criou uma realidade invis\u00edvel que \u00e9 o\u00a0 la\u00e7o conjugal.\u00a0 Nada est\u00e1 garantido.\u00a0 Tudo est\u00e1 em movimento.\u00a0 Por isso\u00a0 ser\u00e1 fundamental\u00a0 construir o casamento.<\/p>\n<p>8. \u201cO processo do encontro matrimonial\u00a0 \u00e9 lento e amb\u00edguo. Precisa superar\u00a0 o comodismo, as feridas,\u00a0 cansa\u00e7o, a dificuldade de aprender\u00a0 com a pr\u00f3pria experi\u00eancia.\u00a0 O casamento\u00a0 traz felicidade somente quando \u00e9 conquista progressiva e aquisi\u00e7\u00e3o crescente.\u00a0 O casamento \u00e9 s\u00f3lido e forte quando \u00e9 satisfat\u00f3rio para os c\u00f4njuges, mesmo \u00e0 custa de luta e de esfor\u00e7o\u201d\u00a0 (<em>Bonif\u00e1cio\u00a0 Fern\u00e1ndez<\/em>).\u00a0 O amor conjugal se insere\u00a0 num projeto de conviv\u00eancia.\u00a0 Bel\u00edssimo quando o casal chega \u00e0s bodas de ouro de m\u00e3os dadas, tendo feito a experi\u00eancia de viverem juntos o amor conjugal, paternidade, maternidade.\u00a0 Belo quando como casal\u00a0 participaram da vida da Igreja, belo quando se tornaram um s\u00f3 corpo e um s\u00f3 cora\u00e7\u00e3o.\u00a0 A base de uma fam\u00edlia\u00a0 s\u00f3lida \u00e9 um casal que seja casal.<\/p>\n<p><strong>9. Cria-se uma fam\u00edlia a partir do amor de um casal.\u00a0\u00a0 <\/strong>Para haver uma fam\u00edlia se faz mister \u201cconstruir um casal\u201d.\u00a0 Casais fr\u00e1geis n\u00e3o s\u00e3o bom fundamento para a fam\u00edlia.\u00a0 Quanto mais solido o casal, mais chances de \u00eaxito. O amor \u00e9 fundamento do casal e fundamento da fam\u00edlia.\u00a0 \u201cO amor \u00e9 uma apelo para sairmos de n\u00f3s mesmos ao encontro\u00a0 do outro: isso se concretizou em nossas vidas no dia em que ficamos apaixonados. Ficar apaixonado \u00e9, antes de tudo, um dom de Deus (&#8230;) A\u00a0 solid\u00e3o e a incerteza do futuro desaparecem porque uma pessoa nos escolheu, nos amou e nos deu a seguran\u00e7a de que t\u00ednhamos necessidade para enfrentar a vida, para curar o passado. Isso nos levou a nos examinarmos em profundidade\u00a0 com o desejo de oferecer nossa verdade ao outro. O outro, por sua vez,\u00a0 nos ofereceu seu tempo, seus pensamentos e essa correspond\u00eancia de amor parece um dom imerecido. O mundo encheu-se\u00a0 de significado\u00a0 e nossa vida se unificou\u00a0 (&#8230;). No decorrer dessa caminhada, passamos talvez por crises conjugais \u00e0s quais se juntaram, quem sabe, problemas\u00a0 causados pela adolesc\u00eancia e pela puberdade dos filhos; tivemos tamb\u00e9m problemas de sa\u00fade. Depois veio o tempo da dispers\u00e3o dos filhos: \u00e0s vezes a casa se enche de filhos e netos, \u00e0s vezes ela fica vazia. O c\u00edrculo se fecha e voltamos a ser o casal que \u00e9ramos no come\u00e7o, mas com uma bagagem de amor maior, com uma no\u00e7\u00e3o mais positiva do sofrimento, com um conhecimento mais fundo do mundo\u201d (<em>Ser fam\u00edlia hoje na Igreja e no mundo,\u00a0 Equipes de Nossa Senhora,\u00a0 Vozes\u00a0 1993, p. 48-49<\/em>).<\/p>\n<p><strong>Concluindo sem concluir<\/strong><\/p>\n<\/div>\n<p style=\"text-align: left;\">Dissertamos sobre muitos aspectos do tema do casal, mas ainda faltam elementos fundamentais. Continuaremos\u00a0 a refletir sobre\u00a0 a constru\u00e7\u00e3o da conjugalidade\u00a0 no pr\u00f3ximo tema neste site\u00a0 dos franciscanos\u00a0 abordando: \u00a0<em>\u00a0Elementos pr\u00e1ticos para a constru\u00e7\u00e3o do casal em nossos dias.<\/em><\/p>\n<p style=\"text-align: left;\"><strong>Questionamentos<\/strong><\/p>\n<p style=\"text-align: left;\">1. O que mais chama sua aten\u00e7\u00e3o na leitura deste tema?\u00a0\u00a0 Por qu\u00ea?<br \/>\n2. Quais os motivos pelos quais algu\u00e9m se casa com algu\u00e9m?<br \/>\n3. O que significa para o casal\u00a0 \u201cescolher-se a cada dia\u201d?<br \/>\n4. Como um casal pode crescer crist\u00e3mente como casal?<br \/>\n5. Por que quando os filhos deixam a casa muitos casais nada t\u00eam a se dizer?<\/p>\n","protected":false},"excerpt":{"rendered":"<p>OFS<\/p>\n","protected":false},"author":1,"featured_media":174769,"comment_status":"closed","ping_status":"open","sticky":false,"template":"","format":"standard","meta":[],"categories":[14],"tags":[],"yoast_head":"<!-- This site is optimized with the Yoast SEO plugin v19.2 - https:\/\/yoast.com\/wordpress\/plugins\/seo\/ -->\n<title>Casamento e Fam\u00edlia: A constru\u00e7\u00e3o do casal - Carisma - Franciscanos<\/title>\n<meta name=\"robots\" content=\"index, follow, max-snippet:-1, max-image-preview:large, max-video-preview:-1\" \/>\n<link rel=\"canonical\" href=\"https:\/\/franciscanos.org.br\/carisma\/casamento-e-familia-a-construcao-do-casal.html\" \/>\n<meta property=\"og:locale\" content=\"pt_BR\" \/>\n<meta property=\"og:type\" content=\"article\" \/>\n<meta property=\"og:title\" content=\"Casamento e Fam\u00edlia: A constru\u00e7\u00e3o do casal - Carisma - Franciscanos\" \/>\n<meta property=\"og:description\" content=\"OFS\" \/>\n<meta property=\"og:url\" content=\"https:\/\/franciscanos.org.br\/carisma\/casamento-e-familia-a-construcao-do-casal.html\" \/>\n<meta property=\"og:site_name\" content=\"Carisma - Franciscanos\" \/>\n<meta property=\"article:published_time\" content=\"2013-02-06T09:27:17+00:00\" \/>\n<meta property=\"og:image\" content=\"https:\/\/franciscanos.org.br\/carisma\/wp-content\/uploads\/2018\/10\/fam.jpg\" \/>\n\t<meta property=\"og:image:width\" content=\"450\" \/>\n\t<meta property=\"og:image:height\" content=\"317\" \/>\n\t<meta property=\"og:image:type\" content=\"image\/jpeg\" \/>\n<meta name=\"author\" content=\"admin\" \/>\n<meta name=\"twitter:card\" content=\"summary_large_image\" \/>\n<meta name=\"twitter:label1\" content=\"Escrito por\" \/>\n\t<meta name=\"twitter:data1\" content=\"admin\" \/>\n\t<meta name=\"twitter:label2\" content=\"Est. tempo de leitura\" \/>\n\t<meta name=\"twitter:data2\" content=\"10 minutos\" \/>\n<script type=\"application\/ld+json\" class=\"yoast-schema-graph\">{\"@context\":\"https:\/\/schema.org\",\"@graph\":[{\"@type\":\"WebSite\",\"@id\":\"https:\/\/franciscanos.org.br\/carisma\/#website\",\"url\":\"https:\/\/franciscanos.org.br\/carisma\/\",\"name\":\"Carisma - Franciscanos\",\"description\":\"Prov\u00edncia Franciscana da Imaculada Concei\u00e7\u00e3o do Brasil - Ordem dos Frades Menores\",\"potentialAction\":[{\"@type\":\"SearchAction\",\"target\":{\"@type\":\"EntryPoint\",\"urlTemplate\":\"https:\/\/franciscanos.org.br\/carisma\/?s={search_term_string}\"},\"query-input\":\"required name=search_term_string\"}],\"inLanguage\":\"pt-BR\"},{\"@type\":\"ImageObject\",\"inLanguage\":\"pt-BR\",\"@id\":\"https:\/\/franciscanos.org.br\/carisma\/casamento-e-familia-a-construcao-do-casal.html#primaryimage\",\"url\":\"https:\/\/franciscanos.org.br\/carisma\/wp-content\/uploads\/2018\/10\/fam.jpg\",\"contentUrl\":\"https:\/\/franciscanos.org.br\/carisma\/wp-content\/uploads\/2018\/10\/fam.jpg\",\"width\":450,\"height\":317},{\"@type\":\"WebPage\",\"@id\":\"https:\/\/franciscanos.org.br\/carisma\/casamento-e-familia-a-construcao-do-casal.html#webpage\",\"url\":\"https:\/\/franciscanos.org.br\/carisma\/casamento-e-familia-a-construcao-do-casal.html\",\"name\":\"Casamento e Fam\u00edlia: A constru\u00e7\u00e3o do casal - Carisma - Franciscanos\",\"isPartOf\":{\"@id\":\"https:\/\/franciscanos.org.br\/carisma\/#website\"},\"primaryImageOfPage\":{\"@id\":\"https:\/\/franciscanos.org.br\/carisma\/casamento-e-familia-a-construcao-do-casal.html#primaryimage\"},\"datePublished\":\"2013-02-06T09:27:17+00:00\",\"dateModified\":\"2013-02-06T09:27:17+00:00\",\"author\":{\"@id\":\"https:\/\/franciscanos.org.br\/carisma\/#\/schema\/person\/e352342a457f086dc6152f9c73a3d093\"},\"breadcrumb\":{\"@id\":\"https:\/\/franciscanos.org.br\/carisma\/casamento-e-familia-a-construcao-do-casal.html#breadcrumb\"},\"inLanguage\":\"pt-BR\",\"potentialAction\":[{\"@type\":\"ReadAction\",\"target\":[\"https:\/\/franciscanos.org.br\/carisma\/casamento-e-familia-a-construcao-do-casal.html\"]}]},{\"@type\":\"BreadcrumbList\",\"@id\":\"https:\/\/franciscanos.org.br\/carisma\/casamento-e-familia-a-construcao-do-casal.html#breadcrumb\",\"itemListElement\":[{\"@type\":\"ListItem\",\"position\":1,\"name\":\"Home\",\"item\":\"https:\/\/franciscanos.org.br\/carisma\"},{\"@type\":\"ListItem\",\"position\":2,\"name\":\"Casamento e Fam\u00edlia: A constru\u00e7\u00e3o do casal\"}]},{\"@type\":\"Person\",\"@id\":\"https:\/\/franciscanos.org.br\/carisma\/#\/schema\/person\/e352342a457f086dc6152f9c73a3d093\",\"name\":\"admin\",\"image\":{\"@type\":\"ImageObject\",\"inLanguage\":\"pt-BR\",\"@id\":\"https:\/\/franciscanos.org.br\/carisma\/#\/schema\/person\/image\/\",\"url\":\"https:\/\/secure.gravatar.com\/avatar\/e8495742d34d0ba6448ea1c628263b3e?s=96&d=mm&r=g\",\"contentUrl\":\"https:\/\/secure.gravatar.com\/avatar\/e8495742d34d0ba6448ea1c628263b3e?s=96&d=mm&r=g\",\"caption\":\"admin\"},\"url\":\"https:\/\/franciscanos.org.br\/carisma\/author\/admin\"}]}<\/script>\n<!-- \/ Yoast SEO plugin. -->","yoast_head_json":{"title":"Casamento e Fam\u00edlia: A constru\u00e7\u00e3o do casal - Carisma - Franciscanos","robots":{"index":"index","follow":"follow","max-snippet":"max-snippet:-1","max-image-preview":"max-image-preview:large","max-video-preview":"max-video-preview:-1"},"canonical":"https:\/\/franciscanos.org.br\/carisma\/casamento-e-familia-a-construcao-do-casal.html","og_locale":"pt_BR","og_type":"article","og_title":"Casamento e Fam\u00edlia: A constru\u00e7\u00e3o do casal - Carisma - Franciscanos","og_description":"OFS","og_url":"https:\/\/franciscanos.org.br\/carisma\/casamento-e-familia-a-construcao-do-casal.html","og_site_name":"Carisma - Franciscanos","article_published_time":"2013-02-06T09:27:17+00:00","og_image":[{"width":450,"height":317,"url":"https:\/\/franciscanos.org.br\/carisma\/wp-content\/uploads\/2018\/10\/fam.jpg","type":"image\/jpeg"}],"author":"admin","twitter_card":"summary_large_image","twitter_misc":{"Escrito por":"admin","Est. tempo de leitura":"10 minutos"},"schema":{"@context":"https:\/\/schema.org","@graph":[{"@type":"WebSite","@id":"https:\/\/franciscanos.org.br\/carisma\/#website","url":"https:\/\/franciscanos.org.br\/carisma\/","name":"Carisma - Franciscanos","description":"Prov\u00edncia Franciscana da Imaculada Concei\u00e7\u00e3o do Brasil - Ordem dos Frades Menores","potentialAction":[{"@type":"SearchAction","target":{"@type":"EntryPoint","urlTemplate":"https:\/\/franciscanos.org.br\/carisma\/?s={search_term_string}"},"query-input":"required name=search_term_string"}],"inLanguage":"pt-BR"},{"@type":"ImageObject","inLanguage":"pt-BR","@id":"https:\/\/franciscanos.org.br\/carisma\/casamento-e-familia-a-construcao-do-casal.html#primaryimage","url":"https:\/\/franciscanos.org.br\/carisma\/wp-content\/uploads\/2018\/10\/fam.jpg","contentUrl":"https:\/\/franciscanos.org.br\/carisma\/wp-content\/uploads\/2018\/10\/fam.jpg","width":450,"height":317},{"@type":"WebPage","@id":"https:\/\/franciscanos.org.br\/carisma\/casamento-e-familia-a-construcao-do-casal.html#webpage","url":"https:\/\/franciscanos.org.br\/carisma\/casamento-e-familia-a-construcao-do-casal.html","name":"Casamento e Fam\u00edlia: A constru\u00e7\u00e3o do casal - Carisma - Franciscanos","isPartOf":{"@id":"https:\/\/franciscanos.org.br\/carisma\/#website"},"primaryImageOfPage":{"@id":"https:\/\/franciscanos.org.br\/carisma\/casamento-e-familia-a-construcao-do-casal.html#primaryimage"},"datePublished":"2013-02-06T09:27:17+00:00","dateModified":"2013-02-06T09:27:17+00:00","author":{"@id":"https:\/\/franciscanos.org.br\/carisma\/#\/schema\/person\/e352342a457f086dc6152f9c73a3d093"},"breadcrumb":{"@id":"https:\/\/franciscanos.org.br\/carisma\/casamento-e-familia-a-construcao-do-casal.html#breadcrumb"},"inLanguage":"pt-BR","potentialAction":[{"@type":"ReadAction","target":["https:\/\/franciscanos.org.br\/carisma\/casamento-e-familia-a-construcao-do-casal.html"]}]},{"@type":"BreadcrumbList","@id":"https:\/\/franciscanos.org.br\/carisma\/casamento-e-familia-a-construcao-do-casal.html#breadcrumb","itemListElement":[{"@type":"ListItem","position":1,"name":"Home","item":"https:\/\/franciscanos.org.br\/carisma"},{"@type":"ListItem","position":2,"name":"Casamento e Fam\u00edlia: A constru\u00e7\u00e3o do casal"}]},{"@type":"Person","@id":"https:\/\/franciscanos.org.br\/carisma\/#\/schema\/person\/e352342a457f086dc6152f9c73a3d093","name":"admin","image":{"@type":"ImageObject","inLanguage":"pt-BR","@id":"https:\/\/franciscanos.org.br\/carisma\/#\/schema\/person\/image\/","url":"https:\/\/secure.gravatar.com\/avatar\/e8495742d34d0ba6448ea1c628263b3e?s=96&d=mm&r=g","contentUrl":"https:\/\/secure.gravatar.com\/avatar\/e8495742d34d0ba6448ea1c628263b3e?s=96&d=mm&r=g","caption":"admin"},"url":"https:\/\/franciscanos.org.br\/carisma\/author\/admin"}]}},"_links":{"self":[{"href":"https:\/\/franciscanos.org.br\/carisma\/wp-json\/wp\/v2\/posts\/32135"}],"collection":[{"href":"https:\/\/franciscanos.org.br\/carisma\/wp-json\/wp\/v2\/posts"}],"about":[{"href":"https:\/\/franciscanos.org.br\/carisma\/wp-json\/wp\/v2\/types\/post"}],"author":[{"embeddable":true,"href":"https:\/\/franciscanos.org.br\/carisma\/wp-json\/wp\/v2\/users\/1"}],"replies":[{"embeddable":true,"href":"https:\/\/franciscanos.org.br\/carisma\/wp-json\/wp\/v2\/comments?post=32135"}],"version-history":[{"count":0,"href":"https:\/\/franciscanos.org.br\/carisma\/wp-json\/wp\/v2\/posts\/32135\/revisions"}],"wp:featuredmedia":[{"embeddable":true,"href":"https:\/\/franciscanos.org.br\/carisma\/wp-json\/wp\/v2\/media\/174769"}],"wp:attachment":[{"href":"https:\/\/franciscanos.org.br\/carisma\/wp-json\/wp\/v2\/media?parent=32135"}],"wp:term":[{"taxonomy":"category","embeddable":true,"href":"https:\/\/franciscanos.org.br\/carisma\/wp-json\/wp\/v2\/categories?post=32135"},{"taxonomy":"post_tag","embeddable":true,"href":"https:\/\/franciscanos.org.br\/carisma\/wp-json\/wp\/v2\/tags?post=32135"}],"curies":[{"name":"wp","href":"https:\/\/api.w.org\/{rel}","templated":true}]}}