{"id":29213,"date":"2012-12-17T07:57:40","date_gmt":"2012-12-17T09:57:40","guid":{"rendered":"http:\/\/new.franciscanos.org.br\/?p=29213"},"modified":"2019-08-06T15:18:58","modified_gmt":"2019-08-06T18:18:58","slug":"silencio-e-contemplacao-em-clara-de-assis","status":"publish","type":"post","link":"https:\/\/franciscanos.org.br\/carisma\/silencio-e-contemplacao-em-clara-de-assis.html","title":{"rendered":"Sil\u00eancio e contempla\u00e7\u00e3o em Clara de Assis"},"content":{"rendered":"<blockquote><p><em><img loading=\"lazy\" class=\"alignright size-full wp-image-176237\" src=\"https:\/\/franciscanos.org.br\/carisma\/wp-content\/uploads\/2012\/12\/clara_consagra.jpg\" alt=\"\" width=\"460\" height=\"690\" srcset=\"https:\/\/franciscanos.org.br\/carisma\/wp-content\/uploads\/2012\/12\/clara_consagra.jpg 460w, https:\/\/franciscanos.org.br\/carisma\/wp-content\/uploads\/2012\/12\/clara_consagra-300x450.jpg 300w, https:\/\/franciscanos.org.br\/carisma\/wp-content\/uploads\/2012\/12\/clara_consagra-150x225.jpg 150w\" sizes=\"(max-width: 460px) 100vw, 460px\" \/>Na esteira da comemora\u00e7\u00e3o dos oitocentos anos do carisma clariano, continuamos a refletir sobre a figura \u00edmpar desta not\u00e1vel fundadora de um estilo original de vida evang\u00e9lica e contemplativa na Igreja.\u00a0 Apoiados no texto da Irm\u00e3 <\/em>Angela Emmanuela\u00a0 Scandella, OSC,\u00a0 Chiara \u2018Alta donna di contemplazione\u2019, Sette parole per il nostro \u2018oggi\u2019, in\u00a0 Italia Francescana <em>2012\/1, p. 17ss,\u00a0 vamos refletir sobre o sil\u00eancio e a contempla\u00e7\u00e3o. Limitar-nos-emos a citar os elementos evidenciados pela autora.<\/em><\/p><\/blockquote>\n<h4><strong>Sil\u00eancio<\/strong><\/h4>\n<p>Pensar em Clara \u00e9 pensar numa\u00a0 mulher envolvida pelo sil\u00eancio, n\u00e3o um sil\u00eancio ritual e for\u00e7ado, mas buscado, cultivado, alimentado. Pode-se dizer que ela foi \u201chabitada pelo sil\u00eancio\u201d. N\u00e3o podemos deixar de pensar, \u00e9 claro, no sil\u00eancio exterior amplamente documentado pelas <em>Fontes,<\/em> mas, sobretudo, pensamos naquele sil\u00eancio interior, feito de solid\u00e3o e de escuta, tecido do harmonioso equil\u00edbrio entre o sil\u00eancio e a palavra. Bento XVI em sua Mensagem para a Jornada\u00a0 Mundial da Comunica\u00e7\u00e3o\u00a0 Social\u00a0 (2012), recordando uma homilia sua de 2006, dizia: \u201cNa loquacidade de nosso tempo, na infla\u00e7\u00e3o das palavras, urge tornar presente a Palavra, a Palavra que vem de Deus, a Palavra que \u00e9 Deus\u201d.\u00a0 Isto s\u00f3 \u00e9 poss\u00edvel com uma purifica\u00e7\u00e3o de nosso pensar. Ser\u00e1 urgente um trabalho de burilar\u00a0 nossas palavras.\u00a0 Necessitamos de um sil\u00eancio que se torne contempla\u00e7\u00e3o. Ora, a vida de sil\u00eancio das Irm\u00e3s Pobres de S\u00e3o Dami\u00e3o tinha, e tem, essa finalidade: permitir que o Deus-Palavra possa dirigir-se\u00a0 ao fundo do cora\u00e7\u00e3o dos que o ouvem. N\u00e3o se trata, como foi dito, de um mero sil\u00eancio exterior, mas desta organiza\u00e7\u00e3o existencial de tal sorte que as antenas mais profundas da pessoa n\u00e3o estejam ligadas\u00a0 a coisas, por vezes, t\u00e3o desnecess\u00e1rias, t\u00e3o \u201cdesarrumadoras\u201d da paz interior.\u00a0 O sil\u00eancio exterior ajuda \u00e0 amada do Amado a n\u00e3o se \u201cdistrair\u201d. Respirando em casa um clima de recolhimento exterior, o cora\u00e7\u00e3o come\u00e7a a viver harmonia que \u00e9 terra mais prop\u00edcia para a contempla\u00e7\u00e3o.<\/p>\n<p>Michel\u00a0 Hubaut, refletindo sobre o tema do sil\u00eancio interior, lembra que quem quer fazer sil\u00eancio para ouvir a Deus\u00a0 e unificar sua exist\u00eancia, aprende a descer at\u00e9 o <em>\u00a0deserto interior <\/em>de seu cora\u00e7\u00e3o, onde o Esp\u00edrito marca encontro. Aos poucos, o ouvinte do sil\u00eancio vai se dessolidarizando do que \u00e9 fugaz e sem valor verdadeiro. N\u00e3o despreza nada, mas tudo relativiza. Os santos\u00a0 \u201cprofundamente presentes\u00a0 \u00e0 vida de seus contempor\u00e2neos s\u00e3o cidad\u00e3os de uma <em>p\u00e1tria invis\u00edvel<\/em>, mais real, no entanto, que qualquer realidade\u00a0 humana. A experi\u00eancia nos leva a\u00a0 dizer que somente a gra\u00e7a de Deus\u00a0 pode fazer da solid\u00e3o um espa\u00e7o de <em>sil\u00eancio interior<\/em>\u00a0que abre a fechadura\u00a0 da vida \u00edntima do homem onde o Esp\u00edrito murmura e Deus fala\u201d.<\/p>\n<h4><strong>Contempla\u00e7\u00e3o<\/strong><\/h4>\n<p><a href=\"http:\/\/franciscanos.org.br\/wp-content\/uploads\/2012\/12\/convento.jpg\"><img loading=\"lazy\" class=\"alignright size-full wp-image-30954\" title=\"convento\" src=\"http:\/\/franciscanos.org.br\/wp-content\/uploads\/2012\/12\/convento.jpg\" alt=\"\" width=\"350\" height=\"263\" \/><\/a>Mais uma palavra de Clara para os tempos de ontem e de hoje: vida contemplativa como vig\u00edlia, uma longa vig\u00edlia que dura a vida inteira, esperando aquele que est\u00e1 para vir, esse algu\u00e9m que feito de desejo, deixando ressoar em n\u00f3s o desejo por ele como eco de seu desejo por n\u00f3s.<\/p>\n<p>Entrela\u00e7am-se aqui os temas da vig\u00edlia, do desejo que desemboca num estado de vida contemplativo. As<em> Fontes<\/em>\u00a0 fazem alus\u00e3o \u00e0s vig\u00edlias noturnas de Clara, longas vig\u00edlias, longas e solit\u00e1rias \u201cvigilante e incans\u00e1vel\u201d\u00a0 segundo a Legenda (n. 19), para recolher o veio do sussurro\u00a0 furtivo (cf\u00a0 J\u00f3 4, 12) que\u00a0 Greg\u00f3rio Magno interpreta como o falar do Esp\u00edrito. \u201c\u00c9 a experi\u00eancia da presen\u00e7a e da a\u00e7\u00e3o\u00a0 do Esp\u00edrito que, em n\u00f3s, nada mais faz do que repetir, desde o dia de nosso Batismo, aquele <em>Verbum absconditum<\/em>, para mencionar ainda aquele vers\u00edculo de J\u00f3,\u00a0 <em>Verbum<\/em> que \u00e9 Jesus Cristo\u201d. Sil\u00eancio, Verbum e contempla\u00e7\u00e3o. \u00a0A Legenda continua: Clara \u201cparecia sempre ter o seu Jesus entre as m\u00e3os\u201d, porque o\u00a0 Senhor \u00e9 Esp\u00edrito, recorda S\u00e3o Paulo (2Cor 3,17).\u00a0 Trata-se do tema dos espons\u00f3rios que Francisco aborda\u00a0 na Carta aos Fieis (1, 5-8).\u00a0 A experi\u00eancia espiritual de Clara \u00e9 uma viva exegese de Francisco. Deus em n\u00f3s pela presen\u00e7a e a\u00e7\u00e3o do Esp\u00edrito.\u00a0 N\u00e3o se trata de uma atual\u00edssima palavra\u00a0 para n\u00f3s que vivemos derramados nas coisas\u00a0 como que vivendo exilados de Deus? Irm\u00e3 Angela escreve:\u00a0 \u201cNossos mosteiros, com sua pobreza\u00a0 e\u00a0 fragilidade, continuam sendo aquelas casas\u00a0 (domus), mesmo deterioradas, mas consagradas \u00e0 interioridade. Lugares em que restaurando o cora\u00e7\u00e3o se restaura, tenaz e\u00a0 humildemente, a Igreja, a\u00a0<em>Domus Dei<\/em> em ru\u00edna\u201d. Bento XVI, em visita \u00e0s clarissas\u00a0 por ocasi\u00e3o de sua visita a Assis, em 17 de junho de 2007, dizia: \u201cV\u00f3s nos precedeis no caminho da convers\u00e3o\u201d. Quando a convers\u00e3o \u00e9 verdadeira, n\u00e3o faz barulho. Muitas vezes faz sorrir que\u00a0 certamente \u00e9 mais proveitoso do que ficar choramingando pelas contrariedades de cada dia. A a\u00e7\u00e3o do Esp\u00edrito do Senhor purifica, ilumina, transforma\u00a0 e aponta os\u00a0 passos a serem seguidos para que seja bem percorrido o caminho da convers\u00e3o.\u00a0 Aqui ainda uma palavra atual e para o hoje: uma vida que se enfrenta o risco de\u00a0 expor-se a Deus numa cultura que n\u00e3o quer correr\u00a0 risco.<\/p>\n<p><strong>Frei Almir Ribeiro Guimar\u00e3es<\/strong><\/p>\n","protected":false},"excerpt":{"rendered":"<p>Santa Clara de Assis &#8211; Frei Almir Guimar\u00e3es<\/p>\n","protected":false},"author":1,"featured_media":176238,"comment_status":"closed","ping_status":"open","sticky":false,"template":"","format":"standard","meta":[],"categories":[65],"tags":[108],"yoast_head":"<!-- This site is optimized with the Yoast SEO plugin v19.2 - https:\/\/yoast.com\/wordpress\/plugins\/seo\/ -->\n<title>Sil\u00eancio e contempla\u00e7\u00e3o em Clara de Assis - Carisma - Franciscanos<\/title>\n<meta name=\"robots\" content=\"index, follow, max-snippet:-1, max-image-preview:large, max-video-preview:-1\" \/>\n<link rel=\"canonical\" href=\"https:\/\/franciscanos.org.br\/carisma\/silencio-e-contemplacao-em-clara-de-assis.html\" \/>\n<meta property=\"og:locale\" content=\"pt_BR\" \/>\n<meta property=\"og:type\" content=\"article\" \/>\n<meta property=\"og:title\" content=\"Sil\u00eancio e contempla\u00e7\u00e3o em Clara de Assis - Carisma - Franciscanos\" \/>\n<meta property=\"og:description\" content=\"Santa Clara de Assis - Frei Almir Guimar\u00e3es\" \/>\n<meta property=\"og:url\" content=\"https:\/\/franciscanos.org.br\/carisma\/silencio-e-contemplacao-em-clara-de-assis.html\" \/>\n<meta property=\"og:site_name\" content=\"Carisma - Franciscanos\" \/>\n<meta property=\"article:published_time\" content=\"2012-12-17T09:57:40+00:00\" \/>\n<meta property=\"article:modified_time\" content=\"2019-08-06T18:18:58+00:00\" \/>\n<meta property=\"og:image\" content=\"https:\/\/franciscanos.org.br\/carisma\/wp-content\/uploads\/2012\/12\/clara_consagra_1.jpg\" \/>\n\t<meta property=\"og:image:width\" content=\"273\" \/>\n\t<meta property=\"og:image:height\" content=\"181\" \/>\n\t<meta property=\"og:image:type\" content=\"image\/jpeg\" \/>\n<meta name=\"author\" content=\"admin\" \/>\n<meta name=\"twitter:card\" content=\"summary_large_image\" \/>\n<meta name=\"twitter:label1\" content=\"Escrito por\" \/>\n\t<meta name=\"twitter:data1\" content=\"admin\" \/>\n\t<meta name=\"twitter:label2\" content=\"Est. tempo de leitura\" \/>\n\t<meta name=\"twitter:data2\" content=\"4 minutos\" \/>\n<script type=\"application\/ld+json\" class=\"yoast-schema-graph\">{\"@context\":\"https:\/\/schema.org\",\"@graph\":[{\"@type\":\"WebSite\",\"@id\":\"https:\/\/franciscanos.org.br\/carisma\/#website\",\"url\":\"https:\/\/franciscanos.org.br\/carisma\/\",\"name\":\"Carisma - Franciscanos\",\"description\":\"Prov\u00edncia Franciscana da Imaculada Concei\u00e7\u00e3o do Brasil - Ordem dos Frades Menores\",\"potentialAction\":[{\"@type\":\"SearchAction\",\"target\":{\"@type\":\"EntryPoint\",\"urlTemplate\":\"https:\/\/franciscanos.org.br\/carisma\/?s={search_term_string}\"},\"query-input\":\"required name=search_term_string\"}],\"inLanguage\":\"pt-BR\"},{\"@type\":\"ImageObject\",\"inLanguage\":\"pt-BR\",\"@id\":\"https:\/\/franciscanos.org.br\/carisma\/silencio-e-contemplacao-em-clara-de-assis.html#primaryimage\",\"url\":\"https:\/\/franciscanos.org.br\/carisma\/wp-content\/uploads\/2012\/12\/clara_consagra_1.jpg\",\"contentUrl\":\"https:\/\/franciscanos.org.br\/carisma\/wp-content\/uploads\/2012\/12\/clara_consagra_1.jpg\",\"width\":273,\"height\":181},{\"@type\":\"WebPage\",\"@id\":\"https:\/\/franciscanos.org.br\/carisma\/silencio-e-contemplacao-em-clara-de-assis.html#webpage\",\"url\":\"https:\/\/franciscanos.org.br\/carisma\/silencio-e-contemplacao-em-clara-de-assis.html\",\"name\":\"Sil\u00eancio e contempla\u00e7\u00e3o em Clara de Assis - Carisma - Franciscanos\",\"isPartOf\":{\"@id\":\"https:\/\/franciscanos.org.br\/carisma\/#website\"},\"primaryImageOfPage\":{\"@id\":\"https:\/\/franciscanos.org.br\/carisma\/silencio-e-contemplacao-em-clara-de-assis.html#primaryimage\"},\"datePublished\":\"2012-12-17T09:57:40+00:00\",\"dateModified\":\"2019-08-06T18:18:58+00:00\",\"author\":{\"@id\":\"https:\/\/franciscanos.org.br\/carisma\/#\/schema\/person\/e352342a457f086dc6152f9c73a3d093\"},\"breadcrumb\":{\"@id\":\"https:\/\/franciscanos.org.br\/carisma\/silencio-e-contemplacao-em-clara-de-assis.html#breadcrumb\"},\"inLanguage\":\"pt-BR\",\"potentialAction\":[{\"@type\":\"ReadAction\",\"target\":[\"https:\/\/franciscanos.org.br\/carisma\/silencio-e-contemplacao-em-clara-de-assis.html\"]}]},{\"@type\":\"BreadcrumbList\",\"@id\":\"https:\/\/franciscanos.org.br\/carisma\/silencio-e-contemplacao-em-clara-de-assis.html#breadcrumb\",\"itemListElement\":[{\"@type\":\"ListItem\",\"position\":1,\"name\":\"Home\",\"item\":\"https:\/\/franciscanos.org.br\/carisma\"},{\"@type\":\"ListItem\",\"position\":2,\"name\":\"Sil\u00eancio e contempla\u00e7\u00e3o em Clara de Assis\"}]},{\"@type\":\"Person\",\"@id\":\"https:\/\/franciscanos.org.br\/carisma\/#\/schema\/person\/e352342a457f086dc6152f9c73a3d093\",\"name\":\"admin\",\"image\":{\"@type\":\"ImageObject\",\"inLanguage\":\"pt-BR\",\"@id\":\"https:\/\/franciscanos.org.br\/carisma\/#\/schema\/person\/image\/\",\"url\":\"https:\/\/secure.gravatar.com\/avatar\/e8495742d34d0ba6448ea1c628263b3e?s=96&d=mm&r=g\",\"contentUrl\":\"https:\/\/secure.gravatar.com\/avatar\/e8495742d34d0ba6448ea1c628263b3e?s=96&d=mm&r=g\",\"caption\":\"admin\"},\"url\":\"https:\/\/franciscanos.org.br\/carisma\/author\/admin\"}]}<\/script>\n<!-- \/ Yoast SEO plugin. -->","yoast_head_json":{"title":"Sil\u00eancio e contempla\u00e7\u00e3o em Clara de Assis - Carisma - Franciscanos","robots":{"index":"index","follow":"follow","max-snippet":"max-snippet:-1","max-image-preview":"max-image-preview:large","max-video-preview":"max-video-preview:-1"},"canonical":"https:\/\/franciscanos.org.br\/carisma\/silencio-e-contemplacao-em-clara-de-assis.html","og_locale":"pt_BR","og_type":"article","og_title":"Sil\u00eancio e contempla\u00e7\u00e3o em Clara de Assis - Carisma - Franciscanos","og_description":"Santa Clara de Assis - Frei Almir Guimar\u00e3es","og_url":"https:\/\/franciscanos.org.br\/carisma\/silencio-e-contemplacao-em-clara-de-assis.html","og_site_name":"Carisma - Franciscanos","article_published_time":"2012-12-17T09:57:40+00:00","article_modified_time":"2019-08-06T18:18:58+00:00","og_image":[{"width":273,"height":181,"url":"https:\/\/franciscanos.org.br\/carisma\/wp-content\/uploads\/2012\/12\/clara_consagra_1.jpg","type":"image\/jpeg"}],"author":"admin","twitter_card":"summary_large_image","twitter_misc":{"Escrito por":"admin","Est. tempo de leitura":"4 minutos"},"schema":{"@context":"https:\/\/schema.org","@graph":[{"@type":"WebSite","@id":"https:\/\/franciscanos.org.br\/carisma\/#website","url":"https:\/\/franciscanos.org.br\/carisma\/","name":"Carisma - Franciscanos","description":"Prov\u00edncia Franciscana da Imaculada Concei\u00e7\u00e3o do Brasil - Ordem dos Frades Menores","potentialAction":[{"@type":"SearchAction","target":{"@type":"EntryPoint","urlTemplate":"https:\/\/franciscanos.org.br\/carisma\/?s={search_term_string}"},"query-input":"required name=search_term_string"}],"inLanguage":"pt-BR"},{"@type":"ImageObject","inLanguage":"pt-BR","@id":"https:\/\/franciscanos.org.br\/carisma\/silencio-e-contemplacao-em-clara-de-assis.html#primaryimage","url":"https:\/\/franciscanos.org.br\/carisma\/wp-content\/uploads\/2012\/12\/clara_consagra_1.jpg","contentUrl":"https:\/\/franciscanos.org.br\/carisma\/wp-content\/uploads\/2012\/12\/clara_consagra_1.jpg","width":273,"height":181},{"@type":"WebPage","@id":"https:\/\/franciscanos.org.br\/carisma\/silencio-e-contemplacao-em-clara-de-assis.html#webpage","url":"https:\/\/franciscanos.org.br\/carisma\/silencio-e-contemplacao-em-clara-de-assis.html","name":"Sil\u00eancio e contempla\u00e7\u00e3o em Clara de Assis - Carisma - Franciscanos","isPartOf":{"@id":"https:\/\/franciscanos.org.br\/carisma\/#website"},"primaryImageOfPage":{"@id":"https:\/\/franciscanos.org.br\/carisma\/silencio-e-contemplacao-em-clara-de-assis.html#primaryimage"},"datePublished":"2012-12-17T09:57:40+00:00","dateModified":"2019-08-06T18:18:58+00:00","author":{"@id":"https:\/\/franciscanos.org.br\/carisma\/#\/schema\/person\/e352342a457f086dc6152f9c73a3d093"},"breadcrumb":{"@id":"https:\/\/franciscanos.org.br\/carisma\/silencio-e-contemplacao-em-clara-de-assis.html#breadcrumb"},"inLanguage":"pt-BR","potentialAction":[{"@type":"ReadAction","target":["https:\/\/franciscanos.org.br\/carisma\/silencio-e-contemplacao-em-clara-de-assis.html"]}]},{"@type":"BreadcrumbList","@id":"https:\/\/franciscanos.org.br\/carisma\/silencio-e-contemplacao-em-clara-de-assis.html#breadcrumb","itemListElement":[{"@type":"ListItem","position":1,"name":"Home","item":"https:\/\/franciscanos.org.br\/carisma"},{"@type":"ListItem","position":2,"name":"Sil\u00eancio e contempla\u00e7\u00e3o em Clara de Assis"}]},{"@type":"Person","@id":"https:\/\/franciscanos.org.br\/carisma\/#\/schema\/person\/e352342a457f086dc6152f9c73a3d093","name":"admin","image":{"@type":"ImageObject","inLanguage":"pt-BR","@id":"https:\/\/franciscanos.org.br\/carisma\/#\/schema\/person\/image\/","url":"https:\/\/secure.gravatar.com\/avatar\/e8495742d34d0ba6448ea1c628263b3e?s=96&d=mm&r=g","contentUrl":"https:\/\/secure.gravatar.com\/avatar\/e8495742d34d0ba6448ea1c628263b3e?s=96&d=mm&r=g","caption":"admin"},"url":"https:\/\/franciscanos.org.br\/carisma\/author\/admin"}]}},"_links":{"self":[{"href":"https:\/\/franciscanos.org.br\/carisma\/wp-json\/wp\/v2\/posts\/29213"}],"collection":[{"href":"https:\/\/franciscanos.org.br\/carisma\/wp-json\/wp\/v2\/posts"}],"about":[{"href":"https:\/\/franciscanos.org.br\/carisma\/wp-json\/wp\/v2\/types\/post"}],"author":[{"embeddable":true,"href":"https:\/\/franciscanos.org.br\/carisma\/wp-json\/wp\/v2\/users\/1"}],"replies":[{"embeddable":true,"href":"https:\/\/franciscanos.org.br\/carisma\/wp-json\/wp\/v2\/comments?post=29213"}],"version-history":[{"count":3,"href":"https:\/\/franciscanos.org.br\/carisma\/wp-json\/wp\/v2\/posts\/29213\/revisions"}],"predecessor-version":[{"id":176451,"href":"https:\/\/franciscanos.org.br\/carisma\/wp-json\/wp\/v2\/posts\/29213\/revisions\/176451"}],"wp:featuredmedia":[{"embeddable":true,"href":"https:\/\/franciscanos.org.br\/carisma\/wp-json\/wp\/v2\/media\/176238"}],"wp:attachment":[{"href":"https:\/\/franciscanos.org.br\/carisma\/wp-json\/wp\/v2\/media?parent=29213"}],"wp:term":[{"taxonomy":"category","embeddable":true,"href":"https:\/\/franciscanos.org.br\/carisma\/wp-json\/wp\/v2\/categories?post=29213"},{"taxonomy":"post_tag","embeddable":true,"href":"https:\/\/franciscanos.org.br\/carisma\/wp-json\/wp\/v2\/tags?post=29213"}],"curies":[{"name":"wp","href":"https:\/\/api.w.org\/{rel}","templated":true}]}}