{"id":27723,"date":"2012-11-19T06:32:40","date_gmt":"2012-11-19T08:32:40","guid":{"rendered":"http:\/\/new.franciscanos.org.br\/?p=27723"},"modified":"2012-11-19T06:32:40","modified_gmt":"2012-11-19T08:32:40","slug":"casamento-e-familia","status":"publish","type":"post","link":"https:\/\/franciscanos.org.br\/carisma\/casamento-e-familia.html","title":{"rendered":"Casamento e Fam\u00edlia"},"content":{"rendered":"<h2><strong>Fam\u00edlia: luzes e sombras<\/strong><\/h2>\n<blockquote><p><em><a href=\"http:\/\/franciscanos.org.br\/wp-content\/uploads\/2012\/11\/familia_pai.jpg\"><img loading=\"lazy\" class=\"alignright size-full wp-image-28716\" title=\"Fam\u00edlia\" src=\"http:\/\/franciscanos.org.br\/wp-content\/uploads\/2012\/11\/familia_pai.jpg\" alt=\"\" width=\"350\" height=\"370\" \/><\/a>O Cap\u00edtulo Ordin\u00e1rio Nacional da OFS, realizado em Bras\u00edlia de\u00a0 24 a 26 de agosto de 2012,\u00a0 determinou que\u00a0 o tema da fam\u00edlia fosse \u00a0uma das prioridades do tri\u00eanio\u00a0 2012-2015.\u00a0 Assim lemos no\u00a0 Documento Final:\u00a0<\/em><\/p>\n<div>\n<p><span style=\"text-decoration: underline;\">Evangeliza\u00e7\u00e3o da Fam\u00edlia<\/span><\/p>\n<p>Tendo em vista as profundas transforma\u00e7\u00f5es sociais, culturais, religiosas pelas quais passam as fam\u00edlias, e porque o XIII Cap\u00edtulo Geral da OFS escolheu como uma de duas prioridades a \u201cfam\u00edlia\u201d, queremos priorizar a <em>Evangeliza\u00e7\u00e3o da Fam\u00edlia<\/em> neste tri\u00eanio.\u00a0 Estrat\u00e9gias: publica\u00e7\u00e3o de temas na revista &#8220;Paz e Bem&#8221; para estudo e reflex\u00e3o; elaborar subs\u00eddios para os Regionais, para que consagrem um ano de estudos sobre a fam\u00edlia, com temas como: Luzes e sombras sobre a fam\u00edlia; a constru\u00e7\u00e3o do casal; o sacramento do matrim\u00f4nio;\u00a0 Igreja dom\u00e9stica; princ\u00edpios para a educa\u00e7\u00e3o; vi\u00favos, doentes e casos especiais, uma fam\u00edlia franciscana e outros.<\/p>\n<p><strong>Pensamento de abertura<\/strong><\/p>\n<\/div>\n<\/blockquote>\n<div>\n<blockquote><p>Somos marcados pelo olhar prof\u00e9tico que nos lan\u00e7aram em pequenos, como a maldi\u00e7\u00e3o ou a b\u00ean\u00e7\u00e3o\u00a0 das fadas nos contos infantis. Os dram\u00e1ticos ou tr\u00e1gicos personagens que inventei em meus romances foram frutos de fam\u00edlias particularmente doentes onde imperavam o desamor, a hipocrisia e o isolamento. \u00c0s vezes eram inibidos pela impossibilidade de manifestar afetos \u2013 que murchavam sem serem exercidos. Se viver sozinho j\u00e1 \u00e9 duro, viver em fam\u00edlia pode ser onerado e oneroso. Sofremos com a precariedade dos la\u00e7os amorosos. Sofremos com a\u00a0 falta de dinheiro e de tempo. Sofremos com a necessidade de suprir cada vez mais os mandatos do consumo. Sofremos com o pouco espa\u00e7o para o di\u00e1logo, ternura, solidariedade dentro da pr\u00f3pria casa. Principalmente n\u00e3o temos tempo ou disponibilidade para o natural exerc\u00edcio da alegria do afeto\u00a0 (<em>Lya Lutf, in Perdas e Ganhos, Record,\u00a0 p.25<\/em>)<\/p><\/blockquote>\n<p><strong>1.<\/strong> A fam\u00edlia \u00e9 um assunto \u201cquente\u201d em nossos dias. Apesar de todas as profecias anunciando sua extin\u00e7\u00e3o, a experi\u00eancia mostra que sua sobreviv\u00eancia est\u00e1 garantida. Ela continua sendo a c\u00e9lula fundamental da sociedade e, no plano da f\u00e9, a Igreja dom\u00e9stica. Realidade viva, ela est\u00e1 sujeita \u00e0s transforma\u00e7\u00f5es sociais, hist\u00f3ricas, religiosas\u00a0 e culturais. Xavier Lacroix,\u00a0 leigo franc\u00eas,\u00a0 na Introdu\u00e7\u00e3o de uma de suas obras sobre o tema, escreve:\u00a0 \u201cComo vai a fam\u00edlia? Sociologicamente falando de maneira muito contrastante. De um lado nossos contempor\u00e2neos continuam atribuindo muito valor aos la\u00e7os familiares: a fam\u00edlia \u00e9 dos primeiros lugares de solidariedade, os la\u00e7os entre as gera\u00e7\u00f5es permanecem, as refei\u00e7\u00f5es em torno da mesa permanecem imagens chaves da felicidade. De outro lado, no entanto, os la\u00e7os se desfazem, frequentes as rupturas conjugais e com elas a aus\u00eancia dos dois genitores, do pai\u00a0 <em>e<\/em> da m\u00e3e.\u00a0 As fam\u00edlias se dispersam, se decomp\u00f5em e se recomp\u00f5em. A fam\u00edlia \u00e9 percebida mais como uma nebulosa de relacionamentos afetivos do que como princ\u00edpio de estabilidade, de uma forma definida, em uma palavra, uma institui\u00e7\u00e3o\u201d (<em>Xavier Lacroix, De la chair et de la parole. Fonder la famille, Bayard, Paris 2007, p. 9<\/em>). N\u00e3o se duvida de sua import\u00e2ncia.\u00a0 A quest\u00e3o \u00e9 sempre esta: como construir um casamento e uma fam\u00edlia com s\u00f3lidos fundamentos? Por a\u00ed vai o sentido dessa prioridade da OFS em termos internacionais e em nosso caso da OFS do Brasil. Queremos fortalecer nossas fam\u00edlias\u00a0 e\u00a0 preparar os franciscanos para agirem na pastoral familiar. Temos o desejo de que um bom n\u00famero de casados ingressem em nossa fam\u00edlia secular.<\/p>\n<\/div>\n<p>&nbsp;<\/p>\n<p><strong>2.<\/strong> Diga-se logo: a OFS n\u00e3o \u00e9 feita primordialmente para o casal ou para a fam\u00edlia. \u00c9 escola de santidade para todos indistintamente. \u00c9 sempre, no entanto, \u00a0enriquecedor\u00a0 para os irm\u00e3os e para a Fraternidade quando alguns casais ingressam na Ordem. Na busca da santidade franciscana, muitos irm\u00e3os e irm\u00e3s casados n\u00e3o contam com a ajuda do parceiro(a).\u00a0 H\u00e1 mesmo c\u00f4njuges que apenas <em>toleram<\/em> a perten\u00e7a do outro a um grupo como o da OFS, sem apoiar. Bom seria se marido e mulher pudessem crescer juntos conjugal e franciscanamente. \u00a0Normal e urgente que os franciscanos seculares\u00a0 reflitam sobre as transforma\u00e7\u00f5es da fam\u00edlia para serem casais mais santos e melhores educadores de seus filhos. Os franciscanos, seguidores do Evangelho, haver\u00e3o de evangelizar o mundo atrav\u00e9s do testemunho de um casamento belo e simples, feito de alegria e de cores franciscanas. Ser\u00e1 de bom alvitre que nossas Fraternidades sejam lugar de encontro dos membros de nossas e de outras fam\u00edlias.\u00a0 As reuni\u00f5es festivas precisar\u00e3o ter a presen\u00e7a de filhos, netos, parentes. Elas dever\u00e3o ser espa\u00e7os onde as fam\u00edlias \u00a0possam se sentir \u00e0 vontade, como se fosse sua p\u00e1tria&#8230;<\/p>\n<p><strong>3.<\/strong> Quando queremos refletir sobre o tema da fam\u00edlia, conv\u00e9m ter diante dos olhos aquilo que a<em> Regra<\/em> fala a respeito do tema: \u201cEm sua fam\u00edlia vivam o esp\u00edrito franciscano da paz, da fidelidade e de respeito \u00e0 vida, esfor\u00e7ando-se por fazer dela um sinal de um mundo j\u00e1 renovado em Cristo. Os esposos, em particular, vivendo as gra\u00e7as do matrim\u00f4nio, testemunhem no mundo, o amor de Cristo por sua Igreja. Mediante\u00a0 uma educa\u00e7\u00e3o crist\u00e3 simples e aberta\u00a0 de seus filhos, atentos \u00e0 voca\u00e7\u00e3o de cada um, caminhem alegremente com eles em seu itiner\u00e1rio humano e espiritual\u201d ( n. 17).\u00a0\u00a0 Precisamos agora nos deter nas luzes e sombras que incidem sobre a realidade do casal e da fam\u00edlia.<br \/>\n<strong><\/strong><\/p>\n<p><strong>4.<\/strong>\u00a0<strong>Considera\u00e7\u00f5es gerais:\u00a0 <\/strong>Jo\u00e3o Paulo II escreveu uma frase que vai atravessando os tempos: \u201cO futuro da humanidade passa pela fam\u00edlia\u201d. A fam\u00edlia \u00e9 a primeira c\u00e9lula da sociedade, ber\u00e7o da humanidade, escola de humanismo e Igreja dom\u00e9stica. Trata-se de um pano de fundo de nossas exist\u00eancias. Nascemos, crescemos no seio de uma fam\u00edlia que deixamos\u00a0 para constituir uma nova fam\u00edlia. Realidade em constante transforma\u00e7\u00e3o, muda de cores como um camale\u00e3o. Uma coisa \u00e9 a fam\u00edlia somente com o casal, outra nos primeiros anos de casamento com a chegada dos filhos, com os filhos adolescentes, com os pais (av\u00f3s) com sa\u00fade ou sem sa\u00fade,\u00a0 depois das bodas de ouro de casamento.\u00a0 Deixamos nossa fam\u00edlia, constitu\u00edmos uma outra. De alguma forma continuamos ligados \u00e0 fam\u00edlia de origem. Entramos em contato tamb\u00e9m com a fam\u00edlia de origem de nosso c\u00f4njuge. Um emaranhado de relacionamentos! Fam\u00edlia de gente jovem, de idosos, ou \u00a0de idosos bem doentes, fam\u00edlia que administra os nascimentos \u00a0e a morte. Fam\u00edlia no batizado dos novos e no sepultamento dos idosos. Espa\u00e7o onde, as mais das vezes, fazemos nossa primeira experi\u00eancia de f\u00e9 e de descoberta de Jesus. H\u00e1 um momento em que as asas est\u00e3o fortes e os filhos precisam aprender a voar, a deixar o ninho para darem sua colabora\u00e7\u00e3o mais direta na constru\u00e7\u00e3o do mundo. Somos marcados por nossas\u00a0 experi\u00eancias familiares, sejam elas positivas\u00a0 ou traum\u00e1ticas.<\/p>\n<p><strong>5. Luzes<\/strong>:\u00a0 N\u00e3o podemos canonizar\u00a0 todos os modelos de fam\u00edlia do passado. Nem sempre as pessoas se sentiam amadas e promovidas. Muitas vezes ouvia-se a esta frase: \u201cfam\u00edlia \u00e9 apenas bom para\u00a0 fotografia\u201d, ou ent\u00e3o, \u201cfam\u00edlia \u00e9 uma camisa de for\u00e7a\u201d.<\/p>\n<blockquote><p>\u25cf\u00a0Sabemos que a mulher nem sempre foi respeitada e colocada em seu devido lugar: hoje vemos mulheres se realizando conjugal, maternalmente e profissionalmente. \u00a0Acontecia, por vezes, como que um ditatorialismo por parte do marido, n\u00e3o por m\u00e1 vontade mas porque era assim&#8230;\u00a0 O trabalho profissional da mulher vai colocar outros problemas. A fam\u00edlia \u00e9 menos discriminat\u00f3ria.\u00a0 Hoje, notamos o homem procurando sua nova identidade no seio do casal e da fam\u00edlias. As tarefas dom\u00e9sticas s\u00e3o divididas mais equitativamente. \u00a0Com as separa\u00e7\u00f5es, os homens aprendem a ser pais e m\u00e3es.<\/p>\n<p>\u25cf \u00a0Hoje, os filhos contam. Antigamente eram colocados no mundo e pronto.\u00a0 Por vezes, eram educados com muito rigor e corrigidos com surras. Hoje contam demais.\u00a0 Os pais evitam traumatiz\u00e1-los, fazem o imposs\u00edvel para que estudem, para que sejam bem-sucedidos. Procura-se respeitar a crian\u00e7a e fazer com que suas riquezas sejam descobertas e levadas em considera\u00e7\u00e3o. Talvez demais. Com o medo de traumatizar os filhos, n\u00e3o s\u00e3o preparados para o negativo da vida. S\u00e3o criados molemente.<\/p>\n<p>\u25cf \u00a0Tem-se a impress\u00e3o de que a fam\u00edlia est\u00e1 em estado de constru\u00e7\u00e3o. H\u00e1 mais\u00a0 conversa no sentido de se discutir a\u00a0 rela\u00e7\u00e3o.\u00a0 Movimentos de espiritualidade conjugal fazem com que casais aprendam a construir a conjugalidade.\u00a0 A fam\u00edlia \u00e9 hoje, deveria ser hoje, terra de di\u00e1logo e de compreens\u00e3o.\u00a0 Muitas vezes o \u00e9.<\/p>\n<p>\u25cf \u00a0Pode-se dizer que a tentativa da transmiss\u00e3o da f\u00e9 aos filhos se faz\u00a0 com menos imposi\u00e7\u00f5es e esquemas de\u00a0 \u201creligiosidade\u201d e\u00a0 mais na linha de uma proposta que respeita a liberdade. H\u00e1 fam\u00edlias que conseguem ser fam\u00edlias crist\u00e3s onde se respira o Evangelho.<\/p>\n<p>\u25cf\u00a0\u00a0Num mundo massificado e marcado pela\u00a0 comunica\u00e7\u00e3o mais ou menos impessoal, a\u00a0 fam\u00edlia foi se tornando mais do que nunca um lugar de afetividade.<\/p>\n<p>\u25cf \u00a0\u201cAs fam\u00edlias de hoje re\u00fanem pessoas de uma individualidade muito marcante\u00a0 que n\u00e3o concebem o casamento como no passado.\u00a0 A fam\u00edlia nascida\u00a0 desses casamentos, baseados na autonomia de cada um, na igualdade dos sexos e no equil\u00edbrio entre o que se d\u00e1 e o que se recebe, \u00e9 uma fam\u00edlia mais fr\u00e1gil, por natureza, mas cujas rela\u00e7\u00f5es s\u00e3o tamb\u00e9m mais profundas\u201d (<em>Ser fam\u00edlia na Igreja e no mundo,\u00a0 Equipes de Nossa Senhora,\u00a0 Vozes, 1993, p. 16<\/em>).<\/p><\/blockquote>\n<p><strong>6. Sombras<\/strong> : H\u00e1 muitos motivos de preocupa\u00e7\u00f5es no tocante \u00e0 fam\u00edlia.\u00a0 H\u00e1 sombras e regi\u00f5es obscuras que nos levam a pensar.<\/p>\n<blockquote><p>\u25cf \u00a0Resultados de pesquisas\u00a0 s\u00e9rias apontam para um grande numero de fam\u00edlias constitu\u00eddas apenas pela m\u00e3e e o filho (ou os filhos).\u00a0 Normalmente, a crian\u00e7a s\u00f3 pode nascer quando\u00a0 um homem e uma mulher se unem a partir de uma profundo bem-querer. Os filhos s\u00e3o fruto desse amor superabundante. Os filhos s\u00f3 podem nascer e crescer sob o olhar do pai e da m\u00e3e.<\/p>\n<p>\u25cf \u00a0Lembramos a quest\u00e3o da \u201cprodu\u00e7\u00e3o independente\u201d e do aborto como grandes sombras.<\/p>\n<p>\u25cf\u00a0Preocupa o fato de que muitos rapazes e mo\u00e7as, na realidade adolescentes, vivam experi\u00eancias de intimidade sexual muito precocemente desvinculando o verdadeiro amor da pr\u00e1tica da sexualidade.<\/p>\n<p>\u25cf \u00a0N\u00e3o \u00e9 normal que os casamentos durem t\u00e3o\u00a0 pouco tempo. H\u00e1 casais que n\u00e3o d\u00e3o tempo ao\u00a0 tempo, n\u00e3o esperam brotar as riquezas escondidas no parceiro e na parceira. Imaturamente se unem, imaturamente se separam, imaturamente se recasam.<\/p>\n<p>\u25cf \u00a0H\u00e1 ainda muita viol\u00eancia na fam\u00edlia: viol\u00eancia f\u00edsica contra os mais fracos, falta de respeito \u00e0 dignidade do outro, viol\u00eancia at\u00e9 mesmo porque n\u00e3o se educam os filhos e nem lhes \u00e9 proposta a f\u00e9 para a esta possam livremente aderir.<\/p>\n<p>\u25cf \u00a0Devido a diferentes raz\u00f5es,\u00a0 de modo particular\u00a0 ao trabalho excessivo dos esposos e estudo e atividades dos filhos, n\u00e3o h\u00e1 presen\u00e7a de vida a vida. N\u00e3o h\u00e1 encontros regulares entre os membros de uma fam\u00edlia. Os contatos se fazem pelo celular e pelo correio eletr\u00f4nico.\u00a0 N\u00e3o se come juntos, n\u00e3o se reza juntos, n\u00e3o se nutre o esp\u00edrito de fam\u00edlia.<\/p>\n<p>\u25cf\u00a0Alguns casais n\u00e3o sabem construir\u00a0 sua conjugalidade. Vivem\u00a0 juntos. Aos poucos, porque o amor n\u00e3o foi alimentado, se tornam estranhos uns aos outros.\u00a0 As rela\u00e7\u00f5es \u00edntimas s\u00e3o feitas meio eroticamente, espacejadas e n\u00e3o s\u00e3o realmente express\u00e3o de um bem-querer que abarque a vida.\u00a0 H\u00e1 necessidade de se\u00a0 cuidar de uma harmonia sexual.<\/p>\n<p>\u25cf Os pais n\u00e3o est\u00e3o preparando\u00a0 seus filhos para voarem com as pr\u00f3prias asas.\u00a0 Meninas e rapazes, j\u00e1 homens feitos, exercendo a profiss\u00e3o, mas morando em casa dos pais, mantendo relacionamento com parceiros sem casamento. Os pais \u201ctorcem\u201d para que os filhos se casem mais tarde. H\u00e1 esses homens e mulheres que\u00a0 passam a viver juntos sem casamento ou com casamento\u00a0 a partir dos 35 anos e excluem os filhos.<\/p>\n<p>\u25cf \u00a0N\u00e3o podemos deixar de mencionar\u00a0 a delicad\u00edssima situa\u00e7\u00e3o dos casamentos e da prole em certas camadas mais pobres e sem forma\u00e7\u00e3o humana. S\u00e3o colocados filhos no mundo e estes vivem ao deus dar\u00e1.\u00a0 Numa casa, a mulher re\u00fane filhos de mais de um parceiro. Muitos desses meninos e meninas, bem cedo, entram no mundo da contraven\u00e7\u00e3o, do roubo, do crime.\u00a0 As estat\u00edsticas dizem que s\u00e3o assassinados um grande n\u00famero de rapazes com menos de trinta anos.<\/p>\n<p>\u25cf \u00a0Vivemos um tempo com uma cultura marcada pelo individualismo, hedonismo, pelo prazer, cultura do provis\u00f3rio, do consumismo.\u00a0 Toda essa mentalidade \u00e9 contr\u00e1ria ao casamento e \u00e0 fam\u00edlia. O grande desafio que \u00e9 colocado diante dos pais \u00e9 precisamente este: educar para o amor e a solidariedade, para a vida familiar de doa\u00e7\u00e3o num conjunto de todos esses desvalores.<\/p>\n<p>\u25cf \u00a0Entre as sombras n\u00e3o podemos deixar de lembrar que os pais, primeiros catequistas dos filhos, t\u00eam a mente crivada de\u00a0 d\u00favidas e de inseguran\u00e7as. Acreditam mal. N\u00e3o conseguem transmitir.\u00a0 N\u00e3o sabem o que \u00e9 uma Igreja dom\u00e9stica.\u00a0 A inseguran\u00e7a dos pais na educa\u00e7\u00e3o e na forma\u00e7\u00e3o crist\u00e3 dos filhos \u00e9 not\u00f3ria.<\/p>\n<p>\u25cf \u00a0As pessoas vivem \u201cantenadas\u201d. N\u00e3o querem pensar. M\u00fasica, celular, internet&#8230; agita\u00e7\u00e3o interna e externa.\u00a0 Ningu\u00e9m visita seu interior. Tudo \u00e9 feito por fazer, para ganhar dinheiro, para ter lucro, para aproveitar a vida.\u00a0 As pessoas crescem sem terem adquirido uma certa maturidade.\u00a0 Tudo \u00e9 barulho.\u00a0 Barulho em casa, barulho\u00a0 nas celebra\u00e7\u00f5es, barulho que dopa e\u00a0 tonteiam as pessoas.\u00a0 N\u00e3o podemos nos deixar educar\u00a0 pela televis\u00e3o.\u00a0\u00a0 Precisamos pensar, discernir, escolher.<\/p><\/blockquote>\n<p><strong>Concluindo sem concluir<\/strong><\/p>\n<p>Eis alguns aspectos da vida do casal e da fam\u00edlia com luzes e com sombras. S\u00e3o apenas alguns. Importante ver as coisas com lucidez. A partir de uma vis\u00e3o realista\u00a0 podemos construir o novo.\u00a0 Nada de saudosismo, de\u00a0 querer refazer uma fam\u00edlia do passado.\u00a0 Nada de adotar as fantasias de hoje.\u00a0 Ser\u00e1 preciso\u00a0 criar o novo e, n\u00f3s, crist\u00e3os, empenhar-nos-emos em\u00a0 evangelizar a fam\u00edlia, sem pieguice: criar o casal, educar de maneira nova,\u00a0 rever nosso modo de viver a f\u00e9, construir uma fam\u00edlia franciscana.<\/p>\n<p><strong>Textos para a\u00a0 reflex\u00e3o<\/strong><\/p>\n<p><strong>1.<\/strong> \u201cAntigamente a fam\u00edlia corria o perigo de anular a personalidade individual para preservar o bem da entidade familiar. Nos nossos dias, a fam\u00edlia enfrenta o perigo do individualismo. Jur\u00eddica e economicamente, o indiv\u00edduo\u00a0 \u00e9 mais privilegiado que a fam\u00edlia.\u00a0 Os meios de comunica\u00e7\u00e3o\u00a0 exaltam o her\u00f3i solit\u00e1rio. Os valores oferecidos s\u00e3o individuais (criatividade, profissionalismo, etc ) ou ent\u00e3o universais (pacifismo, ecologia etc.).\u00a0 As biografias dos grandes homens raramente mostram, de maneira clara,\u00a0 que toda realiza\u00e7\u00e3o\u00a0 pessoal tem seu ponto de partida num fato familiar. Hoje, ap\u00f3s termos cantado os louvores do individualismo para\u00a0 libertar o homem do jugo dos la\u00e7os sociais, este mesmo homem est\u00e1 arriscado a se ver fechado\u00a0 numa pris\u00e3o ainda mais insuport\u00e1vel: a solid\u00e3o\u201d (<em>Ser fam\u00edlia&#8230;op.cit, p. 17<\/em>).<\/p>\n<p><strong>2.<\/strong> \u201cConheci a educa\u00e7\u00e3o pelo terror\u00a0 que imperava antigamente (antes que os conhecimentos de psicologia nos ensinassem a sermos menos cru\u00e9is) at\u00e9 em fam\u00edlias estruturadas e funcionais:<em> Se voc\u00ea\u00a0 engolir as sementes, essa noite vai nascer uma \u00e1rvore na sua barriga;\u00a0 se voc\u00ea mentir seu nariz vai crescer e vem pol\u00edcia cortar com uma tesoura enorme;\u00a0 se voc\u00ea comer fruta sem lavar, vai ficar com a barriga cheia de vermes horr\u00edveis&#8230;<\/em> Hoje\u00a0 ca\u00edmos\u00a0 no outro extremo. Pais at\u00f4nitos com a invas\u00e3o do psicologismo f\u00e1cil e nem sempre consistente receiam impor limites aos filhos para que n\u00e3o fiquem traumatizados. Pais inseguros ou desinformados levam os filhos aos mais variados especialistas para tratamento nem sempre necess\u00e1rios e\u00a0 oportunos.\u00a0 Sei de pais que procuram a emerg\u00eancia de um hospital para que as enfermeiras cortem as unhas de um beb\u00ea,\u00a0 ou me\u00e7am a temperatura simplesmente \u201choje eu achei ele meio quentinho\u201d\u00a0 (&#8230;).\u00a0 A psicologia ajuda a entender e aliviar a personalidade. Assim, a escola, a creche, o jardim de inf\u00e2ncia n\u00e3o s\u00e3o lar nem fam\u00edlia, as professoras\u00a0 n\u00e3o s\u00e3o m\u00e3es e tias, e n\u00e3o se deveriam incumbir esses terceiros, por mais dignos e respeit\u00e1veis que sejam, dos deveres do nosso cora\u00e7\u00e3o.\u00a0 Que deveres s\u00e3o esses?\u00a0 Abrir um espa\u00e7o de ternura no cotidiano apressado e dif\u00edcil, eventualmente cruel. Deixar aberta a porta do di\u00e1logos n\u00e3o convencionais, com hora marcada, mas no fluxo habitual do interesse e do carinho. Amor em fam\u00edlia \u00e9 uma arte, um malabarismo, por vezes um hero\u00edsmo. Essencial como o ar que respirarmos\u201d ( <em>\u00a0Lya Luft,\u00a0 Perdas e Ganhos, op.cit,\u00a0 p. 46-47<\/em>).<\/p>\n<p><strong>Quest\u00f5es para \u00a0c\u00edrculos de estudo:<\/strong><\/p>\n<p><strong>\u00a01.<\/strong> O que mais chamou sua aten\u00e7\u00e3o no texto?<\/p>\n<p><strong>2.<\/strong> Al\u00e9m das luzes sobre a fam\u00edlia acima descritas, o que mais ainda gostariam de destacar como elementos \u00a0positivos da fam\u00edlia hoje?<\/p>\n<p><strong>3.<\/strong> O que mais preocupa \u00a0no elenco das sombras?\u00a0 Que outras acrescentariam?<\/p>\n<p><strong>4.<\/strong> Espontaneamente procurar mostrar dois ou tr\u00eas caminhos para que a\u00a0\u00a0 fam\u00edlia\u00a0 venha a ganhar um novo lugar na\u00a0 Igreja e no mundo.<\/p>\n<p><strong>Frei Almir Ribeiro Guimar\u00e3es<\/strong><\/p>\n","protected":false},"excerpt":{"rendered":"<p>OFS<\/p>\n","protected":false},"author":1,"featured_media":174768,"comment_status":"closed","ping_status":"closed","sticky":false,"template":"","format":"standard","meta":[],"categories":[14],"tags":[54],"yoast_head":"<!-- This site is optimized with the Yoast SEO plugin v19.2 - https:\/\/yoast.com\/wordpress\/plugins\/seo\/ -->\n<title>Casamento e Fam\u00edlia - Carisma - Franciscanos<\/title>\n<meta name=\"robots\" content=\"index, follow, max-snippet:-1, max-image-preview:large, max-video-preview:-1\" \/>\n<link rel=\"canonical\" href=\"https:\/\/franciscanos.org.br\/carisma\/casamento-e-familia.html\" \/>\n<meta property=\"og:locale\" content=\"pt_BR\" \/>\n<meta property=\"og:type\" content=\"article\" \/>\n<meta property=\"og:title\" content=\"Casamento e Fam\u00edlia - Carisma - Franciscanos\" \/>\n<meta property=\"og:description\" content=\"OFS\" \/>\n<meta property=\"og:url\" content=\"https:\/\/franciscanos.org.br\/carisma\/casamento-e-familia.html\" \/>\n<meta property=\"og:site_name\" content=\"Carisma - Franciscanos\" \/>\n<meta property=\"article:published_time\" content=\"2012-11-19T08:32:40+00:00\" \/>\n<meta property=\"og:image\" content=\"https:\/\/franciscanos.org.br\/carisma\/wp-content\/uploads\/2018\/10\/familia_pai.jpg\" \/>\n\t<meta property=\"og:image:width\" content=\"350\" \/>\n\t<meta property=\"og:image:height\" content=\"370\" \/>\n\t<meta property=\"og:image:type\" content=\"image\/jpeg\" \/>\n<meta name=\"author\" content=\"admin\" \/>\n<meta name=\"twitter:card\" content=\"summary_large_image\" \/>\n<meta name=\"twitter:label1\" content=\"Escrito por\" \/>\n\t<meta name=\"twitter:data1\" content=\"admin\" \/>\n\t<meta name=\"twitter:label2\" content=\"Est. tempo de leitura\" \/>\n\t<meta name=\"twitter:data2\" content=\"15 minutos\" \/>\n<script type=\"application\/ld+json\" class=\"yoast-schema-graph\">{\"@context\":\"https:\/\/schema.org\",\"@graph\":[{\"@type\":\"WebSite\",\"@id\":\"https:\/\/franciscanos.org.br\/carisma\/#website\",\"url\":\"https:\/\/franciscanos.org.br\/carisma\/\",\"name\":\"Carisma - Franciscanos\",\"description\":\"Prov\u00edncia Franciscana da Imaculada Concei\u00e7\u00e3o do Brasil - Ordem dos Frades Menores\",\"potentialAction\":[{\"@type\":\"SearchAction\",\"target\":{\"@type\":\"EntryPoint\",\"urlTemplate\":\"https:\/\/franciscanos.org.br\/carisma\/?s={search_term_string}\"},\"query-input\":\"required name=search_term_string\"}],\"inLanguage\":\"pt-BR\"},{\"@type\":\"ImageObject\",\"inLanguage\":\"pt-BR\",\"@id\":\"https:\/\/franciscanos.org.br\/carisma\/casamento-e-familia.html#primaryimage\",\"url\":\"https:\/\/franciscanos.org.br\/carisma\/wp-content\/uploads\/2018\/10\/familia_pai.jpg\",\"contentUrl\":\"https:\/\/franciscanos.org.br\/carisma\/wp-content\/uploads\/2018\/10\/familia_pai.jpg\",\"width\":350,\"height\":370},{\"@type\":\"WebPage\",\"@id\":\"https:\/\/franciscanos.org.br\/carisma\/casamento-e-familia.html#webpage\",\"url\":\"https:\/\/franciscanos.org.br\/carisma\/casamento-e-familia.html\",\"name\":\"Casamento e Fam\u00edlia - Carisma - Franciscanos\",\"isPartOf\":{\"@id\":\"https:\/\/franciscanos.org.br\/carisma\/#website\"},\"primaryImageOfPage\":{\"@id\":\"https:\/\/franciscanos.org.br\/carisma\/casamento-e-familia.html#primaryimage\"},\"datePublished\":\"2012-11-19T08:32:40+00:00\",\"dateModified\":\"2012-11-19T08:32:40+00:00\",\"author\":{\"@id\":\"https:\/\/franciscanos.org.br\/carisma\/#\/schema\/person\/e352342a457f086dc6152f9c73a3d093\"},\"breadcrumb\":{\"@id\":\"https:\/\/franciscanos.org.br\/carisma\/casamento-e-familia.html#breadcrumb\"},\"inLanguage\":\"pt-BR\",\"potentialAction\":[{\"@type\":\"ReadAction\",\"target\":[\"https:\/\/franciscanos.org.br\/carisma\/casamento-e-familia.html\"]}]},{\"@type\":\"BreadcrumbList\",\"@id\":\"https:\/\/franciscanos.org.br\/carisma\/casamento-e-familia.html#breadcrumb\",\"itemListElement\":[{\"@type\":\"ListItem\",\"position\":1,\"name\":\"Home\",\"item\":\"https:\/\/franciscanos.org.br\/carisma\"},{\"@type\":\"ListItem\",\"position\":2,\"name\":\"Casamento e Fam\u00edlia\"}]},{\"@type\":\"Person\",\"@id\":\"https:\/\/franciscanos.org.br\/carisma\/#\/schema\/person\/e352342a457f086dc6152f9c73a3d093\",\"name\":\"admin\",\"image\":{\"@type\":\"ImageObject\",\"inLanguage\":\"pt-BR\",\"@id\":\"https:\/\/franciscanos.org.br\/carisma\/#\/schema\/person\/image\/\",\"url\":\"https:\/\/secure.gravatar.com\/avatar\/e8495742d34d0ba6448ea1c628263b3e?s=96&d=mm&r=g\",\"contentUrl\":\"https:\/\/secure.gravatar.com\/avatar\/e8495742d34d0ba6448ea1c628263b3e?s=96&d=mm&r=g\",\"caption\":\"admin\"},\"url\":\"https:\/\/franciscanos.org.br\/carisma\/author\/admin\"}]}<\/script>\n<!-- \/ Yoast SEO plugin. -->","yoast_head_json":{"title":"Casamento e Fam\u00edlia - Carisma - Franciscanos","robots":{"index":"index","follow":"follow","max-snippet":"max-snippet:-1","max-image-preview":"max-image-preview:large","max-video-preview":"max-video-preview:-1"},"canonical":"https:\/\/franciscanos.org.br\/carisma\/casamento-e-familia.html","og_locale":"pt_BR","og_type":"article","og_title":"Casamento e Fam\u00edlia - Carisma - Franciscanos","og_description":"OFS","og_url":"https:\/\/franciscanos.org.br\/carisma\/casamento-e-familia.html","og_site_name":"Carisma - Franciscanos","article_published_time":"2012-11-19T08:32:40+00:00","og_image":[{"width":350,"height":370,"url":"https:\/\/franciscanos.org.br\/carisma\/wp-content\/uploads\/2018\/10\/familia_pai.jpg","type":"image\/jpeg"}],"author":"admin","twitter_card":"summary_large_image","twitter_misc":{"Escrito por":"admin","Est. tempo de leitura":"15 minutos"},"schema":{"@context":"https:\/\/schema.org","@graph":[{"@type":"WebSite","@id":"https:\/\/franciscanos.org.br\/carisma\/#website","url":"https:\/\/franciscanos.org.br\/carisma\/","name":"Carisma - Franciscanos","description":"Prov\u00edncia Franciscana da Imaculada Concei\u00e7\u00e3o do Brasil - Ordem dos Frades Menores","potentialAction":[{"@type":"SearchAction","target":{"@type":"EntryPoint","urlTemplate":"https:\/\/franciscanos.org.br\/carisma\/?s={search_term_string}"},"query-input":"required name=search_term_string"}],"inLanguage":"pt-BR"},{"@type":"ImageObject","inLanguage":"pt-BR","@id":"https:\/\/franciscanos.org.br\/carisma\/casamento-e-familia.html#primaryimage","url":"https:\/\/franciscanos.org.br\/carisma\/wp-content\/uploads\/2018\/10\/familia_pai.jpg","contentUrl":"https:\/\/franciscanos.org.br\/carisma\/wp-content\/uploads\/2018\/10\/familia_pai.jpg","width":350,"height":370},{"@type":"WebPage","@id":"https:\/\/franciscanos.org.br\/carisma\/casamento-e-familia.html#webpage","url":"https:\/\/franciscanos.org.br\/carisma\/casamento-e-familia.html","name":"Casamento e Fam\u00edlia - Carisma - Franciscanos","isPartOf":{"@id":"https:\/\/franciscanos.org.br\/carisma\/#website"},"primaryImageOfPage":{"@id":"https:\/\/franciscanos.org.br\/carisma\/casamento-e-familia.html#primaryimage"},"datePublished":"2012-11-19T08:32:40+00:00","dateModified":"2012-11-19T08:32:40+00:00","author":{"@id":"https:\/\/franciscanos.org.br\/carisma\/#\/schema\/person\/e352342a457f086dc6152f9c73a3d093"},"breadcrumb":{"@id":"https:\/\/franciscanos.org.br\/carisma\/casamento-e-familia.html#breadcrumb"},"inLanguage":"pt-BR","potentialAction":[{"@type":"ReadAction","target":["https:\/\/franciscanos.org.br\/carisma\/casamento-e-familia.html"]}]},{"@type":"BreadcrumbList","@id":"https:\/\/franciscanos.org.br\/carisma\/casamento-e-familia.html#breadcrumb","itemListElement":[{"@type":"ListItem","position":1,"name":"Home","item":"https:\/\/franciscanos.org.br\/carisma"},{"@type":"ListItem","position":2,"name":"Casamento e Fam\u00edlia"}]},{"@type":"Person","@id":"https:\/\/franciscanos.org.br\/carisma\/#\/schema\/person\/e352342a457f086dc6152f9c73a3d093","name":"admin","image":{"@type":"ImageObject","inLanguage":"pt-BR","@id":"https:\/\/franciscanos.org.br\/carisma\/#\/schema\/person\/image\/","url":"https:\/\/secure.gravatar.com\/avatar\/e8495742d34d0ba6448ea1c628263b3e?s=96&d=mm&r=g","contentUrl":"https:\/\/secure.gravatar.com\/avatar\/e8495742d34d0ba6448ea1c628263b3e?s=96&d=mm&r=g","caption":"admin"},"url":"https:\/\/franciscanos.org.br\/carisma\/author\/admin"}]}},"_links":{"self":[{"href":"https:\/\/franciscanos.org.br\/carisma\/wp-json\/wp\/v2\/posts\/27723"}],"collection":[{"href":"https:\/\/franciscanos.org.br\/carisma\/wp-json\/wp\/v2\/posts"}],"about":[{"href":"https:\/\/franciscanos.org.br\/carisma\/wp-json\/wp\/v2\/types\/post"}],"author":[{"embeddable":true,"href":"https:\/\/franciscanos.org.br\/carisma\/wp-json\/wp\/v2\/users\/1"}],"replies":[{"embeddable":true,"href":"https:\/\/franciscanos.org.br\/carisma\/wp-json\/wp\/v2\/comments?post=27723"}],"version-history":[{"count":0,"href":"https:\/\/franciscanos.org.br\/carisma\/wp-json\/wp\/v2\/posts\/27723\/revisions"}],"wp:featuredmedia":[{"embeddable":true,"href":"https:\/\/franciscanos.org.br\/carisma\/wp-json\/wp\/v2\/media\/174768"}],"wp:attachment":[{"href":"https:\/\/franciscanos.org.br\/carisma\/wp-json\/wp\/v2\/media?parent=27723"}],"wp:term":[{"taxonomy":"category","embeddable":true,"href":"https:\/\/franciscanos.org.br\/carisma\/wp-json\/wp\/v2\/categories?post=27723"},{"taxonomy":"post_tag","embeddable":true,"href":"https:\/\/franciscanos.org.br\/carisma\/wp-json\/wp\/v2\/tags?post=27723"}],"curies":[{"name":"wp","href":"https:\/\/api.w.org\/{rel}","templated":true}]}}