{"id":21751,"date":"2012-08-07T09:29:21","date_gmt":"2012-08-07T12:29:21","guid":{"rendered":"http:\/\/new.franciscanos.org.br\/?p=21751"},"modified":"2019-08-06T15:20:55","modified_gmt":"2019-08-06T18:20:55","slug":"clara-quais-os-desejos-de-teu-coracao-2","status":"publish","type":"post","link":"https:\/\/franciscanos.org.br\/carisma\/clara-quais-os-desejos-de-teu-coracao-2.html","title":{"rendered":"Clara, quais os desejos de teu cora\u00e7\u00e3o?"},"content":{"rendered":"<p><img loading=\"lazy\" class=\"alignnone size-full wp-image-176249\" src=\"https:\/\/franciscanos.org.br\/carisma\/wp-content\/uploads\/2012\/08\/desejos.jpg\" alt=\"\" width=\"840\" height=\"445\" srcset=\"https:\/\/franciscanos.org.br\/carisma\/wp-content\/uploads\/2012\/08\/desejos.jpg 840w, https:\/\/franciscanos.org.br\/carisma\/wp-content\/uploads\/2012\/08\/desejos-450x238.jpg 450w, https:\/\/franciscanos.org.br\/carisma\/wp-content\/uploads\/2012\/08\/desejos-768x407.jpg 768w, https:\/\/franciscanos.org.br\/carisma\/wp-content\/uploads\/2012\/08\/desejos-150x79.jpg 150w\" sizes=\"(max-width: 840px) 100vw, 840px\" \/><\/p>\n<blockquote><p><em>Durante muitos meses, nesse site, num sem n\u00famero de textos, procuramos penetrar o mist\u00e9rio do \u00a0cora\u00e7\u00e3o da mulher de Assis. Clara \u00e9 descoberta recente. N\u00f3s, franciscanos, da metade do s\u00e9culo passado tivemos poucas informa\u00e7\u00f5es a respeito dessa figura \u00edmpar, membro de nossa fam\u00edlia espiritual. Com a descoberta das fontes clarianas foram se multiplicando estudos, biografias sobre essa que se autodenominava\u00a0 de \u201cplantinha do Ser\u00e1fico Pai&#8221;.\u00a0 O que andou emergindo do cora\u00e7\u00e3o de Clara?\u00a0 Quais eram as preocupa\u00e7\u00f5es e os desejos de seu cora\u00e7\u00e3o?<\/em><\/p><\/blockquote>\n<p><strong>Por Frei Almir Ribeiro Guimar\u00e3es<\/strong><\/p>\n<p><strong>1.<\/strong>\u00a0Conhecemos bem aquilo que perpassa toda a vida de Clara, que se faz presente em seus escritos, que lhe d\u00e1 alegria e provoca sofrimentos e apreens\u00f5es.\u00a0<em>Trata-se da pobreza.<\/em>\u00a0N\u00e3o de uma pobreza qualquer, mas de uma pobreza encarnada, personificada, a pobreza do Crucificado pobre que se fez pobre por amor. O primeiro e fundamental desejo que emerge do cora\u00e7\u00e3o de Clara \u00e9 nunca afastar-se do Esposo pobre. Esta s\u00faplica que ela \u00a0faz \u00e0s irm\u00e3s em seus\u00a0 Escritos. Pelo exemplo e pela palavra de Francisco, Clara foi se tornando apaixonada pela pobreza do Verbo. Tal paix\u00e3o faz dela uma orante com o rosto transfigurado, uma serva humilde das irm\u00e3s e mulher corajosa que enfrenta o Papa quando este quer lhe permitir o possuir bens.\u00a0<em>Clara \u00e9 uma apaixonada pelo Cristo pobre.<\/em><strong>\u00a0<\/strong>Nosso mundo \u00e9 marcado pelo frenesi do consumismo. Na\u00e7\u00f5es desmoronam com crises econ\u00f4micas, mas o dinheiro n\u00e3o pode ser o centro de todos os interesses.\u00a0 Os governos caem por causa da crise financeira. Compreendemos que a economia precise funcionar, faz parte das exig\u00eancias da sociedade de consumo e capitalista. Aos poucos, no entanto, as pessoas mais sens\u00edveis que andam visitando o seu interior, v\u00e3o se dando conta que nos tornamos escravos da sociedade do dinheiro, da for\u00e7a, do consumo, do sup\u00e9rfluo, do poder. Quando Clara abra\u00e7a o Cristo pobre e vive a alegria das n\u00fapcias, com Ele<em>\u00a0mostra \u00e0 Igreja onde est\u00e3o as coisas essenciais.<\/em><\/p>\n<p><strong>2.<\/strong><em>\u00a0Clara \u00e9 a mulher do essencial e da autenticidade<\/em>. Algumas pr\u00e1ticas asc\u00e9ticas de Clara, feitas com exagero, n\u00e3o precisam ser imitadas. Mas, em sua forma de viver o Evangelho encontramos elementos muitos v\u00e1lidos para nossos dias, n\u00e3o somente para\u00a0 as irm\u00e3s clarissas, mas para todos os crist\u00e3os. Lembramos alguns deles:\u00a0 fidelidade \u00e0 voca\u00e7\u00e3o recebida, sua autenticidade e a preocupa\u00e7\u00e3o de centrar-se sempre no essencial. Num mundo marcado pelo relativismo, pelo ef\u00eamero, pela dispers\u00e3o, quando o que conta s\u00e3o apar\u00eancias, pela busca do protagonismo espiritual do individuo a mensagem de Clara pode nos fazer voltar ao primeiro amor. Os crist\u00e3os, de modo particular os religiosos, precisam voltar ao centro e n\u00e3o seguir modas e modismos. E qual \u00e9 o essencial para Clara? \u00c9 seguir o caminho do Cristo pobre e crucificado e nele colocar todo seu ser e suas for\u00e7as. Clara, na busca do essencial, faz a op\u00e7\u00e3o pela desapropria\u00e7\u00e3o, deixar todo estorvo que a impe\u00e7a de estar radicada no centro, no seu espelho, Cristo pobre. Sua op\u00e7\u00e3o pela contempla\u00e7\u00e3o e pela uni\u00e3o esponsal com Cristo v\u00e3o nesta linha. Trata-se de viver em Cristo, a Ele unida, para poder reinar com Ele. Para Clara viver pobremente n\u00e3o \u00e9 somente car\u00eancia de coisas, mas entrega ao servi\u00e7o de Deus e dos irm\u00e3os. O servi\u00e7o prestado \u00e0s irm\u00e3s, sua ora\u00e7\u00e3o por todos os homens, \u00a0sobretudo os mais necessitados, tem como pano de fundo a pobreza. A vida das irm\u00e3s era sustentar os membros fr\u00e1geis da Igreja. Ainda hoje, \u00a0a ora\u00e7\u00e3o dessas mulheres aut\u00eanticas ajudam a Igreja a viver. N\u00e3o \u00e9 necess\u00e1rio insistir sobre a autenticidade de Clara. Ela afastava todo subterf\u00fagio, todas as propostas para levar uma vida menos evang\u00e9lica. Foi a mulher corajosa.<\/p>\n<p><strong>3.<\/strong>\u00a0Por vezes lamentamos um cristianismo formal vivido por muitos, queixamo-nos da frieza da vida paroquial.\u00a0 Questionamos formas de vida consagrada, sem el\u00e3, nem ardor, sem a seiva do Evangelho.<em>\u00a0Clara \u00e9 a mulher evang\u00e9lica<\/em>. A Palavra de Deus atravessa todos os seus Escritos , marcando-os de maneira indel\u00e9vel. Seu compulsar do Evangelho n\u00e3o se limitava a uma leitura material- literal, mas de tal modo era feita que, inspirada pelo Esp\u00edrito, marcava o cotidiano.\u00a0 Ouvimos dizer que precisamos voltar ao Evangelho, Evangelho\u00a0 for\u00e7a,\u00a0 Evangelho\u00a0 Jesus Cristo presente entre n\u00f3s. Os religiosos, quase de madrugada, rezam o of\u00edcio, penetram no sil\u00eancio, escutam a Palavra, celebram a Eucaristia e depois v\u00e3o pelo mundo&#8230;. E o Evangelho penetra de tal forma a vida desses religiosos que agem evangelicamente. A falta de um carinho pelo Evangelho n\u00e3o seria a explica\u00e7\u00e3o de tantas vidas religiosas sem gosto, sem sal? N\u00e3o se trata de qualquer retorno ao texto. Trata-se\u00a0 de pessoas perplexas e\u00a0 perdidas que se deixam\u00a0 renovar pelo Evangelho. Clara foi uma mulher do Evangelho. Para obedecer \u00e0 Palavra, para encarn\u00e1-la aqui e agora ser\u00e1 preciso que todas as dimens\u00f5es da pessoa sejam atingidas: sentimentos, intelig\u00eancia, mem\u00f3ria e vontade. No sil\u00eancio de S\u00e3o Dami\u00e3o, em vidas que buscavam\u00a0 o essencial, a Palavra podia ressoar.<\/p>\n<p><strong>4.<\/strong><em>\u00a0Clara \u00e9 mestra de vida.<\/em>\u00a0Neste\u00a0 t\u00f3pico, seguimos as reflex\u00f5es de Irm\u00e3\u00a0 Maria Victoria Trivi\u00f1o, clarissa, em\u00a0<em>\u00a0La Via de Belleza. Temas espirituales de Clara de Assis, BAC, Estudios y Ensaios, n. 46, p. 13-14.\u00a0<\/em>\u00a0Clara , por sua vida e por seus escritos\u00a0 projeta um magist\u00e9rio feminino irresist\u00edvel.\u00a0 N\u00e3o escreve um manual, n\u00e3o multiplica normas e conselhos. Partindo da for\u00e7a de seu amor, de sua convic\u00e7\u00e3o de f\u00e9 e de sua gozosa\u00a0 esperan\u00e7a, Clara exala um entusiasmo contagioso.\u00a0 Ensina, apresentando a fascina\u00e7\u00e3o pela formosura de Cristo, fazendo com que suas ouvintes por ela se sintam atra\u00eddas. Ensina a partir de sua experi\u00eancia.\u00a0 Ensina como algu\u00e9m que beija. G. Cavazos Gonz\u00e1lez\u00a0 escreve: \u201cH\u00e1 um prov\u00e9rbio espanhol que reza:<em>\u00a0Quando os disc\u00edpulos estiverem prontos, chegar\u00e1 o Mestre<\/em>. No nosso caso, o mestre \u00e9 uma mestra.\u00a0 Gra\u00e7as \u00e0s novas descobertas, tradu\u00e7\u00f5es de documentos escritos por mulheres da Idade M\u00e9dia, o cristianismo p\u00f4de contar com v\u00e1rias mestras de vida evang\u00e9lica:\u00a0 entre elas est\u00e1 Clara de Assis. O movimento feminino no interior da Igreja e da sociedade ocidental e os estudos\u00a0 psicol\u00f3gicos sobre ao\u00a0<em>anima<\/em>, quer dizer da dimens\u00e3o feminina existente no homem, contribu\u00edram para preparar disc\u00edpulos de tal mestra. Depois de tantos s\u00e9culos escondida \u00e0 sombra de Francisco, Clara veio \u00e0 luz e lan\u00e7a sobre n\u00f3s sua luz ensinando-nos o que \u00e9 viver o Evangelho libertador de Jesus Cristo\u201d.\u00a0 Clara, a mulher de S\u00e3o Dami\u00e3o, continua forte. N\u00e3o constitui ela apenas uma lembran\u00e7a apagada do passado. Clara se renova em n\u00f3s ativando a dimens\u00e3o do feminino que confere \u00e0 Ordem Franciscana um car\u00e1ter especial. Maria Victoria\u00a0 cita o brasileiro\u00a0 Jos\u00e9 Carlos Correa Pedroso, conhecido religioso capuchinho: \u201cEstou convencido de que Clara de Assis marcou os come\u00e7os do franciscanismo com sua personalidade, influenciou na santidade de S\u00e3o Francisco e contribuiu com suas irm\u00e3s a elaborar o que hoje conhecemos como espiritualidade franciscana. Por isso, agora nessa mudan\u00e7a de s\u00e9culo, toda a fam\u00edlia franciscana precisa voltar-se para essa fonte de Clara e de suas irm\u00e3s \u2013 as fontes do s\u00e9culo XIII e as fontes de toda a hist\u00f3ria para recuperar sua plenitude e dar ao s\u00e9culo XXI a resposta que a humanidade tem direito de exigir de seu carisma. Por outra parte estou convencido de que no decurso de todos estes s\u00e9culos, o mundo dos franciscanos e das franciscanas\u00a0 foi o setor em que sempre floresceu o feminino\u201d. Um autor diz:\u00a0 \u201cSomos o que amamos e somos a partir de quem nos ama. H\u00e1 vida onde h\u00e1 amor e onde deixa de\u00a0 existir, acaba toda forma de vida\u201d. Clara, por sua transpar\u00eancia evang\u00e9lica, nos ensina a desejar os valores originais que nunca podem ser pedidos: o respeito pela vida e pela pessoa; a flexibilidade; a liberdade que sabe deixar o sup\u00e9rfluo, que n\u00e3o necessita dele para ser feliz; a delicadeza, a ternura de toda criatura.<\/p>\n<p><strong>5.<\/strong>\u00a0Desde a nossa juventude aprendemos a admirar a cena da fuga noturna de Clara. Aos poucos aquilo que, \u00e0 primeira vista poderia parecer temeridade, foi nos parecendo f\u00e9 ind\u00f4mita, desejo de\u00a0 se apoiar apenas com o Senhor, n\u00e3o contar com seguran\u00e7as&#8230; Esclarecida por Francisco e, com a coniv\u00eancia do bispo de Assis, Clara lan\u00e7ou-se na aventura da f\u00e9, muito mocinha, mocinha demais. Na simplicidade de sua vida e na beleza de seu interior ela foi uma reencarna\u00e7\u00e3o do homem que deixou terra e parentela para dirigir-se a um terra desconhecida, sem mapa na m\u00e3o, apenas confiando no Alt\u00edssimo. E, aos poucos, Clara foi descobrindo seu caminho: ela seria a face feminina do movimento encetado por Francisco de Assis.\u00a0 Clara dependeu de Francisco e Francisco \u00e9 devedor de Clara. Depois de suas idas e vindas Clara foi compreendendo que sua vida se passaria nos ex\u00edguos espa\u00e7os de S\u00e3o Dami\u00e3o. E foi a partir dali que \u00a0fez jus a seu nome de iluminadora, de esclarecedora, de Clara. Tudo t\u00e3o simples e tudo t\u00e3o importante. Felice Autieri, OFMConv, em estudo publicado na <em>Vita Minorum<\/em> sobre a originalidade da experi\u00eancia de Santa Clara de Assis no pano de cultural do s\u00e9culo XIII, \u00a0faz considera\u00e7\u00f5es que merecem se traduzidas quando nos questionamos a respeito das coisas que Clara tem no peito, dos desejos de seu cora\u00e7\u00e3o. \u201cNa verdade, Francisco n\u00e3o exaure\u00a0 todo o Evangelho, como tamb\u00e9m Clara n\u00e3o o esgota. Da\u00ed, Clara tem necessidade da fidelidade de Francisco e de suas intui\u00e7\u00f5es evang\u00e9licas. Clara, tamb\u00e9m, a partir de seu ser mulher, tem o dever de\u00a0 fazer como mulher dedicada \u00e0 contempla\u00e7\u00e3o, a sua leitura do Evangelho. Em S\u00e3o Dami\u00e3o, as irm\u00e3s pobres sorvem do Evangelho a linfa que alimenta a ora\u00e7\u00e3o e a pobreza, o sil\u00eancio e a vida comum, a humildade e o of\u00edcio de governar pr\u00f3prio da abadessa, a discri\u00e7\u00e3o\u00a0 e o trabalho, a penit\u00eancia e a corre\u00e7\u00e3o fraterna. Francisco ir\u00e1 pelo mundo\u00a0 pregar, animado de ardor mission\u00e1rio pela divulga\u00e7\u00e3o do Evangelho vai comparecer em 1219\u00a0 diante do sult\u00e3o. Clara encarnar\u00e1 o Evangelho na dimens\u00e3o da pobreza, da humildade, da ininterrupta ora\u00e7\u00e3o, nesse modo pr\u00f3prio de uma mulher de vida contemplativa em clausura. A paix\u00e3o\u00a0 mission\u00e1ria incendeia\u00a0 Clara. Irm\u00e3 Balvina,\u00a0 no Processo, diz que Clara, antes que adoecesse queria ir para o Marrocos, onde os frades tinham alcan\u00e7ado a gl\u00f3ria do mart\u00edrio&#8230;<\/p>\n<p><strong>6.<\/strong>\u00a0Impressiona a singeleza e a grandeza da experi\u00eancia de S\u00e3o Dami\u00e3o. Os que tivemos a gra\u00e7a de passar dias ou horas naqueles espa\u00e7os escutamos agora \u00a0o borbulhar de tudo o que ali foi vivido.\u00a0 O que Clara tem no cora\u00e7\u00e3o? Quais as suas preocupa\u00e7\u00f5es? Uma qualidade de vida evang\u00e9lica nos espa\u00e7os pobres da aben\u00e7oada casa de S\u00e3o Dami\u00e3o. Novamente damos a palavra ao frade conventual que estudou a originalidade da experi\u00eancia de Clara: \u201cA experi\u00eancia de S\u00e3o Dami\u00e3o \u00e9 fundante e\u00a0 constitui um ulterior passo avante na resposta de Clara \u00e0 vontade de Deus e na clarifica\u00e7\u00e3o do carisma.\u00a0 Uma vez tendo chegado a S\u00e3o Dami\u00e3o nunca mais abandona o lugar onde viveu quarenta e dois anos. Ali se une a Cristo com todo o seu cora\u00e7\u00e3o e realiza na perfei\u00e7\u00e3o da profecia de Francisco de Assis, ali faz nascer uma nova ordem mon\u00e1stica. O extraordin\u00e1rio de sua experi\u00eancia est\u00e1 no fato de que, ao menos a partir do que aparece, Clara nada faz de excepcional: reza, faz penit\u00eancia, realiza os servi\u00e7os dom\u00e9sticos\u00a0 pr\u00f3prios da vida comunit\u00e1ria.\u00a0 Assim se compreende que, com sua santidade\u00a0 tenha causado fasc\u00ednio em papas e cardeais, que possa ter sido chamado de \u201cmestra de vida\u201d\u00a0 e que continue a seduzir, n\u00e3o para que as pessoas parem nela, mas levando-as a Cristo, seu Senhor por ela profundamente amado\u201d.<\/p>\n<p><strong>7.<\/strong>\u00a0E vamos terminando essas reflex\u00f5es sobre o mist\u00e9rio de Clara e sobre alguns pontos que encheram de paix\u00e3o seu cora\u00e7\u00e3o com um jeito de escrever lusitano: \u201cDe quando em quando aparecem no mundo mulheres enriquecidas de qualidades e virtudes excepcionais que se imp\u00f5em \u00e0 estima e admira\u00e7\u00e3o da humanidade.\u00a0 Ou se tenham salientado por lances sublimes de coragem e de hero\u00edsmo, ou hajam trilhado a senda apertada e \u00edngreme da perfei\u00e7\u00e3o crist\u00e3, a sua passagem pela terra deixou\u00a0 um rasto t\u00e3o vivo e luminoso de personalidade inconfund\u00edvel, que nem os s\u00e9culos conseguiram apagar de todo. Tais foram entre outras, Joana d\u2019Arc, Catarina de Sena, Br\u00edgida de Su\u00e9cia, Teresa de Jesus.\u00a0 Clara de Assis pertence a esta nobre estirpe de almas grandes e insatisfeitas, que n\u00e3o se contentaram com a vulgaridade de vida de suas contempor\u00e2neas\u201d (<em>Joaquim Capela, OFM , Santa Clara de Assis, Edi\u00e7\u00f5es\u00a0 das Miss\u00f5es Franciscanas, Montariol, Braga<\/em>).<\/p>\n","protected":false},"excerpt":{"rendered":"<p>Santa Clara de Assis  &#8211; Frei Almir Guimar\u00e3es<\/p>\n","protected":false},"author":1,"featured_media":176250,"comment_status":"closed","ping_status":"closed","sticky":false,"template":"","format":"standard","meta":[],"categories":[65],"tags":[108],"yoast_head":"<!-- This site is optimized with the Yoast SEO plugin v19.2 - https:\/\/yoast.com\/wordpress\/plugins\/seo\/ -->\n<title>Clara, quais os desejos de teu cora\u00e7\u00e3o? - Carisma - Franciscanos<\/title>\n<meta name=\"robots\" content=\"index, follow, max-snippet:-1, max-image-preview:large, max-video-preview:-1\" \/>\n<link rel=\"canonical\" href=\"https:\/\/franciscanos.org.br\/carisma\/clara-quais-os-desejos-de-teu-coracao-2.html\" \/>\n<meta property=\"og:locale\" content=\"pt_BR\" \/>\n<meta property=\"og:type\" content=\"article\" \/>\n<meta property=\"og:title\" content=\"Clara, quais os desejos de teu cora\u00e7\u00e3o? - Carisma - Franciscanos\" \/>\n<meta property=\"og:description\" content=\"Santa Clara de Assis - Frei Almir Guimar\u00e3es\" \/>\n<meta property=\"og:url\" content=\"https:\/\/franciscanos.org.br\/carisma\/clara-quais-os-desejos-de-teu-coracao-2.html\" \/>\n<meta property=\"og:site_name\" content=\"Carisma - Franciscanos\" \/>\n<meta property=\"article:published_time\" content=\"2012-08-07T12:29:21+00:00\" \/>\n<meta property=\"article:modified_time\" content=\"2019-08-06T18:20:55+00:00\" \/>\n<meta property=\"og:image\" content=\"https:\/\/franciscanos.org.br\/carisma\/wp-content\/uploads\/2012\/08\/desejos_p.jpg\" \/>\n\t<meta property=\"og:image:width\" content=\"273\" \/>\n\t<meta property=\"og:image:height\" content=\"181\" \/>\n\t<meta property=\"og:image:type\" content=\"image\/jpeg\" \/>\n<meta name=\"author\" content=\"admin\" \/>\n<meta name=\"twitter:card\" content=\"summary_large_image\" \/>\n<meta name=\"twitter:label1\" content=\"Escrito por\" \/>\n\t<meta name=\"twitter:data1\" content=\"admin\" \/>\n\t<meta name=\"twitter:label2\" content=\"Est. tempo de leitura\" \/>\n\t<meta name=\"twitter:data2\" content=\"11 minutos\" \/>\n<script type=\"application\/ld+json\" class=\"yoast-schema-graph\">{\"@context\":\"https:\/\/schema.org\",\"@graph\":[{\"@type\":\"WebSite\",\"@id\":\"https:\/\/franciscanos.org.br\/carisma\/#website\",\"url\":\"https:\/\/franciscanos.org.br\/carisma\/\",\"name\":\"Carisma - Franciscanos\",\"description\":\"Prov\u00edncia Franciscana da Imaculada Concei\u00e7\u00e3o do Brasil - Ordem dos Frades Menores\",\"potentialAction\":[{\"@type\":\"SearchAction\",\"target\":{\"@type\":\"EntryPoint\",\"urlTemplate\":\"https:\/\/franciscanos.org.br\/carisma\/?s={search_term_string}\"},\"query-input\":\"required name=search_term_string\"}],\"inLanguage\":\"pt-BR\"},{\"@type\":\"ImageObject\",\"inLanguage\":\"pt-BR\",\"@id\":\"https:\/\/franciscanos.org.br\/carisma\/clara-quais-os-desejos-de-teu-coracao-2.html#primaryimage\",\"url\":\"https:\/\/franciscanos.org.br\/carisma\/wp-content\/uploads\/2012\/08\/desejos_p.jpg\",\"contentUrl\":\"https:\/\/franciscanos.org.br\/carisma\/wp-content\/uploads\/2012\/08\/desejos_p.jpg\",\"width\":273,\"height\":181},{\"@type\":\"WebPage\",\"@id\":\"https:\/\/franciscanos.org.br\/carisma\/clara-quais-os-desejos-de-teu-coracao-2.html#webpage\",\"url\":\"https:\/\/franciscanos.org.br\/carisma\/clara-quais-os-desejos-de-teu-coracao-2.html\",\"name\":\"Clara, quais os desejos de teu cora\u00e7\u00e3o? - Carisma - Franciscanos\",\"isPartOf\":{\"@id\":\"https:\/\/franciscanos.org.br\/carisma\/#website\"},\"primaryImageOfPage\":{\"@id\":\"https:\/\/franciscanos.org.br\/carisma\/clara-quais-os-desejos-de-teu-coracao-2.html#primaryimage\"},\"datePublished\":\"2012-08-07T12:29:21+00:00\",\"dateModified\":\"2019-08-06T18:20:55+00:00\",\"author\":{\"@id\":\"https:\/\/franciscanos.org.br\/carisma\/#\/schema\/person\/e352342a457f086dc6152f9c73a3d093\"},\"breadcrumb\":{\"@id\":\"https:\/\/franciscanos.org.br\/carisma\/clara-quais-os-desejos-de-teu-coracao-2.html#breadcrumb\"},\"inLanguage\":\"pt-BR\",\"potentialAction\":[{\"@type\":\"ReadAction\",\"target\":[\"https:\/\/franciscanos.org.br\/carisma\/clara-quais-os-desejos-de-teu-coracao-2.html\"]}]},{\"@type\":\"BreadcrumbList\",\"@id\":\"https:\/\/franciscanos.org.br\/carisma\/clara-quais-os-desejos-de-teu-coracao-2.html#breadcrumb\",\"itemListElement\":[{\"@type\":\"ListItem\",\"position\":1,\"name\":\"Home\",\"item\":\"https:\/\/franciscanos.org.br\/carisma\"},{\"@type\":\"ListItem\",\"position\":2,\"name\":\"Clara, quais os desejos de teu cora\u00e7\u00e3o?\"}]},{\"@type\":\"Person\",\"@id\":\"https:\/\/franciscanos.org.br\/carisma\/#\/schema\/person\/e352342a457f086dc6152f9c73a3d093\",\"name\":\"admin\",\"image\":{\"@type\":\"ImageObject\",\"inLanguage\":\"pt-BR\",\"@id\":\"https:\/\/franciscanos.org.br\/carisma\/#\/schema\/person\/image\/\",\"url\":\"https:\/\/secure.gravatar.com\/avatar\/e8495742d34d0ba6448ea1c628263b3e?s=96&d=mm&r=g\",\"contentUrl\":\"https:\/\/secure.gravatar.com\/avatar\/e8495742d34d0ba6448ea1c628263b3e?s=96&d=mm&r=g\",\"caption\":\"admin\"},\"url\":\"https:\/\/franciscanos.org.br\/carisma\/author\/admin\"}]}<\/script>\n<!-- \/ Yoast SEO plugin. -->","yoast_head_json":{"title":"Clara, quais os desejos de teu cora\u00e7\u00e3o? - Carisma - Franciscanos","robots":{"index":"index","follow":"follow","max-snippet":"max-snippet:-1","max-image-preview":"max-image-preview:large","max-video-preview":"max-video-preview:-1"},"canonical":"https:\/\/franciscanos.org.br\/carisma\/clara-quais-os-desejos-de-teu-coracao-2.html","og_locale":"pt_BR","og_type":"article","og_title":"Clara, quais os desejos de teu cora\u00e7\u00e3o? - Carisma - Franciscanos","og_description":"Santa Clara de Assis - Frei Almir Guimar\u00e3es","og_url":"https:\/\/franciscanos.org.br\/carisma\/clara-quais-os-desejos-de-teu-coracao-2.html","og_site_name":"Carisma - Franciscanos","article_published_time":"2012-08-07T12:29:21+00:00","article_modified_time":"2019-08-06T18:20:55+00:00","og_image":[{"width":273,"height":181,"url":"https:\/\/franciscanos.org.br\/carisma\/wp-content\/uploads\/2012\/08\/desejos_p.jpg","type":"image\/jpeg"}],"author":"admin","twitter_card":"summary_large_image","twitter_misc":{"Escrito por":"admin","Est. tempo de leitura":"11 minutos"},"schema":{"@context":"https:\/\/schema.org","@graph":[{"@type":"WebSite","@id":"https:\/\/franciscanos.org.br\/carisma\/#website","url":"https:\/\/franciscanos.org.br\/carisma\/","name":"Carisma - Franciscanos","description":"Prov\u00edncia Franciscana da Imaculada Concei\u00e7\u00e3o do Brasil - Ordem dos Frades Menores","potentialAction":[{"@type":"SearchAction","target":{"@type":"EntryPoint","urlTemplate":"https:\/\/franciscanos.org.br\/carisma\/?s={search_term_string}"},"query-input":"required name=search_term_string"}],"inLanguage":"pt-BR"},{"@type":"ImageObject","inLanguage":"pt-BR","@id":"https:\/\/franciscanos.org.br\/carisma\/clara-quais-os-desejos-de-teu-coracao-2.html#primaryimage","url":"https:\/\/franciscanos.org.br\/carisma\/wp-content\/uploads\/2012\/08\/desejos_p.jpg","contentUrl":"https:\/\/franciscanos.org.br\/carisma\/wp-content\/uploads\/2012\/08\/desejos_p.jpg","width":273,"height":181},{"@type":"WebPage","@id":"https:\/\/franciscanos.org.br\/carisma\/clara-quais-os-desejos-de-teu-coracao-2.html#webpage","url":"https:\/\/franciscanos.org.br\/carisma\/clara-quais-os-desejos-de-teu-coracao-2.html","name":"Clara, quais os desejos de teu cora\u00e7\u00e3o? - Carisma - Franciscanos","isPartOf":{"@id":"https:\/\/franciscanos.org.br\/carisma\/#website"},"primaryImageOfPage":{"@id":"https:\/\/franciscanos.org.br\/carisma\/clara-quais-os-desejos-de-teu-coracao-2.html#primaryimage"},"datePublished":"2012-08-07T12:29:21+00:00","dateModified":"2019-08-06T18:20:55+00:00","author":{"@id":"https:\/\/franciscanos.org.br\/carisma\/#\/schema\/person\/e352342a457f086dc6152f9c73a3d093"},"breadcrumb":{"@id":"https:\/\/franciscanos.org.br\/carisma\/clara-quais-os-desejos-de-teu-coracao-2.html#breadcrumb"},"inLanguage":"pt-BR","potentialAction":[{"@type":"ReadAction","target":["https:\/\/franciscanos.org.br\/carisma\/clara-quais-os-desejos-de-teu-coracao-2.html"]}]},{"@type":"BreadcrumbList","@id":"https:\/\/franciscanos.org.br\/carisma\/clara-quais-os-desejos-de-teu-coracao-2.html#breadcrumb","itemListElement":[{"@type":"ListItem","position":1,"name":"Home","item":"https:\/\/franciscanos.org.br\/carisma"},{"@type":"ListItem","position":2,"name":"Clara, quais os desejos de teu cora\u00e7\u00e3o?"}]},{"@type":"Person","@id":"https:\/\/franciscanos.org.br\/carisma\/#\/schema\/person\/e352342a457f086dc6152f9c73a3d093","name":"admin","image":{"@type":"ImageObject","inLanguage":"pt-BR","@id":"https:\/\/franciscanos.org.br\/carisma\/#\/schema\/person\/image\/","url":"https:\/\/secure.gravatar.com\/avatar\/e8495742d34d0ba6448ea1c628263b3e?s=96&d=mm&r=g","contentUrl":"https:\/\/secure.gravatar.com\/avatar\/e8495742d34d0ba6448ea1c628263b3e?s=96&d=mm&r=g","caption":"admin"},"url":"https:\/\/franciscanos.org.br\/carisma\/author\/admin"}]}},"_links":{"self":[{"href":"https:\/\/franciscanos.org.br\/carisma\/wp-json\/wp\/v2\/posts\/21751"}],"collection":[{"href":"https:\/\/franciscanos.org.br\/carisma\/wp-json\/wp\/v2\/posts"}],"about":[{"href":"https:\/\/franciscanos.org.br\/carisma\/wp-json\/wp\/v2\/types\/post"}],"author":[{"embeddable":true,"href":"https:\/\/franciscanos.org.br\/carisma\/wp-json\/wp\/v2\/users\/1"}],"replies":[{"embeddable":true,"href":"https:\/\/franciscanos.org.br\/carisma\/wp-json\/wp\/v2\/comments?post=21751"}],"version-history":[{"count":3,"href":"https:\/\/franciscanos.org.br\/carisma\/wp-json\/wp\/v2\/posts\/21751\/revisions"}],"predecessor-version":[{"id":176454,"href":"https:\/\/franciscanos.org.br\/carisma\/wp-json\/wp\/v2\/posts\/21751\/revisions\/176454"}],"wp:featuredmedia":[{"embeddable":true,"href":"https:\/\/franciscanos.org.br\/carisma\/wp-json\/wp\/v2\/media\/176250"}],"wp:attachment":[{"href":"https:\/\/franciscanos.org.br\/carisma\/wp-json\/wp\/v2\/media?parent=21751"}],"wp:term":[{"taxonomy":"category","embeddable":true,"href":"https:\/\/franciscanos.org.br\/carisma\/wp-json\/wp\/v2\/categories?post=21751"},{"taxonomy":"post_tag","embeddable":true,"href":"https:\/\/franciscanos.org.br\/carisma\/wp-json\/wp\/v2\/tags?post=21751"}],"curies":[{"name":"wp","href":"https:\/\/api.w.org\/{rel}","templated":true}]}}