{"id":19577,"date":"2012-06-25T13:14:14","date_gmt":"2012-06-25T16:14:14","guid":{"rendered":"http:\/\/new.franciscanos.org.br\/?p=19577"},"modified":"2019-08-06T15:22:01","modified_gmt":"2019-08-06T18:22:01","slug":"o-viver-das-irmas-em-sao-damiao","status":"publish","type":"post","link":"https:\/\/franciscanos.org.br\/carisma\/o-viver-das-irmas-em-sao-damiao.html","title":{"rendered":"O viver das irm\u00e3s em S\u00e3o Dami\u00e3o"},"content":{"rendered":"<blockquote><p><img loading=\"lazy\" class=\"alignnone size-full wp-image-176254\" src=\"https:\/\/franciscanos.org.br\/carisma\/wp-content\/uploads\/2012\/06\/damiao_05.jpg\" alt=\"\" width=\"840\" height=\"467\" srcset=\"https:\/\/franciscanos.org.br\/carisma\/wp-content\/uploads\/2012\/06\/damiao_05.jpg 840w, https:\/\/franciscanos.org.br\/carisma\/wp-content\/uploads\/2012\/06\/damiao_05-450x250.jpg 450w, https:\/\/franciscanos.org.br\/carisma\/wp-content\/uploads\/2012\/06\/damiao_05-768x427.jpg 768w, https:\/\/franciscanos.org.br\/carisma\/wp-content\/uploads\/2012\/06\/damiao_05-150x83.jpg 150w\" sizes=\"(max-width: 840px) 100vw, 840px\" \/><\/p>\n<p><em>Estamos nos abeirando\u00a0 das comemora\u00e7\u00f5es dos oitocentos anos do carisma clariano que ser\u00e3o celebrados de modo particular da cidade de Canind\u00e9 (CE), \u00a0nos dias 9\u00a0 a 11 de agosto de 2012.\u00a0 Fernando Felix Lopes, portugu\u00eas, escreveu uma das encantadoras biografias de S\u00e3o Francisco que conhe\u00e7o.\u00a0 Deu-lhe o t\u00edtulo de\u00a0 <\/em>O Poverello. S\u00e3o Francisco de Assis\u00a0 (Ed. Franciscana, Braga,\u00a0 5\u00aa. ed, 1996). <em>\u00a0No intuito de nos colocar no esp\u00edrito das comemora\u00e7\u00f5es clarianas transcrevemos umas poucas p\u00e1ginas deste autor que nos falam\u00a0 da vida das irm\u00e3s em S\u00e3o Dami\u00e3o e dos \u00faltimos dias daquela que se definia como\u00a0 \u201cplantinha\u201d\u00a0 do Ser\u00e1fico Pai. Os leitores n\u00e3o encontrar\u00e3o novidade alguma, mas poder\u00e3o saborear o jeito\u00a0 charmoso portugu\u00eas de dizer as coisas mais simples da vida.<\/em> <strong>(Frei Almir Guimar\u00e3es)<\/strong><\/p><\/blockquote>\n<p><a href=\"http:\/\/franciscanos.org.br\/wp-content\/uploads\/2012\/06\/clara_eucaristia.jpg\"><img loading=\"lazy\" class=\"alignright size-full wp-image-19588\" title=\"Clara e a Eucaristia\" src=\"http:\/\/franciscanos.org.br\/wp-content\/uploads\/2012\/06\/clara_eucaristia.jpg\" alt=\"\" width=\"292\" height=\"500\" \/><\/a>O que foi o viver das irm\u00e3s ali recolhidas em S\u00e3o Dami\u00e3o,\u00a0 n\u00e3o \u00e9 f\u00e1cil de contar.\u00a0 A Regra de vida era o Evangelho, nem Francisco soubera ditar outra.<\/p>\n<p>Com as rezas, o trabalho para o p\u00e3o de cada dia. E nos casos em que o trabalho n\u00e3o dava, sentavam-se a comer,\u00a0 \u00e0 \u201cmesa do Senhor\u201d, a caridade da esmola pedida de porta em porta. O ideal poeticamente exemplificado por Francisco nas avezinhas do c\u00e9u e nos l\u00edrios do vale, traduziram-no as freiras em forma comum de viver.<\/p>\n<p>Clara aos pobres mandara distribuir seu patrim\u00f4nio, e as outras irm\u00e3s de modo semelhante procediam. Professavam a pobreza absoluta que liberta a alma, a desamarra do ego\u00edsmos que prendem e\u00a0 dos cuidados que consomem.\u00a0 Clara, a pobrezinha, era o modelo; quando Francisco a olhava, com certeza, via nela o rosto da madona\u00a0 Pobreza.<\/p>\n<p>O \u00fanico privil\u00e9gio que desejou dos Papas foi o privil\u00e9gio de n\u00e3o ter nada. Quando o requereu a Inoc\u00eancio III, na chancelaria pontif\u00edcia nem sabiam como redigir o documento para satisfazer t\u00e3o ins\u00f3lito e original pedido.<\/p>\n<p>Esses passos da Regra escrita por Santa Clara e aprovada pelo Papa na v\u00e9spera da sua morte, deixam-nos entrever a devo\u00e7\u00e3o com que ali se adorava\u00a0 S\u00f3ror Pobreza, que\u00a0 S\u00e3o Francisco fizera a sua dona.<\/p>\n<p>\u201cO Alt\u00edssimo Pai\u00a0 celeste se dignou alumiar o meu cora\u00e7\u00e3o para que, seguindo o exemplo e doutrina de nosso bem-aventurado Pai\u00a0 (S. Francisco),\u00a0 fizesse penit\u00eancia; pouco depois da sua convers\u00e3o, juntamente com minhas irm\u00e3s\u00a0 voluntariamente lhe prometi obedi\u00eancia. E vendo o bem-aventurado Pai que nenhuma pobreza nem trabalho, nem tribula\u00e7\u00e3o, nem desprezo do mundo tem\u00edamos, mas antes com grande contentamento lev\u00e1vamos estas coisas, movido de piedade nos escreveu forma de viver em esta maneira:\u00a0 <em>Porque, por inspira\u00e7\u00e3o do Senhor, vos fizestes\u00a0 filhas e servas do Alt\u00edssimo e Sumo Rei o Pai celeste, e por gra\u00e7a do Esp\u00edrito\u00a0 Santo destes de viver segundo a perfei\u00e7\u00e3o do santo Evangelho, quero e prometo, por mim e por meus frades, sempre\u00a0 ter de v\u00f3s, como deles, cuidado diligente e especial solicitude.\u201d<\/em><\/p>\n<p>\u201cE assim como fui sempre sol\u00edcita, juntamente com minhas irm\u00e3s, em seguir a pobreza que prometemos ao Senhor e ao bem-aventurado\u00a0 S\u00e3o Francisco, assim observem as abadessas que depois de mim vierem:\u00a0 a saber,\u00a0 que n\u00e3o recebam nem tenham possess\u00f5es\u00a0 ou propriedades por si nem por interposta pessoa, nem qualquer outra coisa que possa chamar-se de propriedade, se n\u00e3o somente quanta terra se requer para honestidade e conserto do mosteiro, e essa terra n\u00e3o se lavre\u00a0 como horta\u00a0 para as necessidades das irm\u00e3s\u201d.<\/p>\n<p>Quarenta anos ali viveu Clara. O cora\u00e7\u00e3o anda-lhe cheio do Evangelho.\u00a0 Tanto, que \u00e9 nele que\u00a0 S\u00e3o Francisco procura alumiar de certezas os caminhos da vida, nas horas aflitas de suas d\u00favidas.\u00a0 Vem-lhe o desassossego\u00a0 ao cora\u00e7\u00e3o, e j\u00e1 n\u00e3o sabe que mais agrade ao Senhor: se a recolhida ora\u00e7\u00e3o longe do mundo, se o apostolado entre os homens. Por sua ordem vai Frei Masseo ler no cora\u00e7\u00e3o de Santa Clara os des\u00edgnios da Provid\u00eancia e torna com a resposta: &#8211; \u201cVai pelo mundo anunciar aos homens o Reino dos c\u00e9us\u201d.<\/p>\n<p>Por longe, outros mosteiros v\u00e3o surgindo a recolher donas e donzelas que trocam as riquezas e os gozos do mundo pelas alegrias\u00a0 simples do Evangelho. Clara traduz para o feminino os ideais largos e viris do<em> Poverello,<\/em> e no seu pobrezinho mosteiro de S\u00e3o\u00a0 Dami\u00e3o \u00e9 ela o modelo e forma de vida que todas procuram imitar.<\/p>\n<p>A piedosa caridade dom\u00e9stica, esta virtude que muitos, em fam\u00edlia,\u00a0 julgam cumprir borrifando de fel a vida de todos, praticava-a com requintes de ternura:\u00a0 as ocupa\u00e7\u00f5es mais humildes da casa eram para ela momentos de ora\u00e7\u00e3o, lavava os p\u00e9s das irm\u00e3s serventes quando chegavam dos trabalhos por fora, cuidava das enfermas, nas noites frias do inverno andava sol\u00edcita a agasalhar as irm\u00e3s, era ela quem despertava \u00e0 noite para\u00a0 matinas, e ela mesma acendia as luzes das escadas e espevitava a l\u00e2mpada da capela. Doente\u00a0 desde os trinta e um anos, nunca perdeu o h\u00e1bito do trabalho, nunca amaciou os rigores da pobreza, nunca perdeu a coragem nem a alegria de viver.<\/p>\n<p>Em 1228, o papa Greg\u00f3rio IX vem a S\u00e3o Dami\u00e3o a teimar com ela para que amenize os rigores da pobreza, e oferece-lhe rendas para sustentar o mosteiro. Recusa com vigoroso respeito as solicitudes do papa; e quando este\u00a0 lhe prop\u00f5e que se os escr\u00fapulos lhe v\u00eam do voto que fizera, dele a desliga dispensando-a, ei-la que responde: &#8211; \u201cSanto Padre, desligue-me dos meus pecados, isso lhe pe\u00e7o; agora de seguir at\u00e9 \u00e0 morte o Cristo pobre, de tamanho favor n\u00e3o desejo dispensa\u201d.<\/p>\n<p>Em setembro de 1240, os sarracenos dos ex\u00e9rcitos imperiais, passando por Assis, escalam os muros do mosteiro. Clara levanta-se de seu leito de enferma, manda \u00e0s irm\u00e3s que lhe tragam a cust\u00f3dia com o\u00a0 Sant\u00edssimo Sacramento, e todas de joelhos, implora ela:\u00a0 -\u201cGuarda, Senhor, este pequenino rebanho\u00a0 que os lobos assaltam, pois eu j\u00e1 n\u00e3o o posso defender\u201d.\u00a0 E Jesus responde:\u00a0 \u201cSossega, filha, que sempre o guardarei\u201d. E os sarracenos fogem em debandada.<\/p>\n<p>Um\u00a0 ano depois, Vital de Anversa torna com os ex\u00e9rcitos imperiais a sitiar\u00a0 Assis,\u00a0 &#8211;\u00a0 \u201cMuitos benef\u00edcios devemos \u00e0 nossa cidade, \u00e9 agora o tempo de lhos pagar\u201d, diz Clara.\u00a0 Cobre-se de cinzas todas as irm\u00e3s com ela;\u00a0 jejum a p\u00e3o e \u00e1gua, sem outra coisa a comer, e fervorosamente imploram a prote\u00e7\u00e3o de Deus para a cidade aflita. E no outro dia\u00a0 Vital levanta o cerco e retira com seu ex\u00e9rcito.<\/p>\n<p>No leito da agonia, trazem-lhe a bula de\u00a0 Inoc\u00eancio IV a aprovar a Regra e a Pobreza. Pega dela e beija-a. Uma alegria imensa lhe inunda o rosto. \u00c0 sua volta Frei Jun\u00edpero, Frei \u00c2ngelo e\u00a0 Frei Le\u00e3o\u00a0 s\u00e3o ali a presen\u00e7a de Francisco que h\u00e1 muito voara para o c\u00e9u.\u00a0 &#8211;\u00a0 \u201cQue not\u00edcias me trazes de Deus?\u201d pergunta a Frei Jun\u00edpero. E o frade simples, o jogral do Senhor, tem nos l\u00e1bios palavras divinas que mais lhe enchem de alegria o cora\u00e7\u00e3o.<\/p>\n<p>\u00c9 a hora extrema. Sente que a alma come\u00e7a a ausentar-se:\u00a0 &#8211; \u201cVai segura, tens bom guia para a caminhada. Quem te criou, Ele mesmo\u00a0 te santificou e te amou mais do que a m\u00e3e ama o o seu filhinho.\u00a0 Bendito, Senhor por me haveres criado!\u201d<\/p>\n<p>Era\u00a0 11 de agosto de 1252\u00a0 quando a sua alma partiu nos bra\u00e7os da morte, a cantar louvores ao Senhor que lhe dera a vida.<\/p>\n<p><strong>\u00a0<\/strong><\/p>\n","protected":false},"excerpt":{"rendered":"<p>Santa Clara de Assis &#8211; Frei Almir Guimar\u00e3es<\/p>\n","protected":false},"author":1,"featured_media":176255,"comment_status":"closed","ping_status":"closed","sticky":false,"template":"","format":"standard","meta":[],"categories":[65],"tags":[108],"yoast_head":"<!-- This site is optimized with the Yoast SEO plugin v19.2 - https:\/\/yoast.com\/wordpress\/plugins\/seo\/ -->\n<title>O viver das irm\u00e3s em S\u00e3o Dami\u00e3o - Carisma - Franciscanos<\/title>\n<meta name=\"robots\" content=\"index, follow, max-snippet:-1, max-image-preview:large, max-video-preview:-1\" \/>\n<link rel=\"canonical\" href=\"https:\/\/franciscanos.org.br\/carisma\/o-viver-das-irmas-em-sao-damiao.html\" \/>\n<meta property=\"og:locale\" content=\"pt_BR\" \/>\n<meta property=\"og:type\" content=\"article\" \/>\n<meta property=\"og:title\" content=\"O viver das irm\u00e3s em S\u00e3o Dami\u00e3o - Carisma - Franciscanos\" \/>\n<meta property=\"og:description\" content=\"Santa Clara de Assis - Frei Almir Guimar\u00e3es\" \/>\n<meta property=\"og:url\" content=\"https:\/\/franciscanos.org.br\/carisma\/o-viver-das-irmas-em-sao-damiao.html\" \/>\n<meta property=\"og:site_name\" content=\"Carisma - Franciscanos\" \/>\n<meta property=\"article:published_time\" content=\"2012-06-25T16:14:14+00:00\" \/>\n<meta property=\"article:modified_time\" content=\"2019-08-06T18:22:01+00:00\" \/>\n<meta property=\"og:image\" content=\"https:\/\/franciscanos.org.br\/carisma\/wp-content\/uploads\/2012\/06\/damiao_05d.jpg\" \/>\n\t<meta property=\"og:image:width\" content=\"273\" \/>\n\t<meta property=\"og:image:height\" content=\"181\" \/>\n\t<meta property=\"og:image:type\" content=\"image\/jpeg\" \/>\n<meta name=\"author\" content=\"admin\" \/>\n<meta name=\"twitter:card\" content=\"summary_large_image\" \/>\n<meta name=\"twitter:label1\" content=\"Escrito por\" \/>\n\t<meta name=\"twitter:data1\" content=\"admin\" \/>\n\t<meta name=\"twitter:label2\" content=\"Est. tempo de leitura\" \/>\n\t<meta name=\"twitter:data2\" content=\"6 minutos\" \/>\n<script type=\"application\/ld+json\" class=\"yoast-schema-graph\">{\"@context\":\"https:\/\/schema.org\",\"@graph\":[{\"@type\":\"WebSite\",\"@id\":\"https:\/\/franciscanos.org.br\/carisma\/#website\",\"url\":\"https:\/\/franciscanos.org.br\/carisma\/\",\"name\":\"Carisma - Franciscanos\",\"description\":\"Prov\u00edncia Franciscana da Imaculada Concei\u00e7\u00e3o do Brasil - Ordem dos Frades Menores\",\"potentialAction\":[{\"@type\":\"SearchAction\",\"target\":{\"@type\":\"EntryPoint\",\"urlTemplate\":\"https:\/\/franciscanos.org.br\/carisma\/?s={search_term_string}\"},\"query-input\":\"required name=search_term_string\"}],\"inLanguage\":\"pt-BR\"},{\"@type\":\"ImageObject\",\"inLanguage\":\"pt-BR\",\"@id\":\"https:\/\/franciscanos.org.br\/carisma\/o-viver-das-irmas-em-sao-damiao.html#primaryimage\",\"url\":\"https:\/\/franciscanos.org.br\/carisma\/wp-content\/uploads\/2012\/06\/damiao_05d.jpg\",\"contentUrl\":\"https:\/\/franciscanos.org.br\/carisma\/wp-content\/uploads\/2012\/06\/damiao_05d.jpg\",\"width\":273,\"height\":181},{\"@type\":\"WebPage\",\"@id\":\"https:\/\/franciscanos.org.br\/carisma\/o-viver-das-irmas-em-sao-damiao.html#webpage\",\"url\":\"https:\/\/franciscanos.org.br\/carisma\/o-viver-das-irmas-em-sao-damiao.html\",\"name\":\"O viver das irm\u00e3s em S\u00e3o Dami\u00e3o - Carisma - Franciscanos\",\"isPartOf\":{\"@id\":\"https:\/\/franciscanos.org.br\/carisma\/#website\"},\"primaryImageOfPage\":{\"@id\":\"https:\/\/franciscanos.org.br\/carisma\/o-viver-das-irmas-em-sao-damiao.html#primaryimage\"},\"datePublished\":\"2012-06-25T16:14:14+00:00\",\"dateModified\":\"2019-08-06T18:22:01+00:00\",\"author\":{\"@id\":\"https:\/\/franciscanos.org.br\/carisma\/#\/schema\/person\/e352342a457f086dc6152f9c73a3d093\"},\"breadcrumb\":{\"@id\":\"https:\/\/franciscanos.org.br\/carisma\/o-viver-das-irmas-em-sao-damiao.html#breadcrumb\"},\"inLanguage\":\"pt-BR\",\"potentialAction\":[{\"@type\":\"ReadAction\",\"target\":[\"https:\/\/franciscanos.org.br\/carisma\/o-viver-das-irmas-em-sao-damiao.html\"]}]},{\"@type\":\"BreadcrumbList\",\"@id\":\"https:\/\/franciscanos.org.br\/carisma\/o-viver-das-irmas-em-sao-damiao.html#breadcrumb\",\"itemListElement\":[{\"@type\":\"ListItem\",\"position\":1,\"name\":\"Home\",\"item\":\"https:\/\/franciscanos.org.br\/carisma\"},{\"@type\":\"ListItem\",\"position\":2,\"name\":\"O viver das irm\u00e3s em S\u00e3o Dami\u00e3o\"}]},{\"@type\":\"Person\",\"@id\":\"https:\/\/franciscanos.org.br\/carisma\/#\/schema\/person\/e352342a457f086dc6152f9c73a3d093\",\"name\":\"admin\",\"image\":{\"@type\":\"ImageObject\",\"inLanguage\":\"pt-BR\",\"@id\":\"https:\/\/franciscanos.org.br\/carisma\/#\/schema\/person\/image\/\",\"url\":\"https:\/\/secure.gravatar.com\/avatar\/e8495742d34d0ba6448ea1c628263b3e?s=96&d=mm&r=g\",\"contentUrl\":\"https:\/\/secure.gravatar.com\/avatar\/e8495742d34d0ba6448ea1c628263b3e?s=96&d=mm&r=g\",\"caption\":\"admin\"},\"url\":\"https:\/\/franciscanos.org.br\/carisma\/author\/admin\"}]}<\/script>\n<!-- \/ Yoast SEO plugin. -->","yoast_head_json":{"title":"O viver das irm\u00e3s em S\u00e3o Dami\u00e3o - Carisma - Franciscanos","robots":{"index":"index","follow":"follow","max-snippet":"max-snippet:-1","max-image-preview":"max-image-preview:large","max-video-preview":"max-video-preview:-1"},"canonical":"https:\/\/franciscanos.org.br\/carisma\/o-viver-das-irmas-em-sao-damiao.html","og_locale":"pt_BR","og_type":"article","og_title":"O viver das irm\u00e3s em S\u00e3o Dami\u00e3o - Carisma - Franciscanos","og_description":"Santa Clara de Assis - Frei Almir Guimar\u00e3es","og_url":"https:\/\/franciscanos.org.br\/carisma\/o-viver-das-irmas-em-sao-damiao.html","og_site_name":"Carisma - Franciscanos","article_published_time":"2012-06-25T16:14:14+00:00","article_modified_time":"2019-08-06T18:22:01+00:00","og_image":[{"width":273,"height":181,"url":"https:\/\/franciscanos.org.br\/carisma\/wp-content\/uploads\/2012\/06\/damiao_05d.jpg","type":"image\/jpeg"}],"author":"admin","twitter_card":"summary_large_image","twitter_misc":{"Escrito por":"admin","Est. tempo de leitura":"6 minutos"},"schema":{"@context":"https:\/\/schema.org","@graph":[{"@type":"WebSite","@id":"https:\/\/franciscanos.org.br\/carisma\/#website","url":"https:\/\/franciscanos.org.br\/carisma\/","name":"Carisma - Franciscanos","description":"Prov\u00edncia Franciscana da Imaculada Concei\u00e7\u00e3o do Brasil - Ordem dos Frades Menores","potentialAction":[{"@type":"SearchAction","target":{"@type":"EntryPoint","urlTemplate":"https:\/\/franciscanos.org.br\/carisma\/?s={search_term_string}"},"query-input":"required name=search_term_string"}],"inLanguage":"pt-BR"},{"@type":"ImageObject","inLanguage":"pt-BR","@id":"https:\/\/franciscanos.org.br\/carisma\/o-viver-das-irmas-em-sao-damiao.html#primaryimage","url":"https:\/\/franciscanos.org.br\/carisma\/wp-content\/uploads\/2012\/06\/damiao_05d.jpg","contentUrl":"https:\/\/franciscanos.org.br\/carisma\/wp-content\/uploads\/2012\/06\/damiao_05d.jpg","width":273,"height":181},{"@type":"WebPage","@id":"https:\/\/franciscanos.org.br\/carisma\/o-viver-das-irmas-em-sao-damiao.html#webpage","url":"https:\/\/franciscanos.org.br\/carisma\/o-viver-das-irmas-em-sao-damiao.html","name":"O viver das irm\u00e3s em S\u00e3o Dami\u00e3o - Carisma - Franciscanos","isPartOf":{"@id":"https:\/\/franciscanos.org.br\/carisma\/#website"},"primaryImageOfPage":{"@id":"https:\/\/franciscanos.org.br\/carisma\/o-viver-das-irmas-em-sao-damiao.html#primaryimage"},"datePublished":"2012-06-25T16:14:14+00:00","dateModified":"2019-08-06T18:22:01+00:00","author":{"@id":"https:\/\/franciscanos.org.br\/carisma\/#\/schema\/person\/e352342a457f086dc6152f9c73a3d093"},"breadcrumb":{"@id":"https:\/\/franciscanos.org.br\/carisma\/o-viver-das-irmas-em-sao-damiao.html#breadcrumb"},"inLanguage":"pt-BR","potentialAction":[{"@type":"ReadAction","target":["https:\/\/franciscanos.org.br\/carisma\/o-viver-das-irmas-em-sao-damiao.html"]}]},{"@type":"BreadcrumbList","@id":"https:\/\/franciscanos.org.br\/carisma\/o-viver-das-irmas-em-sao-damiao.html#breadcrumb","itemListElement":[{"@type":"ListItem","position":1,"name":"Home","item":"https:\/\/franciscanos.org.br\/carisma"},{"@type":"ListItem","position":2,"name":"O viver das irm\u00e3s em S\u00e3o Dami\u00e3o"}]},{"@type":"Person","@id":"https:\/\/franciscanos.org.br\/carisma\/#\/schema\/person\/e352342a457f086dc6152f9c73a3d093","name":"admin","image":{"@type":"ImageObject","inLanguage":"pt-BR","@id":"https:\/\/franciscanos.org.br\/carisma\/#\/schema\/person\/image\/","url":"https:\/\/secure.gravatar.com\/avatar\/e8495742d34d0ba6448ea1c628263b3e?s=96&d=mm&r=g","contentUrl":"https:\/\/secure.gravatar.com\/avatar\/e8495742d34d0ba6448ea1c628263b3e?s=96&d=mm&r=g","caption":"admin"},"url":"https:\/\/franciscanos.org.br\/carisma\/author\/admin"}]}},"_links":{"self":[{"href":"https:\/\/franciscanos.org.br\/carisma\/wp-json\/wp\/v2\/posts\/19577"}],"collection":[{"href":"https:\/\/franciscanos.org.br\/carisma\/wp-json\/wp\/v2\/posts"}],"about":[{"href":"https:\/\/franciscanos.org.br\/carisma\/wp-json\/wp\/v2\/types\/post"}],"author":[{"embeddable":true,"href":"https:\/\/franciscanos.org.br\/carisma\/wp-json\/wp\/v2\/users\/1"}],"replies":[{"embeddable":true,"href":"https:\/\/franciscanos.org.br\/carisma\/wp-json\/wp\/v2\/comments?post=19577"}],"version-history":[{"count":4,"href":"https:\/\/franciscanos.org.br\/carisma\/wp-json\/wp\/v2\/posts\/19577\/revisions"}],"predecessor-version":[{"id":176456,"href":"https:\/\/franciscanos.org.br\/carisma\/wp-json\/wp\/v2\/posts\/19577\/revisions\/176456"}],"wp:featuredmedia":[{"embeddable":true,"href":"https:\/\/franciscanos.org.br\/carisma\/wp-json\/wp\/v2\/media\/176255"}],"wp:attachment":[{"href":"https:\/\/franciscanos.org.br\/carisma\/wp-json\/wp\/v2\/media?parent=19577"}],"wp:term":[{"taxonomy":"category","embeddable":true,"href":"https:\/\/franciscanos.org.br\/carisma\/wp-json\/wp\/v2\/categories?post=19577"},{"taxonomy":"post_tag","embeddable":true,"href":"https:\/\/franciscanos.org.br\/carisma\/wp-json\/wp\/v2\/tags?post=19577"}],"curies":[{"name":"wp","href":"https:\/\/api.w.org\/{rel}","templated":true}]}}