{"id":177949,"date":"2025-04-04T13:49:09","date_gmt":"2025-04-04T16:49:09","guid":{"rendered":"https:\/\/franciscanos.org.br\/carisma\/?p=177949"},"modified":"2025-04-04T14:45:43","modified_gmt":"2025-04-04T17:45:43","slug":"sao-bento-o-mouro-uma-vida-dedicada-ao-evangelho-e-aos-pobres","status":"publish","type":"post","link":"https:\/\/franciscanos.org.br\/carisma\/sao-bento-o-mouro-uma-vida-dedicada-ao-evangelho-e-aos-pobres.html","title":{"rendered":"S\u00e3o Benedito, o Mouro: Uma vida dedicada ao Evangelho e aos pobres"},"content":{"rendered":"<p data-start=\"164\" data-end=\"882\"><img loading=\"lazy\" class=\"aligncenter wp-image-177950 size-full\" src=\"https:\/\/franciscanos.org.br\/carisma\/wp-content\/uploads\/2025\/04\/Ditao-1280.jpg\" alt=\"\" width=\"1280\" height=\"720\" srcset=\"https:\/\/franciscanos.org.br\/carisma\/wp-content\/uploads\/2025\/04\/Ditao-1280.jpg 1280w, https:\/\/franciscanos.org.br\/carisma\/wp-content\/uploads\/2025\/04\/Ditao-1280-450x253.jpg 450w, https:\/\/franciscanos.org.br\/carisma\/wp-content\/uploads\/2025\/04\/Ditao-1280-1024x576.jpg 1024w, https:\/\/franciscanos.org.br\/carisma\/wp-content\/uploads\/2025\/04\/Ditao-1280-768x432.jpg 768w, https:\/\/franciscanos.org.br\/carisma\/wp-content\/uploads\/2025\/04\/Ditao-1280-150x84.jpg 150w\" sizes=\"(max-width: 1280px) 100vw, 1280px\" \/><\/p>\n<p class=\"\" data-start=\"164\" data-end=\"882\">Benedito nasceu em 1524, em San Fratello, na Sic\u00edlia, It\u00e1lia. Seus pais, Giuseppe Cristoforo e Diana Larcari, eram descendentes de escravos deportados da Eti\u00f3pia e pertenciam a um propriet\u00e1rio de terras chamado Manassari, de quem herdaram o sobrenome. Decidiram n\u00e3o ter filhos para n\u00e3o gerar outros escravos como eles, mas o senhor prometeu que o primog\u00eanito seria libertado. E assim aconteceu: Bento ajudava no sustento da fam\u00edlia cuidando do rebanho de seu senhor \u2014 um trabalho que n\u00e3o o impediu de crescer nas virtudes crist\u00e3s. Por isso, passou a ser chamado de &#8220;o Santo Mouro&#8221;. Muitas vezes ridicularizado por causa de sua pele escura e da origem servil de sua fam\u00edlia, suportou tudo com grande paci\u00eancia e humildade.<\/p>\n<p class=\"\" data-start=\"884\" data-end=\"1322\">Aos 21 anos, conheceu Girolamo Lanza, um homem nobre e rico que havia deixado sua fam\u00edlia e fortuna para se consagrar ao Senhor na ermida de Santa Domenica, pr\u00f3xima de San Fratello. Ele o convidou, dizendo: \u201cAben\u00e7oado, o que voc\u00ea est\u00e1 fazendo? Venda os bois e venha.\u201d Nesse convite, Bento reconheceu a voz de Jesus chamando-o. Comunicou sua decis\u00e3o aos pais, vendeu os bois, distribuiu o dinheiro aos pobres e atendeu ao chamado de Lanza.<\/p>\n<p class=\"\" data-start=\"1324\" data-end=\"1905\">Na ermida de Santa Domenica, a vida erem\u00edtica foi permitida em 1550 pelo Papa J\u00falio III. Os religiosos que a abra\u00e7avam, al\u00e9m de seguirem a Regra de S\u00e3o Francisco de Assis, faziam um quarto voto, comprometendo-se a uma vida quaresmal rigorosa: jejuavam tr\u00eas vezes por semana e viviam na solid\u00e3o e na ora\u00e7\u00e3o. No entanto, a institui\u00e7\u00e3o era inst\u00e1vel. Ap\u00f3s 17 anos como eremita, Bento, ap\u00f3s cuidadoso discernimento e longa ora\u00e7\u00e3o \u00e0 Virgem M\u00e3e de Deus, bateu humildemente \u00e0 porta do convento dos Frades Menores de Santa Maria de Jesus, em Palermo, fundado pelo Beato Matteo de Agrigento.<\/p>\n<p class=\"\" data-start=\"1907\" data-end=\"2243\">Acolhido com gentileza, foram-lhe confiadas as tarefas mais humildes, que ele desempenhou com dedica\u00e7\u00e3o \u00e0 comunidade e aos pobres. Trabalhou por muito tempo como cozinheiro, exercendo a fun\u00e7\u00e3o com esp\u00edrito de sacrif\u00edcio, alegria sobrenatural e caridade ser\u00e1fica. Sua santidade logo se tornou evidente, e a ele foram atribu\u00eddos milagres.<\/p>\n<p class=\"\" data-start=\"2245\" data-end=\"2691\">Respeitado e admirado, em 1578 \u2014 embora fosse um simples frade analfabeto \u2014 foi nomeado Guardi\u00e3o da comunidade. Mais tarde, gra\u00e7as ao seu conhecimento instintivo e quase infuso das Escrituras e da teologia, foi tamb\u00e9m nomeado mestre de novi\u00e7os. Com simplicidade e humildade, estava sempre dispon\u00edvel para todos. Padres e irm\u00e3os o procuravam para obter esclarecimentos sobre a f\u00e9 ou aprender a viver melhor sua voca\u00e7\u00e3o segundo a Regra Franciscana.<\/p>\n<p class=\"\" data-start=\"2693\" data-end=\"2978\">A fama de santo e milagreiro se espalhou por toda a Sic\u00edlia. Bento n\u00e3o conseguiu mais fugir das expectativas do povo e da constante procura, o que o impediu de desfrutar da solid\u00e3o que tanto desejava. Dos processos de canoniza\u00e7\u00e3o, conclui-se que ele realizou in\u00fameras curas milagrosas.<\/p>\n<p class=\"\" data-start=\"2980\" data-end=\"3074\">Em fevereiro de 1589, adoeceu. Faleceu \u00e0s 19h da ter\u00e7a-feira de P\u00e1scoa, em 4 de abril de 1589.<\/p>\n<p class=\"\" data-start=\"3076\" data-end=\"3427\">Seu culto se espalhou da Sic\u00edlia por toda a pen\u00ednsula italiana, pela Espanha, Europa, Am\u00e9rica e, mais recentemente, pela \u00c1frica. \u00c9 conhecido como \u201cBem-aventurado de Palermo\u201d ou \u201cS\u00e3o Benedito, o Mouro\u201d. Em Nova York, foi constru\u00edda uma igreja em sua homenagem no centro de Manhattan. Em 1712, o Senado de Palermo o escolheu como co-padroeiro da cidade.<\/p>\n<p class=\"\" data-start=\"3429\" data-end=\"3555\">O Papa Bento XIV reconheceu oficialmente seu culto em 15 de maio de 1743. J\u00e1 o Papa Pio VII o canonizou em 24 de maio de 1807.<\/p>\n<p class=\"\" data-start=\"3557\" data-end=\"3820\">No quinto centen\u00e1rio do nascimento de S\u00e3o Benedito, o Mouro, e por ocasi\u00e3o do <strong>Dia Mundial dos Pobres, o Ministro Geral da Ordem dos Frades Menores, Frei Massimo Fusarelli, dedicou uma carta<\/strong> \u00e0 vida do santo siciliano, consagrado ao Evangelho e ao clamor dos pobres.<\/p>\n<p data-start=\"3557\" data-end=\"3820\"><a href=\"https:\/\/franciscanos.org.br\/banca\/wp-content\/uploads\/2025\/04\/Lettera_Giornata_Mondiale_Dei_Poveri_2024_PT.pdf\"><strong>Acesse o documento<\/strong><\/a><\/p>\n<hr \/>\n<p class=\"\" data-start=\"3822\" data-end=\"3968\">Fonte: <em data-start=\"3829\" data-end=\"3862\">Frades Menores, Santos e Beatos<\/em>, editado pelo Pe. Silvano Bracci, OFM, e Ir. Antonietta Pozzebon, FMSC Editora Velar, 2009, pp. 250\u2013252.<\/p>\n<p data-start=\"3822\" data-end=\"3968\"><i>Foto: \u00a9 Igor Scalisi Palminteri<\/i><\/p>\n","protected":false},"excerpt":{"rendered":"<p>Celebra\u00e7\u00e3o do falecimento de S\u00e3o Benedito<\/p>\n","protected":false},"author":11,"featured_media":177951,"comment_status":"open","ping_status":"open","sticky":false,"template":"","format":"standard","meta":[],"categories":[13],"tags":[118],"yoast_head":"<!-- This site is optimized with the Yoast SEO plugin v19.2 - https:\/\/yoast.com\/wordpress\/plugins\/seo\/ -->\n<title>S\u00e3o Benedito, o Mouro: Uma vida dedicada ao Evangelho e aos pobres - Carisma - Franciscanos<\/title>\n<meta name=\"robots\" content=\"index, follow, max-snippet:-1, max-image-preview:large, max-video-preview:-1\" \/>\n<link rel=\"canonical\" href=\"https:\/\/franciscanos.org.br\/carisma\/sao-bento-o-mouro-uma-vida-dedicada-ao-evangelho-e-aos-pobres.html\" \/>\n<meta property=\"og:locale\" content=\"pt_BR\" \/>\n<meta property=\"og:type\" content=\"article\" \/>\n<meta property=\"og:title\" content=\"S\u00e3o Benedito, o Mouro: Uma vida dedicada ao Evangelho e aos pobres - Carisma - Franciscanos\" \/>\n<meta property=\"og:description\" content=\"Celebra\u00e7\u00e3o do falecimento de S\u00e3o Benedito\" \/>\n<meta property=\"og:url\" content=\"https:\/\/franciscanos.org.br\/carisma\/sao-bento-o-mouro-uma-vida-dedicada-ao-evangelho-e-aos-pobres.html\" \/>\n<meta property=\"og:site_name\" content=\"Carisma - Franciscanos\" \/>\n<meta property=\"article:published_time\" content=\"2025-04-04T16:49:09+00:00\" \/>\n<meta property=\"article:modified_time\" content=\"2025-04-04T17:45:43+00:00\" \/>\n<meta property=\"og:image\" content=\"https:\/\/franciscanos.org.br\/carisma\/wp-content\/uploads\/2025\/04\/Ditao-800.jpg\" \/>\n\t<meta property=\"og:image:width\" content=\"800\" \/>\n\t<meta property=\"og:image:height\" content=\"550\" \/>\n\t<meta property=\"og:image:type\" content=\"image\/jpeg\" \/>\n<meta name=\"author\" content=\"Adriana Rabelo\" \/>\n<meta name=\"twitter:card\" content=\"summary_large_image\" \/>\n<meta name=\"twitter:label1\" content=\"Escrito por\" \/>\n\t<meta name=\"twitter:data1\" content=\"Adriana Rabelo\" \/>\n\t<meta name=\"twitter:label2\" content=\"Est. tempo de leitura\" \/>\n\t<meta name=\"twitter:data2\" content=\"3 minutos\" \/>\n<script type=\"application\/ld+json\" class=\"yoast-schema-graph\">{\"@context\":\"https:\/\/schema.org\",\"@graph\":[{\"@type\":\"WebSite\",\"@id\":\"https:\/\/franciscanos.org.br\/carisma\/#website\",\"url\":\"https:\/\/franciscanos.org.br\/carisma\/\",\"name\":\"Carisma - Franciscanos\",\"description\":\"Prov\u00edncia Franciscana da Imaculada Concei\u00e7\u00e3o do Brasil - Ordem dos Frades Menores\",\"potentialAction\":[{\"@type\":\"SearchAction\",\"target\":{\"@type\":\"EntryPoint\",\"urlTemplate\":\"https:\/\/franciscanos.org.br\/carisma\/?s={search_term_string}\"},\"query-input\":\"required name=search_term_string\"}],\"inLanguage\":\"pt-BR\"},{\"@type\":\"ImageObject\",\"inLanguage\":\"pt-BR\",\"@id\":\"https:\/\/franciscanos.org.br\/carisma\/sao-bento-o-mouro-uma-vida-dedicada-ao-evangelho-e-aos-pobres.html#primaryimage\",\"url\":\"https:\/\/franciscanos.org.br\/carisma\/wp-content\/uploads\/2025\/04\/Ditao-800.jpg\",\"contentUrl\":\"https:\/\/franciscanos.org.br\/carisma\/wp-content\/uploads\/2025\/04\/Ditao-800.jpg\",\"width\":800,\"height\":550},{\"@type\":\"WebPage\",\"@id\":\"https:\/\/franciscanos.org.br\/carisma\/sao-bento-o-mouro-uma-vida-dedicada-ao-evangelho-e-aos-pobres.html#webpage\",\"url\":\"https:\/\/franciscanos.org.br\/carisma\/sao-bento-o-mouro-uma-vida-dedicada-ao-evangelho-e-aos-pobres.html\",\"name\":\"S\u00e3o Benedito, o Mouro: Uma vida dedicada ao Evangelho e aos pobres - Carisma - Franciscanos\",\"isPartOf\":{\"@id\":\"https:\/\/franciscanos.org.br\/carisma\/#website\"},\"primaryImageOfPage\":{\"@id\":\"https:\/\/franciscanos.org.br\/carisma\/sao-bento-o-mouro-uma-vida-dedicada-ao-evangelho-e-aos-pobres.html#primaryimage\"},\"datePublished\":\"2025-04-04T16:49:09+00:00\",\"dateModified\":\"2025-04-04T17:45:43+00:00\",\"author\":{\"@id\":\"https:\/\/franciscanos.org.br\/carisma\/#\/schema\/person\/6aa2f9c6d4ddda5944a67d9491e41d34\"},\"breadcrumb\":{\"@id\":\"https:\/\/franciscanos.org.br\/carisma\/sao-bento-o-mouro-uma-vida-dedicada-ao-evangelho-e-aos-pobres.html#breadcrumb\"},\"inLanguage\":\"pt-BR\",\"potentialAction\":[{\"@type\":\"ReadAction\",\"target\":[\"https:\/\/franciscanos.org.br\/carisma\/sao-bento-o-mouro-uma-vida-dedicada-ao-evangelho-e-aos-pobres.html\"]}]},{\"@type\":\"BreadcrumbList\",\"@id\":\"https:\/\/franciscanos.org.br\/carisma\/sao-bento-o-mouro-uma-vida-dedicada-ao-evangelho-e-aos-pobres.html#breadcrumb\",\"itemListElement\":[{\"@type\":\"ListItem\",\"position\":1,\"name\":\"Home\",\"item\":\"https:\/\/franciscanos.org.br\/carisma\"},{\"@type\":\"ListItem\",\"position\":2,\"name\":\"S\u00e3o Benedito, o Mouro: Uma vida dedicada ao Evangelho e aos pobres\"}]},{\"@type\":\"Person\",\"@id\":\"https:\/\/franciscanos.org.br\/carisma\/#\/schema\/person\/6aa2f9c6d4ddda5944a67d9491e41d34\",\"name\":\"Adriana Rabelo\",\"image\":{\"@type\":\"ImageObject\",\"inLanguage\":\"pt-BR\",\"@id\":\"https:\/\/franciscanos.org.br\/carisma\/#\/schema\/person\/image\/\",\"url\":\"https:\/\/secure.gravatar.com\/avatar\/0a937b7500cd7df77540cfb8bede877d?s=96&d=mm&r=g\",\"contentUrl\":\"https:\/\/secure.gravatar.com\/avatar\/0a937b7500cd7df77540cfb8bede877d?s=96&d=mm&r=g\",\"caption\":\"Adriana Rabelo\"},\"url\":\"https:\/\/franciscanos.org.br\/carisma\/author\/adrianarabelo\"}]}<\/script>\n<!-- \/ Yoast SEO plugin. -->","yoast_head_json":{"title":"S\u00e3o Benedito, o Mouro: Uma vida dedicada ao Evangelho e aos pobres - Carisma - Franciscanos","robots":{"index":"index","follow":"follow","max-snippet":"max-snippet:-1","max-image-preview":"max-image-preview:large","max-video-preview":"max-video-preview:-1"},"canonical":"https:\/\/franciscanos.org.br\/carisma\/sao-bento-o-mouro-uma-vida-dedicada-ao-evangelho-e-aos-pobres.html","og_locale":"pt_BR","og_type":"article","og_title":"S\u00e3o Benedito, o Mouro: Uma vida dedicada ao Evangelho e aos pobres - Carisma - Franciscanos","og_description":"Celebra\u00e7\u00e3o do falecimento de S\u00e3o Benedito","og_url":"https:\/\/franciscanos.org.br\/carisma\/sao-bento-o-mouro-uma-vida-dedicada-ao-evangelho-e-aos-pobres.html","og_site_name":"Carisma - Franciscanos","article_published_time":"2025-04-04T16:49:09+00:00","article_modified_time":"2025-04-04T17:45:43+00:00","og_image":[{"width":800,"height":550,"url":"https:\/\/franciscanos.org.br\/carisma\/wp-content\/uploads\/2025\/04\/Ditao-800.jpg","type":"image\/jpeg"}],"author":"Adriana Rabelo","twitter_card":"summary_large_image","twitter_misc":{"Escrito por":"Adriana Rabelo","Est. tempo de leitura":"3 minutos"},"schema":{"@context":"https:\/\/schema.org","@graph":[{"@type":"WebSite","@id":"https:\/\/franciscanos.org.br\/carisma\/#website","url":"https:\/\/franciscanos.org.br\/carisma\/","name":"Carisma - Franciscanos","description":"Prov\u00edncia Franciscana da Imaculada Concei\u00e7\u00e3o do Brasil - Ordem dos Frades Menores","potentialAction":[{"@type":"SearchAction","target":{"@type":"EntryPoint","urlTemplate":"https:\/\/franciscanos.org.br\/carisma\/?s={search_term_string}"},"query-input":"required name=search_term_string"}],"inLanguage":"pt-BR"},{"@type":"ImageObject","inLanguage":"pt-BR","@id":"https:\/\/franciscanos.org.br\/carisma\/sao-bento-o-mouro-uma-vida-dedicada-ao-evangelho-e-aos-pobres.html#primaryimage","url":"https:\/\/franciscanos.org.br\/carisma\/wp-content\/uploads\/2025\/04\/Ditao-800.jpg","contentUrl":"https:\/\/franciscanos.org.br\/carisma\/wp-content\/uploads\/2025\/04\/Ditao-800.jpg","width":800,"height":550},{"@type":"WebPage","@id":"https:\/\/franciscanos.org.br\/carisma\/sao-bento-o-mouro-uma-vida-dedicada-ao-evangelho-e-aos-pobres.html#webpage","url":"https:\/\/franciscanos.org.br\/carisma\/sao-bento-o-mouro-uma-vida-dedicada-ao-evangelho-e-aos-pobres.html","name":"S\u00e3o Benedito, o Mouro: Uma vida dedicada ao Evangelho e aos pobres - Carisma - Franciscanos","isPartOf":{"@id":"https:\/\/franciscanos.org.br\/carisma\/#website"},"primaryImageOfPage":{"@id":"https:\/\/franciscanos.org.br\/carisma\/sao-bento-o-mouro-uma-vida-dedicada-ao-evangelho-e-aos-pobres.html#primaryimage"},"datePublished":"2025-04-04T16:49:09+00:00","dateModified":"2025-04-04T17:45:43+00:00","author":{"@id":"https:\/\/franciscanos.org.br\/carisma\/#\/schema\/person\/6aa2f9c6d4ddda5944a67d9491e41d34"},"breadcrumb":{"@id":"https:\/\/franciscanos.org.br\/carisma\/sao-bento-o-mouro-uma-vida-dedicada-ao-evangelho-e-aos-pobres.html#breadcrumb"},"inLanguage":"pt-BR","potentialAction":[{"@type":"ReadAction","target":["https:\/\/franciscanos.org.br\/carisma\/sao-bento-o-mouro-uma-vida-dedicada-ao-evangelho-e-aos-pobres.html"]}]},{"@type":"BreadcrumbList","@id":"https:\/\/franciscanos.org.br\/carisma\/sao-bento-o-mouro-uma-vida-dedicada-ao-evangelho-e-aos-pobres.html#breadcrumb","itemListElement":[{"@type":"ListItem","position":1,"name":"Home","item":"https:\/\/franciscanos.org.br\/carisma"},{"@type":"ListItem","position":2,"name":"S\u00e3o Benedito, o Mouro: Uma vida dedicada ao Evangelho e aos pobres"}]},{"@type":"Person","@id":"https:\/\/franciscanos.org.br\/carisma\/#\/schema\/person\/6aa2f9c6d4ddda5944a67d9491e41d34","name":"Adriana Rabelo","image":{"@type":"ImageObject","inLanguage":"pt-BR","@id":"https:\/\/franciscanos.org.br\/carisma\/#\/schema\/person\/image\/","url":"https:\/\/secure.gravatar.com\/avatar\/0a937b7500cd7df77540cfb8bede877d?s=96&d=mm&r=g","contentUrl":"https:\/\/secure.gravatar.com\/avatar\/0a937b7500cd7df77540cfb8bede877d?s=96&d=mm&r=g","caption":"Adriana Rabelo"},"url":"https:\/\/franciscanos.org.br\/carisma\/author\/adrianarabelo"}]}},"_links":{"self":[{"href":"https:\/\/franciscanos.org.br\/carisma\/wp-json\/wp\/v2\/posts\/177949"}],"collection":[{"href":"https:\/\/franciscanos.org.br\/carisma\/wp-json\/wp\/v2\/posts"}],"about":[{"href":"https:\/\/franciscanos.org.br\/carisma\/wp-json\/wp\/v2\/types\/post"}],"author":[{"embeddable":true,"href":"https:\/\/franciscanos.org.br\/carisma\/wp-json\/wp\/v2\/users\/11"}],"replies":[{"embeddable":true,"href":"https:\/\/franciscanos.org.br\/carisma\/wp-json\/wp\/v2\/comments?post=177949"}],"version-history":[{"count":7,"href":"https:\/\/franciscanos.org.br\/carisma\/wp-json\/wp\/v2\/posts\/177949\/revisions"}],"predecessor-version":[{"id":177958,"href":"https:\/\/franciscanos.org.br\/carisma\/wp-json\/wp\/v2\/posts\/177949\/revisions\/177958"}],"wp:featuredmedia":[{"embeddable":true,"href":"https:\/\/franciscanos.org.br\/carisma\/wp-json\/wp\/v2\/media\/177951"}],"wp:attachment":[{"href":"https:\/\/franciscanos.org.br\/carisma\/wp-json\/wp\/v2\/media?parent=177949"}],"wp:term":[{"taxonomy":"category","embeddable":true,"href":"https:\/\/franciscanos.org.br\/carisma\/wp-json\/wp\/v2\/categories?post=177949"},{"taxonomy":"post_tag","embeddable":true,"href":"https:\/\/franciscanos.org.br\/carisma\/wp-json\/wp\/v2\/tags?post=177949"}],"curies":[{"name":"wp","href":"https:\/\/api.w.org\/{rel}","templated":true}]}}