{"id":177595,"date":"2022-02-24T07:40:22","date_gmt":"2022-02-24T10:40:22","guid":{"rendered":"https:\/\/franciscanos.org.br\/carisma\/?p=177595"},"modified":"2022-02-24T09:11:27","modified_gmt":"2022-02-24T12:11:27","slug":"carisma-franciscano-xiii","status":"publish","type":"post","link":"https:\/\/franciscanos.org.br\/carisma\/carisma-franciscano-xiii.html","title":{"rendered":"Carisma franciscano &#8211; XIII"},"content":{"rendered":"<h3><\/h3>\n<div id=\"attachment_177598\" style=\"width: 850px\" class=\"wp-caption alignnone\"><img aria-describedby=\"caption-attachment-177598\" loading=\"lazy\" class=\"wp-image-177598 size-full\" src=\"https:\/\/franciscanos.org.br\/carisma\/wp-content\/uploads\/2022\/02\/SF-840x450-1.jpg\" alt=\"\" width=\"840\" height=\"450\" srcset=\"https:\/\/franciscanos.org.br\/carisma\/wp-content\/uploads\/2022\/02\/SF-840x450-1.jpg 840w, https:\/\/franciscanos.org.br\/carisma\/wp-content\/uploads\/2022\/02\/SF-840x450-1-450x241.jpg 450w, https:\/\/franciscanos.org.br\/carisma\/wp-content\/uploads\/2022\/02\/SF-840x450-1-768x411.jpg 768w, https:\/\/franciscanos.org.br\/carisma\/wp-content\/uploads\/2022\/02\/SF-840x450-1-150x80.jpg 150w\" sizes=\"(max-width: 840px) 100vw, 840px\" \/><p id=\"caption-attachment-177598\" class=\"wp-caption-text\"><em>Imagem: Philip Fruytiers, S\u00e3o Francisco de Assis, Royal Museum of Fine Arts Antwerp (Wikipedia, dom\u00ednio p\u00fablico)<\/em><\/p><\/div>\n<h3>O Deus Alt\u00edssimo de Francisco<\/h3>\n<p>O Deus de Francisco n\u00e3o \u00e9 resultado de uma reflex\u00e3o, de um postulado da teologia ou de acomoda\u00e7\u00e3o ao ambiente. \u00c9 fonte que lhe brota do cora\u00e7\u00e3o, depois vai se expandindo, exuberante. A f\u00e9 em Deus \u00e9 como um manancial de vida.<\/p>\n<p>Na sua ora\u00e7\u00e3o poesia, Louvores do Deus Alt\u00edssimo, Francisco atribui a Deus uma s\u00e9rie de qualificativos que s\u00e3o bem a experi\u00eancia de uma viv\u00eancia fontal: \u201cTu \u00e9s o santo, Tu \u00e9s o forte, Tu \u00e9s o grande, Tu \u00e9 o Alt\u00edssimo&#8230; Tu \u00e9s trino e Uno&#8230; Tu es bom, todo bem, o sumo bem, Tu \u00e9s amor. Tu \u00e9s caridade, Tu \u00e9s sabedoria, Tu \u00e9s humildade, Tu \u00e9s paci\u00eancia, Tu \u00e9s formosura, Tu \u00e9s mansid\u00e3o, Tu \u00e9s serenidade, Tu \u00e9s quietude&#8230; Tu \u00e9s gozo, Tu \u00e9s esperan\u00e7a. Tu es alegria. Tu \u00e9s justi\u00e7a e temperan\u00e7a; Tu \u00e9s toda nossa riqueza e saciedade\u201d.<\/p>\n<p>Esses atributos, jorrando aqui torrencialmente, aparecem em seus escritos e mostram claramente quem e o que era Deus para Francisco: presen\u00e7a, for\u00e7a, vida, dom, liberta\u00e7\u00e3o, beleza, beatitude, gozo, amor, felicidade, plenitude.<\/p>\n<p>Uma das experi\u00eancias mais significativas \u00e9 que Francisco vive Deus como plenitude do bem. Deus n\u00e3o \u00e9 s\u00f3 Pai bondoso e providente; n\u00e3o \u00e9 s\u00f3 Senhor Alt\u00edssimo a que se deve toda a rever\u00eancia, homenagem e adora\u00e7\u00e3o, mas ele \u00e9 o pr\u00f3prio Bem. Muitos te\u00f3logos viram Deus como o <em>Summum Bonum<\/em>, mas o original \u00e9 que para Francisco o<em> Summum Bonum<\/em> n\u00e3o \u00e9 um conceito, mas, verdadeiramente, a experi\u00eancia da suma felicidade em rela\u00e7\u00e3o pessoal. Deus n\u00e3o \u00e9 uma realidade long\u00ednqua e inadequada ao homem, mas seu anelo, a sua meta, a sua intimidade, a sua del\u00edcia, a sua festa.<\/p>\n<p>\u201cNo cora\u00e7\u00e3o da vida franciscana encontra-se a experi\u00eancia de f\u00e9 em Deus no encontro pessoal com Cristo (&#8230;) Sob qualquer aspecto que se aborde \u2013 ora\u00e7\u00e3o, fraternidade, pobreza, presen\u00e7a no meio dos homens \u2013 todo projeto evang\u00e9lico remete continuamente para a f\u00e9 (&#8230;) As motiva\u00e7\u00f5es propostas para todos os comportamentos dos irm\u00e3os &#8211; contempla\u00e7\u00e3o, jejum, ora\u00e7\u00e3o, forma de vestir, pobreza, trabalho, mendicidade, alimenta\u00e7\u00e3o \u2013 todas mostram que, na base de uma tal vida, existe uma experi\u00eancia \u00fanica de f\u00e9 em Deus que \u00e9 amor\u201d (Declara\u00e7\u00e3o sobre a Voca\u00e7\u00e3o da Ordem nos dias de hoje, Cap\u00edtulo geral dos franciscanos celebrado em Madrid em 1973).<\/p>\n<p>N\u00e3o s\u00e3o somente as formas do viver franciscano que brotam dessa experi\u00eancia. Dela brotam tamb\u00e9m os valores que hoje admiramos em S\u00e3o Francisco: o respeito pela pessoa, dignidade do indiv\u00edduo, fraternidade entre os homens, a miss\u00e3o da paz, a solidariedade, a igualdade, o universalismo, a simplicidade e o encanto perante as criaturas, tendo todos esses valores sua raiz na experi\u00eancia religiosa do <em>Poverello.<\/em> Esquecida esta todo o edif\u00edcio espiritual franciscano se desmoronaria.<\/p>\n<p>Essa experi\u00eancia est\u00e1 tanto na raiz de sua exist\u00eancia que podemos dizer que toda a sua vida \u00e9 ora\u00e7\u00e3o. Francisco dirige-se a Deus n\u00e3o somente mediante as ora\u00e7\u00f5es oficiais da Igreja como a liturgia e outros exerc\u00edcios aconselhados pela tradi\u00e7\u00e3o, mas seu movimento existencial abarca todo o seu ser, todos os seus comportamentos e tamb\u00e9m. toda a cria\u00e7\u00e3o num ato permanente de adora\u00e7\u00e3o e de louvor.<\/p>\n<p>\u201cA exist\u00eancia religiosa de Francisco n\u00e3o foi um constru\u00e7\u00e3o pensada, projetada, montada, pe\u00e7a por pe\u00e7a, mas algo que nascia nele. Nisso se revela uma atitude espiritual bem diferente da atitude quantificante, matem\u00e1tica, tecnicista, e pr\u00e9-fabricante do homem moderno. A de Francisco \u00e9 uma atitude receptiva e po\u00e9tica atrav\u00e9s da qual a vida brota agradecida, feliz, jovial, desimpedida, corrente, fecunda. Esta distin\u00e7\u00e3o entre fabrica\u00e7\u00e3o e fecundidade, entre coisa e vida \u00e9 de import\u00e2ncia crucial. O enfeiti\u00e7amento do homem &#8211; principalmente do homem industrial \u2013 pela quantifica\u00e7\u00e3o, pela explora\u00e7\u00e3o e pelo dom\u00ednio, \u00e9 uma das deforma\u00e7\u00f5es mais perturbadoras do desabrochar da experi\u00eancia religiosa\u201d.<\/p>\n<p>Um salto do mundo da matem\u00e1tica para o mundo da vida. Um novo salto acontece quando a vida se apreende \u2013 era o caso de Francisco \u2013 n\u00e3o como algo nosso, resultante da fecundidade imanente das for\u00e7as c\u00f3smicas, materiais ou biol\u00f3gicas, mas como um dom, dom de Algu\u00e9m, for\u00e7a e ternura de um Amor que nos envolve. Com esse salto passamos de um movimento linear para um movimento relacional e, por isso, pessoal. Uma coisa \u00e9 a fecundidade biol\u00f3gica, por mais assombrosa que seja a prolifera\u00e7\u00e3o da vida vegetal e animal &#8211; e outra infinitamente mais nobre e aconchegante &#8211; \u00e9 a intimidade e a comunica\u00e7\u00e3o interpessoal.<\/p>\n<p><em>Texto todo inspirado em: &#8220;Francisco de Assis nosso irm\u00e3o&#8221;, David de Azevedo OFM, Editorial Franciscana, Braga, p. 47-51<\/em><\/p>\n<hr \/>\n<p><strong>Frei Almir Ribeiro Guimar\u00e3es<\/strong><\/p>\n","protected":false},"excerpt":{"rendered":"<p>O Deus Alt\u00edssimo de Francisco<\/p>\n","protected":false},"author":3,"featured_media":177598,"comment_status":"open","ping_status":"open","sticky":false,"template":"","format":"standard","meta":[],"categories":[11],"tags":[115,103],"yoast_head":"<!-- This site is optimized with the Yoast SEO plugin v19.2 - https:\/\/yoast.com\/wordpress\/plugins\/seo\/ -->\n<title>Carisma franciscano - XIII - Carisma - Franciscanos<\/title>\n<meta name=\"robots\" content=\"index, follow, max-snippet:-1, max-image-preview:large, max-video-preview:-1\" \/>\n<link rel=\"canonical\" href=\"https:\/\/franciscanos.org.br\/carisma\/carisma-franciscano-xiii.html\" \/>\n<meta property=\"og:locale\" content=\"pt_BR\" \/>\n<meta property=\"og:type\" content=\"article\" \/>\n<meta property=\"og:title\" content=\"Carisma franciscano - XIII - Carisma - Franciscanos\" \/>\n<meta property=\"og:description\" content=\"O Deus Alt\u00edssimo de Francisco\" \/>\n<meta property=\"og:url\" content=\"https:\/\/franciscanos.org.br\/carisma\/carisma-franciscano-xiii.html\" \/>\n<meta property=\"og:site_name\" content=\"Carisma - Franciscanos\" \/>\n<meta property=\"article:published_time\" content=\"2022-02-24T10:40:22+00:00\" \/>\n<meta property=\"article:modified_time\" content=\"2022-02-24T12:11:27+00:00\" \/>\n<meta property=\"og:image\" content=\"https:\/\/franciscanos.org.br\/carisma\/wp-content\/uploads\/2022\/02\/SF-840x450-1.jpg\" \/>\n\t<meta property=\"og:image:width\" content=\"840\" \/>\n\t<meta property=\"og:image:height\" content=\"450\" \/>\n\t<meta property=\"og:image:type\" content=\"image\/jpeg\" \/>\n<meta name=\"author\" content=\"moacir\" \/>\n<meta name=\"twitter:card\" content=\"summary_large_image\" \/>\n<meta name=\"twitter:label1\" content=\"Escrito por\" \/>\n\t<meta name=\"twitter:data1\" content=\"moacir\" \/>\n\t<meta name=\"twitter:label2\" content=\"Est. tempo de leitura\" \/>\n\t<meta name=\"twitter:data2\" content=\"4 minutos\" \/>\n<script type=\"application\/ld+json\" class=\"yoast-schema-graph\">{\"@context\":\"https:\/\/schema.org\",\"@graph\":[{\"@type\":\"WebSite\",\"@id\":\"https:\/\/franciscanos.org.br\/carisma\/#website\",\"url\":\"https:\/\/franciscanos.org.br\/carisma\/\",\"name\":\"Carisma - Franciscanos\",\"description\":\"Prov\u00edncia Franciscana da Imaculada Concei\u00e7\u00e3o do Brasil - Ordem dos Frades Menores\",\"potentialAction\":[{\"@type\":\"SearchAction\",\"target\":{\"@type\":\"EntryPoint\",\"urlTemplate\":\"https:\/\/franciscanos.org.br\/carisma\/?s={search_term_string}\"},\"query-input\":\"required name=search_term_string\"}],\"inLanguage\":\"pt-BR\"},{\"@type\":\"ImageObject\",\"inLanguage\":\"pt-BR\",\"@id\":\"https:\/\/franciscanos.org.br\/carisma\/carisma-franciscano-xiii.html#primaryimage\",\"url\":\"https:\/\/franciscanos.org.br\/carisma\/wp-content\/uploads\/2022\/02\/SF-840x450-1.jpg\",\"contentUrl\":\"https:\/\/franciscanos.org.br\/carisma\/wp-content\/uploads\/2022\/02\/SF-840x450-1.jpg\",\"width\":840,\"height\":450},{\"@type\":\"WebPage\",\"@id\":\"https:\/\/franciscanos.org.br\/carisma\/carisma-franciscano-xiii.html#webpage\",\"url\":\"https:\/\/franciscanos.org.br\/carisma\/carisma-franciscano-xiii.html\",\"name\":\"Carisma franciscano - XIII - Carisma - Franciscanos\",\"isPartOf\":{\"@id\":\"https:\/\/franciscanos.org.br\/carisma\/#website\"},\"primaryImageOfPage\":{\"@id\":\"https:\/\/franciscanos.org.br\/carisma\/carisma-franciscano-xiii.html#primaryimage\"},\"datePublished\":\"2022-02-24T10:40:22+00:00\",\"dateModified\":\"2022-02-24T12:11:27+00:00\",\"author\":{\"@id\":\"https:\/\/franciscanos.org.br\/carisma\/#\/schema\/person\/bf14cae4d2151ab6b6e41d96660f93a2\"},\"breadcrumb\":{\"@id\":\"https:\/\/franciscanos.org.br\/carisma\/carisma-franciscano-xiii.html#breadcrumb\"},\"inLanguage\":\"pt-BR\",\"potentialAction\":[{\"@type\":\"ReadAction\",\"target\":[\"https:\/\/franciscanos.org.br\/carisma\/carisma-franciscano-xiii.html\"]}]},{\"@type\":\"BreadcrumbList\",\"@id\":\"https:\/\/franciscanos.org.br\/carisma\/carisma-franciscano-xiii.html#breadcrumb\",\"itemListElement\":[{\"@type\":\"ListItem\",\"position\":1,\"name\":\"Home\",\"item\":\"https:\/\/franciscanos.org.br\/carisma\"},{\"@type\":\"ListItem\",\"position\":2,\"name\":\"Carisma franciscano &#8211; XIII\"}]},{\"@type\":\"Person\",\"@id\":\"https:\/\/franciscanos.org.br\/carisma\/#\/schema\/person\/bf14cae4d2151ab6b6e41d96660f93a2\",\"name\":\"moacir\",\"image\":{\"@type\":\"ImageObject\",\"inLanguage\":\"pt-BR\",\"@id\":\"https:\/\/franciscanos.org.br\/carisma\/#\/schema\/person\/image\/\",\"url\":\"https:\/\/secure.gravatar.com\/avatar\/d08aa2ce4c8dd416d4479aa8536fcf64?s=96&d=mm&r=g\",\"contentUrl\":\"https:\/\/secure.gravatar.com\/avatar\/d08aa2ce4c8dd416d4479aa8536fcf64?s=96&d=mm&r=g\",\"caption\":\"moacir\"},\"url\":\"https:\/\/franciscanos.org.br\/carisma\/author\/moacir\"}]}<\/script>\n<!-- \/ Yoast SEO plugin. -->","yoast_head_json":{"title":"Carisma franciscano - XIII - Carisma - Franciscanos","robots":{"index":"index","follow":"follow","max-snippet":"max-snippet:-1","max-image-preview":"max-image-preview:large","max-video-preview":"max-video-preview:-1"},"canonical":"https:\/\/franciscanos.org.br\/carisma\/carisma-franciscano-xiii.html","og_locale":"pt_BR","og_type":"article","og_title":"Carisma franciscano - XIII - Carisma - Franciscanos","og_description":"O Deus Alt\u00edssimo de Francisco","og_url":"https:\/\/franciscanos.org.br\/carisma\/carisma-franciscano-xiii.html","og_site_name":"Carisma - Franciscanos","article_published_time":"2022-02-24T10:40:22+00:00","article_modified_time":"2022-02-24T12:11:27+00:00","og_image":[{"width":840,"height":450,"url":"https:\/\/franciscanos.org.br\/carisma\/wp-content\/uploads\/2022\/02\/SF-840x450-1.jpg","type":"image\/jpeg"}],"author":"moacir","twitter_card":"summary_large_image","twitter_misc":{"Escrito por":"moacir","Est. tempo de leitura":"4 minutos"},"schema":{"@context":"https:\/\/schema.org","@graph":[{"@type":"WebSite","@id":"https:\/\/franciscanos.org.br\/carisma\/#website","url":"https:\/\/franciscanos.org.br\/carisma\/","name":"Carisma - Franciscanos","description":"Prov\u00edncia Franciscana da Imaculada Concei\u00e7\u00e3o do Brasil - Ordem dos Frades Menores","potentialAction":[{"@type":"SearchAction","target":{"@type":"EntryPoint","urlTemplate":"https:\/\/franciscanos.org.br\/carisma\/?s={search_term_string}"},"query-input":"required name=search_term_string"}],"inLanguage":"pt-BR"},{"@type":"ImageObject","inLanguage":"pt-BR","@id":"https:\/\/franciscanos.org.br\/carisma\/carisma-franciscano-xiii.html#primaryimage","url":"https:\/\/franciscanos.org.br\/carisma\/wp-content\/uploads\/2022\/02\/SF-840x450-1.jpg","contentUrl":"https:\/\/franciscanos.org.br\/carisma\/wp-content\/uploads\/2022\/02\/SF-840x450-1.jpg","width":840,"height":450},{"@type":"WebPage","@id":"https:\/\/franciscanos.org.br\/carisma\/carisma-franciscano-xiii.html#webpage","url":"https:\/\/franciscanos.org.br\/carisma\/carisma-franciscano-xiii.html","name":"Carisma franciscano - XIII - Carisma - Franciscanos","isPartOf":{"@id":"https:\/\/franciscanos.org.br\/carisma\/#website"},"primaryImageOfPage":{"@id":"https:\/\/franciscanos.org.br\/carisma\/carisma-franciscano-xiii.html#primaryimage"},"datePublished":"2022-02-24T10:40:22+00:00","dateModified":"2022-02-24T12:11:27+00:00","author":{"@id":"https:\/\/franciscanos.org.br\/carisma\/#\/schema\/person\/bf14cae4d2151ab6b6e41d96660f93a2"},"breadcrumb":{"@id":"https:\/\/franciscanos.org.br\/carisma\/carisma-franciscano-xiii.html#breadcrumb"},"inLanguage":"pt-BR","potentialAction":[{"@type":"ReadAction","target":["https:\/\/franciscanos.org.br\/carisma\/carisma-franciscano-xiii.html"]}]},{"@type":"BreadcrumbList","@id":"https:\/\/franciscanos.org.br\/carisma\/carisma-franciscano-xiii.html#breadcrumb","itemListElement":[{"@type":"ListItem","position":1,"name":"Home","item":"https:\/\/franciscanos.org.br\/carisma"},{"@type":"ListItem","position":2,"name":"Carisma franciscano &#8211; XIII"}]},{"@type":"Person","@id":"https:\/\/franciscanos.org.br\/carisma\/#\/schema\/person\/bf14cae4d2151ab6b6e41d96660f93a2","name":"moacir","image":{"@type":"ImageObject","inLanguage":"pt-BR","@id":"https:\/\/franciscanos.org.br\/carisma\/#\/schema\/person\/image\/","url":"https:\/\/secure.gravatar.com\/avatar\/d08aa2ce4c8dd416d4479aa8536fcf64?s=96&d=mm&r=g","contentUrl":"https:\/\/secure.gravatar.com\/avatar\/d08aa2ce4c8dd416d4479aa8536fcf64?s=96&d=mm&r=g","caption":"moacir"},"url":"https:\/\/franciscanos.org.br\/carisma\/author\/moacir"}]}},"_links":{"self":[{"href":"https:\/\/franciscanos.org.br\/carisma\/wp-json\/wp\/v2\/posts\/177595"}],"collection":[{"href":"https:\/\/franciscanos.org.br\/carisma\/wp-json\/wp\/v2\/posts"}],"about":[{"href":"https:\/\/franciscanos.org.br\/carisma\/wp-json\/wp\/v2\/types\/post"}],"author":[{"embeddable":true,"href":"https:\/\/franciscanos.org.br\/carisma\/wp-json\/wp\/v2\/users\/3"}],"replies":[{"embeddable":true,"href":"https:\/\/franciscanos.org.br\/carisma\/wp-json\/wp\/v2\/comments?post=177595"}],"version-history":[{"count":3,"href":"https:\/\/franciscanos.org.br\/carisma\/wp-json\/wp\/v2\/posts\/177595\/revisions"}],"predecessor-version":[{"id":177600,"href":"https:\/\/franciscanos.org.br\/carisma\/wp-json\/wp\/v2\/posts\/177595\/revisions\/177600"}],"wp:featuredmedia":[{"embeddable":true,"href":"https:\/\/franciscanos.org.br\/carisma\/wp-json\/wp\/v2\/media\/177598"}],"wp:attachment":[{"href":"https:\/\/franciscanos.org.br\/carisma\/wp-json\/wp\/v2\/media?parent=177595"}],"wp:term":[{"taxonomy":"category","embeddable":true,"href":"https:\/\/franciscanos.org.br\/carisma\/wp-json\/wp\/v2\/categories?post=177595"},{"taxonomy":"post_tag","embeddable":true,"href":"https:\/\/franciscanos.org.br\/carisma\/wp-json\/wp\/v2\/tags?post=177595"}],"curies":[{"name":"wp","href":"https:\/\/api.w.org\/{rel}","templated":true}]}}