{"id":177581,"date":"2022-01-20T10:30:08","date_gmt":"2022-01-20T13:30:08","guid":{"rendered":"https:\/\/franciscanos.org.br\/carisma\/?p=177581"},"modified":"2022-01-20T10:35:54","modified_gmt":"2022-01-20T13:35:54","slug":"carisma-franciscano-xii","status":"publish","type":"post","link":"https:\/\/franciscanos.org.br\/carisma\/carisma-franciscano-xii.html","title":{"rendered":"Carisma Franciscano &#8211; XII"},"content":{"rendered":"<div id=\"attachment_177582\" style=\"width: 850px\" class=\"wp-caption alignnone\"><img aria-describedby=\"caption-attachment-177582\" loading=\"lazy\" class=\"wp-image-177582 size-full\" src=\"https:\/\/franciscanos.org.br\/carisma\/wp-content\/uploads\/2022\/01\/franciscanos_2001.jpg\" alt=\"\" width=\"840\" height=\"450\" srcset=\"https:\/\/franciscanos.org.br\/carisma\/wp-content\/uploads\/2022\/01\/franciscanos_2001.jpg 840w, https:\/\/franciscanos.org.br\/carisma\/wp-content\/uploads\/2022\/01\/franciscanos_2001-450x241.jpg 450w, https:\/\/franciscanos.org.br\/carisma\/wp-content\/uploads\/2022\/01\/franciscanos_2001-768x411.jpg 768w, https:\/\/franciscanos.org.br\/carisma\/wp-content\/uploads\/2022\/01\/franciscanos_2001-150x80.jpg 150w\" sizes=\"(max-width: 840px) 100vw, 840px\" \/><p id=\"caption-attachment-177582\" class=\"wp-caption-text\">\u00a0 \u00a0 \u00a0 \u00a0 \u00a0 \u00a0 \u00a0 \u00a0 \u00a0 \u00a0 \u00a0 \u00a0 \u00a0 \u00a0 \u00a0 \u00a0 \u00a0 \u00a0 \u00a0 \u00a0 \u00a0 \u00a0 \u00a0 \u00a0 \u00a0 \u00a0 \u00a0 \u00a0 \u00a0 \u00a0 \u00a0 \u00a0 \u00a0 \u00a0 \u00a0 \u00a0 \u00a0 \u00a0 \u00a0 \u00a0 \u00a0 \u00a0 \u00a0 \u00a0 \u00a0 \u00a0 \u00a0 \u00a0 \u00a0 \u00a0 \u00a0 \u00a0 \u00a0 \u00a0 \u00a0 \u00a0 \u00a0 \u00a0 \u00a0 <em>\u00a0 \u00a0 \u00a0Imagem: Acervo da Prov\u00edncia<\/em><\/p><\/div>\n<h3>Cultivar esp\u00edrito de n\u00e3o-apropria\u00e7\u00e3o<\/h3>\n<p><em>\u201cA vida de comunh\u00e3o fraterna exige que os irm\u00e3os observem unanimemente a Regra e as Constitui\u00e7\u00f5es; tenham um modo de viver semelhante; participem dos atos da vida da Fraternidade, sobretudo a ora\u00e7\u00e3o em comum, da evangeliza\u00e7\u00e3o e dos trabalhos dom\u00e9sticos; e ponham \u00e0 disposi\u00e7\u00e3o da Fraternidade todos os emolumentos que a qualquer t\u00edtulo tenham recebido\u201d (CCGG 42,2).<\/em><\/p>\n<p>Somos irm\u00e3os e irm\u00e3os menores l\u00e1 onde estivermos: ouvindo confiss\u00f5es numa capela do interior, na qualidade de ministro dos irm\u00e3os em casa, na administra\u00e7\u00e3o do Santu\u00e1rio da Penha, no atendimento do Convento do Largo de S\u00e3o Francisco em S\u00e3o Paulo, nos livros que escrevemos, nos sucessos obtidos e nos fracassos acontecidos. Estimamo-nos como irm\u00e3os, diletos irm\u00e3os, queridos irm\u00e3os, dilet\u00edssimos irm\u00e3os, prezados irm\u00e3os. Menores: irm\u00e3os sem qualquer ind\u00edcio de superioridade em rela\u00e7\u00e3o aos outros. Os \u201cmaiores\u201d revelam superioridade, ju\u00edzos demasiadamente f\u00e1ceis dos outros, palavras altaneiras. Vivemos uns em depend\u00eancia dos outros e isto alegremente. Viver como menores \u00e9 viver sem apropria\u00e7\u00e3o de coisas e de pessoas. Aceitar tudo com esp\u00edrito de gratid\u00e3o.<\/p>\n<p>O nome de Frades Menores que usamos exige fraternidade \u00e9 claro, mas tamb\u00e9m servi\u00e7o e servi\u00e7o humilde. Colocaremos de lado toda vontade de poder e de dom\u00ednio. \u201cEm rela\u00e7\u00e3o a todos, submissos a qualquer criatura, por causa de Deus, devemos apresentar-nos, em comunidade e individualmente, como pequeninos, como servos que ningu\u00e9m teme, porque servos esfor\u00e7am-se por servir e n\u00e3o por dominar, ou por se impor, sobretudo para fins espirituais. Uma semelhante atitude exige o esp\u00edrito de inf\u00e2ncia, a pequenez, a simplicidade, um otimismo decidido perante os homens e os acontecimentos. H\u00e1 que aceitar a inseguran\u00e7a no plano das institui\u00e7\u00f5es e as ideias, a incerteza em rela\u00e7\u00e3o ao futuro. H\u00e1 que reconhecer que somos fracos e vulner\u00e1veis, servos in\u00fateis e que ningu\u00e9m \u00e9 forte sen\u00e3o Deus. Contribuiremos assim, pelo nosso lado para fazer resplandecer o rosto da comunidade crist\u00e3, que \u00e9 tamb\u00e9m o rosto do Senhor, o qual veio \u201cpara servir e n\u00e3o para ser servido\u201d (Doc. OFM: A Caminho rumo ao Cap\u00edtulo Geral Extraordin\u00e1rio, 2004, p.21).<\/p>\n<p>Ser menores com rela\u00e7\u00e3o aos nossos co-irm\u00e3os: N\u00e3o h\u00e1 d\u00favida de que isso pode significar coisas diferentes e em Fraternidades distintas: mas certamente significa comportamento que tenha ind\u00edcios de \u201csuperioridade\u201d em rela\u00e7\u00e3o aos outros. S\u00e3o v\u00e1rias as atitudes que revelam um sentido de superioridade: os ju\u00edzos demasiadamente f\u00e1ceis sobre os outros, talvez acompanhados de gestos sarc\u00e1sticos; as expectativas ou os pedidos expl\u00edcitos dirigidos aos frades, pretendendo que a ajuda que os outros nos d\u00e3o ou o servi\u00e7o que nos prestam seja um \u201cdireito\u201d, em vez de aceitar tudo com esp\u00edrito de gratid\u00e3o e de reconhecimento.<br \/>\n<em>cf. Todos v\u00f3s sois irm\u00e3os &#8211; Doc. OFM, 2004, p. 123-124<\/em><\/p>\n<p>No final desta medita\u00e7\u00e3o podemos pedir que venha em nosso aux\u00edlio reflex\u00f5es de Giacomo Bini, nosso ex-ministro geral:<\/p>\n<p>\u2666 A minoridade \u00e9 um dos crit\u00e9rio na escolha de um servi\u00e7o ou de um trabalho?<\/p>\n<p>\u2666 A vida fraterna em minoridade caracteriza realmente nossa identidade, nossas rela\u00e7\u00f5es com as pessoas que contactamos? Existe um estilo franciscano bem conhecido e bem caracterizado que muitos irm\u00e3os nos transmitiram e do qual o mundo est\u00e1 sedento.<\/p>\n<p>\u2666 O modo de evangelizar remete imediatamente para nosso estilo vida em fraternidade e minoridade? Muitas vezes n\u00e3o somos cr\u00edveis, apesar da generosidade de nosso esfor\u00e7o; nossa palavra ressoa no vazio porque n\u00e3o corresponde \u00e0 nossa atitude interior, ao nosso comportamento, \u00e0s nossas estruturas que, ao contr\u00e1rio, exprimem poder, grandiosidade, efici\u00eancia.<\/p>\n<p><em>Relatio Ministri Generalis, Cap\u00edtulo de 2003, p. 83<\/em><\/p>\n<hr \/>\n<p><em>Frei Almir Guimar\u00e3es<\/em><\/p>\n","protected":false},"excerpt":{"rendered":"<p>Cultivar esp\u00edrito de n\u00e3o-apropria\u00e7\u00e3o<\/p>\n","protected":false},"author":3,"featured_media":177582,"comment_status":"open","ping_status":"open","sticky":false,"template":"","format":"standard","meta":[],"categories":[11],"tags":[115],"yoast_head":"<!-- This site is optimized with the Yoast SEO plugin v19.2 - https:\/\/yoast.com\/wordpress\/plugins\/seo\/ -->\n<title>Carisma Franciscano - XII - Carisma - Franciscanos<\/title>\n<meta name=\"robots\" content=\"index, follow, max-snippet:-1, max-image-preview:large, max-video-preview:-1\" \/>\n<link rel=\"canonical\" href=\"https:\/\/franciscanos.org.br\/carisma\/carisma-franciscano-xii.html\" \/>\n<meta property=\"og:locale\" content=\"pt_BR\" \/>\n<meta property=\"og:type\" content=\"article\" \/>\n<meta property=\"og:title\" content=\"Carisma Franciscano - XII - Carisma - Franciscanos\" \/>\n<meta property=\"og:description\" content=\"Cultivar esp\u00edrito de n\u00e3o-apropria\u00e7\u00e3o\" \/>\n<meta property=\"og:url\" content=\"https:\/\/franciscanos.org.br\/carisma\/carisma-franciscano-xii.html\" \/>\n<meta property=\"og:site_name\" content=\"Carisma - Franciscanos\" \/>\n<meta property=\"article:published_time\" content=\"2022-01-20T13:30:08+00:00\" \/>\n<meta property=\"article:modified_time\" content=\"2022-01-20T13:35:54+00:00\" \/>\n<meta property=\"og:image\" content=\"https:\/\/franciscanos.org.br\/carisma\/wp-content\/uploads\/2022\/01\/franciscanos_2001.jpg\" \/>\n\t<meta property=\"og:image:width\" content=\"840\" \/>\n\t<meta property=\"og:image:height\" content=\"450\" \/>\n\t<meta property=\"og:image:type\" content=\"image\/jpeg\" \/>\n<meta name=\"author\" content=\"moacir\" \/>\n<meta name=\"twitter:card\" content=\"summary_large_image\" \/>\n<meta name=\"twitter:label1\" content=\"Escrito por\" \/>\n\t<meta name=\"twitter:data1\" content=\"moacir\" \/>\n\t<meta name=\"twitter:label2\" content=\"Est. tempo de leitura\" \/>\n\t<meta name=\"twitter:data2\" content=\"3 minutos\" \/>\n<script type=\"application\/ld+json\" class=\"yoast-schema-graph\">{\"@context\":\"https:\/\/schema.org\",\"@graph\":[{\"@type\":\"WebSite\",\"@id\":\"https:\/\/franciscanos.org.br\/carisma\/#website\",\"url\":\"https:\/\/franciscanos.org.br\/carisma\/\",\"name\":\"Carisma - Franciscanos\",\"description\":\"Prov\u00edncia Franciscana da Imaculada Concei\u00e7\u00e3o do Brasil - Ordem dos Frades Menores\",\"potentialAction\":[{\"@type\":\"SearchAction\",\"target\":{\"@type\":\"EntryPoint\",\"urlTemplate\":\"https:\/\/franciscanos.org.br\/carisma\/?s={search_term_string}\"},\"query-input\":\"required name=search_term_string\"}],\"inLanguage\":\"pt-BR\"},{\"@type\":\"ImageObject\",\"inLanguage\":\"pt-BR\",\"@id\":\"https:\/\/franciscanos.org.br\/carisma\/carisma-franciscano-xii.html#primaryimage\",\"url\":\"https:\/\/franciscanos.org.br\/carisma\/wp-content\/uploads\/2022\/01\/franciscanos_2001.jpg\",\"contentUrl\":\"https:\/\/franciscanos.org.br\/carisma\/wp-content\/uploads\/2022\/01\/franciscanos_2001.jpg\",\"width\":840,\"height\":450},{\"@type\":\"WebPage\",\"@id\":\"https:\/\/franciscanos.org.br\/carisma\/carisma-franciscano-xii.html#webpage\",\"url\":\"https:\/\/franciscanos.org.br\/carisma\/carisma-franciscano-xii.html\",\"name\":\"Carisma Franciscano - XII - Carisma - Franciscanos\",\"isPartOf\":{\"@id\":\"https:\/\/franciscanos.org.br\/carisma\/#website\"},\"primaryImageOfPage\":{\"@id\":\"https:\/\/franciscanos.org.br\/carisma\/carisma-franciscano-xii.html#primaryimage\"},\"datePublished\":\"2022-01-20T13:30:08+00:00\",\"dateModified\":\"2022-01-20T13:35:54+00:00\",\"author\":{\"@id\":\"https:\/\/franciscanos.org.br\/carisma\/#\/schema\/person\/bf14cae4d2151ab6b6e41d96660f93a2\"},\"breadcrumb\":{\"@id\":\"https:\/\/franciscanos.org.br\/carisma\/carisma-franciscano-xii.html#breadcrumb\"},\"inLanguage\":\"pt-BR\",\"potentialAction\":[{\"@type\":\"ReadAction\",\"target\":[\"https:\/\/franciscanos.org.br\/carisma\/carisma-franciscano-xii.html\"]}]},{\"@type\":\"BreadcrumbList\",\"@id\":\"https:\/\/franciscanos.org.br\/carisma\/carisma-franciscano-xii.html#breadcrumb\",\"itemListElement\":[{\"@type\":\"ListItem\",\"position\":1,\"name\":\"Home\",\"item\":\"https:\/\/franciscanos.org.br\/carisma\"},{\"@type\":\"ListItem\",\"position\":2,\"name\":\"Carisma Franciscano &#8211; XII\"}]},{\"@type\":\"Person\",\"@id\":\"https:\/\/franciscanos.org.br\/carisma\/#\/schema\/person\/bf14cae4d2151ab6b6e41d96660f93a2\",\"name\":\"moacir\",\"image\":{\"@type\":\"ImageObject\",\"inLanguage\":\"pt-BR\",\"@id\":\"https:\/\/franciscanos.org.br\/carisma\/#\/schema\/person\/image\/\",\"url\":\"https:\/\/secure.gravatar.com\/avatar\/d08aa2ce4c8dd416d4479aa8536fcf64?s=96&d=mm&r=g\",\"contentUrl\":\"https:\/\/secure.gravatar.com\/avatar\/d08aa2ce4c8dd416d4479aa8536fcf64?s=96&d=mm&r=g\",\"caption\":\"moacir\"},\"url\":\"https:\/\/franciscanos.org.br\/carisma\/author\/moacir\"}]}<\/script>\n<!-- \/ Yoast SEO plugin. -->","yoast_head_json":{"title":"Carisma Franciscano - XII - Carisma - Franciscanos","robots":{"index":"index","follow":"follow","max-snippet":"max-snippet:-1","max-image-preview":"max-image-preview:large","max-video-preview":"max-video-preview:-1"},"canonical":"https:\/\/franciscanos.org.br\/carisma\/carisma-franciscano-xii.html","og_locale":"pt_BR","og_type":"article","og_title":"Carisma Franciscano - XII - Carisma - Franciscanos","og_description":"Cultivar esp\u00edrito de n\u00e3o-apropria\u00e7\u00e3o","og_url":"https:\/\/franciscanos.org.br\/carisma\/carisma-franciscano-xii.html","og_site_name":"Carisma - Franciscanos","article_published_time":"2022-01-20T13:30:08+00:00","article_modified_time":"2022-01-20T13:35:54+00:00","og_image":[{"width":840,"height":450,"url":"https:\/\/franciscanos.org.br\/carisma\/wp-content\/uploads\/2022\/01\/franciscanos_2001.jpg","type":"image\/jpeg"}],"author":"moacir","twitter_card":"summary_large_image","twitter_misc":{"Escrito por":"moacir","Est. tempo de leitura":"3 minutos"},"schema":{"@context":"https:\/\/schema.org","@graph":[{"@type":"WebSite","@id":"https:\/\/franciscanos.org.br\/carisma\/#website","url":"https:\/\/franciscanos.org.br\/carisma\/","name":"Carisma - Franciscanos","description":"Prov\u00edncia Franciscana da Imaculada Concei\u00e7\u00e3o do Brasil - Ordem dos Frades Menores","potentialAction":[{"@type":"SearchAction","target":{"@type":"EntryPoint","urlTemplate":"https:\/\/franciscanos.org.br\/carisma\/?s={search_term_string}"},"query-input":"required name=search_term_string"}],"inLanguage":"pt-BR"},{"@type":"ImageObject","inLanguage":"pt-BR","@id":"https:\/\/franciscanos.org.br\/carisma\/carisma-franciscano-xii.html#primaryimage","url":"https:\/\/franciscanos.org.br\/carisma\/wp-content\/uploads\/2022\/01\/franciscanos_2001.jpg","contentUrl":"https:\/\/franciscanos.org.br\/carisma\/wp-content\/uploads\/2022\/01\/franciscanos_2001.jpg","width":840,"height":450},{"@type":"WebPage","@id":"https:\/\/franciscanos.org.br\/carisma\/carisma-franciscano-xii.html#webpage","url":"https:\/\/franciscanos.org.br\/carisma\/carisma-franciscano-xii.html","name":"Carisma Franciscano - XII - Carisma - Franciscanos","isPartOf":{"@id":"https:\/\/franciscanos.org.br\/carisma\/#website"},"primaryImageOfPage":{"@id":"https:\/\/franciscanos.org.br\/carisma\/carisma-franciscano-xii.html#primaryimage"},"datePublished":"2022-01-20T13:30:08+00:00","dateModified":"2022-01-20T13:35:54+00:00","author":{"@id":"https:\/\/franciscanos.org.br\/carisma\/#\/schema\/person\/bf14cae4d2151ab6b6e41d96660f93a2"},"breadcrumb":{"@id":"https:\/\/franciscanos.org.br\/carisma\/carisma-franciscano-xii.html#breadcrumb"},"inLanguage":"pt-BR","potentialAction":[{"@type":"ReadAction","target":["https:\/\/franciscanos.org.br\/carisma\/carisma-franciscano-xii.html"]}]},{"@type":"BreadcrumbList","@id":"https:\/\/franciscanos.org.br\/carisma\/carisma-franciscano-xii.html#breadcrumb","itemListElement":[{"@type":"ListItem","position":1,"name":"Home","item":"https:\/\/franciscanos.org.br\/carisma"},{"@type":"ListItem","position":2,"name":"Carisma Franciscano &#8211; XII"}]},{"@type":"Person","@id":"https:\/\/franciscanos.org.br\/carisma\/#\/schema\/person\/bf14cae4d2151ab6b6e41d96660f93a2","name":"moacir","image":{"@type":"ImageObject","inLanguage":"pt-BR","@id":"https:\/\/franciscanos.org.br\/carisma\/#\/schema\/person\/image\/","url":"https:\/\/secure.gravatar.com\/avatar\/d08aa2ce4c8dd416d4479aa8536fcf64?s=96&d=mm&r=g","contentUrl":"https:\/\/secure.gravatar.com\/avatar\/d08aa2ce4c8dd416d4479aa8536fcf64?s=96&d=mm&r=g","caption":"moacir"},"url":"https:\/\/franciscanos.org.br\/carisma\/author\/moacir"}]}},"_links":{"self":[{"href":"https:\/\/franciscanos.org.br\/carisma\/wp-json\/wp\/v2\/posts\/177581"}],"collection":[{"href":"https:\/\/franciscanos.org.br\/carisma\/wp-json\/wp\/v2\/posts"}],"about":[{"href":"https:\/\/franciscanos.org.br\/carisma\/wp-json\/wp\/v2\/types\/post"}],"author":[{"embeddable":true,"href":"https:\/\/franciscanos.org.br\/carisma\/wp-json\/wp\/v2\/users\/3"}],"replies":[{"embeddable":true,"href":"https:\/\/franciscanos.org.br\/carisma\/wp-json\/wp\/v2\/comments?post=177581"}],"version-history":[{"count":5,"href":"https:\/\/franciscanos.org.br\/carisma\/wp-json\/wp\/v2\/posts\/177581\/revisions"}],"predecessor-version":[{"id":177587,"href":"https:\/\/franciscanos.org.br\/carisma\/wp-json\/wp\/v2\/posts\/177581\/revisions\/177587"}],"wp:featuredmedia":[{"embeddable":true,"href":"https:\/\/franciscanos.org.br\/carisma\/wp-json\/wp\/v2\/media\/177582"}],"wp:attachment":[{"href":"https:\/\/franciscanos.org.br\/carisma\/wp-json\/wp\/v2\/media?parent=177581"}],"wp:term":[{"taxonomy":"category","embeddable":true,"href":"https:\/\/franciscanos.org.br\/carisma\/wp-json\/wp\/v2\/categories?post=177581"},{"taxonomy":"post_tag","embeddable":true,"href":"https:\/\/franciscanos.org.br\/carisma\/wp-json\/wp\/v2\/tags?post=177581"}],"curies":[{"name":"wp","href":"https:\/\/api.w.org\/{rel}","templated":true}]}}