{"id":177535,"date":"2021-11-21T17:57:12","date_gmt":"2021-11-21T20:57:12","guid":{"rendered":"https:\/\/franciscanos.org.br\/carisma\/?p=177535"},"modified":"2022-01-20T09:16:00","modified_gmt":"2022-01-20T12:16:00","slug":"em-tempos-de-capitulo","status":"publish","type":"post","link":"https:\/\/franciscanos.org.br\/carisma\/em-tempos-de-capitulo.html","title":{"rendered":"XI &#8211; Em tempos de Cap\u00edtulo"},"content":{"rendered":"<p><img loading=\"lazy\" class=\"alignnone wp-image-177536 size-full\" src=\"https:\/\/franciscanos.org.br\/carisma\/wp-content\/uploads\/2021\/11\/logo_capitulo.jpg\" alt=\"\" width=\"840\" height=\"471\" srcset=\"https:\/\/franciscanos.org.br\/carisma\/wp-content\/uploads\/2021\/11\/logo_capitulo.jpg 840w, https:\/\/franciscanos.org.br\/carisma\/wp-content\/uploads\/2021\/11\/logo_capitulo-450x252.jpg 450w, https:\/\/franciscanos.org.br\/carisma\/wp-content\/uploads\/2021\/11\/logo_capitulo-768x431.jpg 768w, https:\/\/franciscanos.org.br\/carisma\/wp-content\/uploads\/2021\/11\/logo_capitulo-150x84.jpg 150w\" sizes=\"(max-width: 840px) 100vw, 840px\" \/><\/p>\n<h3>Para onde os ventos sopram&#8230;<\/h3>\n<p>\u2666\u00a0Os frades da Imaculada se re\u00fanem em Cap\u00edtulo Provincial a partir desta segunda, 22 de novembro de 2021. Momentos de encontro, de se inteirar da vida de uns e de outros. Ora\u00e7\u00e3o mais ampliada, mas sem firulas. Um olhar que paira sobre algu\u00e9m que h\u00e1 muito n\u00e3o t\u00ednhamos visto. Vontade conversar. Tempo de nascer e renascer neste organismo vivo que \u00e9 a Prov\u00edncia, que antes de tudo se constitui de hist\u00f3rias, de frades, de sonhos, de expectativas. Continuamos a caminhada. Afinal de contas \u00e9 nossa vida em que est\u00e1 em jogo. Continuar diferentemente? Parece necess\u00e1rio. Juntos precisamos, com a luz do Esp\u00edrito Santo, abra\u00e7ar o novo. Que tarefa dif\u00edcil! N\u00e3o podemos ser pregui\u00e7osos. Os irm\u00e3os que chegam e que enxergam as coisas com outros olhos, n\u00e3o nos perdoar\u00e3o se os encerramos na rotina das coisas que se repetem sem alma, sem brio, sem garra e nas quais nem sempre n\u00f3s mesmos acreditamos. Ou, que \u00e9 pior se eles adotarem cegamente o que j\u00e1 tem marcas de esgotado.<\/p>\n<p>\u2666 \u201cDeus nasce todos dias em Jesus Cristo. Claro, historicamente nasceu uma vez por todas no Natal, bem como morreu uma vez por todas a sexta-feira santa. \u201cJesus nasce todos os dias\u201d \u00e9 reconhecer o poder eficaz da ressurrei\u00e7\u00e3o. Hoje, a cada instante, Jesus \u00e9 fonte de vida\u201d ( Pierre Talec).<\/p>\n<p>\u2666 No fundo, todos os seres humanos, em todas as culturas, em todos os tempos, carregam em si os mesmos sonhos que em Francisco se encarnaram. Esta e n\u00e3o outra \u00e9 a derradeira raz\u00e3o da admira\u00e7\u00e3o que todos lhe devotam. Ele \u00e9 o homem que todos gostar\u00edamos de ser: humano, af\u00e1vel, fraterno, portador da paz porque em paz. \u00c0s vezes ensaiamos uns poucos passos. Tentamos. Outras vezes ficamos a meio caminho (Reviver o sonho de Francisco e de Clara de Assis no ch\u00e3o da Am\u00e9rica Latina e do Caribe, CEFEPAL 2009).<\/p>\n<p>\u2666Somos pessoas fascinadas pelo Alt\u00edssimo. Aprendemos com Francisco a contemplar o Cristo nas esta\u00e7\u00f5es de vida, na singeleza de seu nascimento, na crueza de sua morte e como esse andarilho foi expandindo o perfume do amor de seu Pai. O Pai de Jesus nos convoca \u00e0 ora\u00e7\u00e3o a contempla\u00e7\u00e3o. Ora\u00e7\u00e3o n\u00e3o formal, com todos os frades, celebra\u00e7\u00f5es que expressem a vida da Fraternidade e n\u00e3o meros momentos, meio secos e obrigat\u00f3rios. Hor\u00e1rios para a leitura espiritual e para a medita\u00e7\u00e3o, quase que diariamente. Partilha de ora\u00e7\u00e3o entre os frades e leigos. Retiro anual ou semestral. Liturgias belas, sem pompas da corte real, mas momentos em que os participantes compreendam o significa em sua vida&#8230; esse corpo que \u00e9 dado por todos e com o qual entramos em comunh\u00e3o. Todos precisamos ter a certeza que os frades rezam e n\u00e3o s\u00e3o apenas delegados para celebrar missa para o povo. Nossas casas ser\u00e3o focos onde irm\u00e3os buscam resolutamente o Senhor.<\/p>\n<p>\u2666 Todos os frades precisamos revisitar o nosso interior. Seus espa\u00e7os est\u00e3o desocupados e com teias de aranha. Tempos de ora\u00e7\u00e3o no eremit\u00e9rio. Ajudar o povo a rezar em nossos espa\u00e7os. Urge que fa\u00e7amos ou tenhamos encontros pessoais com Cristo. Criar espa\u00e7os f\u00edsicos de ora\u00e7\u00e3o.<\/p>\n<p>\u2666 Fraternidade&#8230;.muitos esfor\u00e7os foram feitos. Muito h\u00e1 ainda que fazer. A Fraternidade \u00e9 um pouco mais do que um grupo que se entende, em que seus membros se tratam com civilidade e um n\u00e3o atrapalha a vida do outro, em que tudo funciona: o frade marcado cumpriu seu tempo na portaria, o outro fez as compras e verificou a condi\u00e7\u00e3o dos carros da casa, o mais velho entregou o dinheiro de sua aposentadoria. Fraternidade \u00e9 mais. Necess\u00e1rio express\u00f5es de estima: respeito, interessar-se pelo confrade, colocar gestos de apre\u00e7o, chorar com os que choram, estar perto dos que perderam o f\u00f4lego, festejar suas vit\u00f3rias, carregar os pesos e nunca perder a esperan\u00e7a de que ele supere tudo e seja um amigo de Deus. Criar la\u00e7os fraternos com os leigos que nos cercam. Buscar outros para se acercarem de n\u00f3s tais quais s\u00e3o. Fraternidades hospitaleiras. Para todos.<\/p>\n<p>\u2666 Mais do que nunca os tempos pedem, como queria Francisco, nosso \u201cir dois a dois pelo mundo\u201d. Dois que se deslocam fisicamente por todos os cantos. Dois que se estimam, confiantes, alegres e pr\u00f3ximos. Mobilidade. Inventar maneiras novas de dizer o querer bem a todos, que eles, esses dois ou mais mission\u00e1rios peregrinos, est\u00e3o \u00e1vidos de lhes dizer que carregam uma Boa Nova que n\u00e3o cabe em seu peito. Deus se tornou uma pobre crian\u00e7a com os bracinhos estendidos e um crucificado de bra\u00e7os abertos doido por nos abra\u00e7ar. Com palavras e o testemunho.<\/p>\n<p>\u2666 Penso que esse ir dois a dois n\u00e3o clama necessariamente o deslocamento f\u00edsico. Os irm\u00e3os que trabalham numa par\u00f3quia aberta, franciscana, que ensaiam sendas novas, que mostram caminhos novos para os que se separaram e se recasaram, para os jovens cansados de tantas mensagens e de desgaste de seu brio intimo&#8230;. Os frades, juntos, em fraternidade s\u00e3o andarilhos ardorosos com pouco coisa na mochila da vida. H\u00e1 na Ordem, \u00e9 verdade, experi\u00eancias de v\u00e1rios deslocamentos novos bem-sucedidos. Em nossa Prov\u00edncia h\u00e1 par\u00f3quias onde podemos belamente fazer a experi\u00eancia de andarilhos a partir do interior dos frades.<\/p>\n<p>\u2666 Cabe-nos reinventar lugares gratuitos. Promover encontros sem pequenos interesses nossos e da institui\u00e7\u00e3o. Interessar-se pela vida de cada um. Inaugurar a civiliza\u00e7\u00e3o da experi\u00eancia. Lugares onde seja poss\u00edvel a amizade. Tudo isso torna a fraternidade mais verdadeira. Lugares onde possamos renascer. Esses \u201cespa\u00e7os\u201d n\u00e3o precisam ser geogr\u00e1ficos. Num canto dos pr\u00e9dios da par\u00f3quia. No refeit\u00f3rio da firma em que se trabalha. Dois ou tr\u00eas re\u00fanem na f\u00e9 do Ressuscitado e se realiza o mist\u00e9rio de Ema\u00fas.<\/p>\n<p>\u2666 Frades despojados. N\u00e3o miser\u00e1veis. Pobres de esp\u00edrito e desapegados dos bens edos requintes. Despojados. S\u00f3brios no comer, no beber, no uso dos avan\u00e7os, nos carros&#8230; Pessoas sem aparatos exteriores. A comida que todo mundo come. Usar quando poss\u00edvel dos transportes p\u00fablicos. Colocar em vigor de verdade o sistema da caixa comum. Desapropriar-se de si. Restituir ao Senhor o que ele deu e n\u00e3o desejarmos aplausos vestindo-nos com penas que o Senhor nos deu. N\u00e3o roubarmos do Senhor. Afabilidade. N\u00e3o murmuramos. Nada de pessoas \u201creclamonas\u201d.<\/p>\n<p>\u2666 Organizar a vida de tal forma que as pessoas mais desmunidas ocupem os lugares preferenciais: os doentes, os pobres envergonhados, os que n\u00e3o sabem se defender, os \u201cdiferentes\u201d com vergonha de serem \u201cdiferentes\u201d, os que precisam de p\u00e3o ou colch\u00e3o, as mulheres maltratadas e os que vivem numa atmosfera de pavor, os bem situados que andam cultuando o dinheiro e o poder e precisam de uma voz prof\u00e9tica.<\/p>\n<p><strong>Uns poucos pensamentos para concluir:<\/strong><\/p>\n<p>\u2666 \u201cO homem n\u00e3o se torna verdadeiramente homem a n\u00e3o ser quando se liberta de si mesmo e vai ao encontro de uma Presen\u00e7a que vai al\u00e9m dele\u201d (Maurice Zundel).<\/p>\n<p>\u2666 \u201cUma vida espiritual prof\u00e9tica n\u00e3o requer uma empresa ou um campus, pr\u00e9dios enormes ou instala\u00e7\u00f5es espa\u00e7osas para mudar o mundo. Hoje, o chamado \u00e9 para que uma voz alta, n\u00edtida e comum, desafie opress\u00e3o e discrimina\u00e7\u00e3o de qualquer tipo. Uma voz que denuncie a injusti\u00e7a e a invisibilidade de qualquer esp\u00e9cie. Uma voz que ampare, grupo ap\u00f3s grupo, contra o racismo e preconceitos virulentos surgidos com o movimento de popula\u00e7\u00f5es inteiras num planeta \u00e1rido, ressecado e economicamente escravizado e em guerra. \u00c9 esta a voz prof\u00e9tica pela qual o mundo est\u00e1 \u00e0 espera. S\u00e3o as vozes de Amos e Os\u00e9ias, de Isa\u00edas e Miqueias, de Jeremias e Ezequiel &#8211; e agora a sua &#8211; aquelas necess\u00e1rias para mudar o mundo\u201d (Joan Chittister).<\/p>\n<p>\u2666 \u201cA proximidade junto aos seres humanos, t\u00e3o pr\u00f3pria da fam\u00edlia franciscana, \u00e9 de grave import\u00e2ncia para aquilo que chamamos aqui de sintonia com o cora\u00e7\u00e3o do mundo e dos homens, pelo qual nos colocar\u00edamos em condi\u00e7\u00f5es de captar afetiva, anal\u00edtica e praticamente os reais apelos das reais necessidades de um mundo e de pessoas reais (Doc. CEFEPAL 2009).<\/p>\n<hr \/>\n<p><em>Frei Almir Ribeiro Guimar\u00e3es<\/em><\/p>\n","protected":false},"excerpt":{"rendered":"<p>Artigo de Frei Almir Ribeiro Guimaraes<\/p>\n","protected":false},"author":3,"featured_media":177536,"comment_status":"open","ping_status":"open","sticky":false,"template":"","format":"standard","meta":[],"categories":[11],"tags":[103],"yoast_head":"<!-- This site is optimized with the Yoast SEO plugin v19.2 - https:\/\/yoast.com\/wordpress\/plugins\/seo\/ -->\n<title>XI - Em tempos de Cap\u00edtulo - Carisma - Franciscanos<\/title>\n<meta name=\"robots\" content=\"index, follow, max-snippet:-1, max-image-preview:large, max-video-preview:-1\" \/>\n<link rel=\"canonical\" href=\"https:\/\/franciscanos.org.br\/carisma\/em-tempos-de-capitulo.html\" \/>\n<meta property=\"og:locale\" content=\"pt_BR\" \/>\n<meta property=\"og:type\" content=\"article\" \/>\n<meta property=\"og:title\" content=\"XI - Em tempos de Cap\u00edtulo - Carisma - Franciscanos\" \/>\n<meta property=\"og:description\" content=\"Artigo de Frei Almir Ribeiro Guimaraes\" \/>\n<meta property=\"og:url\" content=\"https:\/\/franciscanos.org.br\/carisma\/em-tempos-de-capitulo.html\" \/>\n<meta property=\"og:site_name\" content=\"Carisma - Franciscanos\" \/>\n<meta property=\"article:published_time\" content=\"2021-11-21T20:57:12+00:00\" \/>\n<meta property=\"article:modified_time\" content=\"2022-01-20T12:16:00+00:00\" \/>\n<meta property=\"og:image\" content=\"https:\/\/franciscanos.org.br\/carisma\/wp-content\/uploads\/2021\/11\/logo_capitulo.jpg\" \/>\n\t<meta property=\"og:image:width\" content=\"840\" \/>\n\t<meta property=\"og:image:height\" content=\"471\" \/>\n\t<meta property=\"og:image:type\" content=\"image\/jpeg\" \/>\n<meta name=\"author\" content=\"moacir\" \/>\n<meta name=\"twitter:card\" content=\"summary_large_image\" \/>\n<meta name=\"twitter:label1\" content=\"Escrito por\" \/>\n\t<meta name=\"twitter:data1\" content=\"moacir\" \/>\n\t<meta name=\"twitter:label2\" content=\"Est. tempo de leitura\" \/>\n\t<meta name=\"twitter:data2\" content=\"7 minutos\" \/>\n<script type=\"application\/ld+json\" class=\"yoast-schema-graph\">{\"@context\":\"https:\/\/schema.org\",\"@graph\":[{\"@type\":\"WebSite\",\"@id\":\"https:\/\/franciscanos.org.br\/carisma\/#website\",\"url\":\"https:\/\/franciscanos.org.br\/carisma\/\",\"name\":\"Carisma - Franciscanos\",\"description\":\"Prov\u00edncia Franciscana da Imaculada Concei\u00e7\u00e3o do Brasil - Ordem dos Frades Menores\",\"potentialAction\":[{\"@type\":\"SearchAction\",\"target\":{\"@type\":\"EntryPoint\",\"urlTemplate\":\"https:\/\/franciscanos.org.br\/carisma\/?s={search_term_string}\"},\"query-input\":\"required name=search_term_string\"}],\"inLanguage\":\"pt-BR\"},{\"@type\":\"ImageObject\",\"inLanguage\":\"pt-BR\",\"@id\":\"https:\/\/franciscanos.org.br\/carisma\/em-tempos-de-capitulo.html#primaryimage\",\"url\":\"https:\/\/franciscanos.org.br\/carisma\/wp-content\/uploads\/2021\/11\/logo_capitulo.jpg\",\"contentUrl\":\"https:\/\/franciscanos.org.br\/carisma\/wp-content\/uploads\/2021\/11\/logo_capitulo.jpg\",\"width\":840,\"height\":471},{\"@type\":\"WebPage\",\"@id\":\"https:\/\/franciscanos.org.br\/carisma\/em-tempos-de-capitulo.html#webpage\",\"url\":\"https:\/\/franciscanos.org.br\/carisma\/em-tempos-de-capitulo.html\",\"name\":\"XI - Em tempos de Cap\u00edtulo - Carisma - Franciscanos\",\"isPartOf\":{\"@id\":\"https:\/\/franciscanos.org.br\/carisma\/#website\"},\"primaryImageOfPage\":{\"@id\":\"https:\/\/franciscanos.org.br\/carisma\/em-tempos-de-capitulo.html#primaryimage\"},\"datePublished\":\"2021-11-21T20:57:12+00:00\",\"dateModified\":\"2022-01-20T12:16:00+00:00\",\"author\":{\"@id\":\"https:\/\/franciscanos.org.br\/carisma\/#\/schema\/person\/bf14cae4d2151ab6b6e41d96660f93a2\"},\"breadcrumb\":{\"@id\":\"https:\/\/franciscanos.org.br\/carisma\/em-tempos-de-capitulo.html#breadcrumb\"},\"inLanguage\":\"pt-BR\",\"potentialAction\":[{\"@type\":\"ReadAction\",\"target\":[\"https:\/\/franciscanos.org.br\/carisma\/em-tempos-de-capitulo.html\"]}]},{\"@type\":\"BreadcrumbList\",\"@id\":\"https:\/\/franciscanos.org.br\/carisma\/em-tempos-de-capitulo.html#breadcrumb\",\"itemListElement\":[{\"@type\":\"ListItem\",\"position\":1,\"name\":\"Home\",\"item\":\"https:\/\/franciscanos.org.br\/carisma\"},{\"@type\":\"ListItem\",\"position\":2,\"name\":\"XI &#8211; Em tempos de Cap\u00edtulo\"}]},{\"@type\":\"Person\",\"@id\":\"https:\/\/franciscanos.org.br\/carisma\/#\/schema\/person\/bf14cae4d2151ab6b6e41d96660f93a2\",\"name\":\"moacir\",\"image\":{\"@type\":\"ImageObject\",\"inLanguage\":\"pt-BR\",\"@id\":\"https:\/\/franciscanos.org.br\/carisma\/#\/schema\/person\/image\/\",\"url\":\"https:\/\/secure.gravatar.com\/avatar\/d08aa2ce4c8dd416d4479aa8536fcf64?s=96&d=mm&r=g\",\"contentUrl\":\"https:\/\/secure.gravatar.com\/avatar\/d08aa2ce4c8dd416d4479aa8536fcf64?s=96&d=mm&r=g\",\"caption\":\"moacir\"},\"url\":\"https:\/\/franciscanos.org.br\/carisma\/author\/moacir\"}]}<\/script>\n<!-- \/ Yoast SEO plugin. -->","yoast_head_json":{"title":"XI - Em tempos de Cap\u00edtulo - Carisma - Franciscanos","robots":{"index":"index","follow":"follow","max-snippet":"max-snippet:-1","max-image-preview":"max-image-preview:large","max-video-preview":"max-video-preview:-1"},"canonical":"https:\/\/franciscanos.org.br\/carisma\/em-tempos-de-capitulo.html","og_locale":"pt_BR","og_type":"article","og_title":"XI - Em tempos de Cap\u00edtulo - Carisma - Franciscanos","og_description":"Artigo de Frei Almir Ribeiro Guimaraes","og_url":"https:\/\/franciscanos.org.br\/carisma\/em-tempos-de-capitulo.html","og_site_name":"Carisma - Franciscanos","article_published_time":"2021-11-21T20:57:12+00:00","article_modified_time":"2022-01-20T12:16:00+00:00","og_image":[{"width":840,"height":471,"url":"https:\/\/franciscanos.org.br\/carisma\/wp-content\/uploads\/2021\/11\/logo_capitulo.jpg","type":"image\/jpeg"}],"author":"moacir","twitter_card":"summary_large_image","twitter_misc":{"Escrito por":"moacir","Est. tempo de leitura":"7 minutos"},"schema":{"@context":"https:\/\/schema.org","@graph":[{"@type":"WebSite","@id":"https:\/\/franciscanos.org.br\/carisma\/#website","url":"https:\/\/franciscanos.org.br\/carisma\/","name":"Carisma - Franciscanos","description":"Prov\u00edncia Franciscana da Imaculada Concei\u00e7\u00e3o do Brasil - Ordem dos Frades Menores","potentialAction":[{"@type":"SearchAction","target":{"@type":"EntryPoint","urlTemplate":"https:\/\/franciscanos.org.br\/carisma\/?s={search_term_string}"},"query-input":"required name=search_term_string"}],"inLanguage":"pt-BR"},{"@type":"ImageObject","inLanguage":"pt-BR","@id":"https:\/\/franciscanos.org.br\/carisma\/em-tempos-de-capitulo.html#primaryimage","url":"https:\/\/franciscanos.org.br\/carisma\/wp-content\/uploads\/2021\/11\/logo_capitulo.jpg","contentUrl":"https:\/\/franciscanos.org.br\/carisma\/wp-content\/uploads\/2021\/11\/logo_capitulo.jpg","width":840,"height":471},{"@type":"WebPage","@id":"https:\/\/franciscanos.org.br\/carisma\/em-tempos-de-capitulo.html#webpage","url":"https:\/\/franciscanos.org.br\/carisma\/em-tempos-de-capitulo.html","name":"XI - Em tempos de Cap\u00edtulo - Carisma - Franciscanos","isPartOf":{"@id":"https:\/\/franciscanos.org.br\/carisma\/#website"},"primaryImageOfPage":{"@id":"https:\/\/franciscanos.org.br\/carisma\/em-tempos-de-capitulo.html#primaryimage"},"datePublished":"2021-11-21T20:57:12+00:00","dateModified":"2022-01-20T12:16:00+00:00","author":{"@id":"https:\/\/franciscanos.org.br\/carisma\/#\/schema\/person\/bf14cae4d2151ab6b6e41d96660f93a2"},"breadcrumb":{"@id":"https:\/\/franciscanos.org.br\/carisma\/em-tempos-de-capitulo.html#breadcrumb"},"inLanguage":"pt-BR","potentialAction":[{"@type":"ReadAction","target":["https:\/\/franciscanos.org.br\/carisma\/em-tempos-de-capitulo.html"]}]},{"@type":"BreadcrumbList","@id":"https:\/\/franciscanos.org.br\/carisma\/em-tempos-de-capitulo.html#breadcrumb","itemListElement":[{"@type":"ListItem","position":1,"name":"Home","item":"https:\/\/franciscanos.org.br\/carisma"},{"@type":"ListItem","position":2,"name":"XI &#8211; Em tempos de Cap\u00edtulo"}]},{"@type":"Person","@id":"https:\/\/franciscanos.org.br\/carisma\/#\/schema\/person\/bf14cae4d2151ab6b6e41d96660f93a2","name":"moacir","image":{"@type":"ImageObject","inLanguage":"pt-BR","@id":"https:\/\/franciscanos.org.br\/carisma\/#\/schema\/person\/image\/","url":"https:\/\/secure.gravatar.com\/avatar\/d08aa2ce4c8dd416d4479aa8536fcf64?s=96&d=mm&r=g","contentUrl":"https:\/\/secure.gravatar.com\/avatar\/d08aa2ce4c8dd416d4479aa8536fcf64?s=96&d=mm&r=g","caption":"moacir"},"url":"https:\/\/franciscanos.org.br\/carisma\/author\/moacir"}]}},"_links":{"self":[{"href":"https:\/\/franciscanos.org.br\/carisma\/wp-json\/wp\/v2\/posts\/177535"}],"collection":[{"href":"https:\/\/franciscanos.org.br\/carisma\/wp-json\/wp\/v2\/posts"}],"about":[{"href":"https:\/\/franciscanos.org.br\/carisma\/wp-json\/wp\/v2\/types\/post"}],"author":[{"embeddable":true,"href":"https:\/\/franciscanos.org.br\/carisma\/wp-json\/wp\/v2\/users\/3"}],"replies":[{"embeddable":true,"href":"https:\/\/franciscanos.org.br\/carisma\/wp-json\/wp\/v2\/comments?post=177535"}],"version-history":[{"count":2,"href":"https:\/\/franciscanos.org.br\/carisma\/wp-json\/wp\/v2\/posts\/177535\/revisions"}],"predecessor-version":[{"id":177579,"href":"https:\/\/franciscanos.org.br\/carisma\/wp-json\/wp\/v2\/posts\/177535\/revisions\/177579"}],"wp:featuredmedia":[{"embeddable":true,"href":"https:\/\/franciscanos.org.br\/carisma\/wp-json\/wp\/v2\/media\/177536"}],"wp:attachment":[{"href":"https:\/\/franciscanos.org.br\/carisma\/wp-json\/wp\/v2\/media?parent=177535"}],"wp:term":[{"taxonomy":"category","embeddable":true,"href":"https:\/\/franciscanos.org.br\/carisma\/wp-json\/wp\/v2\/categories?post=177535"},{"taxonomy":"post_tag","embeddable":true,"href":"https:\/\/franciscanos.org.br\/carisma\/wp-json\/wp\/v2\/tags?post=177535"}],"curies":[{"name":"wp","href":"https:\/\/api.w.org\/{rel}","templated":true}]}}