{"id":177495,"date":"2021-09-23T09:43:38","date_gmt":"2021-09-23T12:43:38","guid":{"rendered":"https:\/\/franciscanos.org.br\/carisma\/?p=177495"},"modified":"2021-09-23T09:43:38","modified_gmt":"2021-09-23T12:43:38","slug":"carisma-franciscano-x","status":"publish","type":"post","link":"https:\/\/franciscanos.org.br\/carisma\/carisma-franciscano-x.html","title":{"rendered":"Carisma Franciscano &#8211; X"},"content":{"rendered":"<div id=\"attachment_177496\" style=\"width: 850px\" class=\"wp-caption alignnone\"><img aria-describedby=\"caption-attachment-177496\" loading=\"lazy\" class=\"wp-image-177496 size-full\" src=\"https:\/\/franciscanos.org.br\/carisma\/wp-content\/uploads\/2021\/09\/carisma_230921.jpg\" alt=\"\" width=\"840\" height=\"507\" srcset=\"https:\/\/franciscanos.org.br\/carisma\/wp-content\/uploads\/2021\/09\/carisma_230921.jpg 840w, https:\/\/franciscanos.org.br\/carisma\/wp-content\/uploads\/2021\/09\/carisma_230921-450x272.jpg 450w, https:\/\/franciscanos.org.br\/carisma\/wp-content\/uploads\/2021\/09\/carisma_230921-768x464.jpg 768w, https:\/\/franciscanos.org.br\/carisma\/wp-content\/uploads\/2021\/09\/carisma_230921-150x91.jpg 150w\" sizes=\"(max-width: 840px) 100vw, 840px\" \/><p id=\"caption-attachment-177496\" class=\"wp-caption-text\">\u00a0 \u00a0 \u00a0 \u00a0 \u00a0 \u00a0 \u00a0 \u00a0 \u00a0 \u00a0 \u00a0 \u00a0 \u00a0 \u00a0 \u00a0 \u00a0 \u00a0 \u00a0 <em>\u00a0 Imagem: Josep Benlliure Gil (1855-1937), dom\u00ednio p\u00fablico<\/em><\/p><\/div>\n<h3>Viver para os pobres. Viver com os pobres. Viver como pobres.<\/h3>\n<p>Em nossos tempos um certo receio de ler ou ouvir falar de pobreza. Quase pudor. Muitos experimentamos uma sensa\u00e7\u00e3o de cansa\u00e7o e dizemos: \u201cMais uma vez o tema\u201d. O assunto foi e continua sendo examinado, debatido, criticado, enaltecido. H\u00e1 posturas rigoristas e outras mais \u201cabertas\u201d. Umas fechadas demais, outras quase suprimindo a pobreza de nossas vida de frades. Pobreza material, cuidado com o poder. Pobreza de nosso ser criatural, cuidado com o orgulho. Os frades menores procuram saber o que vem a ser a t\u00e3o propalada pobreza. Ela \u00e9 fundamental para nosso <em>modus vivendi.<\/em> Fazemos um voto de viver a pobreza e colocarmo-nos alegremente na depend\u00eancia total de Deus. Nus chegamos e nus partiremos. Aproxima\u00e7\u00e3o dos pobres. Identifica\u00e7\u00e3o com os pobres. Defesa dos pobres. Viver para os pobres. Viver com os pobres. Viver como pobres. Depend\u00eancia. Simplicidade de vida. Frugalidade na mesa. Recusa de toda postura reivindicativa disto ou daquilo. Uma Prov\u00edncia \u00e9 aben\u00e7oada quando alegremente seus frades tem esp\u00edrito de pobre. E \u00e9 como pobres que os frades v\u00e3o pelo mundo.<\/p>\n<p>Um depoimento: \u201cDesconfio muito da palavra pobreza. Entre pobreza escolhida e pobreza imposta, ativa ou passiva, boa ou m\u00e1. As armadilhas s\u00e3o numerosas. H\u00e1 uma pobreza que precisa ser extirpada: aquela dos que n\u00e3o t\u00eam o que comer, com o que se vestir e vivem exclus\u00e3o h\u00e1 muitas gera\u00e7\u00f5es, os que recebem a mis\u00e9ria como heran\u00e7a. Mis\u00e9ria e exclus\u00e3o n\u00e3o s\u00e3o mensageiras de alegria. Descubro, mesmo assim, entre os mais pobres uma alegria que \u00e9 fruto do combate que travam buscando a dignidade e distanciando-se da mis\u00e9ria. Para perceb\u00ea-lo ser\u00e1 necess\u00e1rio estar mais perto destas realidades humanas que desumanizam. \u00c9 em contato com os pobres que encontro o verdadeiro sentido de meu voto de pobreza. (<em>Fr\u00e9d\u00e9ric-Marie L\u00e9 M\u00e9haut\u00e9, OFM<\/em>)<\/p>\n<p>O encantamento de Francisco pela Pobreza, que ele chamava de Senhora, veio das iniciativas do amor de Deus: \u201cAquilo que enche a alma de Francisco \u00e9 o espanto perante a humildade de Deus, por amor que se fez esconder num bocado de p\u00e3o, que se entregou de tal maneira que se fez comida para o homem. No pres\u00e9pio eram os membros fr\u00e1geis e ternos de uma criancinha; no Calv\u00e1rio os tormentos de um Crucificado; na Eucaristia umas pobres migalhas de p\u00e3o. Mas o que est\u00e1 por detr\u00e1s, nos tr\u00eas mist\u00e9rios, \u00e9 a inesperada e incompreens\u00edvel Loucura de Amor. Os mist\u00e9rios crist\u00e3os s\u00e3o, pois, na maneira de sentir de Francisco, iniciativas de amor da parte de Deus antes de qualquer outra coisa. <em>(Frei David Azevedo, OFM, &#8220;S\u00e3o Francisco. F\u00e9 e Vida&#8221;, Ed. Franciscana, Braga, p. 26<\/em>).<\/p>\n<p>A pobreza franciscana, em primeiro lugar, n\u00e3o \u00e9 maneira de contestar um sistema de sociedade, nem estrat\u00e9gia apost\u00f3lica, nem ato de ascese. \u00c9 uma maneira de seguir os tra\u00e7os, as pegadas, os passos do ador\u00e1vel Filho de Deus que nada possu\u00eda, nem uma pedra para reclinar a cabe\u00e7a. \u00c9 o caminho do Filho de Deus que nos revela a grandeza da alt\u00edssima pobreza. Michel Hubaut lembra que a pobreza para Francisco n\u00e3o \u00e9 alguma coisa que causa sofrimento ou dor, mas constitui o bras\u00e3o dos maior e do mais digno dos senhores que \u00e9 o Filho de Deus.<\/p>\n<p>Despojamento, desapropria\u00e7\u00e3o, verdade, reconhecimento de nossa criatural indig\u00eancia. \u201cA desapropria\u00e7\u00e3o de si precisamente a forma de pobreza a respeito da qual ele sempre volta em seus escritos: \u201cDe nada se apropriar\u201d, \u201cNada se atribuir&#8230;\u201d n\u00e3o apenas em n\u00edvel dos bens materiais, mas tamb\u00e9m no plano de suas capacidades intelectuais, morais ou seu apostolado. Ser pobre \u00e9 reconhecer que nada temos de pr\u00f3prio, a n\u00e3o ser, segundo o vocabul\u00e1rio de Francisco \u201cnossos v\u00edcios e pecados. Porque tudo o que h\u00e1 em n\u00f3s de bem e de bom \u00e9 dom que o Senhor no confia a servi\u00e7o de sua gl\u00f3ria e dos outros\u201d. (<em>Michel Hubaut, Chemins d\u2019int\u00e9riorit\u00e9 avec Saint Fran\u00e7ois, Ed. Franciscaines, p. 193-194<\/em>)<\/p>\n<p>\u201cO pobre, o que nada tem de pr\u00f3prio, s\u00f3 pode viver com a ajuda de outros aos quais ele solicita, do socorro de outros. Jesus escolheu este lugar extremo de desapropria\u00e7\u00e3o, o que veio a constituir um esc\u00e2ndalo. Abandona a pr\u00f3pria vida, at\u00e9 a pr\u00f3pria honra para se colocar entre dois pobres \u201ctipos\u201d, verdadeiros pobres n\u00e3o estimados, talvez sujos, quase animais&#8230; os ladr\u00f5es&#8230; j\u00e1 est\u00e1 ele no alto da cruz&#8230; recebendo umas gotas de vinagre\u201d (Anne L\u00e9cu).<\/p>\n<h3>Uma pobreza que liberta<\/h3>\n<p>Somos chamados a:<\/p>\n<p style=\"padding-left: 40px;\">\u2666 libertar-nos do culto exagerado de nossa personalidade, de nossa realiza\u00e7\u00e3o a qualquer pre\u00e7o para sermos mais fi\u00e9is ao projeto de Deus para n\u00f3s, na voca\u00e7\u00e3o espec\u00edfica de minoridade e humildade;<\/p>\n<p style=\"padding-left: 40px;\">\u2666 libertar-nos do ativismo exasperado e meticulosamente organizado que leva a uma independ\u00eancia na qual n\u00e3o h\u00e1 mais lugar para a criatividade do Esp\u00edrito, nem para a obedi\u00eancia aos Ministros, nem para as respostas necess\u00e1rias \u00e0s esperan\u00e7as de nosso mundo;<\/p>\n<p style=\"padding-left: 40px;\">\u2666 libertar-nos dos medos do amanh\u00e3 e tornar-nos dispon\u00edveis as surpresas que Deus hoje nos reserva, a fim de sermos livres de partir mesmo sem saber para onde (Hb 11,18), enfrentando o risco do presente e do futuro, confiando no Senhor, segundo o estilo pr\u00f3prio da Vida consagrada;<\/p>\n<p style=\"padding-left: 40px;\">\u2666 libertar-nos das seguran\u00e7as, internas e externas, que n\u00e3o os permitem alegrar-nos pela presen\u00e7a ativa do Esp\u00edrito;<\/p>\n<p style=\"padding-left: 40px;\">\u2666 libertar-nos das seguran\u00e7as, internas e externas, que n\u00e3o nos permitem alegrar-nos pela presen\u00e7a ativa do Esp\u00edrito;<\/p>\n<p style=\"padding-left: 40px;\">\u2666 libertar-nos de toda propriedade pessoal, nos projetos pessoais unicamente auto-referenciais, que tristemente fazem que nos voltemos para n\u00f3s mesmos;<\/p>\n<p style=\"padding-left: 40px;\">\u2666 libertar-nos do muito, do demasiado dinheiro que utilizamos sem escr\u00fapulo para muitas coisas sup\u00e9rfluas; deixar-nos libertar por Deus! N\u00e3o podemos iniciar a caminhada sem esta atitude de liberta\u00e7\u00e3o. (<em>Giacomo Bini, OFM, &#8220;Relatio Ministri Geralis, Cap\u00edtulo de 2003&#8221;<\/em>)<\/p>\n<h3>Pobreza hoje<\/h3>\n<p>Precisamos ver hoje, como, numa sociedade s\u00f3cio-econ\u00f4mica diferente daquela do tempo de Francisco, poderemos manter o essencial de nossa pobreza. No passado, a Ordem, incessantemente atra\u00edda pela pobreza radical de Francisco, reagiu com mais ou menos vigor, contra a tend\u00eancia natural de se instalar. Hoje, todos n\u00f3s somos convidados a procurar como exprimir a mesma exig\u00eancia. A n\u00e3o propriedade fundi\u00e1ria, a exiguidade de alojamento, a subsist\u00eancia garantida atrav\u00e9s do trabalho, a precariedade do emprego, s\u00e3o nos dias de hoje, condi\u00e7\u00e3o de grande n\u00famero de pessoas e ainda mais importante \u00e9 a multid\u00e3o daqueles que vivem numa condi\u00e7\u00e3o desumana. Portanto, tendo em vista as conjunturas locais, conv\u00e9m procurar a maneira de viver como os pequenos de hoje. Partilhando dessa situa\u00e7\u00e3o, mas sem aceitar as estruturas que conservam nossos irm\u00e3os na mis\u00e9ria, procuraremos ser, juntamente com eles, o fermento de uma sociedade nova, chamada a participa\u00e7\u00e3o total da salva\u00e7\u00e3o de Cristo. (<em>A Caminho doc. OFM, Cap\u00edtulo Extraordin\u00e1rio 2009, n. 22)<\/em><\/p>\n<hr \/>\n<p><em>Frei Almir Ribeiro Guimar\u00e3es<\/em><\/p>\n","protected":false},"excerpt":{"rendered":"<p>Viver para os pobres. Viver com os pobres. Viver como pobres.<\/p>\n","protected":false},"author":3,"featured_media":177496,"comment_status":"open","ping_status":"open","sticky":false,"template":"","format":"standard","meta":[],"categories":[11],"tags":[115,107],"yoast_head":"<!-- This site is optimized with the Yoast SEO plugin v19.2 - https:\/\/yoast.com\/wordpress\/plugins\/seo\/ -->\n<title>Carisma Franciscano - X - Carisma - Franciscanos<\/title>\n<meta name=\"robots\" content=\"index, follow, max-snippet:-1, max-image-preview:large, max-video-preview:-1\" \/>\n<link rel=\"canonical\" href=\"https:\/\/franciscanos.org.br\/carisma\/carisma-franciscano-x.html\" \/>\n<meta property=\"og:locale\" content=\"pt_BR\" \/>\n<meta property=\"og:type\" content=\"article\" \/>\n<meta property=\"og:title\" content=\"Carisma Franciscano - X - Carisma - Franciscanos\" \/>\n<meta property=\"og:description\" content=\"Viver para os pobres. Viver com os pobres. Viver como pobres.\" \/>\n<meta property=\"og:url\" content=\"https:\/\/franciscanos.org.br\/carisma\/carisma-franciscano-x.html\" \/>\n<meta property=\"og:site_name\" content=\"Carisma - Franciscanos\" \/>\n<meta property=\"article:published_time\" content=\"2021-09-23T12:43:38+00:00\" \/>\n<meta property=\"og:image\" content=\"https:\/\/franciscanos.org.br\/carisma\/wp-content\/uploads\/2021\/09\/carisma_230921.jpg\" \/>\n\t<meta property=\"og:image:width\" content=\"840\" \/>\n\t<meta property=\"og:image:height\" content=\"507\" \/>\n\t<meta property=\"og:image:type\" content=\"image\/jpeg\" \/>\n<meta name=\"author\" content=\"moacir\" \/>\n<meta name=\"twitter:card\" content=\"summary_large_image\" \/>\n<meta name=\"twitter:label1\" content=\"Escrito por\" \/>\n\t<meta name=\"twitter:data1\" content=\"moacir\" \/>\n\t<meta name=\"twitter:label2\" content=\"Est. tempo de leitura\" \/>\n\t<meta name=\"twitter:data2\" content=\"6 minutos\" \/>\n<script type=\"application\/ld+json\" class=\"yoast-schema-graph\">{\"@context\":\"https:\/\/schema.org\",\"@graph\":[{\"@type\":\"WebSite\",\"@id\":\"https:\/\/franciscanos.org.br\/carisma\/#website\",\"url\":\"https:\/\/franciscanos.org.br\/carisma\/\",\"name\":\"Carisma - Franciscanos\",\"description\":\"Prov\u00edncia Franciscana da Imaculada Concei\u00e7\u00e3o do Brasil - Ordem dos Frades Menores\",\"potentialAction\":[{\"@type\":\"SearchAction\",\"target\":{\"@type\":\"EntryPoint\",\"urlTemplate\":\"https:\/\/franciscanos.org.br\/carisma\/?s={search_term_string}\"},\"query-input\":\"required name=search_term_string\"}],\"inLanguage\":\"pt-BR\"},{\"@type\":\"ImageObject\",\"inLanguage\":\"pt-BR\",\"@id\":\"https:\/\/franciscanos.org.br\/carisma\/carisma-franciscano-x.html#primaryimage\",\"url\":\"https:\/\/franciscanos.org.br\/carisma\/wp-content\/uploads\/2021\/09\/carisma_230921.jpg\",\"contentUrl\":\"https:\/\/franciscanos.org.br\/carisma\/wp-content\/uploads\/2021\/09\/carisma_230921.jpg\",\"width\":840,\"height\":507},{\"@type\":\"WebPage\",\"@id\":\"https:\/\/franciscanos.org.br\/carisma\/carisma-franciscano-x.html#webpage\",\"url\":\"https:\/\/franciscanos.org.br\/carisma\/carisma-franciscano-x.html\",\"name\":\"Carisma Franciscano - X - Carisma - Franciscanos\",\"isPartOf\":{\"@id\":\"https:\/\/franciscanos.org.br\/carisma\/#website\"},\"primaryImageOfPage\":{\"@id\":\"https:\/\/franciscanos.org.br\/carisma\/carisma-franciscano-x.html#primaryimage\"},\"datePublished\":\"2021-09-23T12:43:38+00:00\",\"dateModified\":\"2021-09-23T12:43:38+00:00\",\"author\":{\"@id\":\"https:\/\/franciscanos.org.br\/carisma\/#\/schema\/person\/bf14cae4d2151ab6b6e41d96660f93a2\"},\"breadcrumb\":{\"@id\":\"https:\/\/franciscanos.org.br\/carisma\/carisma-franciscano-x.html#breadcrumb\"},\"inLanguage\":\"pt-BR\",\"potentialAction\":[{\"@type\":\"ReadAction\",\"target\":[\"https:\/\/franciscanos.org.br\/carisma\/carisma-franciscano-x.html\"]}]},{\"@type\":\"BreadcrumbList\",\"@id\":\"https:\/\/franciscanos.org.br\/carisma\/carisma-franciscano-x.html#breadcrumb\",\"itemListElement\":[{\"@type\":\"ListItem\",\"position\":1,\"name\":\"Home\",\"item\":\"https:\/\/franciscanos.org.br\/carisma\"},{\"@type\":\"ListItem\",\"position\":2,\"name\":\"Carisma Franciscano &#8211; X\"}]},{\"@type\":\"Person\",\"@id\":\"https:\/\/franciscanos.org.br\/carisma\/#\/schema\/person\/bf14cae4d2151ab6b6e41d96660f93a2\",\"name\":\"moacir\",\"image\":{\"@type\":\"ImageObject\",\"inLanguage\":\"pt-BR\",\"@id\":\"https:\/\/franciscanos.org.br\/carisma\/#\/schema\/person\/image\/\",\"url\":\"https:\/\/secure.gravatar.com\/avatar\/d08aa2ce4c8dd416d4479aa8536fcf64?s=96&d=mm&r=g\",\"contentUrl\":\"https:\/\/secure.gravatar.com\/avatar\/d08aa2ce4c8dd416d4479aa8536fcf64?s=96&d=mm&r=g\",\"caption\":\"moacir\"},\"url\":\"https:\/\/franciscanos.org.br\/carisma\/author\/moacir\"}]}<\/script>\n<!-- \/ Yoast SEO plugin. -->","yoast_head_json":{"title":"Carisma Franciscano - X - Carisma - Franciscanos","robots":{"index":"index","follow":"follow","max-snippet":"max-snippet:-1","max-image-preview":"max-image-preview:large","max-video-preview":"max-video-preview:-1"},"canonical":"https:\/\/franciscanos.org.br\/carisma\/carisma-franciscano-x.html","og_locale":"pt_BR","og_type":"article","og_title":"Carisma Franciscano - X - Carisma - Franciscanos","og_description":"Viver para os pobres. Viver com os pobres. Viver como pobres.","og_url":"https:\/\/franciscanos.org.br\/carisma\/carisma-franciscano-x.html","og_site_name":"Carisma - Franciscanos","article_published_time":"2021-09-23T12:43:38+00:00","og_image":[{"width":840,"height":507,"url":"https:\/\/franciscanos.org.br\/carisma\/wp-content\/uploads\/2021\/09\/carisma_230921.jpg","type":"image\/jpeg"}],"author":"moacir","twitter_card":"summary_large_image","twitter_misc":{"Escrito por":"moacir","Est. tempo de leitura":"6 minutos"},"schema":{"@context":"https:\/\/schema.org","@graph":[{"@type":"WebSite","@id":"https:\/\/franciscanos.org.br\/carisma\/#website","url":"https:\/\/franciscanos.org.br\/carisma\/","name":"Carisma - Franciscanos","description":"Prov\u00edncia Franciscana da Imaculada Concei\u00e7\u00e3o do Brasil - Ordem dos Frades Menores","potentialAction":[{"@type":"SearchAction","target":{"@type":"EntryPoint","urlTemplate":"https:\/\/franciscanos.org.br\/carisma\/?s={search_term_string}"},"query-input":"required name=search_term_string"}],"inLanguage":"pt-BR"},{"@type":"ImageObject","inLanguage":"pt-BR","@id":"https:\/\/franciscanos.org.br\/carisma\/carisma-franciscano-x.html#primaryimage","url":"https:\/\/franciscanos.org.br\/carisma\/wp-content\/uploads\/2021\/09\/carisma_230921.jpg","contentUrl":"https:\/\/franciscanos.org.br\/carisma\/wp-content\/uploads\/2021\/09\/carisma_230921.jpg","width":840,"height":507},{"@type":"WebPage","@id":"https:\/\/franciscanos.org.br\/carisma\/carisma-franciscano-x.html#webpage","url":"https:\/\/franciscanos.org.br\/carisma\/carisma-franciscano-x.html","name":"Carisma Franciscano - X - Carisma - Franciscanos","isPartOf":{"@id":"https:\/\/franciscanos.org.br\/carisma\/#website"},"primaryImageOfPage":{"@id":"https:\/\/franciscanos.org.br\/carisma\/carisma-franciscano-x.html#primaryimage"},"datePublished":"2021-09-23T12:43:38+00:00","dateModified":"2021-09-23T12:43:38+00:00","author":{"@id":"https:\/\/franciscanos.org.br\/carisma\/#\/schema\/person\/bf14cae4d2151ab6b6e41d96660f93a2"},"breadcrumb":{"@id":"https:\/\/franciscanos.org.br\/carisma\/carisma-franciscano-x.html#breadcrumb"},"inLanguage":"pt-BR","potentialAction":[{"@type":"ReadAction","target":["https:\/\/franciscanos.org.br\/carisma\/carisma-franciscano-x.html"]}]},{"@type":"BreadcrumbList","@id":"https:\/\/franciscanos.org.br\/carisma\/carisma-franciscano-x.html#breadcrumb","itemListElement":[{"@type":"ListItem","position":1,"name":"Home","item":"https:\/\/franciscanos.org.br\/carisma"},{"@type":"ListItem","position":2,"name":"Carisma Franciscano &#8211; X"}]},{"@type":"Person","@id":"https:\/\/franciscanos.org.br\/carisma\/#\/schema\/person\/bf14cae4d2151ab6b6e41d96660f93a2","name":"moacir","image":{"@type":"ImageObject","inLanguage":"pt-BR","@id":"https:\/\/franciscanos.org.br\/carisma\/#\/schema\/person\/image\/","url":"https:\/\/secure.gravatar.com\/avatar\/d08aa2ce4c8dd416d4479aa8536fcf64?s=96&d=mm&r=g","contentUrl":"https:\/\/secure.gravatar.com\/avatar\/d08aa2ce4c8dd416d4479aa8536fcf64?s=96&d=mm&r=g","caption":"moacir"},"url":"https:\/\/franciscanos.org.br\/carisma\/author\/moacir"}]}},"_links":{"self":[{"href":"https:\/\/franciscanos.org.br\/carisma\/wp-json\/wp\/v2\/posts\/177495"}],"collection":[{"href":"https:\/\/franciscanos.org.br\/carisma\/wp-json\/wp\/v2\/posts"}],"about":[{"href":"https:\/\/franciscanos.org.br\/carisma\/wp-json\/wp\/v2\/types\/post"}],"author":[{"embeddable":true,"href":"https:\/\/franciscanos.org.br\/carisma\/wp-json\/wp\/v2\/users\/3"}],"replies":[{"embeddable":true,"href":"https:\/\/franciscanos.org.br\/carisma\/wp-json\/wp\/v2\/comments?post=177495"}],"version-history":[{"count":1,"href":"https:\/\/franciscanos.org.br\/carisma\/wp-json\/wp\/v2\/posts\/177495\/revisions"}],"predecessor-version":[{"id":177497,"href":"https:\/\/franciscanos.org.br\/carisma\/wp-json\/wp\/v2\/posts\/177495\/revisions\/177497"}],"wp:featuredmedia":[{"embeddable":true,"href":"https:\/\/franciscanos.org.br\/carisma\/wp-json\/wp\/v2\/media\/177496"}],"wp:attachment":[{"href":"https:\/\/franciscanos.org.br\/carisma\/wp-json\/wp\/v2\/media?parent=177495"}],"wp:term":[{"taxonomy":"category","embeddable":true,"href":"https:\/\/franciscanos.org.br\/carisma\/wp-json\/wp\/v2\/categories?post=177495"},{"taxonomy":"post_tag","embeddable":true,"href":"https:\/\/franciscanos.org.br\/carisma\/wp-json\/wp\/v2\/tags?post=177495"}],"curies":[{"name":"wp","href":"https:\/\/api.w.org\/{rel}","templated":true}]}}