{"id":177451,"date":"2021-08-31T09:34:08","date_gmt":"2021-08-31T12:34:08","guid":{"rendered":"https:\/\/franciscanos.org.br\/carisma\/?p=177451"},"modified":"2021-09-23T08:58:40","modified_gmt":"2021-09-23T11:58:40","slug":"carisma-franciscano-ix","status":"publish","type":"post","link":"https:\/\/franciscanos.org.br\/carisma\/carisma-franciscano-ix.html","title":{"rendered":"Carisma Franciscano &#8211; IX"},"content":{"rendered":"<div id=\"attachment_177452\" style=\"width: 1290px\" class=\"wp-caption alignnone\"><img aria-describedby=\"caption-attachment-177452\" loading=\"lazy\" class=\"wp-image-177452 size-full\" src=\"https:\/\/franciscanos.org.br\/carisma\/wp-content\/uploads\/2021\/08\/frades_310821_alto.jpg\" alt=\"\" width=\"1280\" height=\"720\" srcset=\"https:\/\/franciscanos.org.br\/carisma\/wp-content\/uploads\/2021\/08\/frades_310821_alto.jpg 1280w, https:\/\/franciscanos.org.br\/carisma\/wp-content\/uploads\/2021\/08\/frades_310821_alto-450x253.jpg 450w, https:\/\/franciscanos.org.br\/carisma\/wp-content\/uploads\/2021\/08\/frades_310821_alto-1024x576.jpg 1024w, https:\/\/franciscanos.org.br\/carisma\/wp-content\/uploads\/2021\/08\/frades_310821_alto-768x432.jpg 768w, https:\/\/franciscanos.org.br\/carisma\/wp-content\/uploads\/2021\/08\/frades_310821_alto-150x84.jpg 150w\" sizes=\"(max-width: 1280px) 100vw, 1280px\" \/><p id=\"caption-attachment-177452\" class=\"wp-caption-text\"><em> Imagem ilustrativa: Acervo Prov\u00edncia<\/em><\/p><\/div>\n<h3>Viver como Irm\u00e3os Menores<\/h3>\n<p>2021&#8230; Ano capitular para os frades da Imaculada! Todo Cap\u00edtulo tem um antes, o momento em que se realiza e a implementa\u00e7\u00e3o de suas conclus\u00f5es em n\u00edvel pessoal e comunit\u00e1rio. Vivemos como irm\u00e3os. Gostamos de dizer: \u201cMeu irm\u00e3o\u201d&#8230; Voc\u00ea veio, meu irm\u00e3o!\u201d. Eles, os irm\u00e3os continuam chegando e dando sua ades\u00e3o definitiva a Deus e \u00e0 Ordem. Em Petr\u00f3polis, nesse tempo de pandemia, em dezembro, frades fizeram a profiss\u00e3o solene. Bela cerim\u00f4nia, despida de muita pompa exterior. O Senhor continua nos dando irm\u00e3os.<\/p>\n<p>Vivemos como irm\u00e3os, como frades, como aqueles que o Senhor continua dando a Francisco e a seus sucessores. Vivemos como frades ditos menores. \u201cProv\u00edncia\u201d significa bem mais do que um arcabou\u00e7o organizacional e jur\u00eddico. Ela \u00e9 antes o conjunto de vidas humanas, um corpo vivo. Espa\u00e7o organizacional, sim. Mas vidas de homens, borbulhar de sonhos, desejos de atingir as estrelas. Homens que acertam e erram. Esperamos que esse espa\u00e7o humano que se chama \u201cProv\u00edncia\u201d seja hospedaria do Senhor. O cora\u00e7\u00e3o de cada frade \u00e9 alojamento para o Senhor. Curiosamente, uma hospedaria que se desloca. Somos fraternidade em sa\u00edda. Nossa casa \u00e9 o mundo. Nosso claustro se situa nas esquinas do mundo e nas voltas da hist\u00f3ria. Seres despertos, acordados sobretudo nesse tempo e clima de Cap\u00edtulo. Para onde vamos todos?<\/p>\n<p>\u201cViver o Evangelho como irm\u00e3os no seguimento de Cristo \u00e9 nossa forma vitae. Fundamentada na dimens\u00e3o trinit\u00e1ria, a Fraternidade constr\u00f3i-se no respeito \u00e0 individualidade de cada irm\u00e3o, dom de Deus, assim como \u00e9. Mediante esta aceita\u00e7\u00e3o, a Fraternidade torna-se teofania, lugar teol\u00f3gico em que Deus sempre pode revelar-se, \u201cencarnar-se\u201d e tornar-se presente em nosso mundo. \u201cNisso todos saber\u00e3o que sois meus disc\u00edpulos, se vos amardes uns aos outros\u201d (Jo 13,35). Viver o relacionamento fraterno em comunh\u00e3o e partilha significa sermos fieis \u00e0 nossa voca\u00e7\u00e3o e miss\u00e3o\u201d (<em>Giacomo Bini, OFM- Relat\u00f3rio Min. Geral, cap. 2003, n.71<\/em>).<\/p>\n<p>N\u00e3o somos monges. N\u00e3o constitu\u00edmos fam\u00edlia de sangue. N\u00e3o somos meros habitantes em resid\u00eancia comum, uma rep\u00fablica. Gostamos de designar nossas casas de \u201cfraternidades\u201d. Empregamos menos a palavra comunidade, v\u00e1lida e t\u00e3o usada pelos religiosos e fi\u00e9is (comunidade de vida consagrada, comunidade paroquial, etc). Vivemos, \u00e9 claro, em esp\u00edrito de fam\u00edlia marcado por la\u00e7os de afei\u00e7\u00e3o e de aten\u00e7\u00f5es e dizemos que constitu\u00edmos fraternidades.<\/p>\n<p>Os fundamentos de nosso \u201cfraternismo\u201d s\u00e3o conhecidos: um Pai de toda bondade cria agora a todos e somos filhos desse Pai e, portanto, irm\u00e3os com tudo que da\u00ed decorre; somos uma fraternidade porque Deus resolveu dar irm\u00e3os a Francisco e aos seus sucessores e que eles inventassem um <em>modus vivendi<\/em> de irm\u00e3os (e fossem pelo mundo afora). N\u00e3o existimos apenas como fraternidade para dentro, mas denominamo-nos fraternidade em estado de miss\u00e3o. Isso nos faz felizes. Um duplo movimento: chamado para estar juntos e ir pelo mundo afora. Fraternidades em sa\u00edda&#8230; Tudo isso porque o Ressuscitado que nos chama de amigos se faz presente quando estamos juntos.<\/p>\n<p>Por diferentes caminhos e inusitadas situa\u00e7\u00f5es tivemos a certeza de um chamamento para viver a aventura de Francisco e de seus primeiros companheiros que chamamos de voca\u00e7\u00e3o. Fomos acompanhados durante um tempo e formadores e confrades puderam nos iniciar na arte de amar a vida <em>ad intra<\/em> e <em>ad dextra.<\/em> Pertencemos a uma Prov\u00edncia ainda numerosa. Vivemos aqui. Vivemos acol\u00e1. No meio de diferen\u00e7as. No meio de compromissos reais e outros inventados. Por vezes convivemos uns com os outros com lucidez. Outras vezes parecemos uma equipe de trabalho, mal ou bem-sucedida. Por vezes, as coisas \u201cfuncionam\u201d, outras vezes o \u201ccarro\u201d emperra. H\u00e1 uma certa descren\u00e7a. Nem sempre acreditamos na vida. Exagero nas busca de sucessos individuais. O carro, de fato, emperra. Na Prov\u00edncia rasgamos nossa hist\u00f3ria com irm\u00e3os. N\u00e3o vivemos a partir de estrat\u00e9gias. O que leva para frente \u00e9 esse somat\u00f3rio de vidas de irm\u00e3os que vivem \u00e0 luz do Mist\u00e9rio e de seus projetos. Ser\u00e1 que nossa obra \u00e9 aquela que o Senhor sugere e deseja? Que horizonte estamos mostrando aos irm\u00e3os que chegam? O que eles desejam do fundo do cora\u00e7\u00e3o? Nossos projetos coincidem com os deles?<\/p>\n<p>O ser com os outros estrutura nosso modo de viver. Trazemos no fundo do cora\u00e7\u00e3o o desejo de sermos irm\u00e3os de todos e at\u00e9 do p\u00e1ssaro que canta com os p\u00e9s no fio da rua e mesmo do ip\u00ea que atapeta o ch\u00e3o de amarelo. Quando lemos a par\u00e1bola do Bom Samaritano ficamos com vontade de resgatar todos os trapos humanos. Ser\u00e1 que os frades jovens pensam assim? E os mais avan\u00e7ados em idade? Ser\u00e1 que h\u00e1 um movimento \u201cfraterno\u201d animando nossa vida e a vida da Prov\u00edncia? O Cap\u00edtulo \u00e9 sempre tempo de lucidez.<\/p>\n<p>Conhecemos os instrumentos de constru\u00e7\u00e3o da fraternidade franciscana: mesma mesa, mesma casa, momentos de recolhimento e de sil\u00eancio, servi\u00e7o m\u00fatuo, uns socorrendo as necessidades dos outros, caixa comum, ora\u00e7\u00e3o em comum. N\u00e3o apenas para cumprir um dever. Retiros, col\u00f3quios, cap\u00edtulos sobre nosso g\u00eanero de vida e n\u00e3o apenas para resolver se vamos construir isto ou aquilo, comprar e vender, e a que horas vamos rezar o of\u00edcio. Fazer aparecer o \u201ctodos v\u00f3s sois irm\u00e3os\u201d. A vida l\u00edmpida, fraterna, alegre, laboriosa \u00e9 o primeiro e vigoroso an\u00fancio da Boa Nova. Ser\u00e1 que n\u00e3o precisamos fazer de nossos cap\u00edtulos locais momentos que deixam em n\u00f3s um sabor, um desejo de \u201cquero mais\u201d, que aconte\u00e7a o mais brevemente um outro?<\/p>\n<p>Nossa fraternidade \u00e9 constitu\u00edda de homens provenientes de meios culturais, sociais e religiosos diferentes que se esfor\u00e7am por criar la\u00e7os de amizade, de respeito, de aceita\u00e7\u00e3o m\u00fatua. N\u00e3o se trata de uma mera equipe de trabalho. Irm\u00e3os, ministros, servidores<em> ad intra<\/em> e <em>ad extra<\/em>. Procuram o que agrada ao Senhor, \u201climitando sua liberdade com a liberdade do outro\u201d, submetendo-se \u00e0s exig\u00eancias da vida comum (cf. <em>A caminho &#8230; Doc. OFM, Roma, 2005<\/em>).<\/p>\n<p>\u201cA vida de comunh\u00e3o fraterna exige que os irm\u00e3os observem unanimemente a Regra e as Constitui\u00e7\u00f5es; tenham um modo de viver semelhante; participem dos atos da vida da Fraternidade, sobretudo a ora\u00e7\u00e3o em comum, da evangeliza\u00e7\u00e3o e dos trabalhos dom\u00e9sticos; e ponham \u00e0 disposi\u00e7\u00e3o da Fraternidade todos os emolumentos que a qualquer t\u00edtulo tenham recebido\u201d <em>(CCGG 42,2)<\/em>.<\/p>\n<p>Somos irm\u00e3os e irm\u00e3os menores l\u00e1 onde estivermos: ouvindo confiss\u00f5es numa capela do interior, na qualidade de ministro dos irm\u00e3os em casa, na administra\u00e7\u00e3o do Santu\u00e1rio da Penha, no atendimento do Convento do Largo de S\u00e3o Francisco em S\u00e3o Paulo, nos livros que escrevemos, nos sucessos obtidos e nos fracassos acontecidos. Estimamo-nos como irm\u00e3os, diletos irm\u00e3os, queridos irm\u00e3os, dilet\u00edssimos irm\u00e3os, queridos irm\u00e3os, prezados irm\u00e3os. Menores: irm\u00e3os sem qualquer ind\u00edcio de superioridade em rela\u00e7\u00e3o aos outros. Os \u201cmaiores\u201d revelam superioridade, ju\u00edzos demasiadamente f\u00e1ceis dos outros, palavras altaneiras. Vivemos uns em depend\u00eancia dos outros e isto alegremente. Viver como menores \u00e9 viver sem apropria\u00e7\u00e3o de coisas e de pessoas. Aceitar tudo com esp\u00edrito de gratid\u00e3o.<\/p>\n<p>O nome de Frades Menores que usamos exige fraternidade \u00e9 claro, mas tamb\u00e9m servi\u00e7o e servi\u00e7o humilde. Colocaremos de lado toda vontade de poder e de dom\u00ednio. \u201cEm rela\u00e7\u00e3o a todos, submissos a qualquer criatura, por causa de Deus, devemos apresentar-nos, em comunidade e individualmente, como pequeninos, como servos que ningu\u00e9m teme, porque servos esfor\u00e7am-se por servir e n\u00e3o por dominar, ou por se impor, sobretudo para fins espirituais. Uma semelhante atitude exige o esp\u00edrito de inf\u00e2ncia, a pequenez, a simplicidade, um otimismo decidido perante os homens e os acontecimentos. H\u00e1 que aceitar a inseguran\u00e7a no plano das institui\u00e7\u00f5es e as ideias, a incerteza em rela\u00e7\u00e3o ao futuro. H\u00e1 que reconhecer que somos fracos e vulner\u00e1veis, servos in\u00fateis e que ningu\u00e9m \u00e9 forte sen\u00e3o Deus. Contribuiremos assim, pelo nosso lado para fazer resplandecer o rosto da comunidade crist\u00e3, que \u00e9 tamb\u00e9m o rosto do Senhor, o qual veio \u201cpara servir e n\u00e3o para ser servido\u201d (<em>Doc. OFM: Rumo ao Cap\u00edtulo Geral Extraordin\u00e1rio, 2004, p.21<\/em>).<\/p>\n<p>Ser menores com rela\u00e7\u00e3o aos nossos co-irm\u00e3os: N\u00e3o h\u00e1 d\u00favida de que isso pode significar coisas diferentes e em Fraternidades distintas: mas certamente significa comportamento que tenha ind\u00edcios de \u201csuperioridade\u201d em rela\u00e7\u00e3o aos outros. S\u00e3o v\u00e1rias as atitudes que revelam um sentido de superioridade: os ju\u00edzos demasiadamente f\u00e1ceis sobre os outros, talvez acompanhados de gestos sarc\u00e1sticos; as expectativas ou os pedidos expl\u00edcitos dirigidos aos frades, pretendendo que a ajuda que os outros nos d\u00e3o ou o servi\u00e7o que nos prestam seja um \u201cdireito\u201d, em vez de aceitar tudo com esp\u00edrito de gratid\u00e3o e de reconhecimento. (<em>cf. &#8220;Todos v\u00f3s sois irm\u00e3os&#8221;, Doc. OFM, 2004, p. 123-124)<\/em><\/p>\n<p>No final desta medita\u00e7\u00e3o podemos pedir que venha em nosso aux\u00edlio reflex\u00f5es de Giacomo Bini, nosso ex-ministro geral:<\/p>\n<p>\u25ca A minoridade \u00e9 um dos crit\u00e9rios na escolha de um servi\u00e7o ou de um trabalho?<br \/>\n\u25ca A vida fraterna em minoridade caracteriza realmente nossa identidade, nossas rela\u00e7\u00f5es com as pessoas que contatamos? Existe um estilo franciscano bem conhecido e bem caracterizado que muitos irm\u00e3os nos transmitiram e do qual o mundo est\u00e1 sedento.<br \/>\n\u25ca O modo de evangelizar remete imediatamente para nosso estilo vida em fraternidade e minoridade? Muitas vezes n\u00e3o somos cr\u00edveis, apesar da generosidade de nosso esfor\u00e7o; nossa palavra ressoa no vazio porque n\u00e3o corresponde \u00e0 nossa atitude interior, ao nosso comportamento, \u00e0s nossas estruturas que, ao contr\u00e1rio, exprimem poder, grandiosidade, efici\u00eancia. (<em>Relatio Ministri Generalis, Cap\u00edtulo de 2003, p. 83,\u00a0<\/em><em>Cap\u00edtulo\u00a0 de 2003,\u00a0 p. 83<\/em><em>)<\/em><\/p>\n<hr \/>\n<p><strong>Frei Almir Ribeiro Guimar\u00e3es<\/strong><\/p>\n","protected":false},"excerpt":{"rendered":"<p>Viver como Irm\u00e3os Menores<\/p>\n","protected":false},"author":3,"featured_media":177453,"comment_status":"open","ping_status":"open","sticky":false,"template":"","format":"standard","meta":[],"categories":[11],"tags":[107],"yoast_head":"<!-- This site is optimized with the Yoast SEO plugin v19.2 - https:\/\/yoast.com\/wordpress\/plugins\/seo\/ -->\n<title>Carisma Franciscano - IX - Carisma - Franciscanos<\/title>\n<meta name=\"robots\" content=\"index, follow, max-snippet:-1, max-image-preview:large, max-video-preview:-1\" \/>\n<link rel=\"canonical\" href=\"https:\/\/franciscanos.org.br\/carisma\/carisma-franciscano-ix.html\" \/>\n<meta property=\"og:locale\" content=\"pt_BR\" \/>\n<meta property=\"og:type\" content=\"article\" \/>\n<meta property=\"og:title\" content=\"Carisma Franciscano - IX - Carisma - Franciscanos\" \/>\n<meta property=\"og:description\" content=\"Viver como Irm\u00e3os Menores\" \/>\n<meta property=\"og:url\" content=\"https:\/\/franciscanos.org.br\/carisma\/carisma-franciscano-ix.html\" \/>\n<meta property=\"og:site_name\" content=\"Carisma - Franciscanos\" \/>\n<meta property=\"article:published_time\" content=\"2021-08-31T12:34:08+00:00\" \/>\n<meta property=\"article:modified_time\" content=\"2021-09-23T11:58:40+00:00\" \/>\n<meta property=\"og:image\" content=\"https:\/\/franciscanos.org.br\/carisma\/wp-content\/uploads\/2021\/08\/frades_310821_dest.jpg\" \/>\n\t<meta property=\"og:image:width\" content=\"800\" \/>\n\t<meta property=\"og:image:height\" content=\"550\" \/>\n\t<meta property=\"og:image:type\" content=\"image\/jpeg\" \/>\n<meta name=\"author\" content=\"moacir\" \/>\n<meta name=\"twitter:card\" content=\"summary_large_image\" \/>\n<meta name=\"twitter:label1\" content=\"Escrito por\" \/>\n\t<meta name=\"twitter:data1\" content=\"moacir\" \/>\n\t<meta name=\"twitter:label2\" content=\"Est. tempo de leitura\" \/>\n\t<meta name=\"twitter:data2\" content=\"7 minutos\" \/>\n<script type=\"application\/ld+json\" class=\"yoast-schema-graph\">{\"@context\":\"https:\/\/schema.org\",\"@graph\":[{\"@type\":\"WebSite\",\"@id\":\"https:\/\/franciscanos.org.br\/carisma\/#website\",\"url\":\"https:\/\/franciscanos.org.br\/carisma\/\",\"name\":\"Carisma - Franciscanos\",\"description\":\"Prov\u00edncia Franciscana da Imaculada Concei\u00e7\u00e3o do Brasil - Ordem dos Frades Menores\",\"potentialAction\":[{\"@type\":\"SearchAction\",\"target\":{\"@type\":\"EntryPoint\",\"urlTemplate\":\"https:\/\/franciscanos.org.br\/carisma\/?s={search_term_string}\"},\"query-input\":\"required name=search_term_string\"}],\"inLanguage\":\"pt-BR\"},{\"@type\":\"ImageObject\",\"inLanguage\":\"pt-BR\",\"@id\":\"https:\/\/franciscanos.org.br\/carisma\/carisma-franciscano-ix.html#primaryimage\",\"url\":\"https:\/\/franciscanos.org.br\/carisma\/wp-content\/uploads\/2021\/08\/frades_310821_dest.jpg\",\"contentUrl\":\"https:\/\/franciscanos.org.br\/carisma\/wp-content\/uploads\/2021\/08\/frades_310821_dest.jpg\",\"width\":800,\"height\":550},{\"@type\":\"WebPage\",\"@id\":\"https:\/\/franciscanos.org.br\/carisma\/carisma-franciscano-ix.html#webpage\",\"url\":\"https:\/\/franciscanos.org.br\/carisma\/carisma-franciscano-ix.html\",\"name\":\"Carisma Franciscano - IX - Carisma - Franciscanos\",\"isPartOf\":{\"@id\":\"https:\/\/franciscanos.org.br\/carisma\/#website\"},\"primaryImageOfPage\":{\"@id\":\"https:\/\/franciscanos.org.br\/carisma\/carisma-franciscano-ix.html#primaryimage\"},\"datePublished\":\"2021-08-31T12:34:08+00:00\",\"dateModified\":\"2021-09-23T11:58:40+00:00\",\"author\":{\"@id\":\"https:\/\/franciscanos.org.br\/carisma\/#\/schema\/person\/bf14cae4d2151ab6b6e41d96660f93a2\"},\"breadcrumb\":{\"@id\":\"https:\/\/franciscanos.org.br\/carisma\/carisma-franciscano-ix.html#breadcrumb\"},\"inLanguage\":\"pt-BR\",\"potentialAction\":[{\"@type\":\"ReadAction\",\"target\":[\"https:\/\/franciscanos.org.br\/carisma\/carisma-franciscano-ix.html\"]}]},{\"@type\":\"BreadcrumbList\",\"@id\":\"https:\/\/franciscanos.org.br\/carisma\/carisma-franciscano-ix.html#breadcrumb\",\"itemListElement\":[{\"@type\":\"ListItem\",\"position\":1,\"name\":\"Home\",\"item\":\"https:\/\/franciscanos.org.br\/carisma\"},{\"@type\":\"ListItem\",\"position\":2,\"name\":\"Carisma Franciscano &#8211; IX\"}]},{\"@type\":\"Person\",\"@id\":\"https:\/\/franciscanos.org.br\/carisma\/#\/schema\/person\/bf14cae4d2151ab6b6e41d96660f93a2\",\"name\":\"moacir\",\"image\":{\"@type\":\"ImageObject\",\"inLanguage\":\"pt-BR\",\"@id\":\"https:\/\/franciscanos.org.br\/carisma\/#\/schema\/person\/image\/\",\"url\":\"https:\/\/secure.gravatar.com\/avatar\/d08aa2ce4c8dd416d4479aa8536fcf64?s=96&d=mm&r=g\",\"contentUrl\":\"https:\/\/secure.gravatar.com\/avatar\/d08aa2ce4c8dd416d4479aa8536fcf64?s=96&d=mm&r=g\",\"caption\":\"moacir\"},\"url\":\"https:\/\/franciscanos.org.br\/carisma\/author\/moacir\"}]}<\/script>\n<!-- \/ Yoast SEO plugin. -->","yoast_head_json":{"title":"Carisma Franciscano - IX - Carisma - Franciscanos","robots":{"index":"index","follow":"follow","max-snippet":"max-snippet:-1","max-image-preview":"max-image-preview:large","max-video-preview":"max-video-preview:-1"},"canonical":"https:\/\/franciscanos.org.br\/carisma\/carisma-franciscano-ix.html","og_locale":"pt_BR","og_type":"article","og_title":"Carisma Franciscano - IX - Carisma - Franciscanos","og_description":"Viver como Irm\u00e3os Menores","og_url":"https:\/\/franciscanos.org.br\/carisma\/carisma-franciscano-ix.html","og_site_name":"Carisma - Franciscanos","article_published_time":"2021-08-31T12:34:08+00:00","article_modified_time":"2021-09-23T11:58:40+00:00","og_image":[{"width":800,"height":550,"url":"https:\/\/franciscanos.org.br\/carisma\/wp-content\/uploads\/2021\/08\/frades_310821_dest.jpg","type":"image\/jpeg"}],"author":"moacir","twitter_card":"summary_large_image","twitter_misc":{"Escrito por":"moacir","Est. tempo de leitura":"7 minutos"},"schema":{"@context":"https:\/\/schema.org","@graph":[{"@type":"WebSite","@id":"https:\/\/franciscanos.org.br\/carisma\/#website","url":"https:\/\/franciscanos.org.br\/carisma\/","name":"Carisma - Franciscanos","description":"Prov\u00edncia Franciscana da Imaculada Concei\u00e7\u00e3o do Brasil - Ordem dos Frades Menores","potentialAction":[{"@type":"SearchAction","target":{"@type":"EntryPoint","urlTemplate":"https:\/\/franciscanos.org.br\/carisma\/?s={search_term_string}"},"query-input":"required name=search_term_string"}],"inLanguage":"pt-BR"},{"@type":"ImageObject","inLanguage":"pt-BR","@id":"https:\/\/franciscanos.org.br\/carisma\/carisma-franciscano-ix.html#primaryimage","url":"https:\/\/franciscanos.org.br\/carisma\/wp-content\/uploads\/2021\/08\/frades_310821_dest.jpg","contentUrl":"https:\/\/franciscanos.org.br\/carisma\/wp-content\/uploads\/2021\/08\/frades_310821_dest.jpg","width":800,"height":550},{"@type":"WebPage","@id":"https:\/\/franciscanos.org.br\/carisma\/carisma-franciscano-ix.html#webpage","url":"https:\/\/franciscanos.org.br\/carisma\/carisma-franciscano-ix.html","name":"Carisma Franciscano - IX - Carisma - Franciscanos","isPartOf":{"@id":"https:\/\/franciscanos.org.br\/carisma\/#website"},"primaryImageOfPage":{"@id":"https:\/\/franciscanos.org.br\/carisma\/carisma-franciscano-ix.html#primaryimage"},"datePublished":"2021-08-31T12:34:08+00:00","dateModified":"2021-09-23T11:58:40+00:00","author":{"@id":"https:\/\/franciscanos.org.br\/carisma\/#\/schema\/person\/bf14cae4d2151ab6b6e41d96660f93a2"},"breadcrumb":{"@id":"https:\/\/franciscanos.org.br\/carisma\/carisma-franciscano-ix.html#breadcrumb"},"inLanguage":"pt-BR","potentialAction":[{"@type":"ReadAction","target":["https:\/\/franciscanos.org.br\/carisma\/carisma-franciscano-ix.html"]}]},{"@type":"BreadcrumbList","@id":"https:\/\/franciscanos.org.br\/carisma\/carisma-franciscano-ix.html#breadcrumb","itemListElement":[{"@type":"ListItem","position":1,"name":"Home","item":"https:\/\/franciscanos.org.br\/carisma"},{"@type":"ListItem","position":2,"name":"Carisma Franciscano &#8211; IX"}]},{"@type":"Person","@id":"https:\/\/franciscanos.org.br\/carisma\/#\/schema\/person\/bf14cae4d2151ab6b6e41d96660f93a2","name":"moacir","image":{"@type":"ImageObject","inLanguage":"pt-BR","@id":"https:\/\/franciscanos.org.br\/carisma\/#\/schema\/person\/image\/","url":"https:\/\/secure.gravatar.com\/avatar\/d08aa2ce4c8dd416d4479aa8536fcf64?s=96&d=mm&r=g","contentUrl":"https:\/\/secure.gravatar.com\/avatar\/d08aa2ce4c8dd416d4479aa8536fcf64?s=96&d=mm&r=g","caption":"moacir"},"url":"https:\/\/franciscanos.org.br\/carisma\/author\/moacir"}]}},"_links":{"self":[{"href":"https:\/\/franciscanos.org.br\/carisma\/wp-json\/wp\/v2\/posts\/177451"}],"collection":[{"href":"https:\/\/franciscanos.org.br\/carisma\/wp-json\/wp\/v2\/posts"}],"about":[{"href":"https:\/\/franciscanos.org.br\/carisma\/wp-json\/wp\/v2\/types\/post"}],"author":[{"embeddable":true,"href":"https:\/\/franciscanos.org.br\/carisma\/wp-json\/wp\/v2\/users\/3"}],"replies":[{"embeddable":true,"href":"https:\/\/franciscanos.org.br\/carisma\/wp-json\/wp\/v2\/comments?post=177451"}],"version-history":[{"count":4,"href":"https:\/\/franciscanos.org.br\/carisma\/wp-json\/wp\/v2\/posts\/177451\/revisions"}],"predecessor-version":[{"id":177492,"href":"https:\/\/franciscanos.org.br\/carisma\/wp-json\/wp\/v2\/posts\/177451\/revisions\/177492"}],"wp:featuredmedia":[{"embeddable":true,"href":"https:\/\/franciscanos.org.br\/carisma\/wp-json\/wp\/v2\/media\/177453"}],"wp:attachment":[{"href":"https:\/\/franciscanos.org.br\/carisma\/wp-json\/wp\/v2\/media?parent=177451"}],"wp:term":[{"taxonomy":"category","embeddable":true,"href":"https:\/\/franciscanos.org.br\/carisma\/wp-json\/wp\/v2\/categories?post=177451"},{"taxonomy":"post_tag","embeddable":true,"href":"https:\/\/franciscanos.org.br\/carisma\/wp-json\/wp\/v2\/tags?post=177451"}],"curies":[{"name":"wp","href":"https:\/\/api.w.org\/{rel}","templated":true}]}}