{"id":177447,"date":"2021-08-23T09:11:13","date_gmt":"2021-08-23T12:11:13","guid":{"rendered":"https:\/\/franciscanos.org.br\/carisma\/?p=177447"},"modified":"2021-08-23T09:11:13","modified_gmt":"2021-08-23T12:11:13","slug":"orientacoes-de-vida-iv","status":"publish","type":"post","link":"https:\/\/franciscanos.org.br\/carisma\/orientacoes-de-vida-iv.html","title":{"rendered":"Orienta\u00e7\u00f5es de Vida \u2013 IV"},"content":{"rendered":"<div id=\"attachment_177448\" style=\"width: 850px\" class=\"wp-caption alignnone\"><img aria-describedby=\"caption-attachment-177448\" loading=\"lazy\" class=\"wp-image-177448 size-full\" src=\"https:\/\/franciscanos.org.br\/carisma\/wp-content\/uploads\/2021\/08\/cristo_francisco_2308.jpg\" alt=\"\" width=\"840\" height=\"450\" srcset=\"https:\/\/franciscanos.org.br\/carisma\/wp-content\/uploads\/2021\/08\/cristo_francisco_2308.jpg 840w, https:\/\/franciscanos.org.br\/carisma\/wp-content\/uploads\/2021\/08\/cristo_francisco_2308-450x241.jpg 450w, https:\/\/franciscanos.org.br\/carisma\/wp-content\/uploads\/2021\/08\/cristo_francisco_2308-768x411.jpg 768w, https:\/\/franciscanos.org.br\/carisma\/wp-content\/uploads\/2021\/08\/cristo_francisco_2308-150x80.jpg 150w\" sizes=\"(max-width: 840px) 100vw, 840px\" \/><p id=\"caption-attachment-177448\" class=\"wp-caption-text\">\u00a0 \u00a0 \u00a0 \u00a0 \u00a0 \u00a0 \u00a0 \u00a0 \u00a0 \u00a0 \u00a0 \u00a0 \u00a0 \u00a0 \u00a0 \u00a0 \u00a0 \u00a0 \u00a0 \u00a0 \u00a0 \u00a0 \u00a0 \u00a0 \u00a0 \u00a0 \u00a0 \u00a0 \u00a0 \u00a0 \u00a0 \u00a0 \u00a0 \u00a0 \u00a0 \u00a0 \u00a0 \u00a0 \u00a0 \u00a0 <em>\u00a0Imagem: Francisco abra\u00e7a Cristo (Murillo, dom\u00ednio p\u00fablico)<\/em><\/p><\/div>\n<h3>EM COMUNH\u00c3O COM CRISTO (4)<\/h3>\n<p>18. Em seu amor, Deus enviou seu pr\u00f3prio Filho que veio tra\u00e7ar para a humanidade o caminho de retorno ao Pai. O Filho de Deus recebeu da Virgem Maria a carne de nossa humanidade e de nossa fragilidade. Esta \u00e9 a raz\u00e3o pela qual gostamos de contemplar Jesus e sua m\u00e3e em sua condi\u00e7\u00e3o humana, humilde e pobre. Atrav\u00e9s dela, Deus escolheu fazer-se presente entre para manifestar seu amor e nos revelar o pre\u00e7o de nossa pr\u00f3pria condi\u00e7\u00e3o.<\/p>\n<p>19. N\u00e3o por si mesmo, mas por nossos pecados, Cristo sofreu a Paix\u00e3o. Colocou sua vontade na vontade do Pai e se ofereceu em sacrif\u00edcio, deixando-nos o exemplo para que sigamos seus passos. Lembrando-nos que para Francisco, Jesus crucificado era sabedoria suprema e a fonte da perfeita alegria; queremos aprender de Cristo a segui-lo neste caminho. Em todas as formas de sofrimento dos homens de hoje percebemos um apelo para lutar com todas as nossas for\u00e7as contra o mal. Pediremos a Deus que nos ajude a reconhecer nelas um convite pessoal para participar na paix\u00e3o de Cristo.<\/p>\n<p>20. O sofrimento do Calv\u00e1rio desemboca na vit\u00f3ria da Ressurrei\u00e7\u00e3o. Nas dificuldades, fracassos, prova\u00e7\u00f5es, decep\u00e7\u00f5es, doen\u00e7a procuraremos sempre conservar ou recuperar a Esperan\u00e7a e a alegria que nos comunica Cristo ressuscitado. Saberemos carregar o fardo de hoje e esperar o amanh\u00e3 para levar o peso que vier amanh\u00e3. Prometemos tamb\u00e9m aos nossos irm\u00e3os que passam por prova\u00e7\u00e3o e sofrimento uma presen\u00e7a discreta e fraterna.<\/p>\n<p>21. \u00c9, sobretudo, no Sacrif\u00edcio Eucar\u00edstico que o Cristo nos faz participar hoje dos Mist\u00e9rios de sua vida, ou seja, em sua P\u00e1scoa. Na Eucaristia, ele nos re\u00fane com nossos irm\u00e3os e tornamo-nos nele um s\u00f3 Corpo. Faremos da Eucaristia o centro de nossa vida crist\u00e3. Testemunharemos nossa f\u00e9 ao sacramento da presen\u00e7a de Cristo no meio dos seus com a rever\u00eancia e o amor que tinha por ele S\u00e3o Francisco.<\/p>\n<p><strong>Para refletir<\/strong><\/p>\n<p style=\"padding-left: 40px;\"><em>N\u00e3o quero considerar o pecado nos sacerdotes, porque neles vejo o Filho de Deus e s\u00e3o meus senhores. E por isto o fa\u00e7o: porque n\u00e3o vejo alguma coisa corporalmente, neste mundo, daquele alt\u00edssimo Filho de Deus, sen\u00e3o o seu sant\u00edssimo Corpo e Sangue que eles recebem e s\u00f3 eles aos outros administram. E esses sant\u00edssimos mist\u00e9rios sobre todas as coisas quero que sejam honrados e reverenciados e colocados em lugares preciosos.<\/em><br \/>\n<strong>Testamento 9-11<\/strong><\/p>\n<hr \/>\n<p><em>Frei Almir Guimar\u00e3es<\/em><\/p>\n","protected":false},"excerpt":{"rendered":"<p>Reflex\u00e3o de Frei Almir Guimar\u00e3es<\/p>\n","protected":false},"author":3,"featured_media":177449,"comment_status":"open","ping_status":"open","sticky":false,"template":"","format":"standard","meta":[],"categories":[14],"tags":[103],"yoast_head":"<!-- This site is optimized with the Yoast SEO plugin v19.2 - https:\/\/yoast.com\/wordpress\/plugins\/seo\/ -->\n<title>Orienta\u00e7\u00f5es de Vida \u2013 IV - Carisma - Franciscanos<\/title>\n<meta name=\"robots\" content=\"index, follow, max-snippet:-1, max-image-preview:large, max-video-preview:-1\" \/>\n<link rel=\"canonical\" href=\"https:\/\/franciscanos.org.br\/carisma\/orientacoes-de-vida-iv.html\" \/>\n<meta property=\"og:locale\" content=\"pt_BR\" \/>\n<meta property=\"og:type\" content=\"article\" \/>\n<meta property=\"og:title\" content=\"Orienta\u00e7\u00f5es de Vida \u2013 IV - Carisma - Franciscanos\" \/>\n<meta property=\"og:description\" content=\"Reflex\u00e3o de Frei Almir Guimar\u00e3es\" \/>\n<meta property=\"og:url\" content=\"https:\/\/franciscanos.org.br\/carisma\/orientacoes-de-vida-iv.html\" \/>\n<meta property=\"og:site_name\" content=\"Carisma - Franciscanos\" \/>\n<meta property=\"article:published_time\" content=\"2021-08-23T12:11:13+00:00\" \/>\n<meta property=\"og:image\" content=\"https:\/\/franciscanos.org.br\/carisma\/wp-content\/uploads\/2021\/08\/cristo_francisco_2308d.jpg\" \/>\n\t<meta property=\"og:image:width\" content=\"800\" \/>\n\t<meta property=\"og:image:height\" content=\"550\" \/>\n\t<meta property=\"og:image:type\" content=\"image\/jpeg\" \/>\n<meta name=\"author\" content=\"moacir\" \/>\n<meta name=\"twitter:card\" content=\"summary_large_image\" \/>\n<meta name=\"twitter:label1\" content=\"Escrito por\" \/>\n\t<meta name=\"twitter:data1\" content=\"moacir\" \/>\n\t<meta name=\"twitter:label2\" content=\"Est. tempo de leitura\" \/>\n\t<meta name=\"twitter:data2\" content=\"2 minutos\" \/>\n<script type=\"application\/ld+json\" class=\"yoast-schema-graph\">{\"@context\":\"https:\/\/schema.org\",\"@graph\":[{\"@type\":\"WebSite\",\"@id\":\"https:\/\/franciscanos.org.br\/carisma\/#website\",\"url\":\"https:\/\/franciscanos.org.br\/carisma\/\",\"name\":\"Carisma - Franciscanos\",\"description\":\"Prov\u00edncia Franciscana da Imaculada Concei\u00e7\u00e3o do Brasil - Ordem dos Frades Menores\",\"potentialAction\":[{\"@type\":\"SearchAction\",\"target\":{\"@type\":\"EntryPoint\",\"urlTemplate\":\"https:\/\/franciscanos.org.br\/carisma\/?s={search_term_string}\"},\"query-input\":\"required name=search_term_string\"}],\"inLanguage\":\"pt-BR\"},{\"@type\":\"ImageObject\",\"inLanguage\":\"pt-BR\",\"@id\":\"https:\/\/franciscanos.org.br\/carisma\/orientacoes-de-vida-iv.html#primaryimage\",\"url\":\"https:\/\/franciscanos.org.br\/carisma\/wp-content\/uploads\/2021\/08\/cristo_francisco_2308d.jpg\",\"contentUrl\":\"https:\/\/franciscanos.org.br\/carisma\/wp-content\/uploads\/2021\/08\/cristo_francisco_2308d.jpg\",\"width\":800,\"height\":550},{\"@type\":\"WebPage\",\"@id\":\"https:\/\/franciscanos.org.br\/carisma\/orientacoes-de-vida-iv.html#webpage\",\"url\":\"https:\/\/franciscanos.org.br\/carisma\/orientacoes-de-vida-iv.html\",\"name\":\"Orienta\u00e7\u00f5es de Vida \u2013 IV - Carisma - Franciscanos\",\"isPartOf\":{\"@id\":\"https:\/\/franciscanos.org.br\/carisma\/#website\"},\"primaryImageOfPage\":{\"@id\":\"https:\/\/franciscanos.org.br\/carisma\/orientacoes-de-vida-iv.html#primaryimage\"},\"datePublished\":\"2021-08-23T12:11:13+00:00\",\"dateModified\":\"2021-08-23T12:11:13+00:00\",\"author\":{\"@id\":\"https:\/\/franciscanos.org.br\/carisma\/#\/schema\/person\/bf14cae4d2151ab6b6e41d96660f93a2\"},\"breadcrumb\":{\"@id\":\"https:\/\/franciscanos.org.br\/carisma\/orientacoes-de-vida-iv.html#breadcrumb\"},\"inLanguage\":\"pt-BR\",\"potentialAction\":[{\"@type\":\"ReadAction\",\"target\":[\"https:\/\/franciscanos.org.br\/carisma\/orientacoes-de-vida-iv.html\"]}]},{\"@type\":\"BreadcrumbList\",\"@id\":\"https:\/\/franciscanos.org.br\/carisma\/orientacoes-de-vida-iv.html#breadcrumb\",\"itemListElement\":[{\"@type\":\"ListItem\",\"position\":1,\"name\":\"Home\",\"item\":\"https:\/\/franciscanos.org.br\/carisma\"},{\"@type\":\"ListItem\",\"position\":2,\"name\":\"Orienta\u00e7\u00f5es de Vida \u2013 IV\"}]},{\"@type\":\"Person\",\"@id\":\"https:\/\/franciscanos.org.br\/carisma\/#\/schema\/person\/bf14cae4d2151ab6b6e41d96660f93a2\",\"name\":\"moacir\",\"image\":{\"@type\":\"ImageObject\",\"inLanguage\":\"pt-BR\",\"@id\":\"https:\/\/franciscanos.org.br\/carisma\/#\/schema\/person\/image\/\",\"url\":\"https:\/\/secure.gravatar.com\/avatar\/d08aa2ce4c8dd416d4479aa8536fcf64?s=96&d=mm&r=g\",\"contentUrl\":\"https:\/\/secure.gravatar.com\/avatar\/d08aa2ce4c8dd416d4479aa8536fcf64?s=96&d=mm&r=g\",\"caption\":\"moacir\"},\"url\":\"https:\/\/franciscanos.org.br\/carisma\/author\/moacir\"}]}<\/script>\n<!-- \/ Yoast SEO plugin. -->","yoast_head_json":{"title":"Orienta\u00e7\u00f5es de Vida \u2013 IV - Carisma - Franciscanos","robots":{"index":"index","follow":"follow","max-snippet":"max-snippet:-1","max-image-preview":"max-image-preview:large","max-video-preview":"max-video-preview:-1"},"canonical":"https:\/\/franciscanos.org.br\/carisma\/orientacoes-de-vida-iv.html","og_locale":"pt_BR","og_type":"article","og_title":"Orienta\u00e7\u00f5es de Vida \u2013 IV - Carisma - Franciscanos","og_description":"Reflex\u00e3o de Frei Almir Guimar\u00e3es","og_url":"https:\/\/franciscanos.org.br\/carisma\/orientacoes-de-vida-iv.html","og_site_name":"Carisma - Franciscanos","article_published_time":"2021-08-23T12:11:13+00:00","og_image":[{"width":800,"height":550,"url":"https:\/\/franciscanos.org.br\/carisma\/wp-content\/uploads\/2021\/08\/cristo_francisco_2308d.jpg","type":"image\/jpeg"}],"author":"moacir","twitter_card":"summary_large_image","twitter_misc":{"Escrito por":"moacir","Est. tempo de leitura":"2 minutos"},"schema":{"@context":"https:\/\/schema.org","@graph":[{"@type":"WebSite","@id":"https:\/\/franciscanos.org.br\/carisma\/#website","url":"https:\/\/franciscanos.org.br\/carisma\/","name":"Carisma - Franciscanos","description":"Prov\u00edncia Franciscana da Imaculada Concei\u00e7\u00e3o do Brasil - Ordem dos Frades Menores","potentialAction":[{"@type":"SearchAction","target":{"@type":"EntryPoint","urlTemplate":"https:\/\/franciscanos.org.br\/carisma\/?s={search_term_string}"},"query-input":"required name=search_term_string"}],"inLanguage":"pt-BR"},{"@type":"ImageObject","inLanguage":"pt-BR","@id":"https:\/\/franciscanos.org.br\/carisma\/orientacoes-de-vida-iv.html#primaryimage","url":"https:\/\/franciscanos.org.br\/carisma\/wp-content\/uploads\/2021\/08\/cristo_francisco_2308d.jpg","contentUrl":"https:\/\/franciscanos.org.br\/carisma\/wp-content\/uploads\/2021\/08\/cristo_francisco_2308d.jpg","width":800,"height":550},{"@type":"WebPage","@id":"https:\/\/franciscanos.org.br\/carisma\/orientacoes-de-vida-iv.html#webpage","url":"https:\/\/franciscanos.org.br\/carisma\/orientacoes-de-vida-iv.html","name":"Orienta\u00e7\u00f5es de Vida \u2013 IV - Carisma - Franciscanos","isPartOf":{"@id":"https:\/\/franciscanos.org.br\/carisma\/#website"},"primaryImageOfPage":{"@id":"https:\/\/franciscanos.org.br\/carisma\/orientacoes-de-vida-iv.html#primaryimage"},"datePublished":"2021-08-23T12:11:13+00:00","dateModified":"2021-08-23T12:11:13+00:00","author":{"@id":"https:\/\/franciscanos.org.br\/carisma\/#\/schema\/person\/bf14cae4d2151ab6b6e41d96660f93a2"},"breadcrumb":{"@id":"https:\/\/franciscanos.org.br\/carisma\/orientacoes-de-vida-iv.html#breadcrumb"},"inLanguage":"pt-BR","potentialAction":[{"@type":"ReadAction","target":["https:\/\/franciscanos.org.br\/carisma\/orientacoes-de-vida-iv.html"]}]},{"@type":"BreadcrumbList","@id":"https:\/\/franciscanos.org.br\/carisma\/orientacoes-de-vida-iv.html#breadcrumb","itemListElement":[{"@type":"ListItem","position":1,"name":"Home","item":"https:\/\/franciscanos.org.br\/carisma"},{"@type":"ListItem","position":2,"name":"Orienta\u00e7\u00f5es de Vida \u2013 IV"}]},{"@type":"Person","@id":"https:\/\/franciscanos.org.br\/carisma\/#\/schema\/person\/bf14cae4d2151ab6b6e41d96660f93a2","name":"moacir","image":{"@type":"ImageObject","inLanguage":"pt-BR","@id":"https:\/\/franciscanos.org.br\/carisma\/#\/schema\/person\/image\/","url":"https:\/\/secure.gravatar.com\/avatar\/d08aa2ce4c8dd416d4479aa8536fcf64?s=96&d=mm&r=g","contentUrl":"https:\/\/secure.gravatar.com\/avatar\/d08aa2ce4c8dd416d4479aa8536fcf64?s=96&d=mm&r=g","caption":"moacir"},"url":"https:\/\/franciscanos.org.br\/carisma\/author\/moacir"}]}},"_links":{"self":[{"href":"https:\/\/franciscanos.org.br\/carisma\/wp-json\/wp\/v2\/posts\/177447"}],"collection":[{"href":"https:\/\/franciscanos.org.br\/carisma\/wp-json\/wp\/v2\/posts"}],"about":[{"href":"https:\/\/franciscanos.org.br\/carisma\/wp-json\/wp\/v2\/types\/post"}],"author":[{"embeddable":true,"href":"https:\/\/franciscanos.org.br\/carisma\/wp-json\/wp\/v2\/users\/3"}],"replies":[{"embeddable":true,"href":"https:\/\/franciscanos.org.br\/carisma\/wp-json\/wp\/v2\/comments?post=177447"}],"version-history":[{"count":1,"href":"https:\/\/franciscanos.org.br\/carisma\/wp-json\/wp\/v2\/posts\/177447\/revisions"}],"predecessor-version":[{"id":177450,"href":"https:\/\/franciscanos.org.br\/carisma\/wp-json\/wp\/v2\/posts\/177447\/revisions\/177450"}],"wp:featuredmedia":[{"embeddable":true,"href":"https:\/\/franciscanos.org.br\/carisma\/wp-json\/wp\/v2\/media\/177449"}],"wp:attachment":[{"href":"https:\/\/franciscanos.org.br\/carisma\/wp-json\/wp\/v2\/media?parent=177447"}],"wp:term":[{"taxonomy":"category","embeddable":true,"href":"https:\/\/franciscanos.org.br\/carisma\/wp-json\/wp\/v2\/categories?post=177447"},{"taxonomy":"post_tag","embeddable":true,"href":"https:\/\/franciscanos.org.br\/carisma\/wp-json\/wp\/v2\/tags?post=177447"}],"curies":[{"name":"wp","href":"https:\/\/api.w.org\/{rel}","templated":true}]}}