{"id":177438,"date":"2021-07-27T14:01:25","date_gmt":"2021-07-27T17:01:25","guid":{"rendered":"https:\/\/franciscanos.org.br\/carisma\/?p=177438"},"modified":"2021-07-27T14:02:12","modified_gmt":"2021-07-27T17:02:12","slug":"carisma-franciscano-viii","status":"publish","type":"post","link":"https:\/\/franciscanos.org.br\/carisma\/carisma-franciscano-viii.html","title":{"rendered":"Carisma Franciscano &#8211; VIII"},"content":{"rendered":"<div id=\"attachment_177439\" style=\"width: 850px\" class=\"wp-caption alignnone\"><img aria-describedby=\"caption-attachment-177439\" loading=\"lazy\" class=\"wp-image-177439 size-full\" src=\"https:\/\/franciscanos.org.br\/carisma\/wp-content\/uploads\/2021\/07\/casentini_27_1.jpg\" alt=\"\" width=\"840\" height=\"450\" srcset=\"https:\/\/franciscanos.org.br\/carisma\/wp-content\/uploads\/2021\/07\/casentini_27_1.jpg 840w, https:\/\/franciscanos.org.br\/carisma\/wp-content\/uploads\/2021\/07\/casentini_27_1-450x241.jpg 450w, https:\/\/franciscanos.org.br\/carisma\/wp-content\/uploads\/2021\/07\/casentini_27_1-768x411.jpg 768w, https:\/\/franciscanos.org.br\/carisma\/wp-content\/uploads\/2021\/07\/casentini_27_1-150x80.jpg 150w\" sizes=\"(max-width: 840px) 100vw, 840px\" \/><p id=\"caption-attachment-177439\" class=\"wp-caption-text\"><em>\u00a0 \u00a0 \u00a0 \u00a0 \u00a0 \u00a0 \u00a0 \u00a0 \u00a0 \u00a0 \u00a0 \u00a0 \u00a0 \u00a0 \u00a0 \u00a0 \u00a0 \u00a0 \u00a0 \u00a0 \u00a0 \u00a0 \u00a0 \u00a0 \u00a0 \u00a0 \u00a0 \u00a0 \u00a0 \u00a0 \u00a0 \u00a0 \u00a0 \u00a0 \u00a0 \u00a0 \u00a0 \u00a0 \u00a0 \u00a0 \u00a0 \u00a0 \u00a0 \u00a0 \u00a0 \u00a0 \u00a0 \u00a0 \u00a0 \u00a0 \u00a0 \u00a0 \u00a0 \u00a0 \u00a0 \u00a0 \u00a0 \u00a0 \u00a0 \u00a0 \u00a0 \u00a0 \u00a0 \u00a0 \u00a0 \u00a0 \u00a0 \u00a0 \u00a0 Imagem: Piero Casentini<\/em><\/p><\/div>\n<h3>Prova de amor<\/h3>\n<p>Viver, viver intensamente. Somos frades menores. N\u00e3o basta sobreviver. \u00c9 preciso brio. Energia. Uma serena alegria. Descobrir o que o Artista, que \u00e9 Deus, anda escrevendo. H\u00e1 a recupera\u00e7\u00e3o do essencial e a busca de um novo para continuarmos fi\u00e9is ao dom do carisma. \u201cA voca\u00e7\u00e3o que recebemos nos faz respons\u00e1veis diante dos homens e das mulheres de nosso tempo que, por toda a parte, procuram pessoas de Deus e lugares de aut\u00eantica espiritualidade a fim de dar novos significados \u00e0 sua exist\u00eancia. N\u00e3o os decepcionemos. \u201cProcure ser t\u00e3o bom quanto todos dizem que tu \u00e9s, porque muitos confiam em ti. Por isso, te exorto a jamais te comportares de forma diferente do que se espera\u201d (2Cel 142), dizia o simples campon\u00eas ao <em>Poverello<\/em> estigmatizado\u201d <em>(Giacomo Bini).<\/em><\/p>\n<p>Algu\u00e9m come\u00e7a a experimentar uma profunda alegria de ter encontrado uma inesperada claridade no Evangelho. Rapaz de uma faculdade, mo\u00e7o que trabalha como balconista, jovem ou menos jovem, que deixou o mundo t\u00e9trico das coisas torpes e se sente chamado misteriosamente para as alturas mas se sente meio perdido. Por a\u00ed come\u00e7a a aventura da f\u00e9.<\/p>\n<p>No come\u00e7o de tudo, um fasc\u00ednio por Cristo Jesus. No come\u00e7o da caminhada franciscana, o prop\u00f3sito de uma amizade com Cristo. Urge uma forma\u00e7\u00e3o que parta do cora\u00e7\u00e3o para deixar-se fascinar por Cristo. \u201cO Senhor n\u00e3o esperou os te\u00f3logos para se explicar em poucas palavras. Todo o esfor\u00e7o de Deus desde a cria\u00e7\u00e3o tem sido, por todos os meios, fazer o homem compreender que o amava. Esgotados todos os argumentos, apresenta a maior prova. \u201cN\u00e3o h\u00e1 maior prova de amor do que dar a vida por aqueles que amamos\u201d. Eis tudo. Depois disso n\u00e3o h\u00e1 mais nada a dizer. Quem quiser que compreenda. A\u00ed est\u00e1 o livro aberto sobre a cruz (&#8230;). O Cristo na cruz traduz para o homem em uma linguagem universal, um sinal t\u00e3o simples como o p\u00e3o e a \u00e1gua, o amor incompreens\u00edvel que o consome. Eis porque n\u00e3o h\u00e1 pecado sen\u00e3o de infidelidade. Os moralistas podem se esfor\u00e7ar por organizar listas e calcular as contas; \u00e9 um meio como outro qualquer de escapar ao amor. \u00c9 verdade que os caminhos que permitem fugir s\u00e3o numerosos. N\u00e3o importa o que se tome: o pecado \u00e9 o afastamento. Em vez de dizer que a Paix\u00e3o foi a salva\u00e7\u00e3o para a humanidade seria mais exato ver nela o derradeiro apelo: \u201cAd\u00e3o, onde est\u00e1s?\u201d \u00c9 o grito que escapa de todas as chagas do crucificado e impede o aut\u00eantico crist\u00e3o de dormir\u201d<em> (Jean Sulivan).<\/em><\/p>\n<p>Amadurecer na f\u00e9 atrav\u00e9s da ora\u00e7\u00e3o: \u201cNo come\u00e7o do caminho fazemos uma experi\u00eancia sens\u00edvel, emotiva, afetiva da presen\u00e7a de Deus. Experimentamos a car\u00edcia do Senhor. Ele nos inflama e nosso cora\u00e7\u00e3o exulta. N\u00e3o somos somente sentidos. A Palavra do Senhor vai nos dizendo aquilo que devemos viver. Aceitamos, mas n\u00e3o encontramos Deus l\u00e1 onde o hav\u00edamos encontrado. O Senhor se faz perceber naquilo que vivemos <em>com e para<\/em> os outros. Num dado momento, Deus se torna Presen\u00e7a. Atua em n\u00f3s, acolhemos sua a\u00e7\u00e3o e n\u00e3o fazemos mais obst\u00e1culo com nossos projetos pr\u00f3prios (<em>Suzanne Giuseppi Tetut).<\/em><\/p>\n<p><em>Carisma franciscano, contempla\u00e7\u00e3o&#8230; condi\u00e7\u00e3o para a a\u00e7\u00e3o para a miss\u00e3o e a evangeliza\u00e7\u00e3o&#8230;<\/em><\/p>\n<hr \/>\n<p><em>Frei Almir Guimar\u00e3es<\/em><\/p>\n","protected":false},"excerpt":{"rendered":"<p>Miss\u00e3o e evangeliza\u00e7\u00e3o<\/p>\n","protected":false},"author":3,"featured_media":0,"comment_status":"open","ping_status":"open","sticky":false,"template":"","format":"standard","meta":[],"categories":[11],"tags":[107],"yoast_head":"<!-- This site is optimized with the Yoast SEO plugin v19.2 - https:\/\/yoast.com\/wordpress\/plugins\/seo\/ -->\n<title>Carisma Franciscano - VIII - Carisma - Franciscanos<\/title>\n<meta name=\"robots\" content=\"index, follow, max-snippet:-1, max-image-preview:large, max-video-preview:-1\" \/>\n<link rel=\"canonical\" href=\"https:\/\/franciscanos.org.br\/carisma\/carisma-franciscano-viii.html\" \/>\n<meta property=\"og:locale\" content=\"pt_BR\" \/>\n<meta property=\"og:type\" content=\"article\" \/>\n<meta property=\"og:title\" content=\"Carisma Franciscano - VIII - Carisma - Franciscanos\" \/>\n<meta property=\"og:description\" content=\"Miss\u00e3o e evangeliza\u00e7\u00e3o\" \/>\n<meta property=\"og:url\" content=\"https:\/\/franciscanos.org.br\/carisma\/carisma-franciscano-viii.html\" \/>\n<meta property=\"og:site_name\" content=\"Carisma - Franciscanos\" \/>\n<meta property=\"article:published_time\" content=\"2021-07-27T17:01:25+00:00\" \/>\n<meta property=\"article:modified_time\" content=\"2021-07-27T17:02:12+00:00\" \/>\n<meta property=\"og:image\" content=\"https:\/\/franciscanos.org.br\/carisma\/wp-content\/uploads\/2021\/07\/casentini_27_1.jpg\" \/>\n<meta name=\"author\" content=\"moacir\" \/>\n<meta name=\"twitter:card\" content=\"summary_large_image\" \/>\n<meta name=\"twitter:label1\" content=\"Escrito por\" \/>\n\t<meta name=\"twitter:data1\" content=\"moacir\" \/>\n\t<meta name=\"twitter:label2\" content=\"Est. tempo de leitura\" \/>\n\t<meta name=\"twitter:data2\" content=\"3 minutos\" \/>\n<script type=\"application\/ld+json\" class=\"yoast-schema-graph\">{\"@context\":\"https:\/\/schema.org\",\"@graph\":[{\"@type\":\"WebSite\",\"@id\":\"https:\/\/franciscanos.org.br\/carisma\/#website\",\"url\":\"https:\/\/franciscanos.org.br\/carisma\/\",\"name\":\"Carisma - Franciscanos\",\"description\":\"Prov\u00edncia Franciscana da Imaculada Concei\u00e7\u00e3o do Brasil - Ordem dos Frades Menores\",\"potentialAction\":[{\"@type\":\"SearchAction\",\"target\":{\"@type\":\"EntryPoint\",\"urlTemplate\":\"https:\/\/franciscanos.org.br\/carisma\/?s={search_term_string}\"},\"query-input\":\"required name=search_term_string\"}],\"inLanguage\":\"pt-BR\"},{\"@type\":\"ImageObject\",\"inLanguage\":\"pt-BR\",\"@id\":\"https:\/\/franciscanos.org.br\/carisma\/carisma-franciscano-viii.html#primaryimage\",\"url\":\"https:\/\/franciscanos.org.br\/carisma\/wp-content\/uploads\/2021\/07\/casentini_27_1.jpg\",\"contentUrl\":\"https:\/\/franciscanos.org.br\/carisma\/wp-content\/uploads\/2021\/07\/casentini_27_1.jpg\",\"width\":840,\"height\":450},{\"@type\":\"WebPage\",\"@id\":\"https:\/\/franciscanos.org.br\/carisma\/carisma-franciscano-viii.html#webpage\",\"url\":\"https:\/\/franciscanos.org.br\/carisma\/carisma-franciscano-viii.html\",\"name\":\"Carisma Franciscano - VIII - Carisma - Franciscanos\",\"isPartOf\":{\"@id\":\"https:\/\/franciscanos.org.br\/carisma\/#website\"},\"primaryImageOfPage\":{\"@id\":\"https:\/\/franciscanos.org.br\/carisma\/carisma-franciscano-viii.html#primaryimage\"},\"datePublished\":\"2021-07-27T17:01:25+00:00\",\"dateModified\":\"2021-07-27T17:02:12+00:00\",\"author\":{\"@id\":\"https:\/\/franciscanos.org.br\/carisma\/#\/schema\/person\/bf14cae4d2151ab6b6e41d96660f93a2\"},\"breadcrumb\":{\"@id\":\"https:\/\/franciscanos.org.br\/carisma\/carisma-franciscano-viii.html#breadcrumb\"},\"inLanguage\":\"pt-BR\",\"potentialAction\":[{\"@type\":\"ReadAction\",\"target\":[\"https:\/\/franciscanos.org.br\/carisma\/carisma-franciscano-viii.html\"]}]},{\"@type\":\"BreadcrumbList\",\"@id\":\"https:\/\/franciscanos.org.br\/carisma\/carisma-franciscano-viii.html#breadcrumb\",\"itemListElement\":[{\"@type\":\"ListItem\",\"position\":1,\"name\":\"Home\",\"item\":\"https:\/\/franciscanos.org.br\/carisma\"},{\"@type\":\"ListItem\",\"position\":2,\"name\":\"Carisma Franciscano &#8211; VIII\"}]},{\"@type\":\"Person\",\"@id\":\"https:\/\/franciscanos.org.br\/carisma\/#\/schema\/person\/bf14cae4d2151ab6b6e41d96660f93a2\",\"name\":\"moacir\",\"image\":{\"@type\":\"ImageObject\",\"inLanguage\":\"pt-BR\",\"@id\":\"https:\/\/franciscanos.org.br\/carisma\/#\/schema\/person\/image\/\",\"url\":\"https:\/\/secure.gravatar.com\/avatar\/d08aa2ce4c8dd416d4479aa8536fcf64?s=96&d=mm&r=g\",\"contentUrl\":\"https:\/\/secure.gravatar.com\/avatar\/d08aa2ce4c8dd416d4479aa8536fcf64?s=96&d=mm&r=g\",\"caption\":\"moacir\"},\"url\":\"https:\/\/franciscanos.org.br\/carisma\/author\/moacir\"}]}<\/script>\n<!-- \/ Yoast SEO plugin. -->","yoast_head_json":{"title":"Carisma Franciscano - VIII - Carisma - Franciscanos","robots":{"index":"index","follow":"follow","max-snippet":"max-snippet:-1","max-image-preview":"max-image-preview:large","max-video-preview":"max-video-preview:-1"},"canonical":"https:\/\/franciscanos.org.br\/carisma\/carisma-franciscano-viii.html","og_locale":"pt_BR","og_type":"article","og_title":"Carisma Franciscano - VIII - Carisma - Franciscanos","og_description":"Miss\u00e3o e evangeliza\u00e7\u00e3o","og_url":"https:\/\/franciscanos.org.br\/carisma\/carisma-franciscano-viii.html","og_site_name":"Carisma - Franciscanos","article_published_time":"2021-07-27T17:01:25+00:00","article_modified_time":"2021-07-27T17:02:12+00:00","og_image":[{"url":"https:\/\/franciscanos.org.br\/carisma\/wp-content\/uploads\/2021\/07\/casentini_27_1.jpg"}],"author":"moacir","twitter_card":"summary_large_image","twitter_misc":{"Escrito por":"moacir","Est. tempo de leitura":"3 minutos"},"schema":{"@context":"https:\/\/schema.org","@graph":[{"@type":"WebSite","@id":"https:\/\/franciscanos.org.br\/carisma\/#website","url":"https:\/\/franciscanos.org.br\/carisma\/","name":"Carisma - Franciscanos","description":"Prov\u00edncia Franciscana da Imaculada Concei\u00e7\u00e3o do Brasil - Ordem dos Frades Menores","potentialAction":[{"@type":"SearchAction","target":{"@type":"EntryPoint","urlTemplate":"https:\/\/franciscanos.org.br\/carisma\/?s={search_term_string}"},"query-input":"required name=search_term_string"}],"inLanguage":"pt-BR"},{"@type":"ImageObject","inLanguage":"pt-BR","@id":"https:\/\/franciscanos.org.br\/carisma\/carisma-franciscano-viii.html#primaryimage","url":"https:\/\/franciscanos.org.br\/carisma\/wp-content\/uploads\/2021\/07\/casentini_27_1.jpg","contentUrl":"https:\/\/franciscanos.org.br\/carisma\/wp-content\/uploads\/2021\/07\/casentini_27_1.jpg","width":840,"height":450},{"@type":"WebPage","@id":"https:\/\/franciscanos.org.br\/carisma\/carisma-franciscano-viii.html#webpage","url":"https:\/\/franciscanos.org.br\/carisma\/carisma-franciscano-viii.html","name":"Carisma Franciscano - VIII - Carisma - Franciscanos","isPartOf":{"@id":"https:\/\/franciscanos.org.br\/carisma\/#website"},"primaryImageOfPage":{"@id":"https:\/\/franciscanos.org.br\/carisma\/carisma-franciscano-viii.html#primaryimage"},"datePublished":"2021-07-27T17:01:25+00:00","dateModified":"2021-07-27T17:02:12+00:00","author":{"@id":"https:\/\/franciscanos.org.br\/carisma\/#\/schema\/person\/bf14cae4d2151ab6b6e41d96660f93a2"},"breadcrumb":{"@id":"https:\/\/franciscanos.org.br\/carisma\/carisma-franciscano-viii.html#breadcrumb"},"inLanguage":"pt-BR","potentialAction":[{"@type":"ReadAction","target":["https:\/\/franciscanos.org.br\/carisma\/carisma-franciscano-viii.html"]}]},{"@type":"BreadcrumbList","@id":"https:\/\/franciscanos.org.br\/carisma\/carisma-franciscano-viii.html#breadcrumb","itemListElement":[{"@type":"ListItem","position":1,"name":"Home","item":"https:\/\/franciscanos.org.br\/carisma"},{"@type":"ListItem","position":2,"name":"Carisma Franciscano &#8211; VIII"}]},{"@type":"Person","@id":"https:\/\/franciscanos.org.br\/carisma\/#\/schema\/person\/bf14cae4d2151ab6b6e41d96660f93a2","name":"moacir","image":{"@type":"ImageObject","inLanguage":"pt-BR","@id":"https:\/\/franciscanos.org.br\/carisma\/#\/schema\/person\/image\/","url":"https:\/\/secure.gravatar.com\/avatar\/d08aa2ce4c8dd416d4479aa8536fcf64?s=96&d=mm&r=g","contentUrl":"https:\/\/secure.gravatar.com\/avatar\/d08aa2ce4c8dd416d4479aa8536fcf64?s=96&d=mm&r=g","caption":"moacir"},"url":"https:\/\/franciscanos.org.br\/carisma\/author\/moacir"}]}},"_links":{"self":[{"href":"https:\/\/franciscanos.org.br\/carisma\/wp-json\/wp\/v2\/posts\/177438"}],"collection":[{"href":"https:\/\/franciscanos.org.br\/carisma\/wp-json\/wp\/v2\/posts"}],"about":[{"href":"https:\/\/franciscanos.org.br\/carisma\/wp-json\/wp\/v2\/types\/post"}],"author":[{"embeddable":true,"href":"https:\/\/franciscanos.org.br\/carisma\/wp-json\/wp\/v2\/users\/3"}],"replies":[{"embeddable":true,"href":"https:\/\/franciscanos.org.br\/carisma\/wp-json\/wp\/v2\/comments?post=177438"}],"version-history":[{"count":2,"href":"https:\/\/franciscanos.org.br\/carisma\/wp-json\/wp\/v2\/posts\/177438\/revisions"}],"predecessor-version":[{"id":177441,"href":"https:\/\/franciscanos.org.br\/carisma\/wp-json\/wp\/v2\/posts\/177438\/revisions\/177441"}],"wp:attachment":[{"href":"https:\/\/franciscanos.org.br\/carisma\/wp-json\/wp\/v2\/media?parent=177438"}],"wp:term":[{"taxonomy":"category","embeddable":true,"href":"https:\/\/franciscanos.org.br\/carisma\/wp-json\/wp\/v2\/categories?post=177438"},{"taxonomy":"post_tag","embeddable":true,"href":"https:\/\/franciscanos.org.br\/carisma\/wp-json\/wp\/v2\/tags?post=177438"}],"curies":[{"name":"wp","href":"https:\/\/api.w.org\/{rel}","templated":true}]}}