{"id":177422,"date":"2021-07-07T09:05:40","date_gmt":"2021-07-07T12:05:40","guid":{"rendered":"https:\/\/franciscanos.org.br\/carisma\/?p=177422"},"modified":"2021-07-07T09:05:40","modified_gmt":"2021-07-07T12:05:40","slug":"carisma-franciscano-vii","status":"publish","type":"post","link":"https:\/\/franciscanos.org.br\/carisma\/carisma-franciscano-vii.html","title":{"rendered":"Carisma Franciscano \u2013 VII"},"content":{"rendered":"<div id=\"attachment_177423\" style=\"width: 850px\" class=\"wp-caption alignnone\"><img aria-describedby=\"caption-attachment-177423\" loading=\"lazy\" class=\"wp-image-177423 size-full\" src=\"https:\/\/franciscanos.org.br\/carisma\/wp-content\/uploads\/2021\/07\/artigo_07.jpg\" alt=\"\" width=\"840\" height=\"450\" srcset=\"https:\/\/franciscanos.org.br\/carisma\/wp-content\/uploads\/2021\/07\/artigo_07.jpg 840w, https:\/\/franciscanos.org.br\/carisma\/wp-content\/uploads\/2021\/07\/artigo_07-450x241.jpg 450w, https:\/\/franciscanos.org.br\/carisma\/wp-content\/uploads\/2021\/07\/artigo_07-768x411.jpg 768w, https:\/\/franciscanos.org.br\/carisma\/wp-content\/uploads\/2021\/07\/artigo_07-150x80.jpg 150w\" sizes=\"(max-width: 840px) 100vw, 840px\" \/><p id=\"caption-attachment-177423\" class=\"wp-caption-text\">\u00a0 \u00a0 \u00a0 \u00a0 \u00a0 \u00a0 \u00a0 \u00a0 \u00a0 \u00a0 \u00a0 \u00a0 \u00a0 \u00a0 \u00a0 \u00a0 \u00a0 \u00a0 \u00a0 \u00a0 \u00a0 \u00a0 \u00a0 \u00a0 \u00a0 \u00a0 \u00a0 \u00a0 \u00a0 \u00a0 \u00a0 \u00a0 \u00a0 \u00a0 \u00a0 \u00a0 \u00a0 \u00a0 \u00a0 \u00a0 \u00a0 \u00a0 \u00a0 \u00a0 \u00a0 \u00a0 \u00a0 \u00a0 \u00a0 \u00a0 \u00a0 \u00a0 \u00a0 \u00a0 \u00a0 \u00a0 \u00a0<em> \u00a0Eremit\u00e9rio Frei Eg\u00eddio &#8211; Rodeio &#8211; Santa Catarina<\/em><\/p><\/div>\n<h3>\nFraternidade de Eremit\u00e9rio<\/h3>\n<p>O Eremit\u00e9rio franciscano \u00e9 uma Fraternidade institu\u00edda como parte da Prov\u00edncia com a peculiaridade de organizar a vida segundo Regra dos Eremit\u00e9rios, num lugar \u00e0 parte e num estilo de vida s\u00f3brio e simples. A experi\u00eancia contemplativa na solid\u00e3o faz parte da heran\u00e7a franciscana e \u00e9 um modo de aprofundar a vida em Deus. Afastar-se para rezar sup\u00f5e uma busca radical do Reino de Deus e sua justi\u00e7a.<\/p>\n<p>A hagiografia e as cr\u00f4nicas franciscanas mostram a predile\u00e7\u00e3o por Francisco pelos lugares retirados (montanhas, grutas, florestas, ilhas). Esses lugares testemunham a experi\u00eancia privilegiada de ora\u00e7\u00e3o, num ambiente despojado e em meio \u00e0 cria\u00e7\u00e3o. Segundo os hagi\u00f3grafos, desde o in\u00edcio da Ordem, a voca\u00e7\u00e3o \u00e0 vida de ora\u00e7\u00e3o radical aparece como dilema para Francisco e seus irm\u00e3os (cf. 1Cel 35; LM XII, 1). Isso exprime a tens\u00e3o necess\u00e1ria entre retirar-se \u00e0 solid\u00e3o e andar nos caminhos da evangeliza\u00e7\u00e3o.<\/p>\n<p>A experi\u00eancia franciscana daqueles que desejam levar vida religiosa nos eremit\u00e9rios crist\u00e3os \u00e9 inova\u00e7\u00e3o no eremitismo crist\u00e3o, pelo estilo proposto: vida retirada em pequena Fraternidade, baseada num duplo modelo evang\u00e9lico (Marta e Maria) e familiar, cuidando um do outro (m\u00e3es e filhos); altern\u00e2ncia regular dos pap\u00e9is e responsabilidades, prioridade dada ao Of\u00edcio Divino e \u00e0s buscas das coisas de Deus; contexto pobre (mendic\u00e2ncia) e solit\u00e1rio (clausura).<\/p>\n<p><strong>Casas de Ora\u00e7\u00e3o<\/strong><br \/>\nA Casa de Ora\u00e7\u00e3o \u00e9 a Fraternidade particularmente dedicada \u00e0 ora\u00e7\u00e3o, com a miss\u00e3o de ter o esp\u00edrito de ora\u00e7\u00e3o e devo\u00e7\u00e3o. \u00c9 a fraternidade aberta a acolher pessoas de toda e qualquer proveni\u00eancia e sexo.<\/p>\n<p>As Fraternidades de ora\u00e7\u00e3o, abertas ao mundo, querem tornar acess\u00edveis estes ref\u00fagios de \u00edntima ora\u00e7\u00e3o. Sejam acolhedoras dos fi\u00e9is em busca de espa\u00e7os com atmosfera de sil\u00eancio e de recolhimento. Fazemos um servi\u00e7o de evangeliza\u00e7\u00e3o para os que desejam o retiro na solid\u00e3o, encontrando pessoas ou grupos que pedem para ser iniciados no mist\u00e9rio de Deus, e na ora\u00e7\u00e3o pessoal e comunit\u00e1ria. A Casa de Ora\u00e7\u00e3o acompanha essas pessoas em sua busca de Deus, mediante uma pastoral de ora\u00e7\u00e3o, dando tamb\u00e9m indica\u00e7\u00f5es para a pedagogia franciscana de ora\u00e7\u00e3o.<\/p>\n<p>Em nossos tempos de profunda seculariza\u00e7\u00e3o, de iman\u00eancia m\u00f3vel, nos quais a abertura ao transcendente n\u00e3o \u00e9 habitual nas pessoas, segundo os diferentes lugares em que vivem os Frades, certamente se dever\u00e1 ter presente ao destinat\u00e1rios dessa pastoral da ora\u00e7\u00e3o, distinguindo os que entre os que possuem importante experi\u00eancia espiritual e os que n\u00e3o t\u00eam nem elementar vida de f\u00e9.<\/p>\n<p><em>Fonte: &#8220;Escutai e Vivereis&#8221;, Doc. OFM, 2017<\/em><\/p>\n<hr \/>\n<p><em>Texto para reflex\u00e3o<\/em><\/p>\n<p><strong>A refer\u00eancia a Deus, o Sumo Bem<\/strong><\/p>\n<p>O que hoje mais interpela no projeto de Francisco &#8211; contanto que n\u00e3o paremos na superf\u00edcie &#8211; \u00e9 que estamos diante de um projeto crist\u00e3o que nos provoca a viver a fundo a experi\u00eancia da f\u00e9 em Deus e em Jesus Cristo&#8230; Est\u00e1 claro que para Francisco esse era o centro absoluto da vida que quis viver com os irm\u00e3os.<\/p>\n<p>Sedento e faminto, o mundo busca pessoas que sejam referenciais desse absoluto, que desvelem o sentido da pr\u00f3pria vida, que lhes indiquem a fonte e lhes apontem o onde ver a face e encontrar a proximidade de Deus. Nas palavras de Paulo VI, o mundo busca pessoas que lhes falem de um Deus que elas conhe\u00e7am e lhes seja familiar. Sem isto, sem esta m\u00edstica, sem esta refer\u00eancia cont\u00ednua \u00e0 profundidade da vida, sem este inundar-se do Deus de Jesus Cristo, os irm\u00e3os e irm\u00e3s de Francisco e de Clara podem at\u00e9 falar de Deus e anunciar o Evangelho, mas n\u00e3o ser\u00e3o mais do que nuvem sem \u00e1gua ou \u00e1rvore sem fruto. S\u00f3 aquele que vive de Deus pode ser seu sacramento no mundo.<\/p>\n<p><em>Doc.CEFEPAL 2009<\/em><\/p>\n<hr \/>\n<p><em>Frei Almir Ribeiro Guimar\u00e3es<\/em><\/p>\n","protected":false},"excerpt":{"rendered":"<p>Eremit\u00e9rios<\/p>\n","protected":false},"author":3,"featured_media":177424,"comment_status":"open","ping_status":"open","sticky":false,"template":"","format":"standard","meta":[],"categories":[11],"tags":[107],"yoast_head":"<!-- This site is optimized with the Yoast SEO plugin v19.2 - https:\/\/yoast.com\/wordpress\/plugins\/seo\/ -->\n<title>Carisma Franciscano \u2013 VII - Carisma - Franciscanos<\/title>\n<meta name=\"robots\" content=\"index, follow, max-snippet:-1, max-image-preview:large, max-video-preview:-1\" \/>\n<link rel=\"canonical\" href=\"https:\/\/franciscanos.org.br\/carisma\/carisma-franciscano-vii.html\" \/>\n<meta property=\"og:locale\" content=\"pt_BR\" \/>\n<meta property=\"og:type\" content=\"article\" \/>\n<meta property=\"og:title\" content=\"Carisma Franciscano \u2013 VII - Carisma - Franciscanos\" \/>\n<meta property=\"og:description\" content=\"Eremit\u00e9rios\" \/>\n<meta property=\"og:url\" content=\"https:\/\/franciscanos.org.br\/carisma\/carisma-franciscano-vii.html\" \/>\n<meta property=\"og:site_name\" content=\"Carisma - Franciscanos\" \/>\n<meta property=\"article:published_time\" content=\"2021-07-07T12:05:40+00:00\" \/>\n<meta property=\"og:image\" content=\"https:\/\/franciscanos.org.br\/carisma\/wp-content\/uploads\/2021\/07\/artigo_07d.jpg\" \/>\n\t<meta property=\"og:image:width\" content=\"654\" \/>\n\t<meta property=\"og:image:height\" content=\"450\" \/>\n\t<meta property=\"og:image:type\" content=\"image\/jpeg\" \/>\n<meta name=\"author\" content=\"moacir\" \/>\n<meta name=\"twitter:card\" content=\"summary_large_image\" \/>\n<meta name=\"twitter:label1\" content=\"Escrito por\" \/>\n\t<meta name=\"twitter:data1\" content=\"moacir\" \/>\n\t<meta name=\"twitter:label2\" content=\"Est. tempo de leitura\" \/>\n\t<meta name=\"twitter:data2\" content=\"3 minutos\" \/>\n<script type=\"application\/ld+json\" class=\"yoast-schema-graph\">{\"@context\":\"https:\/\/schema.org\",\"@graph\":[{\"@type\":\"WebSite\",\"@id\":\"https:\/\/franciscanos.org.br\/carisma\/#website\",\"url\":\"https:\/\/franciscanos.org.br\/carisma\/\",\"name\":\"Carisma - Franciscanos\",\"description\":\"Prov\u00edncia Franciscana da Imaculada Concei\u00e7\u00e3o do Brasil - Ordem dos Frades Menores\",\"potentialAction\":[{\"@type\":\"SearchAction\",\"target\":{\"@type\":\"EntryPoint\",\"urlTemplate\":\"https:\/\/franciscanos.org.br\/carisma\/?s={search_term_string}\"},\"query-input\":\"required name=search_term_string\"}],\"inLanguage\":\"pt-BR\"},{\"@type\":\"ImageObject\",\"inLanguage\":\"pt-BR\",\"@id\":\"https:\/\/franciscanos.org.br\/carisma\/carisma-franciscano-vii.html#primaryimage\",\"url\":\"https:\/\/franciscanos.org.br\/carisma\/wp-content\/uploads\/2021\/07\/artigo_07d.jpg\",\"contentUrl\":\"https:\/\/franciscanos.org.br\/carisma\/wp-content\/uploads\/2021\/07\/artigo_07d.jpg\",\"width\":654,\"height\":450},{\"@type\":\"WebPage\",\"@id\":\"https:\/\/franciscanos.org.br\/carisma\/carisma-franciscano-vii.html#webpage\",\"url\":\"https:\/\/franciscanos.org.br\/carisma\/carisma-franciscano-vii.html\",\"name\":\"Carisma Franciscano \u2013 VII - Carisma - Franciscanos\",\"isPartOf\":{\"@id\":\"https:\/\/franciscanos.org.br\/carisma\/#website\"},\"primaryImageOfPage\":{\"@id\":\"https:\/\/franciscanos.org.br\/carisma\/carisma-franciscano-vii.html#primaryimage\"},\"datePublished\":\"2021-07-07T12:05:40+00:00\",\"dateModified\":\"2021-07-07T12:05:40+00:00\",\"author\":{\"@id\":\"https:\/\/franciscanos.org.br\/carisma\/#\/schema\/person\/bf14cae4d2151ab6b6e41d96660f93a2\"},\"breadcrumb\":{\"@id\":\"https:\/\/franciscanos.org.br\/carisma\/carisma-franciscano-vii.html#breadcrumb\"},\"inLanguage\":\"pt-BR\",\"potentialAction\":[{\"@type\":\"ReadAction\",\"target\":[\"https:\/\/franciscanos.org.br\/carisma\/carisma-franciscano-vii.html\"]}]},{\"@type\":\"BreadcrumbList\",\"@id\":\"https:\/\/franciscanos.org.br\/carisma\/carisma-franciscano-vii.html#breadcrumb\",\"itemListElement\":[{\"@type\":\"ListItem\",\"position\":1,\"name\":\"Home\",\"item\":\"https:\/\/franciscanos.org.br\/carisma\"},{\"@type\":\"ListItem\",\"position\":2,\"name\":\"Carisma Franciscano \u2013 VII\"}]},{\"@type\":\"Person\",\"@id\":\"https:\/\/franciscanos.org.br\/carisma\/#\/schema\/person\/bf14cae4d2151ab6b6e41d96660f93a2\",\"name\":\"moacir\",\"image\":{\"@type\":\"ImageObject\",\"inLanguage\":\"pt-BR\",\"@id\":\"https:\/\/franciscanos.org.br\/carisma\/#\/schema\/person\/image\/\",\"url\":\"https:\/\/secure.gravatar.com\/avatar\/d08aa2ce4c8dd416d4479aa8536fcf64?s=96&d=mm&r=g\",\"contentUrl\":\"https:\/\/secure.gravatar.com\/avatar\/d08aa2ce4c8dd416d4479aa8536fcf64?s=96&d=mm&r=g\",\"caption\":\"moacir\"},\"url\":\"https:\/\/franciscanos.org.br\/carisma\/author\/moacir\"}]}<\/script>\n<!-- \/ Yoast SEO plugin. -->","yoast_head_json":{"title":"Carisma Franciscano \u2013 VII - Carisma - Franciscanos","robots":{"index":"index","follow":"follow","max-snippet":"max-snippet:-1","max-image-preview":"max-image-preview:large","max-video-preview":"max-video-preview:-1"},"canonical":"https:\/\/franciscanos.org.br\/carisma\/carisma-franciscano-vii.html","og_locale":"pt_BR","og_type":"article","og_title":"Carisma Franciscano \u2013 VII - Carisma - Franciscanos","og_description":"Eremit\u00e9rios","og_url":"https:\/\/franciscanos.org.br\/carisma\/carisma-franciscano-vii.html","og_site_name":"Carisma - Franciscanos","article_published_time":"2021-07-07T12:05:40+00:00","og_image":[{"width":654,"height":450,"url":"https:\/\/franciscanos.org.br\/carisma\/wp-content\/uploads\/2021\/07\/artigo_07d.jpg","type":"image\/jpeg"}],"author":"moacir","twitter_card":"summary_large_image","twitter_misc":{"Escrito por":"moacir","Est. tempo de leitura":"3 minutos"},"schema":{"@context":"https:\/\/schema.org","@graph":[{"@type":"WebSite","@id":"https:\/\/franciscanos.org.br\/carisma\/#website","url":"https:\/\/franciscanos.org.br\/carisma\/","name":"Carisma - Franciscanos","description":"Prov\u00edncia Franciscana da Imaculada Concei\u00e7\u00e3o do Brasil - Ordem dos Frades Menores","potentialAction":[{"@type":"SearchAction","target":{"@type":"EntryPoint","urlTemplate":"https:\/\/franciscanos.org.br\/carisma\/?s={search_term_string}"},"query-input":"required name=search_term_string"}],"inLanguage":"pt-BR"},{"@type":"ImageObject","inLanguage":"pt-BR","@id":"https:\/\/franciscanos.org.br\/carisma\/carisma-franciscano-vii.html#primaryimage","url":"https:\/\/franciscanos.org.br\/carisma\/wp-content\/uploads\/2021\/07\/artigo_07d.jpg","contentUrl":"https:\/\/franciscanos.org.br\/carisma\/wp-content\/uploads\/2021\/07\/artigo_07d.jpg","width":654,"height":450},{"@type":"WebPage","@id":"https:\/\/franciscanos.org.br\/carisma\/carisma-franciscano-vii.html#webpage","url":"https:\/\/franciscanos.org.br\/carisma\/carisma-franciscano-vii.html","name":"Carisma Franciscano \u2013 VII - Carisma - Franciscanos","isPartOf":{"@id":"https:\/\/franciscanos.org.br\/carisma\/#website"},"primaryImageOfPage":{"@id":"https:\/\/franciscanos.org.br\/carisma\/carisma-franciscano-vii.html#primaryimage"},"datePublished":"2021-07-07T12:05:40+00:00","dateModified":"2021-07-07T12:05:40+00:00","author":{"@id":"https:\/\/franciscanos.org.br\/carisma\/#\/schema\/person\/bf14cae4d2151ab6b6e41d96660f93a2"},"breadcrumb":{"@id":"https:\/\/franciscanos.org.br\/carisma\/carisma-franciscano-vii.html#breadcrumb"},"inLanguage":"pt-BR","potentialAction":[{"@type":"ReadAction","target":["https:\/\/franciscanos.org.br\/carisma\/carisma-franciscano-vii.html"]}]},{"@type":"BreadcrumbList","@id":"https:\/\/franciscanos.org.br\/carisma\/carisma-franciscano-vii.html#breadcrumb","itemListElement":[{"@type":"ListItem","position":1,"name":"Home","item":"https:\/\/franciscanos.org.br\/carisma"},{"@type":"ListItem","position":2,"name":"Carisma Franciscano \u2013 VII"}]},{"@type":"Person","@id":"https:\/\/franciscanos.org.br\/carisma\/#\/schema\/person\/bf14cae4d2151ab6b6e41d96660f93a2","name":"moacir","image":{"@type":"ImageObject","inLanguage":"pt-BR","@id":"https:\/\/franciscanos.org.br\/carisma\/#\/schema\/person\/image\/","url":"https:\/\/secure.gravatar.com\/avatar\/d08aa2ce4c8dd416d4479aa8536fcf64?s=96&d=mm&r=g","contentUrl":"https:\/\/secure.gravatar.com\/avatar\/d08aa2ce4c8dd416d4479aa8536fcf64?s=96&d=mm&r=g","caption":"moacir"},"url":"https:\/\/franciscanos.org.br\/carisma\/author\/moacir"}]}},"_links":{"self":[{"href":"https:\/\/franciscanos.org.br\/carisma\/wp-json\/wp\/v2\/posts\/177422"}],"collection":[{"href":"https:\/\/franciscanos.org.br\/carisma\/wp-json\/wp\/v2\/posts"}],"about":[{"href":"https:\/\/franciscanos.org.br\/carisma\/wp-json\/wp\/v2\/types\/post"}],"author":[{"embeddable":true,"href":"https:\/\/franciscanos.org.br\/carisma\/wp-json\/wp\/v2\/users\/3"}],"replies":[{"embeddable":true,"href":"https:\/\/franciscanos.org.br\/carisma\/wp-json\/wp\/v2\/comments?post=177422"}],"version-history":[{"count":1,"href":"https:\/\/franciscanos.org.br\/carisma\/wp-json\/wp\/v2\/posts\/177422\/revisions"}],"predecessor-version":[{"id":177425,"href":"https:\/\/franciscanos.org.br\/carisma\/wp-json\/wp\/v2\/posts\/177422\/revisions\/177425"}],"wp:featuredmedia":[{"embeddable":true,"href":"https:\/\/franciscanos.org.br\/carisma\/wp-json\/wp\/v2\/media\/177424"}],"wp:attachment":[{"href":"https:\/\/franciscanos.org.br\/carisma\/wp-json\/wp\/v2\/media?parent=177422"}],"wp:term":[{"taxonomy":"category","embeddable":true,"href":"https:\/\/franciscanos.org.br\/carisma\/wp-json\/wp\/v2\/categories?post=177422"},{"taxonomy":"post_tag","embeddable":true,"href":"https:\/\/franciscanos.org.br\/carisma\/wp-json\/wp\/v2\/tags?post=177422"}],"curies":[{"name":"wp","href":"https:\/\/api.w.org\/{rel}","templated":true}]}}