{"id":177405,"date":"2021-06-29T11:37:02","date_gmt":"2021-06-29T14:37:02","guid":{"rendered":"https:\/\/franciscanos.org.br\/carisma\/?p=177405"},"modified":"2021-06-29T11:37:02","modified_gmt":"2021-06-29T14:37:02","slug":"carisma-franciscano-vi","status":"publish","type":"post","link":"https:\/\/franciscanos.org.br\/carisma\/carisma-franciscano-vi.html","title":{"rendered":"Carisma Franciscano \u2013 VI"},"content":{"rendered":"<div id=\"attachment_177407\" style=\"width: 850px\" class=\"wp-caption alignnone\"><img aria-describedby=\"caption-attachment-177407\" loading=\"lazy\" class=\"wp-image-177407 size-full\" src=\"https:\/\/franciscanos.org.br\/carisma\/wp-content\/uploads\/2021\/06\/carisma_01d.jpg\" alt=\"\" width=\"840\" height=\"450\" srcset=\"https:\/\/franciscanos.org.br\/carisma\/wp-content\/uploads\/2021\/06\/carisma_01d.jpg 840w, https:\/\/franciscanos.org.br\/carisma\/wp-content\/uploads\/2021\/06\/carisma_01d-450x241.jpg 450w, https:\/\/franciscanos.org.br\/carisma\/wp-content\/uploads\/2021\/06\/carisma_01d-768x411.jpg 768w, https:\/\/franciscanos.org.br\/carisma\/wp-content\/uploads\/2021\/06\/carisma_01d-150x80.jpg 150w\" sizes=\"(max-width: 840px) 100vw, 840px\" \/><p id=\"caption-attachment-177407\" class=\"wp-caption-text\">\u00a0 \u00a0 \u00a0 \u00a0 \u00a0 \u00a0 \u00a0 \u00a0 \u00a0 \u00a0 \u00a0 \u00a0 \u00a0 \u00a0 \u00a0 \u00a0 \u00a0 \u00a0 \u00a0 \u00a0 \u00a0 \u00a0 \u00a0 \u00a0 \u00a0 \u00a0 \u00a0 \u00a0 \u00a0 \u00a0 \u00a0 \u00a0 \u00a0 \u00a0 \u00a0 \u00a0 \u00a0 \u00a0 \u00a0 \u00a0 \u00a0 \u00a0 \u00a0 \u00a0 \u00a0 \u00a0 \u00a0 <em>\u00a0 \u00a0 \u00a0 \u00a0 Imagem ilustrativa (fonte: Catholic Pictures)<\/em><\/p><\/div>\n<h3>\nRefletindo sobre a ora\u00e7\u00e3o<\/h3>\n<p>N\u00e3o temos d\u00favidas: o esplendor de nossa vida franciscana de hoje e de amanh\u00e3 depende da ora\u00e7\u00e3o, mas ora\u00e7\u00e3o de verdade. N\u00e3o apenas um balb\u00facio de palavras no qual n\u00e3o acreditamos, num mero mon\u00f3logo. Quando se pergunta como formar frades para esse tempo novo, preciso ser\u00e1 dizer uma forma\u00e7\u00e3o s\u00e9ria, cont\u00ednua, revisada na ora\u00e7\u00e3o: ora\u00e7\u00e3o pessoal, gosto de participar da Eucaristia, rezar com os outros, capacidade de encontrar o Senhor, dar ind\u00edcios de que \u00e9 algu\u00e9m que tem uma vida de ora\u00e7\u00e3o profunda. Insisto na medita\u00e7\u00e3o e na leitura espiritual. Continuamos a refletir sobre a ora\u00e7\u00e3o e seu pano de fundo. A ora\u00e7\u00e3o franciscana sempre se \u201cassombra\u201d com a beleza do Senhor no criado.<\/p>\n<p>\u2663 Jacques Loew situa a ora\u00e7\u00e3o uno contexto da conversa entre Jesus e Samaritana: \u201cA iniciativa primeira vem de Deus. \u00c9 ele que, por primeiro, pede para beber, ele tem sede de n\u00f3s. Com esse &#8216;d\u00e1-me de beber&#8217;, Jesus assinala a ordem essencial da ora\u00e7\u00e3o: \u00e9 o Senhor que come\u00e7a, ele \u00e9 sempre o primeiro a falar. Nossa vida espiritual, nossa vida com Deus n\u00e3o \u00e9 sucesso ao qual se chega sozinho, com suas pr\u00f3prias cartas sobre a mesa. \u00c9 uma partida que se joga a dois e iniciativa \u00e9 sempre de Deus. Em seguida somente, ao tomarmos consci\u00eancia desse amor de Deus, esse Deus que vem mendigar nosso amor para melhor nos dar o seu &#8211; se soubesses o dom que Deus te d\u00e1 -, s\u00f3 ent\u00e3o rezamos. A ora\u00e7\u00e3o vem espontaneamente quando pressentimos o dom de Deus: \u201cSe conhecesses o dom de Deus e quem \u00e9 que te diz: \u2018D\u00e1-me de beber\u2019, tu \u00e9 que lhe pedirias e te daria \u00e1gua viva\u201d. Observemos o verbo pedir, prece. Nesse momento \u00e9 que adv\u00e9m a ora\u00e7\u00e3o porque tomaste consci\u00eancia de que Deus quer te dar alguma coisa de muito grande.<\/p>\n<p>\u2663 Giacomo Bini: \u201cNossa vida quotidiana est\u00e1 se desintegrando e fragmentando a partir dos inumer\u00e1veis compromissos e desejos despertados em n\u00f3s por um mundo demasiadamente consumista. Devemos substituir a cultura da apar\u00eancia, do imediato, da exterioridade, da efici\u00eancia pr\u00f3pria e nosso mundo \u201cglobalizado por uma culta da interioridade, do sil\u00eancio, da escuta obediente, da fecundidade divina. Devemos converter-nos da l\u00f3gica da evid\u00eancia, do \u201csempre feito assim\u201d para a l\u00f3gica da confian\u00e7a, apesar dos fracassos, ou at\u00e9, instru\u00eddos por ele\u201d.<\/p>\n<p>\u2663 G\u00e9rard Bessi\u00e8re: \u201cO povo dos pequenos retoma incessantemente o caminho das asperezas, da obstina\u00e7\u00e3o, do amor. Entre eles, os crist\u00e3os deveriam ser sentinelas que acreditam na luz e que a buscam mesmo na escurid\u00e3o e no meio das tempestade. Os olhos fixos no horizonte de Deus, podem sem querer como que projetar, talvez at\u00e9 mesmo sem saber, contornos do universo que se espera, e reconhecer em seu meio discretas pinceladas do Artista dos mundos. Vive-se a morte de um mundo. N\u00e3o seria, antes, o come\u00e7o de um outro? Esta nossa tarefa e nossa alegria diante de Deus?\u201d.<\/p>\n<p>A ora\u00e7\u00e3o pode secretar lucidez e coragem. Olhando para Deus, vemos desaparecer os horizontes de ontem e acolhemos os de hoje e de amanh\u00e3. \u201cO Esp\u00edrito geme em n\u00f3s\u201d, escrevia S\u00e3o Paulo. \u00c9 ele que nos impulsiona a \u201crenovar a face da terra\u201d. Os que se sentem dispon\u00edveis ao seu el\u00e3 est\u00e3o sempre a esperar por Deus. Nada far\u00e1 com que deixem de amar. No sil\u00eancio obscuro da ora\u00e7\u00e3o, quaisquer que sejam as cores do dia, s\u00e3o aqueles que abrem os po\u00e7os do futuro de Deus.<\/p>\n<hr \/>\n<p><em>Frei Almir Guimar\u00e3es<\/em><\/p>\n","protected":false},"excerpt":{"rendered":"<p>Refletindo sobre a Ora\u00e7\u00e3o<\/p>\n","protected":false},"author":3,"featured_media":177408,"comment_status":"open","ping_status":"open","sticky":false,"template":"","format":"standard","meta":[],"categories":[11],"tags":[107],"yoast_head":"<!-- This site is optimized with the Yoast SEO plugin v19.2 - https:\/\/yoast.com\/wordpress\/plugins\/seo\/ -->\n<title>Carisma Franciscano \u2013 VI - Carisma - Franciscanos<\/title>\n<meta name=\"robots\" content=\"index, follow, max-snippet:-1, max-image-preview:large, max-video-preview:-1\" \/>\n<link rel=\"canonical\" href=\"https:\/\/franciscanos.org.br\/carisma\/carisma-franciscano-vi.html\" \/>\n<meta property=\"og:locale\" content=\"pt_BR\" \/>\n<meta property=\"og:type\" content=\"article\" \/>\n<meta property=\"og:title\" content=\"Carisma Franciscano \u2013 VI - Carisma - Franciscanos\" \/>\n<meta property=\"og:description\" content=\"Refletindo sobre a Ora\u00e7\u00e3o\" \/>\n<meta property=\"og:url\" content=\"https:\/\/franciscanos.org.br\/carisma\/carisma-franciscano-vi.html\" \/>\n<meta property=\"og:site_name\" content=\"Carisma - Franciscanos\" \/>\n<meta property=\"article:published_time\" content=\"2021-06-29T14:37:02+00:00\" \/>\n<meta property=\"og:image\" content=\"https:\/\/franciscanos.org.br\/carisma\/wp-content\/uploads\/2021\/06\/carisma_01m.jpg\" \/>\n\t<meta property=\"og:image:width\" content=\"720\" \/>\n\t<meta property=\"og:image:height\" content=\"495\" \/>\n\t<meta property=\"og:image:type\" content=\"image\/jpeg\" \/>\n<meta name=\"author\" content=\"moacir\" \/>\n<meta name=\"twitter:card\" content=\"summary_large_image\" \/>\n<meta name=\"twitter:label1\" content=\"Escrito por\" \/>\n\t<meta name=\"twitter:data1\" content=\"moacir\" \/>\n\t<meta name=\"twitter:label2\" content=\"Est. tempo de leitura\" \/>\n\t<meta name=\"twitter:data2\" content=\"3 minutos\" \/>\n<script type=\"application\/ld+json\" class=\"yoast-schema-graph\">{\"@context\":\"https:\/\/schema.org\",\"@graph\":[{\"@type\":\"WebSite\",\"@id\":\"https:\/\/franciscanos.org.br\/carisma\/#website\",\"url\":\"https:\/\/franciscanos.org.br\/carisma\/\",\"name\":\"Carisma - Franciscanos\",\"description\":\"Prov\u00edncia Franciscana da Imaculada Concei\u00e7\u00e3o do Brasil - Ordem dos Frades Menores\",\"potentialAction\":[{\"@type\":\"SearchAction\",\"target\":{\"@type\":\"EntryPoint\",\"urlTemplate\":\"https:\/\/franciscanos.org.br\/carisma\/?s={search_term_string}\"},\"query-input\":\"required name=search_term_string\"}],\"inLanguage\":\"pt-BR\"},{\"@type\":\"ImageObject\",\"inLanguage\":\"pt-BR\",\"@id\":\"https:\/\/franciscanos.org.br\/carisma\/carisma-franciscano-vi.html#primaryimage\",\"url\":\"https:\/\/franciscanos.org.br\/carisma\/wp-content\/uploads\/2021\/06\/carisma_01m.jpg\",\"contentUrl\":\"https:\/\/franciscanos.org.br\/carisma\/wp-content\/uploads\/2021\/06\/carisma_01m.jpg\",\"width\":720,\"height\":495},{\"@type\":\"WebPage\",\"@id\":\"https:\/\/franciscanos.org.br\/carisma\/carisma-franciscano-vi.html#webpage\",\"url\":\"https:\/\/franciscanos.org.br\/carisma\/carisma-franciscano-vi.html\",\"name\":\"Carisma Franciscano \u2013 VI - Carisma - Franciscanos\",\"isPartOf\":{\"@id\":\"https:\/\/franciscanos.org.br\/carisma\/#website\"},\"primaryImageOfPage\":{\"@id\":\"https:\/\/franciscanos.org.br\/carisma\/carisma-franciscano-vi.html#primaryimage\"},\"datePublished\":\"2021-06-29T14:37:02+00:00\",\"dateModified\":\"2021-06-29T14:37:02+00:00\",\"author\":{\"@id\":\"https:\/\/franciscanos.org.br\/carisma\/#\/schema\/person\/bf14cae4d2151ab6b6e41d96660f93a2\"},\"breadcrumb\":{\"@id\":\"https:\/\/franciscanos.org.br\/carisma\/carisma-franciscano-vi.html#breadcrumb\"},\"inLanguage\":\"pt-BR\",\"potentialAction\":[{\"@type\":\"ReadAction\",\"target\":[\"https:\/\/franciscanos.org.br\/carisma\/carisma-franciscano-vi.html\"]}]},{\"@type\":\"BreadcrumbList\",\"@id\":\"https:\/\/franciscanos.org.br\/carisma\/carisma-franciscano-vi.html#breadcrumb\",\"itemListElement\":[{\"@type\":\"ListItem\",\"position\":1,\"name\":\"Home\",\"item\":\"https:\/\/franciscanos.org.br\/carisma\"},{\"@type\":\"ListItem\",\"position\":2,\"name\":\"Carisma Franciscano \u2013 VI\"}]},{\"@type\":\"Person\",\"@id\":\"https:\/\/franciscanos.org.br\/carisma\/#\/schema\/person\/bf14cae4d2151ab6b6e41d96660f93a2\",\"name\":\"moacir\",\"image\":{\"@type\":\"ImageObject\",\"inLanguage\":\"pt-BR\",\"@id\":\"https:\/\/franciscanos.org.br\/carisma\/#\/schema\/person\/image\/\",\"url\":\"https:\/\/secure.gravatar.com\/avatar\/d08aa2ce4c8dd416d4479aa8536fcf64?s=96&d=mm&r=g\",\"contentUrl\":\"https:\/\/secure.gravatar.com\/avatar\/d08aa2ce4c8dd416d4479aa8536fcf64?s=96&d=mm&r=g\",\"caption\":\"moacir\"},\"url\":\"https:\/\/franciscanos.org.br\/carisma\/author\/moacir\"}]}<\/script>\n<!-- \/ Yoast SEO plugin. -->","yoast_head_json":{"title":"Carisma Franciscano \u2013 VI - Carisma - Franciscanos","robots":{"index":"index","follow":"follow","max-snippet":"max-snippet:-1","max-image-preview":"max-image-preview:large","max-video-preview":"max-video-preview:-1"},"canonical":"https:\/\/franciscanos.org.br\/carisma\/carisma-franciscano-vi.html","og_locale":"pt_BR","og_type":"article","og_title":"Carisma Franciscano \u2013 VI - Carisma - Franciscanos","og_description":"Refletindo sobre a Ora\u00e7\u00e3o","og_url":"https:\/\/franciscanos.org.br\/carisma\/carisma-franciscano-vi.html","og_site_name":"Carisma - Franciscanos","article_published_time":"2021-06-29T14:37:02+00:00","og_image":[{"width":720,"height":495,"url":"https:\/\/franciscanos.org.br\/carisma\/wp-content\/uploads\/2021\/06\/carisma_01m.jpg","type":"image\/jpeg"}],"author":"moacir","twitter_card":"summary_large_image","twitter_misc":{"Escrito por":"moacir","Est. tempo de leitura":"3 minutos"},"schema":{"@context":"https:\/\/schema.org","@graph":[{"@type":"WebSite","@id":"https:\/\/franciscanos.org.br\/carisma\/#website","url":"https:\/\/franciscanos.org.br\/carisma\/","name":"Carisma - Franciscanos","description":"Prov\u00edncia Franciscana da Imaculada Concei\u00e7\u00e3o do Brasil - Ordem dos Frades Menores","potentialAction":[{"@type":"SearchAction","target":{"@type":"EntryPoint","urlTemplate":"https:\/\/franciscanos.org.br\/carisma\/?s={search_term_string}"},"query-input":"required name=search_term_string"}],"inLanguage":"pt-BR"},{"@type":"ImageObject","inLanguage":"pt-BR","@id":"https:\/\/franciscanos.org.br\/carisma\/carisma-franciscano-vi.html#primaryimage","url":"https:\/\/franciscanos.org.br\/carisma\/wp-content\/uploads\/2021\/06\/carisma_01m.jpg","contentUrl":"https:\/\/franciscanos.org.br\/carisma\/wp-content\/uploads\/2021\/06\/carisma_01m.jpg","width":720,"height":495},{"@type":"WebPage","@id":"https:\/\/franciscanos.org.br\/carisma\/carisma-franciscano-vi.html#webpage","url":"https:\/\/franciscanos.org.br\/carisma\/carisma-franciscano-vi.html","name":"Carisma Franciscano \u2013 VI - Carisma - Franciscanos","isPartOf":{"@id":"https:\/\/franciscanos.org.br\/carisma\/#website"},"primaryImageOfPage":{"@id":"https:\/\/franciscanos.org.br\/carisma\/carisma-franciscano-vi.html#primaryimage"},"datePublished":"2021-06-29T14:37:02+00:00","dateModified":"2021-06-29T14:37:02+00:00","author":{"@id":"https:\/\/franciscanos.org.br\/carisma\/#\/schema\/person\/bf14cae4d2151ab6b6e41d96660f93a2"},"breadcrumb":{"@id":"https:\/\/franciscanos.org.br\/carisma\/carisma-franciscano-vi.html#breadcrumb"},"inLanguage":"pt-BR","potentialAction":[{"@type":"ReadAction","target":["https:\/\/franciscanos.org.br\/carisma\/carisma-franciscano-vi.html"]}]},{"@type":"BreadcrumbList","@id":"https:\/\/franciscanos.org.br\/carisma\/carisma-franciscano-vi.html#breadcrumb","itemListElement":[{"@type":"ListItem","position":1,"name":"Home","item":"https:\/\/franciscanos.org.br\/carisma"},{"@type":"ListItem","position":2,"name":"Carisma Franciscano \u2013 VI"}]},{"@type":"Person","@id":"https:\/\/franciscanos.org.br\/carisma\/#\/schema\/person\/bf14cae4d2151ab6b6e41d96660f93a2","name":"moacir","image":{"@type":"ImageObject","inLanguage":"pt-BR","@id":"https:\/\/franciscanos.org.br\/carisma\/#\/schema\/person\/image\/","url":"https:\/\/secure.gravatar.com\/avatar\/d08aa2ce4c8dd416d4479aa8536fcf64?s=96&d=mm&r=g","contentUrl":"https:\/\/secure.gravatar.com\/avatar\/d08aa2ce4c8dd416d4479aa8536fcf64?s=96&d=mm&r=g","caption":"moacir"},"url":"https:\/\/franciscanos.org.br\/carisma\/author\/moacir"}]}},"_links":{"self":[{"href":"https:\/\/franciscanos.org.br\/carisma\/wp-json\/wp\/v2\/posts\/177405"}],"collection":[{"href":"https:\/\/franciscanos.org.br\/carisma\/wp-json\/wp\/v2\/posts"}],"about":[{"href":"https:\/\/franciscanos.org.br\/carisma\/wp-json\/wp\/v2\/types\/post"}],"author":[{"embeddable":true,"href":"https:\/\/franciscanos.org.br\/carisma\/wp-json\/wp\/v2\/users\/3"}],"replies":[{"embeddable":true,"href":"https:\/\/franciscanos.org.br\/carisma\/wp-json\/wp\/v2\/comments?post=177405"}],"version-history":[{"count":1,"href":"https:\/\/franciscanos.org.br\/carisma\/wp-json\/wp\/v2\/posts\/177405\/revisions"}],"predecessor-version":[{"id":177409,"href":"https:\/\/franciscanos.org.br\/carisma\/wp-json\/wp\/v2\/posts\/177405\/revisions\/177409"}],"wp:featuredmedia":[{"embeddable":true,"href":"https:\/\/franciscanos.org.br\/carisma\/wp-json\/wp\/v2\/media\/177408"}],"wp:attachment":[{"href":"https:\/\/franciscanos.org.br\/carisma\/wp-json\/wp\/v2\/media?parent=177405"}],"wp:term":[{"taxonomy":"category","embeddable":true,"href":"https:\/\/franciscanos.org.br\/carisma\/wp-json\/wp\/v2\/categories?post=177405"},{"taxonomy":"post_tag","embeddable":true,"href":"https:\/\/franciscanos.org.br\/carisma\/wp-json\/wp\/v2\/tags?post=177405"}],"curies":[{"name":"wp","href":"https:\/\/api.w.org\/{rel}","templated":true}]}}