{"id":177338,"date":"2021-04-20T14:23:47","date_gmt":"2021-04-20T17:23:47","guid":{"rendered":"https:\/\/franciscanos.org.br\/carisma\/?p=177338"},"modified":"2021-04-20T14:23:47","modified_gmt":"2021-04-20T17:23:47","slug":"carisma-franciscano-v","status":"publish","type":"post","link":"https:\/\/franciscanos.org.br\/carisma\/carisma-franciscano-v.html","title":{"rendered":"Carisma Franciscano &#8211; V"},"content":{"rendered":"<div id=\"attachment_177339\" style=\"width: 850px\" class=\"wp-caption alignnone\"><img aria-describedby=\"caption-attachment-177339\" loading=\"lazy\" class=\"wp-image-177339 size-full\" src=\"https:\/\/franciscanos.org.br\/carisma\/wp-content\/uploads\/2021\/04\/carisma_20.jpg\" alt=\"\" width=\"840\" height=\"450\" srcset=\"https:\/\/franciscanos.org.br\/carisma\/wp-content\/uploads\/2021\/04\/carisma_20.jpg 840w, https:\/\/franciscanos.org.br\/carisma\/wp-content\/uploads\/2021\/04\/carisma_20-450x241.jpg 450w, https:\/\/franciscanos.org.br\/carisma\/wp-content\/uploads\/2021\/04\/carisma_20-768x411.jpg 768w, https:\/\/franciscanos.org.br\/carisma\/wp-content\/uploads\/2021\/04\/carisma_20-150x80.jpg 150w\" sizes=\"(max-width: 840px) 100vw, 840px\" \/><p id=\"caption-attachment-177339\" class=\"wp-caption-text\">\u00a0 \u00a0 \u00a0 \u00a0 \u00a0 \u00a0 \u00a0 \u00a0 \u00a0 \u00a0 \u00a0 \u00a0 \u00a0 \u00a0 \u00a0 \u00a0 \u00a0 \u00a0 \u00a0 \u00a0 \u00a0 \u00a0 \u00a0 \u00a0 \u00a0 \u00a0 \u00a0 \u00a0 \u00a0 \u00a0 \u00a0 \u00a0 \u00a0 \u00a0 \u00a0 \u00a0 \u00a0 \u00a0 \u00a0 \u00a0 \u00a0 \u00a0 \u00a0 \u00a0 \u00a0 \u00a0 \u00a0 \u00a0 \u00a0 \u00a0 \u00a0 \u00a0 \u00a0 <em>\u00a0 \u00a0 \u00a0Imagem: El Greco, dom\u00ednio p\u00fablico<\/em><\/p><\/div>\n<p><strong>Sil\u00eancio e eremit\u00e9rio<\/strong><\/p>\n<p>Logo no in\u00edcio de sua mudan\u00e7a interior, uma quest\u00e3o atravessou a mente de Francisco: a vida de intensa ora\u00e7\u00e3o no sil\u00eancio das grutas ou o ir pelo mundo dizendo que o Amor precisa ser amado? Todos conhecemos a decis\u00e3o que tomou para si e para os frades: ir pelo mundo, despojadamente, como peregrinos e andarilhos, pregadores da paz e todos os bens, sem perder sua sede pelo sil\u00eancio e pelas grutas. Soube harmonizar contempla\u00e7\u00e3o e a\u00e7\u00e3o. Levava junto consigo o eremit\u00e9rio. Em seus escritos haver\u00e1 de alertar que os frades n\u00e3o percam o esp\u00edrito da santa ora\u00e7\u00e3o no trabalho, no estudo da teologia e no simples ir pelo mundo.<\/p>\n<p>\u2666 Tema quente para nossos dias e em todos os tempos: a vida de intimidade orante dos que v\u00e3o pelo mundo. Como nos situar nesse bin\u00f4mio? Estamos nos tornando\u00a0\u00a0 anunciadores do Evangelho a partir de uma profunda e manifesta, pessoal e perseverante amizade com o Senhor? O que temos a \u201cdizer\u201d prov\u00e9m da contempla\u00e7\u00e3o?\u00a0 Tomamos aqui a palavra contempla\u00e7\u00e3o como vivos e profundos encontros com o Senhor na ora\u00e7\u00e3o.<\/p>\n<p>\u2666 O Esp\u00edrito impele Francisco com maior intensidade e frequ\u00eancia a buscar lugares solit\u00e1rios, a aprender a calar para ouvir al\u00e9m do ru\u00eddo das palavras e de seus pr\u00f3prios pensamentos. Mois\u00e9s, Elias, o ap\u00f3stolo Paulo, S\u00e3o Bento e todos os grandes convertidos frequentaram o deserto. O problema de Francisco n\u00e3o era apenas passar pelo deserto, mas viver numa ininterrupta contempla\u00e7\u00e3o. Um deserto verdejante. Francisco n\u00e3o escapou \u00e0 pedagogia de Deus de levar ao deserto os que toca. Passou a tomar dist\u00e2ncia dos lugares p\u00fablicos e frequentar os solit\u00e1rios. Nesses momentos \u00e9 que lhe veio a d\u00favida de escolher a contempla\u00e7\u00e3o ou a a\u00e7\u00e3o.<\/p>\n<p>\u2666 O Esp\u00edrito \u00e9 que d\u00e1 sabor ao sil\u00eancio e \u00e0 ora\u00e7\u00e3o. Procurar o sil\u00eancio costuma ser a melhor maneira de colaborar com Deus. Francisco pressentiu que o amor ao sil\u00eancio leva ao sil\u00eancio do amor. Fazer sil\u00eancio j\u00e1 \u00e9 respeitar a a\u00e7\u00e3o de Deus em n\u00f3s. Escutar, deixar-se amar e modelar \u00e0 medida do amor criador do Senhor.<\/p>\n<p>\u2666 \u201c&#8230;h\u00e1 esse paradoxo com o qual temos necessariamente de contar: a verdadeira escuta pede que nos tornemos surdos. Diz Ev\u00e1grio P\u00f4ntico, mestre da vida interior: Esfor\u00e7a-te por conservar o teu esp\u00edrito surdo no tempo da ora\u00e7\u00e3o e s\u00f3 assim poder\u00e1s rezar. Que surdez \u00e9 essa? \u00c9 aquela que brota do abandono.\u00a0 Quando deixamos, deixamos, deixamos. A nossa escuta \u00e9 permanentemente interrompida por urg\u00eancias que se imp\u00f5em, sobretudo falsas urg\u00eancias, fic\u00e7\u00f5es que nos povoam e barram o abra\u00e7ar o instante. Sempre que nossa escuta desiste de ir at\u00e9 o fim, ela desiste de si. Por isso, Ev\u00e1grio recomenda: \u201cTorna-te surdo\u201d. A verdade \u00e9 que, se n\u00e3o formos capazes disso, n\u00e3o mergulharemos no silencioso oceano da escuta (Jos\u00e9 Tolentino Mendon\u00e7a)<\/p>\n<p>\u2666 Em suas numerosas andan\u00e7as apost\u00f3licas Francisco sempre encontrou tempo para uma solid\u00e3o mais prolongada. Integrou de maneira muito feliz preocupa\u00e7\u00e3o apost\u00f3lica e gratuidade para com Deus. Foi um homem de comunh\u00e3o e de rupturas: no meio das pessoas, por vezes, ou numa igreja abandonada, no meio de um bosque, numa cavidade da rocha, em sua cela.<\/p>\n<p>\u2666 Nas biografias de Francisco \u00e9 poss\u00edvel destacar a lista impressionante de dezoito lugares de vida erem\u00edtica em todo o territ\u00f3rio que o santo percorreu.\u00a0 Capaz de visitar em uma s\u00f3 jornada, a p\u00e9 ou montado num burrico, quatro ou cinco povoados, passou tamb\u00e9m semanas inteiras na solid\u00e3o e na ora\u00e7\u00e3o.\u00a0 Francisco tinha sede de Deus e sede da salva\u00e7\u00e3o dos irm\u00e3os. Sede de sil\u00eancio e sede de col\u00f3quios. Estas constantes imers\u00f5es no sil\u00eancio foram lhe ensinando a manter, em meio \u00e0s pessoas, aquele santu\u00e1rio interior partir do qual velava a presen\u00e7a de seu Senhor. Convida-nos a fazer de nosso corpo um \u201cquarto alto\u201d onde recebamos a visita do Esp\u00edrito. Sil\u00eancio e interioridade: as duas coisas s\u00e3o para Francisco um despertar do cora\u00e7\u00e3o. Ele leva sua cela pelo mundo. N\u00e3o teria sido este o seu segredo, ou um de seus segredos?<\/p>\n<p>\u2666 Ora\u00e7\u00e3o, contempla\u00e7\u00e3o, momentos mais ou menos prolongados de escuta, simplesmente estar diante do Senhor. O que pode ajudar? Antes de tudo o cora\u00e7\u00e3o contrito. Uma postura de simplicidade e de humildade. Um gosto de retomar os salmos. Escolher alguns, identificar-nos com eles. Deixar de pensar em si, no que tem quefazer, no que tem que fazer, no que tem que fazer. Todos os dias. Momentos mais ou menos prolongados. Uma leitura espiritual quem sabe antes de dormir. Teimar na ora\u00e7\u00e3o. N\u00e3o tir\u00e1-la do cotidiano. Deus n\u00e3o precisa de s\u00edlabas e par\u00e1grafos, mas de nosso interior.\u00a0 Cultivar a sede de Deus. Uma meia jornada de ora\u00e7\u00e3o e sil\u00eancio uma vez na semana. Cuidado, cuidado com a rotina. Na medida do poss\u00edvel rezar junto com os confrades. Sem pressa. Chegar antes da hora de rezar e sair em sil\u00eancio conservando o recolhimento na est\u00e2ncia do cora\u00e7\u00e3o. Como manter esse carinhoso contato com o Senhor? Temos coragem de viver um tempo no ermo?\u00a0 Ser\u00e1 que ainda temos palavras essenciais a serem ditas pelo testemunho de vida e pelo som de nossa voz que provenha de uma paix\u00e3o pelo Mist\u00e9rio? Ou fomos sentindo aborrecimento do tempo de eremit\u00e9rio?<\/p>\n<p><strong>Texto seleto<\/strong><\/p>\n<p>Para respeitar a presen\u00e7a do Deus que \u00e9 vivo, eu tenho tamb\u00e9m de estar vivo diante de Deus. Porque esse \u00e9 o reverso da medalha&#8230;\u00a0 Se trato Deus como algu\u00e9m, permitam-me a crueza, fixo numa imagem ou num indefinido conceito, eu tamb\u00e9m me dispenso de estar vivo diante dele. E ent\u00e3o, diante de Deus vamos passando, de corpo presente, mas sem verdadeiro envolvimento. N\u00e3o nos colocamos dentro, n\u00e3o nos comprometemos.<\/p>\n<p>S\u00e3o precisas, talvez, palavras novas em nossa ora\u00e7\u00e3o. Precisamos at\u00e9 delas para dar sentido \u00e0s ora\u00e7\u00f5es extraordin\u00e1rias que herdamos do tesouro da tradi\u00e7\u00e3o. Precisamos dizer a linguagem dos dias. Dizer, com palavras nossas, que Deus \u00e9 caminho, Deus \u00e9 porta, Deus \u00e9 embarca\u00e7\u00e3o,\u00a0 Deus \u00e9 o brilhante fio,\u00a0 Deus \u00e9 a \u00e1gua que corre, Deus \u00e9 o rosto\u00a0 da crian\u00e7a, Deus \u00e9 intacta por\u00e7\u00e3o de luz. Deus \u00e9 o dia que rasga a noite&#8230; Com palavras da tradi\u00e7\u00e3o ou palavras contempor\u00e2neas, temos de ser capazes de uma rela\u00e7\u00e3o viva com Deus, e\u00a0 nos sentirmos vivos diante dele. A rela\u00e7\u00e3o com Deus \u00e9 uma rela\u00e7\u00e3o viva. (Jos\u00e9 Tolentino\u00a0 Mendon\u00e7a)<\/p>\n<hr \/>\n<p><em>Frei Almir Guimar\u00e3es<\/em><\/p>\n","protected":false},"excerpt":{"rendered":"<p>Sil\u00eancio e eremit\u00e9rio<\/p>\n","protected":false},"author":3,"featured_media":177340,"comment_status":"open","ping_status":"open","sticky":false,"template":"","format":"standard","meta":[],"categories":[11],"tags":[115],"yoast_head":"<!-- This site is optimized with the Yoast SEO plugin v19.2 - https:\/\/yoast.com\/wordpress\/plugins\/seo\/ -->\n<title>Carisma Franciscano - V - Carisma - Franciscanos<\/title>\n<meta name=\"robots\" content=\"index, follow, max-snippet:-1, max-image-preview:large, max-video-preview:-1\" \/>\n<link rel=\"canonical\" href=\"https:\/\/franciscanos.org.br\/carisma\/carisma-franciscano-v.html\" \/>\n<meta property=\"og:locale\" content=\"pt_BR\" \/>\n<meta property=\"og:type\" content=\"article\" \/>\n<meta property=\"og:title\" content=\"Carisma Franciscano - V - Carisma - Franciscanos\" \/>\n<meta property=\"og:description\" content=\"Sil\u00eancio e eremit\u00e9rio\" \/>\n<meta property=\"og:url\" content=\"https:\/\/franciscanos.org.br\/carisma\/carisma-franciscano-v.html\" \/>\n<meta property=\"og:site_name\" content=\"Carisma - Franciscanos\" \/>\n<meta property=\"article:published_time\" content=\"2021-04-20T17:23:47+00:00\" \/>\n<meta property=\"og:image\" content=\"https:\/\/franciscanos.org.br\/carisma\/wp-content\/uploads\/2021\/04\/carisma_20d.jpg\" \/>\n\t<meta property=\"og:image:width\" content=\"800\" \/>\n\t<meta property=\"og:image:height\" content=\"550\" \/>\n\t<meta property=\"og:image:type\" content=\"image\/jpeg\" \/>\n<meta name=\"author\" content=\"moacir\" \/>\n<meta name=\"twitter:card\" content=\"summary_large_image\" \/>\n<meta name=\"twitter:label1\" content=\"Escrito por\" \/>\n\t<meta name=\"twitter:data1\" content=\"moacir\" \/>\n\t<meta name=\"twitter:label2\" content=\"Est. tempo de leitura\" \/>\n\t<meta name=\"twitter:data2\" content=\"6 minutos\" \/>\n<script type=\"application\/ld+json\" class=\"yoast-schema-graph\">{\"@context\":\"https:\/\/schema.org\",\"@graph\":[{\"@type\":\"WebSite\",\"@id\":\"https:\/\/franciscanos.org.br\/carisma\/#website\",\"url\":\"https:\/\/franciscanos.org.br\/carisma\/\",\"name\":\"Carisma - Franciscanos\",\"description\":\"Prov\u00edncia Franciscana da Imaculada Concei\u00e7\u00e3o do Brasil - Ordem dos Frades Menores\",\"potentialAction\":[{\"@type\":\"SearchAction\",\"target\":{\"@type\":\"EntryPoint\",\"urlTemplate\":\"https:\/\/franciscanos.org.br\/carisma\/?s={search_term_string}\"},\"query-input\":\"required name=search_term_string\"}],\"inLanguage\":\"pt-BR\"},{\"@type\":\"ImageObject\",\"inLanguage\":\"pt-BR\",\"@id\":\"https:\/\/franciscanos.org.br\/carisma\/carisma-franciscano-v.html#primaryimage\",\"url\":\"https:\/\/franciscanos.org.br\/carisma\/wp-content\/uploads\/2021\/04\/carisma_20d.jpg\",\"contentUrl\":\"https:\/\/franciscanos.org.br\/carisma\/wp-content\/uploads\/2021\/04\/carisma_20d.jpg\",\"width\":800,\"height\":550},{\"@type\":\"WebPage\",\"@id\":\"https:\/\/franciscanos.org.br\/carisma\/carisma-franciscano-v.html#webpage\",\"url\":\"https:\/\/franciscanos.org.br\/carisma\/carisma-franciscano-v.html\",\"name\":\"Carisma Franciscano - V - Carisma - Franciscanos\",\"isPartOf\":{\"@id\":\"https:\/\/franciscanos.org.br\/carisma\/#website\"},\"primaryImageOfPage\":{\"@id\":\"https:\/\/franciscanos.org.br\/carisma\/carisma-franciscano-v.html#primaryimage\"},\"datePublished\":\"2021-04-20T17:23:47+00:00\",\"dateModified\":\"2021-04-20T17:23:47+00:00\",\"author\":{\"@id\":\"https:\/\/franciscanos.org.br\/carisma\/#\/schema\/person\/bf14cae4d2151ab6b6e41d96660f93a2\"},\"breadcrumb\":{\"@id\":\"https:\/\/franciscanos.org.br\/carisma\/carisma-franciscano-v.html#breadcrumb\"},\"inLanguage\":\"pt-BR\",\"potentialAction\":[{\"@type\":\"ReadAction\",\"target\":[\"https:\/\/franciscanos.org.br\/carisma\/carisma-franciscano-v.html\"]}]},{\"@type\":\"BreadcrumbList\",\"@id\":\"https:\/\/franciscanos.org.br\/carisma\/carisma-franciscano-v.html#breadcrumb\",\"itemListElement\":[{\"@type\":\"ListItem\",\"position\":1,\"name\":\"Home\",\"item\":\"https:\/\/franciscanos.org.br\/carisma\"},{\"@type\":\"ListItem\",\"position\":2,\"name\":\"Carisma Franciscano &#8211; V\"}]},{\"@type\":\"Person\",\"@id\":\"https:\/\/franciscanos.org.br\/carisma\/#\/schema\/person\/bf14cae4d2151ab6b6e41d96660f93a2\",\"name\":\"moacir\",\"image\":{\"@type\":\"ImageObject\",\"inLanguage\":\"pt-BR\",\"@id\":\"https:\/\/franciscanos.org.br\/carisma\/#\/schema\/person\/image\/\",\"url\":\"https:\/\/secure.gravatar.com\/avatar\/d08aa2ce4c8dd416d4479aa8536fcf64?s=96&d=mm&r=g\",\"contentUrl\":\"https:\/\/secure.gravatar.com\/avatar\/d08aa2ce4c8dd416d4479aa8536fcf64?s=96&d=mm&r=g\",\"caption\":\"moacir\"},\"url\":\"https:\/\/franciscanos.org.br\/carisma\/author\/moacir\"}]}<\/script>\n<!-- \/ Yoast SEO plugin. -->","yoast_head_json":{"title":"Carisma Franciscano - V - Carisma - Franciscanos","robots":{"index":"index","follow":"follow","max-snippet":"max-snippet:-1","max-image-preview":"max-image-preview:large","max-video-preview":"max-video-preview:-1"},"canonical":"https:\/\/franciscanos.org.br\/carisma\/carisma-franciscano-v.html","og_locale":"pt_BR","og_type":"article","og_title":"Carisma Franciscano - V - Carisma - Franciscanos","og_description":"Sil\u00eancio e eremit\u00e9rio","og_url":"https:\/\/franciscanos.org.br\/carisma\/carisma-franciscano-v.html","og_site_name":"Carisma - Franciscanos","article_published_time":"2021-04-20T17:23:47+00:00","og_image":[{"width":800,"height":550,"url":"https:\/\/franciscanos.org.br\/carisma\/wp-content\/uploads\/2021\/04\/carisma_20d.jpg","type":"image\/jpeg"}],"author":"moacir","twitter_card":"summary_large_image","twitter_misc":{"Escrito por":"moacir","Est. tempo de leitura":"6 minutos"},"schema":{"@context":"https:\/\/schema.org","@graph":[{"@type":"WebSite","@id":"https:\/\/franciscanos.org.br\/carisma\/#website","url":"https:\/\/franciscanos.org.br\/carisma\/","name":"Carisma - Franciscanos","description":"Prov\u00edncia Franciscana da Imaculada Concei\u00e7\u00e3o do Brasil - Ordem dos Frades Menores","potentialAction":[{"@type":"SearchAction","target":{"@type":"EntryPoint","urlTemplate":"https:\/\/franciscanos.org.br\/carisma\/?s={search_term_string}"},"query-input":"required name=search_term_string"}],"inLanguage":"pt-BR"},{"@type":"ImageObject","inLanguage":"pt-BR","@id":"https:\/\/franciscanos.org.br\/carisma\/carisma-franciscano-v.html#primaryimage","url":"https:\/\/franciscanos.org.br\/carisma\/wp-content\/uploads\/2021\/04\/carisma_20d.jpg","contentUrl":"https:\/\/franciscanos.org.br\/carisma\/wp-content\/uploads\/2021\/04\/carisma_20d.jpg","width":800,"height":550},{"@type":"WebPage","@id":"https:\/\/franciscanos.org.br\/carisma\/carisma-franciscano-v.html#webpage","url":"https:\/\/franciscanos.org.br\/carisma\/carisma-franciscano-v.html","name":"Carisma Franciscano - V - Carisma - Franciscanos","isPartOf":{"@id":"https:\/\/franciscanos.org.br\/carisma\/#website"},"primaryImageOfPage":{"@id":"https:\/\/franciscanos.org.br\/carisma\/carisma-franciscano-v.html#primaryimage"},"datePublished":"2021-04-20T17:23:47+00:00","dateModified":"2021-04-20T17:23:47+00:00","author":{"@id":"https:\/\/franciscanos.org.br\/carisma\/#\/schema\/person\/bf14cae4d2151ab6b6e41d96660f93a2"},"breadcrumb":{"@id":"https:\/\/franciscanos.org.br\/carisma\/carisma-franciscano-v.html#breadcrumb"},"inLanguage":"pt-BR","potentialAction":[{"@type":"ReadAction","target":["https:\/\/franciscanos.org.br\/carisma\/carisma-franciscano-v.html"]}]},{"@type":"BreadcrumbList","@id":"https:\/\/franciscanos.org.br\/carisma\/carisma-franciscano-v.html#breadcrumb","itemListElement":[{"@type":"ListItem","position":1,"name":"Home","item":"https:\/\/franciscanos.org.br\/carisma"},{"@type":"ListItem","position":2,"name":"Carisma Franciscano &#8211; V"}]},{"@type":"Person","@id":"https:\/\/franciscanos.org.br\/carisma\/#\/schema\/person\/bf14cae4d2151ab6b6e41d96660f93a2","name":"moacir","image":{"@type":"ImageObject","inLanguage":"pt-BR","@id":"https:\/\/franciscanos.org.br\/carisma\/#\/schema\/person\/image\/","url":"https:\/\/secure.gravatar.com\/avatar\/d08aa2ce4c8dd416d4479aa8536fcf64?s=96&d=mm&r=g","contentUrl":"https:\/\/secure.gravatar.com\/avatar\/d08aa2ce4c8dd416d4479aa8536fcf64?s=96&d=mm&r=g","caption":"moacir"},"url":"https:\/\/franciscanos.org.br\/carisma\/author\/moacir"}]}},"_links":{"self":[{"href":"https:\/\/franciscanos.org.br\/carisma\/wp-json\/wp\/v2\/posts\/177338"}],"collection":[{"href":"https:\/\/franciscanos.org.br\/carisma\/wp-json\/wp\/v2\/posts"}],"about":[{"href":"https:\/\/franciscanos.org.br\/carisma\/wp-json\/wp\/v2\/types\/post"}],"author":[{"embeddable":true,"href":"https:\/\/franciscanos.org.br\/carisma\/wp-json\/wp\/v2\/users\/3"}],"replies":[{"embeddable":true,"href":"https:\/\/franciscanos.org.br\/carisma\/wp-json\/wp\/v2\/comments?post=177338"}],"version-history":[{"count":1,"href":"https:\/\/franciscanos.org.br\/carisma\/wp-json\/wp\/v2\/posts\/177338\/revisions"}],"predecessor-version":[{"id":177341,"href":"https:\/\/franciscanos.org.br\/carisma\/wp-json\/wp\/v2\/posts\/177338\/revisions\/177341"}],"wp:featuredmedia":[{"embeddable":true,"href":"https:\/\/franciscanos.org.br\/carisma\/wp-json\/wp\/v2\/media\/177340"}],"wp:attachment":[{"href":"https:\/\/franciscanos.org.br\/carisma\/wp-json\/wp\/v2\/media?parent=177338"}],"wp:term":[{"taxonomy":"category","embeddable":true,"href":"https:\/\/franciscanos.org.br\/carisma\/wp-json\/wp\/v2\/categories?post=177338"},{"taxonomy":"post_tag","embeddable":true,"href":"https:\/\/franciscanos.org.br\/carisma\/wp-json\/wp\/v2\/tags?post=177338"}],"curies":[{"name":"wp","href":"https:\/\/api.w.org\/{rel}","templated":true}]}}