{"id":177312,"date":"2021-02-02T07:22:50","date_gmt":"2021-02-02T10:22:50","guid":{"rendered":"https:\/\/franciscanos.org.br\/carisma\/?p=177312"},"modified":"2021-02-10T07:35:41","modified_gmt":"2021-02-10T10:35:41","slug":"carisma-franciscano-ii","status":"publish","type":"post","link":"https:\/\/franciscanos.org.br\/carisma\/carisma-franciscano-ii.html","title":{"rendered":"Carisma Franciscano &#8211; II"},"content":{"rendered":"<div id=\"attachment_177314\" style=\"width: 850px\" class=\"wp-caption alignnone\"><img aria-describedby=\"caption-attachment-177314\" loading=\"lazy\" class=\"wp-image-177314 size-full\" src=\"https:\/\/franciscanos.org.br\/carisma\/wp-content\/uploads\/2021\/02\/francisco_020221.png\" alt=\"\" width=\"840\" height=\"450\" srcset=\"https:\/\/franciscanos.org.br\/carisma\/wp-content\/uploads\/2021\/02\/francisco_020221.png 840w, https:\/\/franciscanos.org.br\/carisma\/wp-content\/uploads\/2021\/02\/francisco_020221-450x241.png 450w, https:\/\/franciscanos.org.br\/carisma\/wp-content\/uploads\/2021\/02\/francisco_020221-768x411.png 768w, https:\/\/franciscanos.org.br\/carisma\/wp-content\/uploads\/2021\/02\/francisco_020221-150x80.png 150w\" sizes=\"(max-width: 840px) 100vw, 840px\" \/><p id=\"caption-attachment-177314\" class=\"wp-caption-text\"><em>\u00a0 \u00a0 \u00a0 \u00a0 \u00a0 \u00a0 \u00a0 \u00a0 \u00a0 \u00a0 \u00a0 \u00a0 \u00a0 \u00a0 \u00a0 \u00a0 \u00a0 \u00a0 \u00a0 \u00a0 \u00a0 \u00a0 \u00a0 \u00a0 \u00a0 \u00a0 \u00a0 \u00a0 \u00a0 \u00a0 \u00a0 \u00a0 \u00a0 \u00a0 \u00a0 \u00a0 \u00a0 \u00a0 \u00a0 \u00a0 \u00a0 \u00a0 \u00a0 \u00a0 \u00a0 \u00a0 \u00a0 \u00a0 \u00a0 \u00a0 \u00a0 \u00a0 \u00a0 \u00a0 \u00a0 \u00a0 \u00a0 \u00a0 \u00a0 \u00a0 Imagem: dom\u00ednio p\u00fablico<\/em><\/p><\/div>\n<h3>Dois testemunhos<\/h3>\n<p>Francisco renunciou ao poder que gera a viol\u00eancia e ao dinheiro que est\u00e1 na raiz do poder. Deu de m\u00e3o a toda a ambi\u00e7\u00e3o de dom\u00ednio, incluindo a mais sutil de todas, a dos cl\u00e9rigos. Rompeu com o sistema pol\u00edtico religioso de seu tempo, a supremacia temporal da Igreja, as lutas feudais, as guerras santas. F\u00ea-lo sem clamor, sem subverter a opini\u00e3o p\u00fablica, com suavidade, humildemente, mas realmente. Num mundo violento, eri\u00e7ado de torre\u00f5es, cavado de fossos o seu universo n\u00e3o conhecia muralhas nem torres de vigia. Pobre de bens e de poder, estava em paz com todos, vivia ao n\u00edvel de todos os seres, para todos tinha um olhar cheio de luz e de respeito. O olhar, sobretudo, nele era maravilhosamente humano; humanos os sentidos todos. As criaturas j\u00e1 n\u00e3o eram objeto de posse e de dom\u00ednio. Irm\u00e3o do sol e das criaturas, caminhava num mundo aberto e esplendoroso. Era o pai de uma multid\u00e3o de amigos. Nele se congra\u00e7avam a pureza e a ternura e nenhuma barreira conseguia impedir que se expandissem pelo mundo. O seu horizonte n\u00e3o era a cristandade temporal, com seu prest\u00edgio, as suas fronteiras a defender ou a dilatar, mas apenas Jesus Cristo, que urgia amar e servir o homem que se impunha salvar.<\/p>\n<p><em>\u00c9loi Leclerc, em &#8220;Desterro e Ternura&#8221;, Editorial Franciscana, Braga (Portugal), p.10-11<\/em><\/p>\n<p>Irm\u00e3os e irm\u00e3s de S\u00e3o Francisco, temos um papel importante a desempenhar no futuro que devemos construir com todos os homens e mulheres de boa vontade acentuando a prioridade das pessoas no seio da Fraternidade universal; manifestando a novidade do Evangelho, fonte de felicidade; encarnando no cotidiano dos relacionamentos, o amor salvador de Cristo; esfor\u00e7ando-nos em sermos testemunhas da liberdade interior do Esp\u00edrito; recusando a ditadura do dinheiro e a pauperiza\u00e7\u00e3o de dois ter\u00e7os do planeta. Construir o futuro no maravilhamento diante da beleza da cria\u00e7\u00e3o e promovendo um desenvolvimento humano duradouro; apaixonados pela paz e di\u00e1logo entre as religi\u00f5es; sentindo-nos solid\u00e1rios de uma Igreja muitas vezes pecadora e por vezes luminosa. Um mundo novo est\u00e1 nascendo e a fam\u00edlia franciscana deve fazer a\u00ed ouviri sua m\u00fasica pr\u00f3pria.<\/p>\n<p><em>Michel Hubaut, em &#8220;Chemins d\u2019int\u00e9riorit\u00e9 avec saint Fran\u00e7ois&#8221;, Ed. Franciscaines, Paris, p 18-19<\/em><\/p>\n<hr \/>\n<p><em>Frei Almir Guimar\u00e3es<\/em><\/p>\n","protected":false},"excerpt":{"rendered":"<p>Dois testemunhos<\/p>\n","protected":false},"author":3,"featured_media":177315,"comment_status":"open","ping_status":"open","sticky":false,"template":"","format":"standard","meta":[],"categories":[11],"tags":[],"yoast_head":"<!-- This site is optimized with the Yoast SEO plugin v19.2 - https:\/\/yoast.com\/wordpress\/plugins\/seo\/ -->\n<title>Carisma Franciscano - II - Carisma - Franciscanos<\/title>\n<meta name=\"robots\" content=\"index, follow, max-snippet:-1, max-image-preview:large, max-video-preview:-1\" \/>\n<link rel=\"canonical\" href=\"https:\/\/franciscanos.org.br\/carisma\/carisma-franciscano-ii.html\" \/>\n<meta property=\"og:locale\" content=\"pt_BR\" \/>\n<meta property=\"og:type\" content=\"article\" \/>\n<meta property=\"og:title\" content=\"Carisma Franciscano - II - Carisma - Franciscanos\" \/>\n<meta property=\"og:description\" content=\"Dois testemunhos\" \/>\n<meta property=\"og:url\" content=\"https:\/\/franciscanos.org.br\/carisma\/carisma-franciscano-ii.html\" \/>\n<meta property=\"og:site_name\" content=\"Carisma - Franciscanos\" \/>\n<meta property=\"article:published_time\" content=\"2021-02-02T10:22:50+00:00\" \/>\n<meta property=\"article:modified_time\" content=\"2021-02-10T10:35:41+00:00\" \/>\n<meta property=\"og:image\" content=\"https:\/\/franciscanos.org.br\/carisma\/wp-content\/uploads\/2021\/02\/francisco_0202d.png\" \/>\n\t<meta property=\"og:image:width\" content=\"800\" \/>\n\t<meta property=\"og:image:height\" content=\"600\" \/>\n\t<meta property=\"og:image:type\" content=\"image\/png\" \/>\n<meta name=\"author\" content=\"moacir\" \/>\n<meta name=\"twitter:card\" content=\"summary_large_image\" \/>\n<meta name=\"twitter:label1\" content=\"Escrito por\" \/>\n\t<meta name=\"twitter:data1\" content=\"moacir\" \/>\n\t<meta name=\"twitter:label2\" content=\"Est. tempo de leitura\" \/>\n\t<meta name=\"twitter:data2\" content=\"2 minutos\" \/>\n<script type=\"application\/ld+json\" class=\"yoast-schema-graph\">{\"@context\":\"https:\/\/schema.org\",\"@graph\":[{\"@type\":\"WebSite\",\"@id\":\"https:\/\/franciscanos.org.br\/carisma\/#website\",\"url\":\"https:\/\/franciscanos.org.br\/carisma\/\",\"name\":\"Carisma - Franciscanos\",\"description\":\"Prov\u00edncia Franciscana da Imaculada Concei\u00e7\u00e3o do Brasil - Ordem dos Frades Menores\",\"potentialAction\":[{\"@type\":\"SearchAction\",\"target\":{\"@type\":\"EntryPoint\",\"urlTemplate\":\"https:\/\/franciscanos.org.br\/carisma\/?s={search_term_string}\"},\"query-input\":\"required name=search_term_string\"}],\"inLanguage\":\"pt-BR\"},{\"@type\":\"ImageObject\",\"inLanguage\":\"pt-BR\",\"@id\":\"https:\/\/franciscanos.org.br\/carisma\/carisma-franciscano-ii.html#primaryimage\",\"url\":\"https:\/\/franciscanos.org.br\/carisma\/wp-content\/uploads\/2021\/02\/francisco_0202d.png\",\"contentUrl\":\"https:\/\/franciscanos.org.br\/carisma\/wp-content\/uploads\/2021\/02\/francisco_0202d.png\",\"width\":800,\"height\":600},{\"@type\":\"WebPage\",\"@id\":\"https:\/\/franciscanos.org.br\/carisma\/carisma-franciscano-ii.html#webpage\",\"url\":\"https:\/\/franciscanos.org.br\/carisma\/carisma-franciscano-ii.html\",\"name\":\"Carisma Franciscano - II - Carisma - Franciscanos\",\"isPartOf\":{\"@id\":\"https:\/\/franciscanos.org.br\/carisma\/#website\"},\"primaryImageOfPage\":{\"@id\":\"https:\/\/franciscanos.org.br\/carisma\/carisma-franciscano-ii.html#primaryimage\"},\"datePublished\":\"2021-02-02T10:22:50+00:00\",\"dateModified\":\"2021-02-10T10:35:41+00:00\",\"author\":{\"@id\":\"https:\/\/franciscanos.org.br\/carisma\/#\/schema\/person\/bf14cae4d2151ab6b6e41d96660f93a2\"},\"breadcrumb\":{\"@id\":\"https:\/\/franciscanos.org.br\/carisma\/carisma-franciscano-ii.html#breadcrumb\"},\"inLanguage\":\"pt-BR\",\"potentialAction\":[{\"@type\":\"ReadAction\",\"target\":[\"https:\/\/franciscanos.org.br\/carisma\/carisma-franciscano-ii.html\"]}]},{\"@type\":\"BreadcrumbList\",\"@id\":\"https:\/\/franciscanos.org.br\/carisma\/carisma-franciscano-ii.html#breadcrumb\",\"itemListElement\":[{\"@type\":\"ListItem\",\"position\":1,\"name\":\"Home\",\"item\":\"https:\/\/franciscanos.org.br\/carisma\"},{\"@type\":\"ListItem\",\"position\":2,\"name\":\"Carisma Franciscano &#8211; II\"}]},{\"@type\":\"Person\",\"@id\":\"https:\/\/franciscanos.org.br\/carisma\/#\/schema\/person\/bf14cae4d2151ab6b6e41d96660f93a2\",\"name\":\"moacir\",\"image\":{\"@type\":\"ImageObject\",\"inLanguage\":\"pt-BR\",\"@id\":\"https:\/\/franciscanos.org.br\/carisma\/#\/schema\/person\/image\/\",\"url\":\"https:\/\/secure.gravatar.com\/avatar\/d08aa2ce4c8dd416d4479aa8536fcf64?s=96&d=mm&r=g\",\"contentUrl\":\"https:\/\/secure.gravatar.com\/avatar\/d08aa2ce4c8dd416d4479aa8536fcf64?s=96&d=mm&r=g\",\"caption\":\"moacir\"},\"url\":\"https:\/\/franciscanos.org.br\/carisma\/author\/moacir\"}]}<\/script>\n<!-- \/ Yoast SEO plugin. -->","yoast_head_json":{"title":"Carisma Franciscano - II - Carisma - Franciscanos","robots":{"index":"index","follow":"follow","max-snippet":"max-snippet:-1","max-image-preview":"max-image-preview:large","max-video-preview":"max-video-preview:-1"},"canonical":"https:\/\/franciscanos.org.br\/carisma\/carisma-franciscano-ii.html","og_locale":"pt_BR","og_type":"article","og_title":"Carisma Franciscano - II - Carisma - Franciscanos","og_description":"Dois testemunhos","og_url":"https:\/\/franciscanos.org.br\/carisma\/carisma-franciscano-ii.html","og_site_name":"Carisma - Franciscanos","article_published_time":"2021-02-02T10:22:50+00:00","article_modified_time":"2021-02-10T10:35:41+00:00","og_image":[{"width":800,"height":600,"url":"https:\/\/franciscanos.org.br\/carisma\/wp-content\/uploads\/2021\/02\/francisco_0202d.png","type":"image\/png"}],"author":"moacir","twitter_card":"summary_large_image","twitter_misc":{"Escrito por":"moacir","Est. tempo de leitura":"2 minutos"},"schema":{"@context":"https:\/\/schema.org","@graph":[{"@type":"WebSite","@id":"https:\/\/franciscanos.org.br\/carisma\/#website","url":"https:\/\/franciscanos.org.br\/carisma\/","name":"Carisma - Franciscanos","description":"Prov\u00edncia Franciscana da Imaculada Concei\u00e7\u00e3o do Brasil - Ordem dos Frades Menores","potentialAction":[{"@type":"SearchAction","target":{"@type":"EntryPoint","urlTemplate":"https:\/\/franciscanos.org.br\/carisma\/?s={search_term_string}"},"query-input":"required name=search_term_string"}],"inLanguage":"pt-BR"},{"@type":"ImageObject","inLanguage":"pt-BR","@id":"https:\/\/franciscanos.org.br\/carisma\/carisma-franciscano-ii.html#primaryimage","url":"https:\/\/franciscanos.org.br\/carisma\/wp-content\/uploads\/2021\/02\/francisco_0202d.png","contentUrl":"https:\/\/franciscanos.org.br\/carisma\/wp-content\/uploads\/2021\/02\/francisco_0202d.png","width":800,"height":600},{"@type":"WebPage","@id":"https:\/\/franciscanos.org.br\/carisma\/carisma-franciscano-ii.html#webpage","url":"https:\/\/franciscanos.org.br\/carisma\/carisma-franciscano-ii.html","name":"Carisma Franciscano - II - Carisma - Franciscanos","isPartOf":{"@id":"https:\/\/franciscanos.org.br\/carisma\/#website"},"primaryImageOfPage":{"@id":"https:\/\/franciscanos.org.br\/carisma\/carisma-franciscano-ii.html#primaryimage"},"datePublished":"2021-02-02T10:22:50+00:00","dateModified":"2021-02-10T10:35:41+00:00","author":{"@id":"https:\/\/franciscanos.org.br\/carisma\/#\/schema\/person\/bf14cae4d2151ab6b6e41d96660f93a2"},"breadcrumb":{"@id":"https:\/\/franciscanos.org.br\/carisma\/carisma-franciscano-ii.html#breadcrumb"},"inLanguage":"pt-BR","potentialAction":[{"@type":"ReadAction","target":["https:\/\/franciscanos.org.br\/carisma\/carisma-franciscano-ii.html"]}]},{"@type":"BreadcrumbList","@id":"https:\/\/franciscanos.org.br\/carisma\/carisma-franciscano-ii.html#breadcrumb","itemListElement":[{"@type":"ListItem","position":1,"name":"Home","item":"https:\/\/franciscanos.org.br\/carisma"},{"@type":"ListItem","position":2,"name":"Carisma Franciscano &#8211; II"}]},{"@type":"Person","@id":"https:\/\/franciscanos.org.br\/carisma\/#\/schema\/person\/bf14cae4d2151ab6b6e41d96660f93a2","name":"moacir","image":{"@type":"ImageObject","inLanguage":"pt-BR","@id":"https:\/\/franciscanos.org.br\/carisma\/#\/schema\/person\/image\/","url":"https:\/\/secure.gravatar.com\/avatar\/d08aa2ce4c8dd416d4479aa8536fcf64?s=96&d=mm&r=g","contentUrl":"https:\/\/secure.gravatar.com\/avatar\/d08aa2ce4c8dd416d4479aa8536fcf64?s=96&d=mm&r=g","caption":"moacir"},"url":"https:\/\/franciscanos.org.br\/carisma\/author\/moacir"}]}},"_links":{"self":[{"href":"https:\/\/franciscanos.org.br\/carisma\/wp-json\/wp\/v2\/posts\/177312"}],"collection":[{"href":"https:\/\/franciscanos.org.br\/carisma\/wp-json\/wp\/v2\/posts"}],"about":[{"href":"https:\/\/franciscanos.org.br\/carisma\/wp-json\/wp\/v2\/types\/post"}],"author":[{"embeddable":true,"href":"https:\/\/franciscanos.org.br\/carisma\/wp-json\/wp\/v2\/users\/3"}],"replies":[{"embeddable":true,"href":"https:\/\/franciscanos.org.br\/carisma\/wp-json\/wp\/v2\/comments?post=177312"}],"version-history":[{"count":3,"href":"https:\/\/franciscanos.org.br\/carisma\/wp-json\/wp\/v2\/posts\/177312\/revisions"}],"predecessor-version":[{"id":177320,"href":"https:\/\/franciscanos.org.br\/carisma\/wp-json\/wp\/v2\/posts\/177312\/revisions\/177320"}],"wp:featuredmedia":[{"embeddable":true,"href":"https:\/\/franciscanos.org.br\/carisma\/wp-json\/wp\/v2\/media\/177315"}],"wp:attachment":[{"href":"https:\/\/franciscanos.org.br\/carisma\/wp-json\/wp\/v2\/media?parent=177312"}],"wp:term":[{"taxonomy":"category","embeddable":true,"href":"https:\/\/franciscanos.org.br\/carisma\/wp-json\/wp\/v2\/categories?post=177312"},{"taxonomy":"post_tag","embeddable":true,"href":"https:\/\/franciscanos.org.br\/carisma\/wp-json\/wp\/v2\/tags?post=177312"}],"curies":[{"name":"wp","href":"https:\/\/api.w.org\/{rel}","templated":true}]}}