{"id":177303,"date":"2021-01-26T10:13:38","date_gmt":"2021-01-26T13:13:38","guid":{"rendered":"https:\/\/franciscanos.org.br\/carisma\/?p=177303"},"modified":"2021-02-10T07:35:13","modified_gmt":"2021-02-10T10:35:13","slug":"carisma-franciscano-i","status":"publish","type":"post","link":"https:\/\/franciscanos.org.br\/carisma\/carisma-franciscano-i.html","title":{"rendered":"Carisma Franciscano &#8211; I"},"content":{"rendered":"<p><img loading=\"lazy\" class=\"alignnone wp-image-177305 size-full\" src=\"https:\/\/franciscanos.org.br\/carisma\/wp-content\/uploads\/2021\/01\/francisco_01.png\" alt=\"\" width=\"840\" height=\"450\" srcset=\"https:\/\/franciscanos.org.br\/carisma\/wp-content\/uploads\/2021\/01\/francisco_01.png 840w, https:\/\/franciscanos.org.br\/carisma\/wp-content\/uploads\/2021\/01\/francisco_01-450x241.png 450w, https:\/\/franciscanos.org.br\/carisma\/wp-content\/uploads\/2021\/01\/francisco_01-768x411.png 768w, https:\/\/franciscanos.org.br\/carisma\/wp-content\/uploads\/2021\/01\/francisco_01-150x80.png 150w\" sizes=\"(max-width: 840px) 100vw, 840px\" \/><\/p>\n<h3>Primeira abordagem<\/h3>\n<p>\u2666 Todo carisma se d\u00e1 na conflu\u00eancia de pelo menos tr\u00eas elementos entre si diversos, mas em afinidade: Deus e sua gratuidade, o ser humano e sua sensibilidade, o tempo e suas vicissitudes. Deus \u00e9 a fonte dos carismas e os distribui a quem, quando e como lhe aprouver. N\u00e3o h\u00e1 que merec\u00ea-los. S\u00e3o gratuitos. Deus respeita a sensibilidade humana que pode acolher ou recusar a gra\u00e7a. Ao longo do caminhar da Igreja, o Esp\u00edrito irrompe em diferentes tempos e lugares. Ele tem seus des\u00edgnios que desconhecemos. Sabemos que acontecem primaveras inesperadas. Nesse caminhar \u00e9 que afloram os carismas.<\/p>\n<p>\u2666 O carisma \u00e9 gra\u00e7a, dom, manifesta\u00e7\u00e3o do Esp\u00edrito em pessoas escolhidas, habilitando-as a iniciativas novas e especiais seja na linha do servi\u00e7o, da testemunho, da profecia, da miseric\u00f3rdia, da evangeliza\u00e7\u00e3o. Visa mais ao bem dos outros do que ao pr\u00f3prio. O Esp\u00edrito Santo prov\u00ea a Igreja de pessoas carism\u00e1ticas que possam responder criativa e evangelicamente \u00e0s urg\u00eancias dos tempos e lugares, de modo particular o que se convencionou de designar de <em>sinais dos tempos.<\/em> O carisma conta sempre com a participa\u00e7\u00e3o da pessoa: sensibilidade, acolhida, docilidade, compromisso das pessoas a quem \u00e9 concedido.<\/p>\n<p>\u2666 O carisma fundacional de uma fam\u00edlia religiosa, como \u00e9 o caso da Fam\u00edlia Franciscana, resulta de uma experi\u00eancia do Esp\u00edrito que se torna a experi\u00eancia fundante e que, em seguida passa aos disc\u00edpulos e disc\u00edpulas <em>para ser vivida, custodiada e desenvolvida em favor do povo de Deus e da constru\u00e7\u00e3o do Reino.<\/em> Claro que, nos fundadores e fundadoras h\u00e1 uma especificidade pr\u00f3pria e exclusiva. O carisma transmitido n\u00e3o \u00e9 camisa de for\u00e7a, que deva ser repetido de forma inflex\u00edvel. Trata-se de criar no presente uma hist\u00f3ria parecida com as origens. Fala-se muito em fidelidade criativa.<\/p>\n<p>\u2666 Quando Francisco, naquele certo dia, encontrou-se com o Evangelho, este lhe soou como uma revela\u00e7\u00e3o e um convite: a exemplo de Jesus Cristo, tornar-se pequeno, menor, despojado de poder e riqueza e ir pelo mundo anunciando o Reino de Deus e a convers\u00e3o. Francisco e Clara desencadearam um movimento evang\u00e9lico-penitencial que, em boa parte, correspondia aos anseios do tempo.<\/p>\n<p>\u2666 As fontes testemunham que ao ouvir o referido texto do Evangelho, Francisco teria dito, segundo a vers\u00e3o de Celano: <em>\u00c9 isto que eu quero, isto que procuro, \u00e9 isto que desejo fazer de todo o cora\u00e7\u00e3o<\/em>. \u00c9 como se Francisco descobrisse aquilo que sempre procurava na penumbra de suas inquieta\u00e7\u00f5es. O Evangelho n\u00e3o lhe \u00e9 estranho, ao contr\u00e1rio, corresponde \u00e0s suas aspira\u00e7\u00f5es, como se fossem respostas \u00e0s suas buscas. Desde a \u00e9poca em que vivera como prisioneiro vivia decepcionado com sistema fundado na servid\u00e3o e nas rela\u00e7\u00f5es de vassalagem. Sonhava com outras formas de conviv\u00eancia. Tudo isso constitui o ch\u00e3o onde ele ouve a voz do Evangelho.<\/p>\n<p>Fonte: <em>&#8220;Rever o sonho de Francisco e Clara de Assis no ch\u00e3o da Am\u00e9rica Latina e do Caribe&#8221;, Doc. CEFEPAL<\/em><\/p>\n<hr \/>\n<p><strong>Mesmo tra\u00e7os essenciais<\/strong><\/p>\n<p>A experi\u00eancia franciscana primitiva muito nos fascina. A fraternidade que Francisco criaria hoje, certamente, n\u00e3o seria a mesma suscitada no s\u00e9culo XIII. Mas teria os mesmos tra\u00e7os essenciais: comunh\u00e3o de vida com os mais humildes, recusa do dom\u00ednio exercido pelo dinheiro, busca de uma comunidade humana verdadeiramente fraterna, sentido e gosto pela pessoa concreta, acolhimento e respeito pela natureza, tudo isto vivido numa compreens\u00e3o viva e tocante da humanidade de Deus.<br \/>\n<em>\u00c9loi Leclerc. &#8220;O retorno ao Evangelho&#8221;, Vozes, p. 127<\/em><\/p>\n<hr \/>\n<p><em>Frei Almir Guimar\u00e3es<\/em><\/p>\n","protected":false},"excerpt":{"rendered":"<p>Primeira abordagem<\/p>\n","protected":false},"author":3,"featured_media":177304,"comment_status":"open","ping_status":"open","sticky":false,"template":"","format":"standard","meta":[],"categories":[11],"tags":[107],"yoast_head":"<!-- This site is optimized with the Yoast SEO plugin v19.2 - https:\/\/yoast.com\/wordpress\/plugins\/seo\/ -->\n<title>Carisma Franciscano - I - Carisma - Franciscanos<\/title>\n<meta name=\"robots\" content=\"index, follow, max-snippet:-1, max-image-preview:large, max-video-preview:-1\" \/>\n<link rel=\"canonical\" href=\"https:\/\/franciscanos.org.br\/carisma\/carisma-franciscano-i.html\" \/>\n<meta property=\"og:locale\" content=\"pt_BR\" \/>\n<meta property=\"og:type\" content=\"article\" \/>\n<meta property=\"og:title\" content=\"Carisma Franciscano - I - Carisma - Franciscanos\" \/>\n<meta property=\"og:description\" content=\"Primeira abordagem\" \/>\n<meta property=\"og:url\" content=\"https:\/\/franciscanos.org.br\/carisma\/carisma-franciscano-i.html\" \/>\n<meta property=\"og:site_name\" content=\"Carisma - Franciscanos\" \/>\n<meta property=\"article:published_time\" content=\"2021-01-26T13:13:38+00:00\" \/>\n<meta property=\"article:modified_time\" content=\"2021-02-10T10:35:13+00:00\" \/>\n<meta property=\"og:image\" content=\"https:\/\/franciscanos.org.br\/carisma\/wp-content\/uploads\/2021\/01\/francisco_01d.png\" \/>\n\t<meta property=\"og:image:width\" content=\"800\" \/>\n\t<meta property=\"og:image:height\" content=\"600\" \/>\n\t<meta property=\"og:image:type\" content=\"image\/png\" \/>\n<meta name=\"author\" content=\"moacir\" \/>\n<meta name=\"twitter:card\" content=\"summary_large_image\" \/>\n<meta name=\"twitter:label1\" content=\"Escrito por\" \/>\n\t<meta name=\"twitter:data1\" content=\"moacir\" \/>\n\t<meta name=\"twitter:label2\" content=\"Est. tempo de leitura\" \/>\n\t<meta name=\"twitter:data2\" content=\"3 minutos\" \/>\n<script type=\"application\/ld+json\" class=\"yoast-schema-graph\">{\"@context\":\"https:\/\/schema.org\",\"@graph\":[{\"@type\":\"WebSite\",\"@id\":\"https:\/\/franciscanos.org.br\/carisma\/#website\",\"url\":\"https:\/\/franciscanos.org.br\/carisma\/\",\"name\":\"Carisma - Franciscanos\",\"description\":\"Prov\u00edncia Franciscana da Imaculada Concei\u00e7\u00e3o do Brasil - Ordem dos Frades Menores\",\"potentialAction\":[{\"@type\":\"SearchAction\",\"target\":{\"@type\":\"EntryPoint\",\"urlTemplate\":\"https:\/\/franciscanos.org.br\/carisma\/?s={search_term_string}\"},\"query-input\":\"required name=search_term_string\"}],\"inLanguage\":\"pt-BR\"},{\"@type\":\"ImageObject\",\"inLanguage\":\"pt-BR\",\"@id\":\"https:\/\/franciscanos.org.br\/carisma\/carisma-franciscano-i.html#primaryimage\",\"url\":\"https:\/\/franciscanos.org.br\/carisma\/wp-content\/uploads\/2021\/01\/francisco_01d.png\",\"contentUrl\":\"https:\/\/franciscanos.org.br\/carisma\/wp-content\/uploads\/2021\/01\/francisco_01d.png\",\"width\":800,\"height\":600},{\"@type\":\"WebPage\",\"@id\":\"https:\/\/franciscanos.org.br\/carisma\/carisma-franciscano-i.html#webpage\",\"url\":\"https:\/\/franciscanos.org.br\/carisma\/carisma-franciscano-i.html\",\"name\":\"Carisma Franciscano - I - Carisma - Franciscanos\",\"isPartOf\":{\"@id\":\"https:\/\/franciscanos.org.br\/carisma\/#website\"},\"primaryImageOfPage\":{\"@id\":\"https:\/\/franciscanos.org.br\/carisma\/carisma-franciscano-i.html#primaryimage\"},\"datePublished\":\"2021-01-26T13:13:38+00:00\",\"dateModified\":\"2021-02-10T10:35:13+00:00\",\"author\":{\"@id\":\"https:\/\/franciscanos.org.br\/carisma\/#\/schema\/person\/bf14cae4d2151ab6b6e41d96660f93a2\"},\"breadcrumb\":{\"@id\":\"https:\/\/franciscanos.org.br\/carisma\/carisma-franciscano-i.html#breadcrumb\"},\"inLanguage\":\"pt-BR\",\"potentialAction\":[{\"@type\":\"ReadAction\",\"target\":[\"https:\/\/franciscanos.org.br\/carisma\/carisma-franciscano-i.html\"]}]},{\"@type\":\"BreadcrumbList\",\"@id\":\"https:\/\/franciscanos.org.br\/carisma\/carisma-franciscano-i.html#breadcrumb\",\"itemListElement\":[{\"@type\":\"ListItem\",\"position\":1,\"name\":\"Home\",\"item\":\"https:\/\/franciscanos.org.br\/carisma\"},{\"@type\":\"ListItem\",\"position\":2,\"name\":\"Carisma Franciscano &#8211; I\"}]},{\"@type\":\"Person\",\"@id\":\"https:\/\/franciscanos.org.br\/carisma\/#\/schema\/person\/bf14cae4d2151ab6b6e41d96660f93a2\",\"name\":\"moacir\",\"image\":{\"@type\":\"ImageObject\",\"inLanguage\":\"pt-BR\",\"@id\":\"https:\/\/franciscanos.org.br\/carisma\/#\/schema\/person\/image\/\",\"url\":\"https:\/\/secure.gravatar.com\/avatar\/d08aa2ce4c8dd416d4479aa8536fcf64?s=96&d=mm&r=g\",\"contentUrl\":\"https:\/\/secure.gravatar.com\/avatar\/d08aa2ce4c8dd416d4479aa8536fcf64?s=96&d=mm&r=g\",\"caption\":\"moacir\"},\"url\":\"https:\/\/franciscanos.org.br\/carisma\/author\/moacir\"}]}<\/script>\n<!-- \/ Yoast SEO plugin. -->","yoast_head_json":{"title":"Carisma Franciscano - I - Carisma - Franciscanos","robots":{"index":"index","follow":"follow","max-snippet":"max-snippet:-1","max-image-preview":"max-image-preview:large","max-video-preview":"max-video-preview:-1"},"canonical":"https:\/\/franciscanos.org.br\/carisma\/carisma-franciscano-i.html","og_locale":"pt_BR","og_type":"article","og_title":"Carisma Franciscano - I - Carisma - Franciscanos","og_description":"Primeira abordagem","og_url":"https:\/\/franciscanos.org.br\/carisma\/carisma-franciscano-i.html","og_site_name":"Carisma - Franciscanos","article_published_time":"2021-01-26T13:13:38+00:00","article_modified_time":"2021-02-10T10:35:13+00:00","og_image":[{"width":800,"height":600,"url":"https:\/\/franciscanos.org.br\/carisma\/wp-content\/uploads\/2021\/01\/francisco_01d.png","type":"image\/png"}],"author":"moacir","twitter_card":"summary_large_image","twitter_misc":{"Escrito por":"moacir","Est. tempo de leitura":"3 minutos"},"schema":{"@context":"https:\/\/schema.org","@graph":[{"@type":"WebSite","@id":"https:\/\/franciscanos.org.br\/carisma\/#website","url":"https:\/\/franciscanos.org.br\/carisma\/","name":"Carisma - Franciscanos","description":"Prov\u00edncia Franciscana da Imaculada Concei\u00e7\u00e3o do Brasil - Ordem dos Frades Menores","potentialAction":[{"@type":"SearchAction","target":{"@type":"EntryPoint","urlTemplate":"https:\/\/franciscanos.org.br\/carisma\/?s={search_term_string}"},"query-input":"required name=search_term_string"}],"inLanguage":"pt-BR"},{"@type":"ImageObject","inLanguage":"pt-BR","@id":"https:\/\/franciscanos.org.br\/carisma\/carisma-franciscano-i.html#primaryimage","url":"https:\/\/franciscanos.org.br\/carisma\/wp-content\/uploads\/2021\/01\/francisco_01d.png","contentUrl":"https:\/\/franciscanos.org.br\/carisma\/wp-content\/uploads\/2021\/01\/francisco_01d.png","width":800,"height":600},{"@type":"WebPage","@id":"https:\/\/franciscanos.org.br\/carisma\/carisma-franciscano-i.html#webpage","url":"https:\/\/franciscanos.org.br\/carisma\/carisma-franciscano-i.html","name":"Carisma Franciscano - I - Carisma - Franciscanos","isPartOf":{"@id":"https:\/\/franciscanos.org.br\/carisma\/#website"},"primaryImageOfPage":{"@id":"https:\/\/franciscanos.org.br\/carisma\/carisma-franciscano-i.html#primaryimage"},"datePublished":"2021-01-26T13:13:38+00:00","dateModified":"2021-02-10T10:35:13+00:00","author":{"@id":"https:\/\/franciscanos.org.br\/carisma\/#\/schema\/person\/bf14cae4d2151ab6b6e41d96660f93a2"},"breadcrumb":{"@id":"https:\/\/franciscanos.org.br\/carisma\/carisma-franciscano-i.html#breadcrumb"},"inLanguage":"pt-BR","potentialAction":[{"@type":"ReadAction","target":["https:\/\/franciscanos.org.br\/carisma\/carisma-franciscano-i.html"]}]},{"@type":"BreadcrumbList","@id":"https:\/\/franciscanos.org.br\/carisma\/carisma-franciscano-i.html#breadcrumb","itemListElement":[{"@type":"ListItem","position":1,"name":"Home","item":"https:\/\/franciscanos.org.br\/carisma"},{"@type":"ListItem","position":2,"name":"Carisma Franciscano &#8211; I"}]},{"@type":"Person","@id":"https:\/\/franciscanos.org.br\/carisma\/#\/schema\/person\/bf14cae4d2151ab6b6e41d96660f93a2","name":"moacir","image":{"@type":"ImageObject","inLanguage":"pt-BR","@id":"https:\/\/franciscanos.org.br\/carisma\/#\/schema\/person\/image\/","url":"https:\/\/secure.gravatar.com\/avatar\/d08aa2ce4c8dd416d4479aa8536fcf64?s=96&d=mm&r=g","contentUrl":"https:\/\/secure.gravatar.com\/avatar\/d08aa2ce4c8dd416d4479aa8536fcf64?s=96&d=mm&r=g","caption":"moacir"},"url":"https:\/\/franciscanos.org.br\/carisma\/author\/moacir"}]}},"_links":{"self":[{"href":"https:\/\/franciscanos.org.br\/carisma\/wp-json\/wp\/v2\/posts\/177303"}],"collection":[{"href":"https:\/\/franciscanos.org.br\/carisma\/wp-json\/wp\/v2\/posts"}],"about":[{"href":"https:\/\/franciscanos.org.br\/carisma\/wp-json\/wp\/v2\/types\/post"}],"author":[{"embeddable":true,"href":"https:\/\/franciscanos.org.br\/carisma\/wp-json\/wp\/v2\/users\/3"}],"replies":[{"embeddable":true,"href":"https:\/\/franciscanos.org.br\/carisma\/wp-json\/wp\/v2\/comments?post=177303"}],"version-history":[{"count":2,"href":"https:\/\/franciscanos.org.br\/carisma\/wp-json\/wp\/v2\/posts\/177303\/revisions"}],"predecessor-version":[{"id":177319,"href":"https:\/\/franciscanos.org.br\/carisma\/wp-json\/wp\/v2\/posts\/177303\/revisions\/177319"}],"wp:featuredmedia":[{"embeddable":true,"href":"https:\/\/franciscanos.org.br\/carisma\/wp-json\/wp\/v2\/media\/177304"}],"wp:attachment":[{"href":"https:\/\/franciscanos.org.br\/carisma\/wp-json\/wp\/v2\/media?parent=177303"}],"wp:term":[{"taxonomy":"category","embeddable":true,"href":"https:\/\/franciscanos.org.br\/carisma\/wp-json\/wp\/v2\/categories?post=177303"},{"taxonomy":"post_tag","embeddable":true,"href":"https:\/\/franciscanos.org.br\/carisma\/wp-json\/wp\/v2\/tags?post=177303"}],"curies":[{"name":"wp","href":"https:\/\/api.w.org\/{rel}","templated":true}]}}